{"id":2547,"date":"2023-12-15T17:51:47","date_gmt":"2023-12-15T16:51:47","guid":{"rendered":"https:\/\/footdavant.fr\/actualites\/liverpool-pourrait-a-tort-classer-la-derniere-piece-du-puzzle\/"},"modified":"2023-12-15T17:51:54","modified_gmt":"2023-12-15T16:51:54","slug":"liverpool-pourrait-a-tort-classer-la-derniere-piece-du-puzzle","status":"publish","type":"post","link":"https:\/\/footdavant.fr\/actualites\/liverpool-pourrait-a-tort-classer-la-derniere-piece-du-puzzle\/","title":{"rendered":"Liverpool pourrait \u00e0 tort classer la \u00ab derni\u00e8re pi\u00e8ce du puzzle \u00bb"},"content":{"rendered":"<div id=\"article-body\">\n<!-- Article Start --><\/p>\n<p>L&rsquo;international br\u00e9silien, alors \u00e2g\u00e9 de 29 ans, a \u00e9t\u00e9 autoris\u00e9 \u00e0 quitter le club pour un montant plut\u00f4t d\u00e9cent de 40 millions de livres sterling \u00e0 Al-Ittihad.<\/p>\n<p>le journaliste de la BBC a \u00e9crit pour BBC Sport.<\/p>\n<p class=\"ssrcss-1q0x1qg-Paragraph e1jhz7w10\">\n<p class=\"ssrcss-1q0x1qg-Paragraph e1jhz7w10\">\n<p class=\"ssrcss-1q0x1qg-Paragraph e1jhz7w10\">\n<p class=\"ssrcss-1q0x1qg-Paragraph e1jhz7w10\">Bringle a ajout\u00e9\u00a0: <\/p>\n<p class=\"ssrcss-1q0x1qg-Paragraph e1jhz7w10\">\n<p>Les Merseysiders ont sign\u00e9 Wataru Endo et Alexis Mac Allister, qui ont tous deux combl\u00e9 le vide, le pari \u00e9tant jusqu&rsquo;\u00e0 pr\u00e9sent payant.<\/p>\n<p><iframe loading=\"lazy\" title=\"Spotify Embed: #Ep97 of The Empire of the Kop Podcast: EOTK Insider with Neil Jones\ud83c\udf99\ufe0f\" src=\"https:\/\/open.spotify.com\/embed\/episode\/5REYhdb8sLlZzCjmO8BmDw?go=1&amp;sp_cid=e0fa28c5e90f8bafde5f359222279d9d&amp;utm_source=oembed&amp;utm_medium=desktop&amp;nd=1&amp;dlsi=ca4500f4b4584847\" width=\"100%\" height=\"152\" frameborder=\"0\" allowfullscreen=\"allowfullscreen\" data-mce-fragment=\"1\"><\/iframe><\/p>\n<\/p>\n<h2>Un domaine cl\u00e9 qui a d\u00e9sesp\u00e9r\u00e9ment besoin d\u2019\u00eatre abord\u00e9 ?<\/h2>\n<p>C&rsquo;est incroyable les d\u00e9fauts que certains peuvent trouver \u00e0 une \u00e9quipe de Liverpool qui est en t\u00eate du classement, malgr\u00e9 les r\u00e9centes difficult\u00e9s de forme de Manchester City.<\/p>\n<p>M\u00eame si nous sommes tout \u00e0 fait d&rsquo;accord sur le fait que cette \u00e9quipe n&rsquo;a pas encore atteint son plein potentiel \u2013 comme on peut s&rsquo;y attendre apr\u00e8s une refonte totale du milieu de terrain \u2013 nous devons rendre \u00e0 C\u00e9sar ce qui appartient \u00e0 C\u00e9sar.<\/p>\n<figure class=\"wp-caption alignnone\"><figcaption class=\"wp-caption-text\">Liverpool a-t-il commis une erreur en laissant partir Fabinho ?  \u2013 (Photo de Yasser Bakhsh\/Getty Images)<\/figcaption><\/figure>\n<p>Le manque de rythme de notre num\u00e9ro 10 nous a parfois fait surprendre par des revirements dans notre propre moiti\u00e9 de terrain.<\/p>\n<p>Mais ce qui manque \u00e0 Mac Allister en termes de rythme de r\u00e9cup\u00e9ration, il le compense sans doute par son habilet\u00e9 avec le ballon et son demi-tour, progressant rapidement dans le jeu gr\u00e2ce \u00e0 ses superbes passes.<\/p>\n<p>Si nous pouvons trouver un autre n\u00b06 avec ces comp\u00e9tences dans son r\u00e9pertoire, ainsi qu\u2019un rythme \u00e0 br\u00fbler et un plus grand instinct d\u00e9fensif, alors allez-y par tous les moyens.<\/p>\n<p>Mais jusque-l\u00e0, nous sommes satisfaits de l\u2019option actuellement disponible.<\/p>\n<\/p>\n<p><span class=\"embed-youtube\" style=\"text-align:center; display: block;\"><\/span><\/p>\n<p><!-- Article End -->\t\t\t\t<\/div>\n","protected":false},"excerpt":{"rendered":"<p>L&rsquo;international br\u00e9silien, alors \u00e2g\u00e9 de 29 ans, a \u00e9t\u00e9 autoris\u00e9 \u00e0 quitter le club pour un montant plut\u00f4t d\u00e9cent de 40 millions de livres sterling<\/p>\n","protected":false},"author":1,"featured_media":2548,"comment_status":"closed","ping_status":"","sticky":false,"template":"","format":"standard","meta":{"footnotes":""},"categories":[3],"tags":[2249,657,53,2250,269,2251,2248],"yoast_head":"<!-- This site is optimized with the Yoast SEO plugin v21.0 - https:\/\/yoast.com\/wordpress\/plugins\/seo\/ -->\n<title>Liverpool pourrait \u00e0 tort classer la \u00ab derni\u00e8re pi\u00e8ce du puzzle \u00bb<\/title>\n<meta name=\"robots\" content=\"index, follow, max-snippet:-1, max-image-preview:large, max-video-preview:-1\" \/>\n<link rel=\"canonical\" href=\"https:\/\/footdavant.fr\/actualites\/liverpool-pourrait-a-tort-classer-la-derniere-piece-du-puzzle\/\" \/>\n<meta property=\"og:locale\" content=\"fr_FR\" \/>\n<meta property=\"og:type\" content=\"article\" \/>\n<meta property=\"og:title\" content=\"Liverpool pourrait \u00e0 tort classer la \u00ab derni\u00e8re pi\u00e8ce du puzzle \u00bb\" \/>\n<meta property=\"og:description\" content=\"L&rsquo;international br\u00e9silien, alors \u00e2g\u00e9 de 29 ans, a \u00e9t\u00e9 autoris\u00e9 \u00e0 quitter le club pour un montant plut\u00f4t d\u00e9cent de 40 millions de livres sterling\" \/>\n<meta property=\"og:url\" content=\"https:\/\/footdavant.fr\/actualites\/liverpool-pourrait-a-tort-classer-la-derniere-piece-du-puzzle\/\" \/>\n<meta property=\"og:site_name\" content=\"Foot d&#039;avant\" \/>\n<meta property=\"article:publisher\" content=\"https:\/\/www.facebook.com\/Footdavant\/\" \/>\n<meta property=\"article:published_time\" content=\"2023-12-15T16:51:47+00:00\" \/>\n<meta property=\"article:modified_time\" content=\"2023-12-15T16:51:54+00:00\" \/>\n<meta property=\"og:image\" content=\"https:\/\/footdavant.fr\/actualites\/wp-content\/uploads\/2023\/12\/1702659107_Liverpool-pourrait-a-tort-classer-la-derniere-piece-du-scaled.jpg\" \/>\n\t<meta property=\"og:image:width\" content=\"2560\" \/>\n\t<meta property=\"og:image:height\" content=\"1707\" \/>\n\t<meta property=\"og:image:type\" content=\"image\/jpeg\" \/>\n<meta name=\"author\" content=\"Cl\u00e9ment\" \/>\n<meta name=\"twitter:card\" content=\"summary_large_image\" \/>\n<meta name=\"twitter:creator\" content=\"@FootdavantFr\" \/>\n<meta name=\"twitter:site\" content=\"@FootdavantFr\" \/>\n<meta name=\"twitter:label1\" content=\"\u00c9crit par\" \/>\n\t<meta name=\"twitter:data1\" content=\"Cl\u00e9ment\" \/>\n\t<meta name=\"twitter:label2\" content=\"Dur\u00e9e de lecture estim\u00e9e\" \/>\n\t<meta name=\"twitter:data2\" content=\"1 minute\" \/>\n<script type=\"application\/ld+json\" class=\"yoast-schema-graph\">{\"@context\":\"https:\/\/schema.org\",\"@graph\":[{\"@type\":\"Article\",\"@id\":\"https:\/\/footdavant.fr\/actualites\/liverpool-pourrait-a-tort-classer-la-derniere-piece-du-puzzle\/#article\",\"isPartOf\":{\"@id\":\"https:\/\/footdavant.fr\/actualites\/liverpool-pourrait-a-tort-classer-la-derniere-piece-du-puzzle\/\"},\"author\":{\"name\":\"Cl\u00e9ment\",\"@id\":\"https:\/\/footdavant.fr\/actualites\/#\/schema\/person\/bc222566d95871b37e597b3ed3ba5e1d\"},\"headline\":\"Liverpool pourrait \u00e0 tort classer la \u00ab derni\u00e8re pi\u00e8ce du puzzle \u00bb\",\"datePublished\":\"2023-12-15T16:51:47+00:00\",\"dateModified\":\"2023-12-15T16:51:54+00:00\",\"mainEntityOfPage\":{\"@id\":\"https:\/\/footdavant.fr\/actualites\/liverpool-pourrait-a-tort-classer-la-derniere-piece-du-puzzle\/\"},\"wordCount\":282,\"publisher\":{\"@id\":\"https:\/\/footdavant.fr\/actualites\/#organization\"},\"keywords\":[\"classer\",\"derni\u00e8re\",\"Liverpool\",\"pi\u00e8ce\",\"pourrait\",\"puzzle\",\"tort\"],\"articleSection\":[\"Football\"],\"inLanguage\":\"fr-FR\"},{\"@type\":\"WebPage\",\"@id\":\"https:\/\/footdavant.fr\/actualites\/liverpool-pourrait-a-tort-classer-la-derniere-piece-du-puzzle\/\",\"url\":\"https:\/\/footdavant.fr\/actualites\/liverpool-pourrait-a-tort-classer-la-derniere-piece-du-puzzle\/\",\"name\":\"Liverpool pourrait \u00e0 tort classer la \u00ab derni\u00e8re pi\u00e8ce du puzzle \u00bb\",\"isPartOf\":{\"@id\":\"https:\/\/footdavant.fr\/actualites\/#website\"},\"datePublished\":\"2023-12-15T16:51:47+00:00\",\"dateModified\":\"2023-12-15T16:51:54+00:00\",\"breadcrumb\":{\"@id\":\"https:\/\/footdavant.fr\/actualites\/liverpool-pourrait-a-tort-classer-la-derniere-piece-du-puzzle\/#breadcrumb\"},\"inLanguage\":\"fr-FR\",\"potentialAction\":[{\"@type\":\"ReadAction\",\"target\":[\"https:\/\/footdavant.fr\/actualites\/liverpool-pourrait-a-tort-classer-la-derniere-piece-du-puzzle\/\"]}]},{\"@type\":\"BreadcrumbList\",\"@id\":\"https:\/\/footdavant.fr\/actualites\/liverpool-pourrait-a-tort-classer-la-derniere-piece-du-puzzle\/#breadcrumb\",\"itemListElement\":[{\"@type\":\"ListItem\",\"position\":1,\"name\":\"Accueil\",\"item\":\"https:\/\/footdavant.fr\/actualites\/\"},{\"@type\":\"ListItem\",\"position\":2,\"name\":\"Liverpool pourrait \u00e0 tort classer la \u00ab derni\u00e8re pi\u00e8ce du puzzle \u00bb\"}]},{\"@type\":\"WebSite\",\"@id\":\"https:\/\/footdavant.fr\/actualites\/#website\",\"url\":\"https:\/\/footdavant.fr\/actualites\/\",\"name\":\"Foot d'avant\",\"description\":\"\",\"publisher\":{\"@id\":\"https:\/\/footdavant.fr\/actualites\/#organization\"},\"potentialAction\":[{\"@type\":\"SearchAction\",\"target\":{\"@type\":\"EntryPoint\",\"urlTemplate\":\"https:\/\/footdavant.fr\/actualites\/?s={search_term_string}\"},\"query-input\":\"required name=search_term_string\"}],\"inLanguage\":\"fr-FR\"},{\"@type\":\"Organization\",\"@id\":\"https:\/\/footdavant.fr\/actualites\/#organization\",\"name\":\"Foot d'avant\",\"url\":\"https:\/\/footdavant.fr\/actualites\/\",\"logo\":{\"@type\":\"ImageObject\",\"inLanguage\":\"fr-FR\",\"@id\":\"https:\/\/footdavant.fr\/actualites\/#\/schema\/logo\/image\/\",\"url\":\"https:\/\/footdavant.fr\/actualites\/wp-content\/uploads\/2023\/09\/Copy-of-FootDavant-Logo.png\",\"contentUrl\":\"https:\/\/footdavant.fr\/actualites\/wp-content\/uploads\/2023\/09\/Copy-of-FootDavant-Logo.png\",\"width\":936,\"height\":549,\"caption\":\"Foot d'avant\"},\"image\":{\"@id\":\"https:\/\/footdavant.fr\/actualites\/#\/schema\/logo\/image\/\"},\"sameAs\":[\"https:\/\/www.facebook.com\/Footdavant\/\",\"https:\/\/twitter.com\/FootdavantFr\",\"https:\/\/www.instagram.com\/footdavant.fr\/\"]},{\"@type\":\"Person\",\"@id\":\"https:\/\/footdavant.fr\/actualites\/#\/schema\/person\/bc222566d95871b37e597b3ed3ba5e1d\",\"name\":\"Cl\u00e9ment\",\"image\":{\"@type\":\"ImageObject\",\"inLanguage\":\"fr-FR\",\"@id\":\"https:\/\/footdavant.fr\/actualites\/#\/schema\/person\/image\/\",\"url\":\"https:\/\/secure.gravatar.com\/avatar\/7728b29aac2719421e1a9159b2254c44?s=96&d=mm&r=g\",\"contentUrl\":\"https:\/\/secure.gravatar.com\/avatar\/7728b29aac2719421e1a9159b2254c44?s=96&d=mm&r=g\",\"caption\":\"Cl\u00e9ment\"},\"sameAs\":[\"https:\/\/footdavant.fr\/\"]}]}<\/script>\n<!-- \/ Yoast SEO plugin. -->","yoast_head_json":{"title":"Liverpool pourrait \u00e0 tort classer la \u00ab derni\u00e8re pi\u00e8ce du puzzle \u00bb","robots":{"index":"index","follow":"follow","max-snippet":"max-snippet:-1","max-image-preview":"max-image-preview:large","max-video-preview":"max-video-preview:-1"},"canonical":"https:\/\/footdavant.fr\/actualites\/liverpool-pourrait-a-tort-classer-la-derniere-piece-du-puzzle\/","og_locale":"fr_FR","og_type":"article","og_title":"Liverpool pourrait \u00e0 tort classer la \u00ab derni\u00e8re pi\u00e8ce du puzzle \u00bb","og_description":"L&rsquo;international br\u00e9silien, alors \u00e2g\u00e9 de 29 ans, a \u00e9t\u00e9 autoris\u00e9 \u00e0 quitter le club pour un montant plut\u00f4t d\u00e9cent de 40 millions de livres sterling","og_url":"https:\/\/footdavant.fr\/actualites\/liverpool-pourrait-a-tort-classer-la-derniere-piece-du-puzzle\/","og_site_name":"Foot d&#039;avant","article_publisher":"https:\/\/www.facebook.com\/Footdavant\/","article_published_time":"2023-12-15T16:51:47+00:00","article_modified_time":"2023-12-15T16:51:54+00:00","og_image":[{"width":2560,"height":1707,"url":"https:\/\/footdavant.fr\/actualites\/wp-content\/uploads\/2023\/12\/1702659107_Liverpool-pourrait-a-tort-classer-la-derniere-piece-du-scaled.jpg","type":"image\/jpeg"}],"author":"Cl\u00e9ment","twitter_card":"summary_large_image","twitter_creator":"@FootdavantFr","twitter_site":"@FootdavantFr","twitter_misc":{"\u00c9crit par":"Cl\u00e9ment","Dur\u00e9e de lecture estim\u00e9e":"1 minute"},"schema":{"@context":"https:\/\/schema.org","@graph":[{"@type":"Article","@id":"https:\/\/footdavant.fr\/actualites\/liverpool-pourrait-a-tort-classer-la-derniere-piece-du-puzzle\/#article","isPartOf":{"@id":"https:\/\/footdavant.fr\/actualites\/liverpool-pourrait-a-tort-classer-la-derniere-piece-du-puzzle\/"},"author":{"name":"Cl\u00e9ment","@id":"https:\/\/footdavant.fr\/actualites\/#\/schema\/person\/bc222566d95871b37e597b3ed3ba5e1d"},"headline":"Liverpool pourrait \u00e0 tort classer la \u00ab derni\u00e8re pi\u00e8ce du puzzle \u00bb","datePublished":"2023-12-15T16:51:47+00:00","dateModified":"2023-12-15T16:51:54+00:00","mainEntityOfPage":{"@id":"https:\/\/footdavant.fr\/actualites\/liverpool-pourrait-a-tort-classer-la-derniere-piece-du-puzzle\/"},"wordCount":282,"publisher":{"@id":"https:\/\/footdavant.fr\/actualites\/#organization"},"keywords":["classer","derni\u00e8re","Liverpool","pi\u00e8ce","pourrait","puzzle","tort"],"articleSection":["Football"],"inLanguage":"fr-FR"},{"@type":"WebPage","@id":"https:\/\/footdavant.fr\/actualites\/liverpool-pourrait-a-tort-classer-la-derniere-piece-du-puzzle\/","url":"https:\/\/footdavant.fr\/actualites\/liverpool-pourrait-a-tort-classer-la-derniere-piece-du-puzzle\/","name":"Liverpool pourrait \u00e0 tort classer la \u00ab derni\u00e8re pi\u00e8ce du puzzle \u00bb","isPartOf":{"@id":"https:\/\/footdavant.fr\/actualites\/#website"},"datePublished":"2023-12-15T16:51:47+00:00","dateModified":"2023-12-15T16:51:54+00:00","breadcrumb":{"@id":"https:\/\/footdavant.fr\/actualites\/liverpool-pourrait-a-tort-classer-la-derniere-piece-du-puzzle\/#breadcrumb"},"inLanguage":"fr-FR","potentialAction":[{"@type":"ReadAction","target":["https:\/\/footdavant.fr\/actualites\/liverpool-pourrait-a-tort-classer-la-derniere-piece-du-puzzle\/"]}]},{"@type":"BreadcrumbList","@id":"https:\/\/footdavant.fr\/actualites\/liverpool-pourrait-a-tort-classer-la-derniere-piece-du-puzzle\/#breadcrumb","itemListElement":[{"@type":"ListItem","position":1,"name":"Accueil","item":"https:\/\/footdavant.fr\/actualites\/"},{"@type":"ListItem","position":2,"name":"Liverpool pourrait \u00e0 tort classer la \u00ab derni\u00e8re pi\u00e8ce du puzzle \u00bb"}]},{"@type":"WebSite","@id":"https:\/\/footdavant.fr\/actualites\/#website","url":"https:\/\/footdavant.fr\/actualites\/","name":"Foot d'avant","description":"","publisher":{"@id":"https:\/\/footdavant.fr\/actualites\/#organization"},"potentialAction":[{"@type":"SearchAction","target":{"@type":"EntryPoint","urlTemplate":"https:\/\/footdavant.fr\/actualites\/?s={search_term_string}"},"query-input":"required name=search_term_string"}],"inLanguage":"fr-FR"},{"@type":"Organization","@id":"https:\/\/footdavant.fr\/actualites\/#organization","name":"Foot d'avant","url":"https:\/\/footdavant.fr\/actualites\/","logo":{"@type":"ImageObject","inLanguage":"fr-FR","@id":"https:\/\/footdavant.fr\/actualites\/#\/schema\/logo\/image\/","url":"https:\/\/footdavant.fr\/actualites\/wp-content\/uploads\/2023\/09\/Copy-of-FootDavant-Logo.png","contentUrl":"https:\/\/footdavant.fr\/actualites\/wp-content\/uploads\/2023\/09\/Copy-of-FootDavant-Logo.png","width":936,"height":549,"caption":"Foot d'avant"},"image":{"@id":"https:\/\/footdavant.fr\/actualites\/#\/schema\/logo\/image\/"},"sameAs":["https:\/\/www.facebook.com\/Footdavant\/","https:\/\/twitter.com\/FootdavantFr","https:\/\/www.instagram.com\/footdavant.fr\/"]},{"@type":"Person","@id":"https:\/\/footdavant.fr\/actualites\/#\/schema\/person\/bc222566d95871b37e597b3ed3ba5e1d","name":"Cl\u00e9ment","image":{"@type":"ImageObject","inLanguage":"fr-FR","@id":"https:\/\/footdavant.fr\/actualites\/#\/schema\/person\/image\/","url":"https:\/\/secure.gravatar.com\/avatar\/7728b29aac2719421e1a9159b2254c44?s=96&d=mm&r=g","contentUrl":"https:\/\/secure.gravatar.com\/avatar\/7728b29aac2719421e1a9159b2254c44?s=96&d=mm&r=g","caption":"Cl\u00e9ment"},"sameAs":["https:\/\/footdavant.fr\/"]}]}},"_links":{"self":[{"href":"https:\/\/footdavant.fr\/actualites\/wp-json\/wp\/v2\/posts\/2547"}],"collection":[{"href":"https:\/\/footdavant.fr\/actualites\/wp-json\/wp\/v2\/posts"}],"about":[{"href":"https:\/\/footdavant.fr\/actualites\/wp-json\/wp\/v2\/types\/post"}],"author":[{"embeddable":true,"href":"https:\/\/footdavant.fr\/actualites\/wp-json\/wp\/v2\/users\/1"}],"replies":[{"embeddable":true,"href":"https:\/\/footdavant.fr\/actualites\/wp-json\/wp\/v2\/comments?post=2547"}],"version-history":[{"count":1,"href":"https:\/\/footdavant.fr\/actualites\/wp-json\/wp\/v2\/posts\/2547\/revisions"}],"predecessor-version":[{"id":2549,"href":"https:\/\/footdavant.fr\/actualites\/wp-json\/wp\/v2\/posts\/2547\/revisions\/2549"}],"wp:featuredmedia":[{"embeddable":true,"href":"https:\/\/footdavant.fr\/actualites\/wp-json\/wp\/v2\/media\/2548"}],"wp:attachment":[{"href":"https:\/\/footdavant.fr\/actualites\/wp-json\/wp\/v2\/media?parent=2547"}],"wp:term":[{"taxonomy":"category","embeddable":true,"href":"https:\/\/footdavant.fr\/actualites\/wp-json\/wp\/v2\/categories?post=2547"},{"taxonomy":"post_tag","embeddable":true,"href":"https:\/\/footdavant.fr\/actualites\/wp-json\/wp\/v2\/tags?post=2547"}],"curies":[{"name":"wp","href":"https:\/\/api.w.org\/{rel}","templated":true}]}}