{"id":2550,"date":"2023-12-15T19:04:57","date_gmt":"2023-12-15T18:04:57","guid":{"rendered":"https:\/\/footdavant.fr\/actualites\/manchester-united-souffre-de-harry-maguire-et-la-blessure-de-luke-shaw-frappe-avant-le-voyage-a-anfield\/"},"modified":"2023-12-15T19:04:58","modified_gmt":"2023-12-15T18:04:58","slug":"manchester-united-souffre-de-harry-maguire-et-la-blessure-de-luke-shaw-frappe-avant-le-voyage-a-anfield","status":"publish","type":"post","link":"https:\/\/footdavant.fr\/actualites\/manchester-united-souffre-de-harry-maguire-et-la-blessure-de-luke-shaw-frappe-avant-le-voyage-a-anfield\/","title":{"rendered":"Manchester United souffre de Harry Maguire et la blessure de Luke Shaw frappe avant le voyage \u00e0 Anfield"},"content":{"rendered":"<p>Manchester United pourrait se passer de Harry Maguire et de Luke Shaw pour le choc de Premier League de dimanche avec Liverpool \u00e0 Anfield en raison de blessures.<\/p>\n<div id=\"article_body\" itemprop=\"articleBody\">\n<h3 class=\"firstPara\">\n<strong class=\"autotag\">Manchester United<\/strong> sont confront\u00e9s \u00e0 la possibilit\u00e9 de se retrouver sans les deux <strong class=\"autotag\">Harry Maguire<\/strong> et <strong class=\"autotag\">Luc Shaw<\/strong> pour le choc de dimanche en Premier League avec <strong class=\"autotag\">Liverpool<\/strong> \u00e0 Anfield.<\/h3>\n<p>Maguire s&rsquo;est arr\u00eat\u00e9 dans les derni\u00e8res \u00e9tapes de la premi\u00e8re p\u00e9riode contre <strong class=\"autotag\">Bayern Munich<\/strong> mardi soir, le d\u00e9fenseur signalant imm\u00e9diatement au banc qu&rsquo;il avait eu un probl\u00e8me.<\/p>\n<p>Le probl\u00e8me du d\u00e9fenseur central semblait \u00eatre li\u00e9 \u00e0 son aine, et la blessure a forc\u00e9 l&rsquo;entra\u00eeneur-chef des Red Devils \u00e0 <strong class=\"autotag\">Erik Ten Hag<\/strong> dans un changement, avec <strong class=\"autotag\">Jonny Evans<\/strong> entrant sur le terrain.<\/p>\n<p>Shaw, quant \u00e0 lui, a \u00e9t\u00e9 remplac\u00e9 \u00e0 la pause en raison d&rsquo;un probl\u00e8me apparent aux ischio-jambiers. <strong class=\"autotag\">Aaron Wan-Bissaka<\/strong> son rempla\u00e7ant hors du banc.<\/p>\n<p>L&rsquo;arri\u00e8re gauche revient tout juste d&rsquo;une absence de trois mois en raison d&rsquo;une blessure musculaire, et il pourrait d\u00e9sormais \u00eatre absent pour les f\u00eates de fin d&rsquo;ann\u00e9e, m\u00eame si Ten Hag n&rsquo;a pas \u00e9t\u00e9 en mesure de faire le point sur son \u00e9tat apr\u00e8s la d\u00e9faite 1-0. au Bayern dans le <strong class=\"autotag\">Ligue des champions<\/strong>.<\/p>\n<p class=\"imgI\">\n<p>\u00ab\u00a0Je ne peux pas le dire pour le moment\u00a0\u00bb, a d\u00e9clar\u00e9 Ten Hag. <em>TNT Sports<\/em>.  \u00ab\u00a0Nous devons \u00e9videmment attendre 24 heures et ensuite nous aurons une \u00e9valuation et un diagnostic donc nous devons l&rsquo;attendre.\u00a0\u00bb<\/p>\n<p>En raison de la nature des probl\u00e8mes, il semble tr\u00e8s improbable que l&rsquo;un ou l&rsquo;autre soit disponible pour le d\u00e9placement de dimanche \u00e0 Liverpool en Premier League, lorsque l&rsquo;\u00e9quipe visera \u00e0 \u00e9viter une troisi\u00e8me d\u00e9faite cons\u00e9cutive.<\/p>\n<p><strong class=\"autotag\">Tyrell Malacia<\/strong>, <strong class=\"autotag\">Casemiro<\/strong>, <strong class=\"autotag\">Lisandro Martinez<\/strong>, <strong class=\"autotag\">Christian Eriksen<\/strong>, <strong class=\"autotag\">Monture ma\u00e7on<\/strong>, <strong class=\"autotag\">Victor Lindelof<\/strong> et <strong class=\"autotag\">Amad Diallo<\/strong> sont \u00e9galement tous hors de combat en raison de probl\u00e8mes de blessures.<\/p>\n<p>Pendant ce temps, les Diables Rouges seront priv\u00e9s de leur capitaine <strong class=\"autotag\">Bruno Fernandes<\/strong> ce week-end, l&rsquo;international portugais ayant d\u00e9croch\u00e9 un carton jaune marquant lors de la d\u00e9faite contre Bournemouth \u00e0 Old Trafford.<\/p>\n<p class=\"imgI\"><img decoding=\"async\" loading=\"lazy\" class=\"l\" src=\"https:\/\/footdavant.fr\/actualites\/wp-content\/uploads\/2023\/12\/Manchester-United-souffre-de-Harry-Maguire-et-la-blessure-de.JPG\" title=\"Bruno Fernandes de Manchester United en action avec Lewis Cook de Bournemouth le 9 d\u00e9cembre 2023\" alt=\"Bruno Fernandes de Manchester United en action avec Lewis Cook de Bournemouth le 9 d\u00e9cembre 2023\" width=\"640\" height=\"480\"><\/p>\n<p>La d\u00e9faite contre le Bayern a vu Man United terminer dernier du groupe A, l&rsquo;\u00e9quipe quittant compl\u00e8tement l&rsquo;Europe cette saison, et Ten Hag a admis qu&rsquo;il manquait d&rsquo;options mardi, avec <strong class=\"autotag\">Antoine Martial<\/strong> et <strong class=\"autotag\">Marcus Rashford<\/strong> \u00e9galement tous deux port\u00e9s disparus pour cause de maladie.<\/p>\n<p>\u00ab\u00a0C&rsquo;est clair. Les joueurs ont tout donn\u00e9, vous avez vu l&rsquo;\u00e9tat d&rsquo;esprit et, comme je l&rsquo;ai dit, je dois remercier l&rsquo;\u00e9quipe ; un grand compliment pour la fa\u00e7on dont ils ont travaill\u00e9 ensemble contre cette bonne \u00e9quipe du Bayern\u00a0\u00bb, a-t-il d\u00e9clar\u00e9.<\/p>\n<p>\u00ab\u00a0Mais bien s\u00fbr, quand le match se d\u00e9roule, il faut de l&rsquo;\u00e9nergie depuis le banc, et surtout en premi\u00e8re ligne, les options \u00e9taient limit\u00e9es.\u00a0\u00bb<\/p>\n<p>Martial et Rashford devraient se remettre de leurs probl\u00e8mes \u00e0 temps pour affronter Liverpool, tandis que Mount et Lindelof pourraient \u00e9galement potentiellement renforcer l&rsquo;\u00e9quipe pour le voyage \u00e0 Anfield.<\/p>\n<\/div>\n","protected":false},"excerpt":{"rendered":"<p>Manchester United pourrait se passer de Harry Maguire et de Luke Shaw pour le choc de Premier League de dimanche avec Liverpool \u00e0 Anfield en<\/p>\n","protected":false},"author":1,"featured_media":2551,"comment_status":"closed","ping_status":"","sticky":false,"template":"","format":"standard","meta":{"footnotes":""},"categories":[4],"tags":[1929,491,15,386,32,1421,33,11,1422,418,13,759],"yoast_head":"<!-- This site is optimized with the Yoast SEO plugin v21.0 - https:\/\/yoast.com\/wordpress\/plugins\/seo\/ -->\n<title>Manchester United souffre de Harry Maguire et la blessure de Luke Shaw frappe avant le voyage \u00e0 Anfield<\/title>\n<meta name=\"robots\" content=\"index, follow, max-snippet:-1, max-image-preview:large, max-video-preview:-1\" \/>\n<link rel=\"canonical\" href=\"https:\/\/footdavant.fr\/actualites\/manchester-united-souffre-de-harry-maguire-et-la-blessure-de-luke-shaw-frappe-avant-le-voyage-a-anfield\/\" \/>\n<meta property=\"og:locale\" content=\"fr_FR\" \/>\n<meta property=\"og:type\" content=\"article\" \/>\n<meta property=\"og:title\" content=\"Manchester United souffre de Harry Maguire et la blessure de Luke Shaw frappe avant le voyage \u00e0 Anfield\" \/>\n<meta property=\"og:description\" content=\"Manchester United pourrait se passer de Harry Maguire et de Luke Shaw pour le choc de Premier League de dimanche avec Liverpool \u00e0 Anfield en\" \/>\n<meta property=\"og:url\" content=\"https:\/\/footdavant.fr\/actualites\/manchester-united-souffre-de-harry-maguire-et-la-blessure-de-luke-shaw-frappe-avant-le-voyage-a-anfield\/\" \/>\n<meta property=\"og:site_name\" content=\"Foot d&#039;avant\" \/>\n<meta property=\"article:publisher\" content=\"https:\/\/www.facebook.com\/Footdavant\/\" \/>\n<meta property=\"article:published_time\" content=\"2023-12-15T18:04:57+00:00\" \/>\n<meta property=\"article:modified_time\" content=\"2023-12-15T18:04:58+00:00\" \/>\n<meta property=\"og:image\" content=\"https:\/\/footdavant.fr\/actualites\/wp-content\/uploads\/2023\/12\/Manchester-United-souffre-de-Harry-Maguire-et-la-blessure-de.jpg\" \/>\n\t<meta property=\"og:image:width\" content=\"640\" \/>\n\t<meta property=\"og:image:height\" content=\"480\" \/>\n\t<meta property=\"og:image:type\" content=\"image\/jpeg\" \/>\n<meta name=\"author\" content=\"Cl\u00e9ment\" \/>\n<meta name=\"twitter:card\" content=\"summary_large_image\" \/>\n<meta name=\"twitter:creator\" content=\"@FootdavantFr\" \/>\n<meta name=\"twitter:site\" content=\"@FootdavantFr\" \/>\n<meta name=\"twitter:label1\" content=\"\u00c9crit par\" \/>\n\t<meta name=\"twitter:data1\" content=\"Cl\u00e9ment\" \/>\n\t<meta name=\"twitter:label2\" content=\"Dur\u00e9e de lecture estim\u00e9e\" \/>\n\t<meta name=\"twitter:data2\" content=\"2 minutes\" \/>\n<script type=\"application\/ld+json\" class=\"yoast-schema-graph\">{\"@context\":\"https:\/\/schema.org\",\"@graph\":[{\"@type\":\"Article\",\"@id\":\"https:\/\/footdavant.fr\/actualites\/manchester-united-souffre-de-harry-maguire-et-la-blessure-de-luke-shaw-frappe-avant-le-voyage-a-anfield\/#article\",\"isPartOf\":{\"@id\":\"https:\/\/footdavant.fr\/actualites\/manchester-united-souffre-de-harry-maguire-et-la-blessure-de-luke-shaw-frappe-avant-le-voyage-a-anfield\/\"},\"author\":{\"name\":\"Cl\u00e9ment\",\"@id\":\"https:\/\/footdavant.fr\/actualites\/#\/schema\/person\/bc222566d95871b37e597b3ed3ba5e1d\"},\"headline\":\"Manchester United souffre de Harry Maguire et la blessure de Luke Shaw frappe avant le voyage \u00e0 Anfield\",\"datePublished\":\"2023-12-15T18:04:57+00:00\",\"dateModified\":\"2023-12-15T18:04:58+00:00\",\"mainEntityOfPage\":{\"@id\":\"https:\/\/footdavant.fr\/actualites\/manchester-united-souffre-de-harry-maguire-et-la-blessure-de-luke-shaw-frappe-avant-le-voyage-a-anfield\/\"},\"wordCount\":514,\"publisher\":{\"@id\":\"https:\/\/footdavant.fr\/actualites\/#organization\"},\"keywords\":[\"Anfield\",\"avant\",\"Blessure\",\"frappe\",\"Harry\",\"Luke\",\"Maguire\",\"Manchester\",\"Shaw\",\"souffre\",\"United\",\"voyage\"],\"articleSection\":[\"Champions League\"],\"inLanguage\":\"fr-FR\"},{\"@type\":\"WebPage\",\"@id\":\"https:\/\/footdavant.fr\/actualites\/manchester-united-souffre-de-harry-maguire-et-la-blessure-de-luke-shaw-frappe-avant-le-voyage-a-anfield\/\",\"url\":\"https:\/\/footdavant.fr\/actualites\/manchester-united-souffre-de-harry-maguire-et-la-blessure-de-luke-shaw-frappe-avant-le-voyage-a-anfield\/\",\"name\":\"Manchester United souffre de Harry Maguire et la blessure de Luke Shaw frappe avant le voyage \u00e0 Anfield\",\"isPartOf\":{\"@id\":\"https:\/\/footdavant.fr\/actualites\/#website\"},\"datePublished\":\"2023-12-15T18:04:57+00:00\",\"dateModified\":\"2023-12-15T18:04:58+00:00\",\"breadcrumb\":{\"@id\":\"https:\/\/footdavant.fr\/actualites\/manchester-united-souffre-de-harry-maguire-et-la-blessure-de-luke-shaw-frappe-avant-le-voyage-a-anfield\/#breadcrumb\"},\"inLanguage\":\"fr-FR\",\"potentialAction\":[{\"@type\":\"ReadAction\",\"target\":[\"https:\/\/footdavant.fr\/actualites\/manchester-united-souffre-de-harry-maguire-et-la-blessure-de-luke-shaw-frappe-avant-le-voyage-a-anfield\/\"]}]},{\"@type\":\"BreadcrumbList\",\"@id\":\"https:\/\/footdavant.fr\/actualites\/manchester-united-souffre-de-harry-maguire-et-la-blessure-de-luke-shaw-frappe-avant-le-voyage-a-anfield\/#breadcrumb\",\"itemListElement\":[{\"@type\":\"ListItem\",\"position\":1,\"name\":\"Accueil\",\"item\":\"https:\/\/footdavant.fr\/actualites\/\"},{\"@type\":\"ListItem\",\"position\":2,\"name\":\"Manchester United souffre de Harry Maguire et la blessure de Luke Shaw frappe avant le voyage \u00e0 Anfield\"}]},{\"@type\":\"WebSite\",\"@id\":\"https:\/\/footdavant.fr\/actualites\/#website\",\"url\":\"https:\/\/footdavant.fr\/actualites\/\",\"name\":\"Foot d'avant\",\"description\":\"\",\"publisher\":{\"@id\":\"https:\/\/footdavant.fr\/actualites\/#organization\"},\"potentialAction\":[{\"@type\":\"SearchAction\",\"target\":{\"@type\":\"EntryPoint\",\"urlTemplate\":\"https:\/\/footdavant.fr\/actualites\/?s={search_term_string}\"},\"query-input\":\"required name=search_term_string\"}],\"inLanguage\":\"fr-FR\"},{\"@type\":\"Organization\",\"@id\":\"https:\/\/footdavant.fr\/actualites\/#organization\",\"name\":\"Foot d'avant\",\"url\":\"https:\/\/footdavant.fr\/actualites\/\",\"logo\":{\"@type\":\"ImageObject\",\"inLanguage\":\"fr-FR\",\"@id\":\"https:\/\/footdavant.fr\/actualites\/#\/schema\/logo\/image\/\",\"url\":\"https:\/\/footdavant.fr\/actualites\/wp-content\/uploads\/2023\/09\/Copy-of-FootDavant-Logo.png\",\"contentUrl\":\"https:\/\/footdavant.fr\/actualites\/wp-content\/uploads\/2023\/09\/Copy-of-FootDavant-Logo.png\",\"width\":936,\"height\":549,\"caption\":\"Foot d'avant\"},\"image\":{\"@id\":\"https:\/\/footdavant.fr\/actualites\/#\/schema\/logo\/image\/\"},\"sameAs\":[\"https:\/\/www.facebook.com\/Footdavant\/\",\"https:\/\/twitter.com\/FootdavantFr\",\"https:\/\/www.instagram.com\/footdavant.fr\/\"]},{\"@type\":\"Person\",\"@id\":\"https:\/\/footdavant.fr\/actualites\/#\/schema\/person\/bc222566d95871b37e597b3ed3ba5e1d\",\"name\":\"Cl\u00e9ment\",\"image\":{\"@type\":\"ImageObject\",\"inLanguage\":\"fr-FR\",\"@id\":\"https:\/\/footdavant.fr\/actualites\/#\/schema\/person\/image\/\",\"url\":\"https:\/\/secure.gravatar.com\/avatar\/7728b29aac2719421e1a9159b2254c44?s=96&d=mm&r=g\",\"contentUrl\":\"https:\/\/secure.gravatar.com\/avatar\/7728b29aac2719421e1a9159b2254c44?s=96&d=mm&r=g\",\"caption\":\"Cl\u00e9ment\"},\"sameAs\":[\"https:\/\/footdavant.fr\/\"]}]}<\/script>\n<!-- \/ Yoast SEO plugin. -->","yoast_head_json":{"title":"Manchester United souffre de Harry Maguire et la blessure de Luke Shaw frappe avant le voyage \u00e0 Anfield","robots":{"index":"index","follow":"follow","max-snippet":"max-snippet:-1","max-image-preview":"max-image-preview:large","max-video-preview":"max-video-preview:-1"},"canonical":"https:\/\/footdavant.fr\/actualites\/manchester-united-souffre-de-harry-maguire-et-la-blessure-de-luke-shaw-frappe-avant-le-voyage-a-anfield\/","og_locale":"fr_FR","og_type":"article","og_title":"Manchester United souffre de Harry Maguire et la blessure de Luke Shaw frappe avant le voyage \u00e0 Anfield","og_description":"Manchester United pourrait se passer de Harry Maguire et de Luke Shaw pour le choc de Premier League de dimanche avec Liverpool \u00e0 Anfield en","og_url":"https:\/\/footdavant.fr\/actualites\/manchester-united-souffre-de-harry-maguire-et-la-blessure-de-luke-shaw-frappe-avant-le-voyage-a-anfield\/","og_site_name":"Foot d&#039;avant","article_publisher":"https:\/\/www.facebook.com\/Footdavant\/","article_published_time":"2023-12-15T18:04:57+00:00","article_modified_time":"2023-12-15T18:04:58+00:00","og_image":[{"width":640,"height":480,"url":"https:\/\/footdavant.fr\/actualites\/wp-content\/uploads\/2023\/12\/Manchester-United-souffre-de-Harry-Maguire-et-la-blessure-de.jpg","type":"image\/jpeg"}],"author":"Cl\u00e9ment","twitter_card":"summary_large_image","twitter_creator":"@FootdavantFr","twitter_site":"@FootdavantFr","twitter_misc":{"\u00c9crit par":"Cl\u00e9ment","Dur\u00e9e de lecture estim\u00e9e":"2 minutes"},"schema":{"@context":"https:\/\/schema.org","@graph":[{"@type":"Article","@id":"https:\/\/footdavant.fr\/actualites\/manchester-united-souffre-de-harry-maguire-et-la-blessure-de-luke-shaw-frappe-avant-le-voyage-a-anfield\/#article","isPartOf":{"@id":"https:\/\/footdavant.fr\/actualites\/manchester-united-souffre-de-harry-maguire-et-la-blessure-de-luke-shaw-frappe-avant-le-voyage-a-anfield\/"},"author":{"name":"Cl\u00e9ment","@id":"https:\/\/footdavant.fr\/actualites\/#\/schema\/person\/bc222566d95871b37e597b3ed3ba5e1d"},"headline":"Manchester United souffre de Harry Maguire et la blessure de Luke Shaw frappe avant le voyage \u00e0 Anfield","datePublished":"2023-12-15T18:04:57+00:00","dateModified":"2023-12-15T18:04:58+00:00","mainEntityOfPage":{"@id":"https:\/\/footdavant.fr\/actualites\/manchester-united-souffre-de-harry-maguire-et-la-blessure-de-luke-shaw-frappe-avant-le-voyage-a-anfield\/"},"wordCount":514,"publisher":{"@id":"https:\/\/footdavant.fr\/actualites\/#organization"},"keywords":["Anfield","avant","Blessure","frappe","Harry","Luke","Maguire","Manchester","Shaw","souffre","United","voyage"],"articleSection":["Champions League"],"inLanguage":"fr-FR"},{"@type":"WebPage","@id":"https:\/\/footdavant.fr\/actualites\/manchester-united-souffre-de-harry-maguire-et-la-blessure-de-luke-shaw-frappe-avant-le-voyage-a-anfield\/","url":"https:\/\/footdavant.fr\/actualites\/manchester-united-souffre-de-harry-maguire-et-la-blessure-de-luke-shaw-frappe-avant-le-voyage-a-anfield\/","name":"Manchester United souffre de Harry Maguire et la blessure de Luke Shaw frappe avant le voyage \u00e0 Anfield","isPartOf":{"@id":"https:\/\/footdavant.fr\/actualites\/#website"},"datePublished":"2023-12-15T18:04:57+00:00","dateModified":"2023-12-15T18:04:58+00:00","breadcrumb":{"@id":"https:\/\/footdavant.fr\/actualites\/manchester-united-souffre-de-harry-maguire-et-la-blessure-de-luke-shaw-frappe-avant-le-voyage-a-anfield\/#breadcrumb"},"inLanguage":"fr-FR","potentialAction":[{"@type":"ReadAction","target":["https:\/\/footdavant.fr\/actualites\/manchester-united-souffre-de-harry-maguire-et-la-blessure-de-luke-shaw-frappe-avant-le-voyage-a-anfield\/"]}]},{"@type":"BreadcrumbList","@id":"https:\/\/footdavant.fr\/actualites\/manchester-united-souffre-de-harry-maguire-et-la-blessure-de-luke-shaw-frappe-avant-le-voyage-a-anfield\/#breadcrumb","itemListElement":[{"@type":"ListItem","position":1,"name":"Accueil","item":"https:\/\/footdavant.fr\/actualites\/"},{"@type":"ListItem","position":2,"name":"Manchester United souffre de Harry Maguire et la blessure de Luke Shaw frappe avant le voyage \u00e0 Anfield"}]},{"@type":"WebSite","@id":"https:\/\/footdavant.fr\/actualites\/#website","url":"https:\/\/footdavant.fr\/actualites\/","name":"Foot d'avant","description":"","publisher":{"@id":"https:\/\/footdavant.fr\/actualites\/#organization"},"potentialAction":[{"@type":"SearchAction","target":{"@type":"EntryPoint","urlTemplate":"https:\/\/footdavant.fr\/actualites\/?s={search_term_string}"},"query-input":"required name=search_term_string"}],"inLanguage":"fr-FR"},{"@type":"Organization","@id":"https:\/\/footdavant.fr\/actualites\/#organization","name":"Foot d'avant","url":"https:\/\/footdavant.fr\/actualites\/","logo":{"@type":"ImageObject","inLanguage":"fr-FR","@id":"https:\/\/footdavant.fr\/actualites\/#\/schema\/logo\/image\/","url":"https:\/\/footdavant.fr\/actualites\/wp-content\/uploads\/2023\/09\/Copy-of-FootDavant-Logo.png","contentUrl":"https:\/\/footdavant.fr\/actualites\/wp-content\/uploads\/2023\/09\/Copy-of-FootDavant-Logo.png","width":936,"height":549,"caption":"Foot d'avant"},"image":{"@id":"https:\/\/footdavant.fr\/actualites\/#\/schema\/logo\/image\/"},"sameAs":["https:\/\/www.facebook.com\/Footdavant\/","https:\/\/twitter.com\/FootdavantFr","https:\/\/www.instagram.com\/footdavant.fr\/"]},{"@type":"Person","@id":"https:\/\/footdavant.fr\/actualites\/#\/schema\/person\/bc222566d95871b37e597b3ed3ba5e1d","name":"Cl\u00e9ment","image":{"@type":"ImageObject","inLanguage":"fr-FR","@id":"https:\/\/footdavant.fr\/actualites\/#\/schema\/person\/image\/","url":"https:\/\/secure.gravatar.com\/avatar\/7728b29aac2719421e1a9159b2254c44?s=96&d=mm&r=g","contentUrl":"https:\/\/secure.gravatar.com\/avatar\/7728b29aac2719421e1a9159b2254c44?s=96&d=mm&r=g","caption":"Cl\u00e9ment"},"sameAs":["https:\/\/footdavant.fr\/"]}]}},"_links":{"self":[{"href":"https:\/\/footdavant.fr\/actualites\/wp-json\/wp\/v2\/posts\/2550"}],"collection":[{"href":"https:\/\/footdavant.fr\/actualites\/wp-json\/wp\/v2\/posts"}],"about":[{"href":"https:\/\/footdavant.fr\/actualites\/wp-json\/wp\/v2\/types\/post"}],"author":[{"embeddable":true,"href":"https:\/\/footdavant.fr\/actualites\/wp-json\/wp\/v2\/users\/1"}],"replies":[{"embeddable":true,"href":"https:\/\/footdavant.fr\/actualites\/wp-json\/wp\/v2\/comments?post=2550"}],"version-history":[{"count":1,"href":"https:\/\/footdavant.fr\/actualites\/wp-json\/wp\/v2\/posts\/2550\/revisions"}],"predecessor-version":[{"id":2552,"href":"https:\/\/footdavant.fr\/actualites\/wp-json\/wp\/v2\/posts\/2550\/revisions\/2552"}],"wp:featuredmedia":[{"embeddable":true,"href":"https:\/\/footdavant.fr\/actualites\/wp-json\/wp\/v2\/media\/2551"}],"wp:attachment":[{"href":"https:\/\/footdavant.fr\/actualites\/wp-json\/wp\/v2\/media?parent=2550"}],"wp:term":[{"taxonomy":"category","embeddable":true,"href":"https:\/\/footdavant.fr\/actualites\/wp-json\/wp\/v2\/categories?post=2550"},{"taxonomy":"post_tag","embeddable":true,"href":"https:\/\/footdavant.fr\/actualites\/wp-json\/wp\/v2\/tags?post=2550"}],"curies":[{"name":"wp","href":"https:\/\/api.w.org\/{rel}","templated":true}]}}