{"id":25725,"date":"2025-07-04T05:48:06","date_gmt":"2025-07-04T03:48:06","guid":{"rendered":"https:\/\/footdavant.fr\/actualites\/norgaard-dans-partielle-out-un-blog-arsenal\/"},"modified":"2025-07-04T05:48:08","modified_gmt":"2025-07-04T03:48:08","slug":"norgaard-dans-partielle-out-un-blog-arsenal","status":"publish","type":"post","link":"https:\/\/footdavant.fr\/actualites\/norgaard-dans-partielle-out-un-blog-arsenal\/","title":{"rendered":"Norgaard dans, partielle out? |   &#8230; un blog Arsenal"},"content":{"rendered":"<div>\n<p>Matin tout. O\u00f9 que vous soyez dans le monde, j&#39;esp\u00e8re que vous allez bien aujourd&#39;hui.<\/p>\n<p>Je devrais peut-\u00eatre \u00e9crire plus de blogs sur rien ne se passe, parce que je l&#39;ai fait hier, puis des choses se sont produites. Je ne peux pas vraiment prendre le m\u00e9rite pour cela, c&#39;est juste une co\u00efncidence, mais pendant la chance, j&#39;ai \u00e9t\u00e9 mordu par une araign\u00e9e radioactive pendant mes vacances et c&#39;est maintenant mon super-puissance, je vais essayer un autre essai pendant une autre p\u00e9riode de calme de l&#39;\u00e9t\u00e9.<\/p>\n<p>Ainsi, hier matin, une histoire a \u00e9clat\u00e9 dans la presse danoise sur la fa\u00e7on dont Arsenal avait fait une offre pour le milieu de terrain de Brentford Christian Norgaard. Au d\u00e9but, j&#39;\u00e9tais un peu sceptique, mais j&#39;ai pos\u00e9 quelques questions \u00e0 certaines personnes qui connaissent des trucs (James), et qui sont devenu moins. Ensuite, David Ornstein a lanc\u00e9 un message sur la fa\u00e7on dont nous \u00abexplorions un accord\u00bb; Quelques heures apr\u00e8s cela, il a dit qu&#39;Arsenal \u00e9tait \u00abproche d&#39;un accord\u00bb avec Brentford; Et hier soir, il s&#39;agissait de \u00abfinaliser\u00bb cet accord et d&#39;\u00e9laborer les d\u00e9tails du contrat avec l&#39;international danois.<\/p>\n<p>Je pense que, \u00e0 moins qu&#39;il n&#39;y ait une sorte de panne &#8211; ce que je n&#39;anticiperais pas mais que vous ne savez jamais &#8211; Norgaard sera un joueur d&#39;Arsenal. \u00c0 31 ans, il n&#39;est pas vraiment un pour l&#39;avenir, mais le r\u00f4le qu&#39;on lui demande de remplir au club est probablement un qui est probablement le mieux adapt\u00e9 \u00e0 un joueur exp\u00e9riment\u00e9. Plus sur cet anon, mais la barre lat\u00e9rale de tout cela est qu&#39;Arsenal fait un accord avec Norgaard parce qu&#39;ils ne pourraient pas convenir de termes avec Thomas Partey qui, comme Fabrizio Romano l&#39;a rapport\u00e9 hier soir, devrait quitter le club.<\/p>\n<p>Il semble assez \u00e9vident que si nous apportons un milieu de terrain de ce profil, c&#39;est pour ajouter une autre t\u00eate exp\u00e9riment\u00e9e \u00e0 cette partie du terrain. Ce que je dirais cependant, c&#39;est que Norgaard ne remplace pas Partey en soi. Martin Zubimendi est son rempla\u00e7ant, l&#39;homme qui commencera la plupart de nos jeux importants ancrant le milieu de terrain. Norgaard prend la place de Jorginho dans l&#39;\u00e9quipe, et sur cette base, je pense que c&#39;est une affaire assez intelligente. Les frais sont tr\u00e8s bien, je ne pense pas qu&#39;il va chercher un m\u00e9ga-monnaie en salaire, et il a beaucoup d&#39;exp\u00e9rience en Premier League et internationale. Si vous n&#39;avez pas pr\u00eat\u00e9 attention \u00e0 l&#39;arri\u00e8re, vous devez savoir que ce sont les choses que Mikel Arteta valent tr\u00e8s fortement.<\/p>\n<p>Personnellement, je peux voir un monde o\u00f9 cette signature particuli\u00e8re est celle qui est un peu plus attaquante. Cette gauche d\u00e9licate et habile que beaucoup de convoits, moi y compris, laissant Declan Rice comme l&#39;autre option \u00e0 6 ans. Ce n&#39;est pas un monde o\u00f9 Arteta est le patron d&#39;Arsenal, donc c&#39;est vraiment la projection. Ce que je ferais et ce qu&#39;il ferait est assez distinct. L&#39;autre chose \u00e0 garder \u00e0 l&#39;esprit est que je soup\u00e7onne qu&#39;une partie importante des plans du manager pour la saison prochaine implique que le Zubimendi et le riz sur le terrain possible, plut\u00f4t que d&#39;utiliser l&#39;International en Angleterre comme sauvegarde de facto pour le nouvel homme &#8211; c&#39;est ce que vous devez faire si vous avez sign\u00e9 ce joueur plus attaquant.<\/p>\n<p>Je pense que c&#39;est parce qu&#39;Arteta consid\u00e8re Rice comme quelqu&#39;un qui peut marquer des buts du milieu de terrain et qui est devenu plus fiable dans cet aspect de son jeu. Au cours de sa premi\u00e8re saison, il a obtenu 7, la saison derni\u00e8re, il a marqu\u00e9 9 ans et mon sentiment est que le manager pense qu&#39;il y a plus \u00e0 venir de lui \u00e0 cet \u00e9gard. Si nous pensons aux fa\u00e7ons dont Zubimenddi pourrait avoir un impact sur l&#39;\u00e9quipe et faire les choses diff\u00e9remment de Partey, je pense que Rice est encore plus avanc\u00e9 fait partie du plan. Donc, avec lui \u00e0 l&#39;esprit, avec Mikel Merino, Ethan Nwaneri et Kai Havertz toutes les options pour cette position \u00e9galement, il est difficile de voir comment un autre joueur s&#39;adapterait, \u00e9tant donn\u00e9 comment Arteta a construit l&#39;\u00e9quipe.<\/p>\n<p>Quant au d\u00e9part de Partey, je suis absolument d&#39;accord avec \u00e7a. Comme je l&#39;ai dit tout l&#39;\u00e9t\u00e9, je pense qu&#39;il est temps pour nous de passer \u00e0 autre chose. Il a 32 ans, il y avait des signes clairs la saison derni\u00e8re que les jambes devenaient plus lourdes, et s&#39;il voulait vraiment plus d&#39;argent, il \u00e9tait d\u00e9j\u00e0 un joueur de l&#39;\u00e9quipe de secours, il n&#39;y a pas de v\u00e9ritable justification pour tout type de nouvel accord. Parfois, il y a des choses que vous pouvez dire et des choses que vous ne pouvez pas dire sur un joueur, et pour moi, il y a beaucoup trop de ce dernier dans son cas. Le d\u00e9part de lui est la meilleure chose, \u00e0 mon avis, et ma forte conviction est qu&#39;elle n&#39;aurait jamais d\u00fb \u00eatre une option compte tenu de la date d&#39;expiration de son contrat.<\/p>\n<p>Quant aux autres choses, il n&#39;y a pas grand-chose l\u00e0-bas, alors peut-\u00eatre que mes nouveaux pouvoirs trouv\u00e9s vous aideront. Benjamin Sesko a commenc\u00e9 \u00e0 suivre Arsenal sur Instagram, mais Viktor Gyokerres recherche des chiens de garde \u00e0 Londres. J&#39;ai entendu parler de quelqu&#39;un dont la s\u0153ur travaille chez LinkedIn que son ami qui est le chef des Partsrips sociaux de Snapchat travaille avec un cousin du gardien de s\u00e9curit\u00e9 \u00e0 Londres Colney et il a dit que sur sa page MySpace, un agent de joueur a dit \u00ab\u00a0 Regardez cet espace &#39;&#39; avant de lier sa page Bebo et qu&#39;il y avait une photo de Mikel Arteta sur son t\u00e9l\u00e9phone en v\u00e9rifiant sa page Tumbr. Donc, je pense que cela clarifie tout.<\/p>\n<p>D&#39;accord, je vais le laisser l\u00e0 pour le moment. Nous aurons un arscast pour vous un peu plus tard, donc stand-by pour cela. En avoir un bon!<\/p>\n<\/div>\n","protected":false},"excerpt":{"rendered":"<p>Matin tout. O\u00f9 que vous soyez dans le monde, j&#39;esp\u00e8re que vous allez bien aujourd&#39;hui. Je devrais peut-\u00eatre \u00e9crire plus de blogs sur rien ne<\/p>\n","protected":false},"author":1,"featured_media":25726,"comment_status":"closed","ping_status":"","sticky":false,"template":"","format":"standard","meta":{"footnotes":""},"categories":[3],"tags":[67,58,19,6632,9756],"yoast_head":"<!-- This site is optimized with the Yoast SEO plugin v21.0 - https:\/\/yoast.com\/wordpress\/plugins\/seo\/ -->\n<title>Norgaard dans, partielle out? |  ... un blog Arsenal<\/title>\n<meta name=\"robots\" content=\"index, follow, max-snippet:-1, max-image-preview:large, max-video-preview:-1\" \/>\n<link rel=\"canonical\" href=\"https:\/\/footdavant.fr\/actualites\/norgaard-dans-partielle-out-un-blog-arsenal\/\" \/>\n<meta property=\"og:locale\" content=\"fr_FR\" \/>\n<meta property=\"og:type\" content=\"article\" \/>\n<meta property=\"og:title\" content=\"Norgaard dans, partielle out? |  ... un blog Arsenal\" \/>\n<meta property=\"og:description\" content=\"Matin tout. O\u00f9 que vous soyez dans le monde, j&#039;esp\u00e8re que vous allez bien aujourd&#039;hui. Je devrais peut-\u00eatre \u00e9crire plus de blogs sur rien ne\" \/>\n<meta property=\"og:url\" content=\"https:\/\/footdavant.fr\/actualites\/norgaard-dans-partielle-out-un-blog-arsenal\/\" \/>\n<meta property=\"og:site_name\" content=\"Foot d&#039;avant\" \/>\n<meta property=\"article:publisher\" content=\"https:\/\/www.facebook.com\/Footdavant\/\" \/>\n<meta property=\"article:published_time\" content=\"2025-07-04T03:48:06+00:00\" \/>\n<meta property=\"article:modified_time\" content=\"2025-07-04T03:48:08+00:00\" \/>\n<meta property=\"og:image\" content=\"https:\/\/footdavant.fr\/actualites\/wp-content\/uploads\/2025\/07\/Norgaard-dans-partielle-out-un-blog-Arsenal.jpg\" \/>\n\t<meta property=\"og:image:width\" content=\"1500\" \/>\n\t<meta property=\"og:image:height\" content=\"750\" \/>\n\t<meta property=\"og:image:type\" content=\"image\/jpeg\" \/>\n<meta name=\"author\" content=\"Cl\u00e9ment\" \/>\n<meta name=\"twitter:card\" content=\"summary_large_image\" \/>\n<meta name=\"twitter:creator\" content=\"@FootdavantFr\" \/>\n<meta name=\"twitter:site\" content=\"@FootdavantFr\" \/>\n<meta name=\"twitter:label1\" content=\"\u00c9crit par\" \/>\n\t<meta name=\"twitter:data1\" content=\"Cl\u00e9ment\" \/>\n\t<meta name=\"twitter:label2\" content=\"Dur\u00e9e de lecture estim\u00e9e\" \/>\n\t<meta name=\"twitter:data2\" content=\"5 minutes\" \/>\n<script type=\"application\/ld+json\" class=\"yoast-schema-graph\">{\"@context\":\"https:\/\/schema.org\",\"@graph\":[{\"@type\":\"Article\",\"@id\":\"https:\/\/footdavant.fr\/actualites\/norgaard-dans-partielle-out-un-blog-arsenal\/#article\",\"isPartOf\":{\"@id\":\"https:\/\/footdavant.fr\/actualites\/norgaard-dans-partielle-out-un-blog-arsenal\/\"},\"author\":{\"name\":\"Cl\u00e9ment\",\"@id\":\"https:\/\/footdavant.fr\/actualites\/#\/schema\/person\/bc222566d95871b37e597b3ed3ba5e1d\"},\"headline\":\"Norgaard dans, partielle out? | &#8230; un blog Arsenal\",\"datePublished\":\"2025-07-04T03:48:06+00:00\",\"dateModified\":\"2025-07-04T03:48:08+00:00\",\"mainEntityOfPage\":{\"@id\":\"https:\/\/footdavant.fr\/actualites\/norgaard-dans-partielle-out-un-blog-arsenal\/\"},\"wordCount\":1072,\"publisher\":{\"@id\":\"https:\/\/footdavant.fr\/actualites\/#organization\"},\"keywords\":[\"Arsenal\",\"blog\",\"dans\",\"Norgaard\",\"partielle\"],\"articleSection\":[\"Football\"],\"inLanguage\":\"fr-FR\"},{\"@type\":\"WebPage\",\"@id\":\"https:\/\/footdavant.fr\/actualites\/norgaard-dans-partielle-out-un-blog-arsenal\/\",\"url\":\"https:\/\/footdavant.fr\/actualites\/norgaard-dans-partielle-out-un-blog-arsenal\/\",\"name\":\"Norgaard dans, partielle out? | ... un blog Arsenal\",\"isPartOf\":{\"@id\":\"https:\/\/footdavant.fr\/actualites\/#website\"},\"datePublished\":\"2025-07-04T03:48:06+00:00\",\"dateModified\":\"2025-07-04T03:48:08+00:00\",\"breadcrumb\":{\"@id\":\"https:\/\/footdavant.fr\/actualites\/norgaard-dans-partielle-out-un-blog-arsenal\/#breadcrumb\"},\"inLanguage\":\"fr-FR\",\"potentialAction\":[{\"@type\":\"ReadAction\",\"target\":[\"https:\/\/footdavant.fr\/actualites\/norgaard-dans-partielle-out-un-blog-arsenal\/\"]}]},{\"@type\":\"BreadcrumbList\",\"@id\":\"https:\/\/footdavant.fr\/actualites\/norgaard-dans-partielle-out-un-blog-arsenal\/#breadcrumb\",\"itemListElement\":[{\"@type\":\"ListItem\",\"position\":1,\"name\":\"Accueil\",\"item\":\"https:\/\/footdavant.fr\/actualites\/\"},{\"@type\":\"ListItem\",\"position\":2,\"name\":\"Norgaard dans, partielle out? | &#8230; un blog Arsenal\"}]},{\"@type\":\"WebSite\",\"@id\":\"https:\/\/footdavant.fr\/actualites\/#website\",\"url\":\"https:\/\/footdavant.fr\/actualites\/\",\"name\":\"Foot d'avant\",\"description\":\"\",\"publisher\":{\"@id\":\"https:\/\/footdavant.fr\/actualites\/#organization\"},\"potentialAction\":[{\"@type\":\"SearchAction\",\"target\":{\"@type\":\"EntryPoint\",\"urlTemplate\":\"https:\/\/footdavant.fr\/actualites\/?s={search_term_string}\"},\"query-input\":\"required name=search_term_string\"}],\"inLanguage\":\"fr-FR\"},{\"@type\":\"Organization\",\"@id\":\"https:\/\/footdavant.fr\/actualites\/#organization\",\"name\":\"Foot d'avant\",\"url\":\"https:\/\/footdavant.fr\/actualites\/\",\"logo\":{\"@type\":\"ImageObject\",\"inLanguage\":\"fr-FR\",\"@id\":\"https:\/\/footdavant.fr\/actualites\/#\/schema\/logo\/image\/\",\"url\":\"https:\/\/footdavant.fr\/actualites\/wp-content\/uploads\/2023\/09\/Copy-of-FootDavant-Logo.png\",\"contentUrl\":\"https:\/\/footdavant.fr\/actualites\/wp-content\/uploads\/2023\/09\/Copy-of-FootDavant-Logo.png\",\"width\":936,\"height\":549,\"caption\":\"Foot d'avant\"},\"image\":{\"@id\":\"https:\/\/footdavant.fr\/actualites\/#\/schema\/logo\/image\/\"},\"sameAs\":[\"https:\/\/www.facebook.com\/Footdavant\/\",\"https:\/\/twitter.com\/FootdavantFr\",\"https:\/\/www.instagram.com\/footdavant.fr\/\"]},{\"@type\":\"Person\",\"@id\":\"https:\/\/footdavant.fr\/actualites\/#\/schema\/person\/bc222566d95871b37e597b3ed3ba5e1d\",\"name\":\"Cl\u00e9ment\",\"image\":{\"@type\":\"ImageObject\",\"inLanguage\":\"fr-FR\",\"@id\":\"https:\/\/footdavant.fr\/actualites\/#\/schema\/person\/image\/\",\"url\":\"https:\/\/secure.gravatar.com\/avatar\/7728b29aac2719421e1a9159b2254c44?s=96&d=mm&r=g\",\"contentUrl\":\"https:\/\/secure.gravatar.com\/avatar\/7728b29aac2719421e1a9159b2254c44?s=96&d=mm&r=g\",\"caption\":\"Cl\u00e9ment\"},\"sameAs\":[\"https:\/\/footdavant.fr\/\"]}]}<\/script>\n<!-- \/ Yoast SEO plugin. -->","yoast_head_json":{"title":"Norgaard dans, partielle out? |  ... un blog Arsenal","robots":{"index":"index","follow":"follow","max-snippet":"max-snippet:-1","max-image-preview":"max-image-preview:large","max-video-preview":"max-video-preview:-1"},"canonical":"https:\/\/footdavant.fr\/actualites\/norgaard-dans-partielle-out-un-blog-arsenal\/","og_locale":"fr_FR","og_type":"article","og_title":"Norgaard dans, partielle out? |  ... un blog Arsenal","og_description":"Matin tout. O\u00f9 que vous soyez dans le monde, j&#39;esp\u00e8re que vous allez bien aujourd&#39;hui. Je devrais peut-\u00eatre \u00e9crire plus de blogs sur rien ne","og_url":"https:\/\/footdavant.fr\/actualites\/norgaard-dans-partielle-out-un-blog-arsenal\/","og_site_name":"Foot d&#039;avant","article_publisher":"https:\/\/www.facebook.com\/Footdavant\/","article_published_time":"2025-07-04T03:48:06+00:00","article_modified_time":"2025-07-04T03:48:08+00:00","og_image":[{"width":1500,"height":750,"url":"https:\/\/footdavant.fr\/actualites\/wp-content\/uploads\/2025\/07\/Norgaard-dans-partielle-out-un-blog-Arsenal.jpg","type":"image\/jpeg"}],"author":"Cl\u00e9ment","twitter_card":"summary_large_image","twitter_creator":"@FootdavantFr","twitter_site":"@FootdavantFr","twitter_misc":{"\u00c9crit par":"Cl\u00e9ment","Dur\u00e9e de lecture estim\u00e9e":"5 minutes"},"schema":{"@context":"https:\/\/schema.org","@graph":[{"@type":"Article","@id":"https:\/\/footdavant.fr\/actualites\/norgaard-dans-partielle-out-un-blog-arsenal\/#article","isPartOf":{"@id":"https:\/\/footdavant.fr\/actualites\/norgaard-dans-partielle-out-un-blog-arsenal\/"},"author":{"name":"Cl\u00e9ment","@id":"https:\/\/footdavant.fr\/actualites\/#\/schema\/person\/bc222566d95871b37e597b3ed3ba5e1d"},"headline":"Norgaard dans, partielle out? | &#8230; un blog Arsenal","datePublished":"2025-07-04T03:48:06+00:00","dateModified":"2025-07-04T03:48:08+00:00","mainEntityOfPage":{"@id":"https:\/\/footdavant.fr\/actualites\/norgaard-dans-partielle-out-un-blog-arsenal\/"},"wordCount":1072,"publisher":{"@id":"https:\/\/footdavant.fr\/actualites\/#organization"},"keywords":["Arsenal","blog","dans","Norgaard","partielle"],"articleSection":["Football"],"inLanguage":"fr-FR"},{"@type":"WebPage","@id":"https:\/\/footdavant.fr\/actualites\/norgaard-dans-partielle-out-un-blog-arsenal\/","url":"https:\/\/footdavant.fr\/actualites\/norgaard-dans-partielle-out-un-blog-arsenal\/","name":"Norgaard dans, partielle out? | ... un blog Arsenal","isPartOf":{"@id":"https:\/\/footdavant.fr\/actualites\/#website"},"datePublished":"2025-07-04T03:48:06+00:00","dateModified":"2025-07-04T03:48:08+00:00","breadcrumb":{"@id":"https:\/\/footdavant.fr\/actualites\/norgaard-dans-partielle-out-un-blog-arsenal\/#breadcrumb"},"inLanguage":"fr-FR","potentialAction":[{"@type":"ReadAction","target":["https:\/\/footdavant.fr\/actualites\/norgaard-dans-partielle-out-un-blog-arsenal\/"]}]},{"@type":"BreadcrumbList","@id":"https:\/\/footdavant.fr\/actualites\/norgaard-dans-partielle-out-un-blog-arsenal\/#breadcrumb","itemListElement":[{"@type":"ListItem","position":1,"name":"Accueil","item":"https:\/\/footdavant.fr\/actualites\/"},{"@type":"ListItem","position":2,"name":"Norgaard dans, partielle out? | &#8230; un blog Arsenal"}]},{"@type":"WebSite","@id":"https:\/\/footdavant.fr\/actualites\/#website","url":"https:\/\/footdavant.fr\/actualites\/","name":"Foot d'avant","description":"","publisher":{"@id":"https:\/\/footdavant.fr\/actualites\/#organization"},"potentialAction":[{"@type":"SearchAction","target":{"@type":"EntryPoint","urlTemplate":"https:\/\/footdavant.fr\/actualites\/?s={search_term_string}"},"query-input":"required name=search_term_string"}],"inLanguage":"fr-FR"},{"@type":"Organization","@id":"https:\/\/footdavant.fr\/actualites\/#organization","name":"Foot d'avant","url":"https:\/\/footdavant.fr\/actualites\/","logo":{"@type":"ImageObject","inLanguage":"fr-FR","@id":"https:\/\/footdavant.fr\/actualites\/#\/schema\/logo\/image\/","url":"https:\/\/footdavant.fr\/actualites\/wp-content\/uploads\/2023\/09\/Copy-of-FootDavant-Logo.png","contentUrl":"https:\/\/footdavant.fr\/actualites\/wp-content\/uploads\/2023\/09\/Copy-of-FootDavant-Logo.png","width":936,"height":549,"caption":"Foot d'avant"},"image":{"@id":"https:\/\/footdavant.fr\/actualites\/#\/schema\/logo\/image\/"},"sameAs":["https:\/\/www.facebook.com\/Footdavant\/","https:\/\/twitter.com\/FootdavantFr","https:\/\/www.instagram.com\/footdavant.fr\/"]},{"@type":"Person","@id":"https:\/\/footdavant.fr\/actualites\/#\/schema\/person\/bc222566d95871b37e597b3ed3ba5e1d","name":"Cl\u00e9ment","image":{"@type":"ImageObject","inLanguage":"fr-FR","@id":"https:\/\/footdavant.fr\/actualites\/#\/schema\/person\/image\/","url":"https:\/\/secure.gravatar.com\/avatar\/7728b29aac2719421e1a9159b2254c44?s=96&d=mm&r=g","contentUrl":"https:\/\/secure.gravatar.com\/avatar\/7728b29aac2719421e1a9159b2254c44?s=96&d=mm&r=g","caption":"Cl\u00e9ment"},"sameAs":["https:\/\/footdavant.fr\/"]}]}},"_links":{"self":[{"href":"https:\/\/footdavant.fr\/actualites\/wp-json\/wp\/v2\/posts\/25725"}],"collection":[{"href":"https:\/\/footdavant.fr\/actualites\/wp-json\/wp\/v2\/posts"}],"about":[{"href":"https:\/\/footdavant.fr\/actualites\/wp-json\/wp\/v2\/types\/post"}],"author":[{"embeddable":true,"href":"https:\/\/footdavant.fr\/actualites\/wp-json\/wp\/v2\/users\/1"}],"replies":[{"embeddable":true,"href":"https:\/\/footdavant.fr\/actualites\/wp-json\/wp\/v2\/comments?post=25725"}],"version-history":[{"count":1,"href":"https:\/\/footdavant.fr\/actualites\/wp-json\/wp\/v2\/posts\/25725\/revisions"}],"predecessor-version":[{"id":25727,"href":"https:\/\/footdavant.fr\/actualites\/wp-json\/wp\/v2\/posts\/25725\/revisions\/25727"}],"wp:featuredmedia":[{"embeddable":true,"href":"https:\/\/footdavant.fr\/actualites\/wp-json\/wp\/v2\/media\/25726"}],"wp:attachment":[{"href":"https:\/\/footdavant.fr\/actualites\/wp-json\/wp\/v2\/media?parent=25725"}],"wp:term":[{"taxonomy":"category","embeddable":true,"href":"https:\/\/footdavant.fr\/actualites\/wp-json\/wp\/v2\/categories?post=25725"},{"taxonomy":"post_tag","embeddable":true,"href":"https:\/\/footdavant.fr\/actualites\/wp-json\/wp\/v2\/tags?post=25725"}],"curies":[{"name":"wp","href":"https:\/\/api.w.org\/{rel}","templated":true}]}}