{"id":25728,"date":"2025-07-04T07:48:33","date_gmt":"2025-07-04T05:48:33","guid":{"rendered":"https:\/\/footdavant.fr\/actualites\/horaire-de-pre-saison-de-liverpool-qui-jouent-ils-puis-je-regarder-florian-wirtz-sera-t-il-implique\/"},"modified":"2025-07-04T07:48:34","modified_gmt":"2025-07-04T05:48:34","slug":"horaire-de-pre-saison-de-liverpool-qui-jouent-ils-puis-je-regarder-florian-wirtz-sera-t-il-implique","status":"publish","type":"post","link":"https:\/\/footdavant.fr\/actualites\/horaire-de-pre-saison-de-liverpool-qui-jouent-ils-puis-je-regarder-florian-wirtz-sera-t-il-implique\/","title":{"rendered":"Horaire de pr\u00e9-saison de Liverpool: qui jouent-ils? Puis-je regarder? Florian Wirtz sera-t-il impliqu\u00e9?"},"content":{"rendered":"<p>Sports Mole fournit un guide approfondi du calendrier de pr\u00e9-saison 2025-26 de Liverpool, y compris des d\u00e9tails sur leurs adversaires, comment suivre leurs matches et si Florian Wirtz pourrait faire ses d\u00e9buts<\/p>\n<div id=\"article_body\" itemprop=\"articleBody\">\n<p>Les m\u00e9dailles des vainqueurs de Premier League sont fi\u00e8rement arborantes autour de leur cou, <strong class=\"autotag\">Liverpool<\/strong>Les joueurs et le personnel se r\u00e9uniront bient\u00f4t \u00e0 Kirkby pour une p\u00e9riode de pr\u00e9-saison critique.<\/p>\n<p><strong class=\"autotag\">Slot arne<\/strong> A la majeure partie du vieux gang ensemble \u00e0 l&#39;exception de Trent Alexander-Arnold et de l&#39;entra\u00eeneur adjoint Johnny Heitinga, dont le premier a d\u00e9j\u00e0 \u00e9t\u00e9 remplac\u00e9 par l&#39;un des cinq arriv\u00e9es de joueurs cet \u00e9t\u00e9.<\/p>\n<p><strong class=\"autotag\">Jeremie Frimpong<\/strong>, <strong class=\"autotag\">Florian Wirtz<\/strong>, <strong class=\"autotag\">Milos Kerkez<\/strong>Armin Pecsi et Freddie Woodman ont tous rejoint les rangs des champions anglais pour leur d\u00e9fense du titre lors de la campagne 2025-26, o\u00f9 ils s&#39;efforceront \u00e9galement de traduire leur domination domestique sur la sc\u00e8ne de la Ligue des champions.<\/p>\n<p>Ici, <strong>Taupe de sport<\/strong> Fournit un guide approfondi de la p\u00e9riode de pr\u00e9-saison de Liverpool, y compris des d\u00e9tails sur leurs adversaires, comment se connecter aux matchs et si leur nouveau record de signature pourrait \u00eatre impliqu\u00e9.<\/p>\n<hr>\n<p><\/p>\n<h2>Qui Liverpool jouera-t-il en pr\u00e9-saison?<\/h2>\n<p>Comme ce fut le cas en 2024, Liverpool lance ses pr\u00e9paratifs d&#39;\u00e9t\u00e9 contre la tenue de championnat Preston North End, qui a pr\u00e9valu 1-0 sur le terrain d&#39;entra\u00eenement des Reds l&#39;ann\u00e9e derni\u00e8re.<\/p>\n<p>Cependant, le choc de l&#39;exposition 2025 aura plut\u00f4t lieu \u00e0 Deepdale \u00e0 15 heures le 13 juillet, peu de temps avant que l&#39;escouade de Slot se dirige vers l&#39;est pour une tourn\u00e9e de pr\u00e9-saison en Asie.<\/p>\n<p>La premi\u00e8re escale des Reds de l&#39;autre c\u00f4t\u00e9 de la plan\u00e8te est Hong Kong, o\u00f9 ils affronteront l&#39;AC Milan dans le troph\u00e9e Chartered Standard le 26 juillet, avec un coup d&#39;envoi pr\u00e9vu pour 12h30.<\/p>\n<p>Quatre jours plus tard, Liverpool se rend au Japon pour le J. League World Challenge contre Yokohama F. Marinos, visant \u00e0 devenir la troisi\u00e8me \u00e9quipe anglaise d&#39;affil\u00e9e \u00e0 remporter le match d&#39;exposition apr\u00e8s Manchester City en 2023 et \u00e0 Tottenham Hotspur en 2024.<\/p>\n<p>De retour sur les c\u00f4tes \u00e0 domicile, Liverpool conclut ses pr\u00e9paratifs d&#39;\u00e9t\u00e9 avec deux matchs en l&#39;espace de quelques heures, prenant Bilbao athl\u00e9tique dans une paire de concours Anfield \u00e0 17h et 20h le 4 ao\u00fbt.<\/p>\n<h3>Horaire de pr\u00e9-saison de Liverpool 2025-26:<\/h3>\n<p><strong>13 juillet: <\/strong>Preston North End vs Liverpool (15h | Deepdale)<\/p>\n<p><b>26 juillet:<\/b> Liverpool vs AC Milan (12h30 | Kai Tak Sports Park, Hong Kong)<\/p>\n<p><strong>30 juillet:<\/strong> Yokohama F. Marinos contre Liverpool (11h30 | Stadium Nissan, Japon)<\/p>\n<p><strong>4 ao\u00fbt:<\/strong> Liverpool vs Athletic Bilbao (17h | Anfield)<\/p>\n<p><strong>4 ao\u00fbt:<\/strong> Liverpool vs Athletic Bilbao (20h | Anfield)<\/p>\n<hr>\n<p><\/p>\n<h2>Puis-je regarder les matchs de pr\u00e9-saison de Liverpool?<\/h2>\n<p>Les d\u00e9tails sur la fa\u00e7on de regarder les matchs de pr\u00e9-saison de Liverpool n&#39;ont pas encore \u00e9t\u00e9 confirm\u00e9s, mais les appareils devraient \u00eatre disponibles pour diffuser \u00e0 travers les cha\u00eenes officielles du club.<\/p>\n<p>Le service vid\u00e9o All Red de Liverpool comprend LFCTV et LFCTVGO, o\u00f9 les matchs seraient diffus\u00e9s et sont disponibles sur Apple, Android et Fire TV.<\/p>\n<hr>\n<p><\/p>\n<h2>Wirtz fera-t-il ses d\u00e9buts \u00e0 Liverpool en pr\u00e9-saison?<\/h2>\n<p class=\"imgI\">\n<p>Bien que encore plus de signatures soient pr\u00e9vues \u00e0 Anfield d&#39;ici la fin de la fen\u00eatre d&#39;\u00e9t\u00e9, tous les yeux seront sans aucun doute sur la question de savoir si Wirtz fera ses d\u00e9buts non officiels \u00e0 Liverpool pendant la p\u00e9riode amicale.<\/p>\n<p>L&#39;homme de 100 millions de livres sterling est retourn\u00e9 en Allemagne pour de br\u00e8ves vacances apr\u00e8s avoir r\u00e9dig\u00e9 son contrat de Reds, et il devrait atterrir au Royaume-Uni \u00e0 temps pour le d\u00e9but de l&#39;entra\u00eenement de pr\u00e9-saison.<\/p>\n<p>En cons\u00e9quence, l&#39;ancienne starlette de Bayer Leverkusen jouera presque certainement ses premi\u00e8res minutes de Liverpool ce mois-ci, bien que ce ne soit pas un choc de le voir \u00e9pargn\u00e9 contre Preston.<\/p>\n<p>Au lieu de cela, l&#39;international allemande pourrait gagner son bapt\u00eame de Liverpool dans le match avec Milan le 26 juillet, tandis que Frimpong et Kerkez auront certainement leurs propres pi\u00e8ces \u00e0 jouer sur la tourn\u00e9e en Asie.<\/p>\n<div class=\"author_box\">\n<div class=\"author_box_banner\"> <img decoding=\"async\" class=\"author_img\" src=\"https:\/\/footdavant.fr\/actualites\/wp-content\/uploads\/2025\/06\/1749127685_316_Equipe-de-la-Ligue-des-champions-du-tournoi-Lamine-Yamal.jpg\"><\/div>\n<\/div>\n<\/div>\n","protected":false},"excerpt":{"rendered":"<p>Sports Mole fournit un guide approfondi du calendrier de pr\u00e9-saison 2025-26 de Liverpool, y compris des d\u00e9tails sur leurs adversaires, comment suivre leurs matches et<\/p>\n","protected":false},"author":1,"featured_media":25729,"comment_status":"closed","ping_status":"","sticky":false,"template":"","format":"standard","meta":{"footnotes":""},"categories":[5],"tags":[718,8579,7338,9757,53,1517,9758,243,2132,3356,719],"yoast_head":"<!-- This site is optimized with the Yoast SEO plugin v21.0 - https:\/\/yoast.com\/wordpress\/plugins\/seo\/ -->\n<title>Horaire de pr\u00e9-saison de Liverpool: qui jouent-ils? Puis-je regarder? Florian Wirtz sera-t-il impliqu\u00e9?<\/title>\n<meta name=\"robots\" content=\"index, follow, max-snippet:-1, max-image-preview:large, max-video-preview:-1\" \/>\n<link rel=\"canonical\" href=\"https:\/\/footdavant.fr\/actualites\/horaire-de-pre-saison-de-liverpool-qui-jouent-ils-puis-je-regarder-florian-wirtz-sera-t-il-implique\/\" \/>\n<meta property=\"og:locale\" content=\"fr_FR\" \/>\n<meta property=\"og:type\" content=\"article\" \/>\n<meta property=\"og:title\" content=\"Horaire de pr\u00e9-saison de Liverpool: qui jouent-ils? Puis-je regarder? Florian Wirtz sera-t-il impliqu\u00e9?\" \/>\n<meta property=\"og:description\" content=\"Sports Mole fournit un guide approfondi du calendrier de pr\u00e9-saison 2025-26 de Liverpool, y compris des d\u00e9tails sur leurs adversaires, comment suivre leurs matches et\" \/>\n<meta property=\"og:url\" content=\"https:\/\/footdavant.fr\/actualites\/horaire-de-pre-saison-de-liverpool-qui-jouent-ils-puis-je-regarder-florian-wirtz-sera-t-il-implique\/\" \/>\n<meta property=\"og:site_name\" content=\"Foot d&#039;avant\" \/>\n<meta property=\"article:publisher\" content=\"https:\/\/www.facebook.com\/Footdavant\/\" \/>\n<meta property=\"article:published_time\" content=\"2025-07-04T05:48:33+00:00\" \/>\n<meta property=\"article:modified_time\" content=\"2025-07-04T05:48:34+00:00\" \/>\n<meta property=\"og:image\" content=\"https:\/\/footdavant.fr\/actualites\/wp-content\/uploads\/2025\/06\/1750196891_773_Le-coequipier-de-Bournemouth-de-Milos-Kerkez-fait-une-prediction.jpg\" \/>\n\t<meta property=\"og:image:width\" content=\"640\" \/>\n\t<meta property=\"og:image:height\" content=\"480\" \/>\n\t<meta property=\"og:image:type\" content=\"image\/jpeg\" \/>\n<meta name=\"author\" content=\"Cl\u00e9ment\" \/>\n<meta name=\"twitter:card\" content=\"summary_large_image\" \/>\n<meta name=\"twitter:creator\" content=\"@FootdavantFr\" \/>\n<meta name=\"twitter:site\" content=\"@FootdavantFr\" \/>\n<meta name=\"twitter:label1\" content=\"\u00c9crit par\" \/>\n\t<meta name=\"twitter:data1\" content=\"Cl\u00e9ment\" \/>\n\t<meta name=\"twitter:label2\" content=\"Dur\u00e9e de lecture estim\u00e9e\" \/>\n\t<meta name=\"twitter:data2\" content=\"4 minutes\" \/>\n<script type=\"application\/ld+json\" class=\"yoast-schema-graph\">{\"@context\":\"https:\/\/schema.org\",\"@graph\":[{\"@type\":\"Article\",\"@id\":\"https:\/\/footdavant.fr\/actualites\/horaire-de-pre-saison-de-liverpool-qui-jouent-ils-puis-je-regarder-florian-wirtz-sera-t-il-implique\/#article\",\"isPartOf\":{\"@id\":\"https:\/\/footdavant.fr\/actualites\/horaire-de-pre-saison-de-liverpool-qui-jouent-ils-puis-je-regarder-florian-wirtz-sera-t-il-implique\/\"},\"author\":{\"name\":\"Cl\u00e9ment\",\"@id\":\"https:\/\/footdavant.fr\/actualites\/#\/schema\/person\/bc222566d95871b37e597b3ed3ba5e1d\"},\"headline\":\"Horaire de pr\u00e9-saison de Liverpool: qui jouent-ils? Puis-je regarder? Florian Wirtz sera-t-il impliqu\u00e9?\",\"datePublished\":\"2025-07-04T05:48:33+00:00\",\"dateModified\":\"2025-07-04T05:48:34+00:00\",\"mainEntityOfPage\":{\"@id\":\"https:\/\/footdavant.fr\/actualites\/horaire-de-pre-saison-de-liverpool-qui-jouent-ils-puis-je-regarder-florian-wirtz-sera-t-il-implique\/\"},\"wordCount\":717,\"publisher\":{\"@id\":\"https:\/\/footdavant.fr\/actualites\/#organization\"},\"keywords\":[\"Florian\",\"horaire\",\"impliqu\u00e9\",\"jouentils\",\"Liverpool\",\"pr\u00e9saison\",\"Puisje\",\"qui\",\"regarder\",\"seratil\",\"Wirtz\"],\"articleSection\":[\"Premier League\"],\"inLanguage\":\"fr-FR\"},{\"@type\":\"WebPage\",\"@id\":\"https:\/\/footdavant.fr\/actualites\/horaire-de-pre-saison-de-liverpool-qui-jouent-ils-puis-je-regarder-florian-wirtz-sera-t-il-implique\/\",\"url\":\"https:\/\/footdavant.fr\/actualites\/horaire-de-pre-saison-de-liverpool-qui-jouent-ils-puis-je-regarder-florian-wirtz-sera-t-il-implique\/\",\"name\":\"Horaire de pr\u00e9-saison de Liverpool: qui jouent-ils? Puis-je regarder? Florian Wirtz sera-t-il impliqu\u00e9?\",\"isPartOf\":{\"@id\":\"https:\/\/footdavant.fr\/actualites\/#website\"},\"datePublished\":\"2025-07-04T05:48:33+00:00\",\"dateModified\":\"2025-07-04T05:48:34+00:00\",\"breadcrumb\":{\"@id\":\"https:\/\/footdavant.fr\/actualites\/horaire-de-pre-saison-de-liverpool-qui-jouent-ils-puis-je-regarder-florian-wirtz-sera-t-il-implique\/#breadcrumb\"},\"inLanguage\":\"fr-FR\",\"potentialAction\":[{\"@type\":\"ReadAction\",\"target\":[\"https:\/\/footdavant.fr\/actualites\/horaire-de-pre-saison-de-liverpool-qui-jouent-ils-puis-je-regarder-florian-wirtz-sera-t-il-implique\/\"]}]},{\"@type\":\"BreadcrumbList\",\"@id\":\"https:\/\/footdavant.fr\/actualites\/horaire-de-pre-saison-de-liverpool-qui-jouent-ils-puis-je-regarder-florian-wirtz-sera-t-il-implique\/#breadcrumb\",\"itemListElement\":[{\"@type\":\"ListItem\",\"position\":1,\"name\":\"Accueil\",\"item\":\"https:\/\/footdavant.fr\/actualites\/\"},{\"@type\":\"ListItem\",\"position\":2,\"name\":\"Horaire de pr\u00e9-saison de Liverpool: qui jouent-ils? Puis-je regarder? Florian Wirtz sera-t-il impliqu\u00e9?\"}]},{\"@type\":\"WebSite\",\"@id\":\"https:\/\/footdavant.fr\/actualites\/#website\",\"url\":\"https:\/\/footdavant.fr\/actualites\/\",\"name\":\"Foot d'avant\",\"description\":\"\",\"publisher\":{\"@id\":\"https:\/\/footdavant.fr\/actualites\/#organization\"},\"potentialAction\":[{\"@type\":\"SearchAction\",\"target\":{\"@type\":\"EntryPoint\",\"urlTemplate\":\"https:\/\/footdavant.fr\/actualites\/?s={search_term_string}\"},\"query-input\":\"required name=search_term_string\"}],\"inLanguage\":\"fr-FR\"},{\"@type\":\"Organization\",\"@id\":\"https:\/\/footdavant.fr\/actualites\/#organization\",\"name\":\"Foot d'avant\",\"url\":\"https:\/\/footdavant.fr\/actualites\/\",\"logo\":{\"@type\":\"ImageObject\",\"inLanguage\":\"fr-FR\",\"@id\":\"https:\/\/footdavant.fr\/actualites\/#\/schema\/logo\/image\/\",\"url\":\"https:\/\/footdavant.fr\/actualites\/wp-content\/uploads\/2023\/09\/Copy-of-FootDavant-Logo.png\",\"contentUrl\":\"https:\/\/footdavant.fr\/actualites\/wp-content\/uploads\/2023\/09\/Copy-of-FootDavant-Logo.png\",\"width\":936,\"height\":549,\"caption\":\"Foot d'avant\"},\"image\":{\"@id\":\"https:\/\/footdavant.fr\/actualites\/#\/schema\/logo\/image\/\"},\"sameAs\":[\"https:\/\/www.facebook.com\/Footdavant\/\",\"https:\/\/twitter.com\/FootdavantFr\",\"https:\/\/www.instagram.com\/footdavant.fr\/\"]},{\"@type\":\"Person\",\"@id\":\"https:\/\/footdavant.fr\/actualites\/#\/schema\/person\/bc222566d95871b37e597b3ed3ba5e1d\",\"name\":\"Cl\u00e9ment\",\"image\":{\"@type\":\"ImageObject\",\"inLanguage\":\"fr-FR\",\"@id\":\"https:\/\/footdavant.fr\/actualites\/#\/schema\/person\/image\/\",\"url\":\"https:\/\/secure.gravatar.com\/avatar\/7728b29aac2719421e1a9159b2254c44?s=96&d=mm&r=g\",\"contentUrl\":\"https:\/\/secure.gravatar.com\/avatar\/7728b29aac2719421e1a9159b2254c44?s=96&d=mm&r=g\",\"caption\":\"Cl\u00e9ment\"},\"sameAs\":[\"https:\/\/footdavant.fr\/\"]}]}<\/script>\n<!-- \/ Yoast SEO plugin. -->","yoast_head_json":{"title":"Horaire de pr\u00e9-saison de Liverpool: qui jouent-ils? Puis-je regarder? Florian Wirtz sera-t-il impliqu\u00e9?","robots":{"index":"index","follow":"follow","max-snippet":"max-snippet:-1","max-image-preview":"max-image-preview:large","max-video-preview":"max-video-preview:-1"},"canonical":"https:\/\/footdavant.fr\/actualites\/horaire-de-pre-saison-de-liverpool-qui-jouent-ils-puis-je-regarder-florian-wirtz-sera-t-il-implique\/","og_locale":"fr_FR","og_type":"article","og_title":"Horaire de pr\u00e9-saison de Liverpool: qui jouent-ils? Puis-je regarder? Florian Wirtz sera-t-il impliqu\u00e9?","og_description":"Sports Mole fournit un guide approfondi du calendrier de pr\u00e9-saison 2025-26 de Liverpool, y compris des d\u00e9tails sur leurs adversaires, comment suivre leurs matches et","og_url":"https:\/\/footdavant.fr\/actualites\/horaire-de-pre-saison-de-liverpool-qui-jouent-ils-puis-je-regarder-florian-wirtz-sera-t-il-implique\/","og_site_name":"Foot d&#039;avant","article_publisher":"https:\/\/www.facebook.com\/Footdavant\/","article_published_time":"2025-07-04T05:48:33+00:00","article_modified_time":"2025-07-04T05:48:34+00:00","og_image":[{"width":640,"height":480,"url":"https:\/\/footdavant.fr\/actualites\/wp-content\/uploads\/2025\/06\/1750196891_773_Le-coequipier-de-Bournemouth-de-Milos-Kerkez-fait-une-prediction.jpg","type":"image\/jpeg"}],"author":"Cl\u00e9ment","twitter_card":"summary_large_image","twitter_creator":"@FootdavantFr","twitter_site":"@FootdavantFr","twitter_misc":{"\u00c9crit par":"Cl\u00e9ment","Dur\u00e9e de lecture estim\u00e9e":"4 minutes"},"schema":{"@context":"https:\/\/schema.org","@graph":[{"@type":"Article","@id":"https:\/\/footdavant.fr\/actualites\/horaire-de-pre-saison-de-liverpool-qui-jouent-ils-puis-je-regarder-florian-wirtz-sera-t-il-implique\/#article","isPartOf":{"@id":"https:\/\/footdavant.fr\/actualites\/horaire-de-pre-saison-de-liverpool-qui-jouent-ils-puis-je-regarder-florian-wirtz-sera-t-il-implique\/"},"author":{"name":"Cl\u00e9ment","@id":"https:\/\/footdavant.fr\/actualites\/#\/schema\/person\/bc222566d95871b37e597b3ed3ba5e1d"},"headline":"Horaire de pr\u00e9-saison de Liverpool: qui jouent-ils? Puis-je regarder? Florian Wirtz sera-t-il impliqu\u00e9?","datePublished":"2025-07-04T05:48:33+00:00","dateModified":"2025-07-04T05:48:34+00:00","mainEntityOfPage":{"@id":"https:\/\/footdavant.fr\/actualites\/horaire-de-pre-saison-de-liverpool-qui-jouent-ils-puis-je-regarder-florian-wirtz-sera-t-il-implique\/"},"wordCount":717,"publisher":{"@id":"https:\/\/footdavant.fr\/actualites\/#organization"},"keywords":["Florian","horaire","impliqu\u00e9","jouentils","Liverpool","pr\u00e9saison","Puisje","qui","regarder","seratil","Wirtz"],"articleSection":["Premier League"],"inLanguage":"fr-FR"},{"@type":"WebPage","@id":"https:\/\/footdavant.fr\/actualites\/horaire-de-pre-saison-de-liverpool-qui-jouent-ils-puis-je-regarder-florian-wirtz-sera-t-il-implique\/","url":"https:\/\/footdavant.fr\/actualites\/horaire-de-pre-saison-de-liverpool-qui-jouent-ils-puis-je-regarder-florian-wirtz-sera-t-il-implique\/","name":"Horaire de pr\u00e9-saison de Liverpool: qui jouent-ils? Puis-je regarder? Florian Wirtz sera-t-il impliqu\u00e9?","isPartOf":{"@id":"https:\/\/footdavant.fr\/actualites\/#website"},"datePublished":"2025-07-04T05:48:33+00:00","dateModified":"2025-07-04T05:48:34+00:00","breadcrumb":{"@id":"https:\/\/footdavant.fr\/actualites\/horaire-de-pre-saison-de-liverpool-qui-jouent-ils-puis-je-regarder-florian-wirtz-sera-t-il-implique\/#breadcrumb"},"inLanguage":"fr-FR","potentialAction":[{"@type":"ReadAction","target":["https:\/\/footdavant.fr\/actualites\/horaire-de-pre-saison-de-liverpool-qui-jouent-ils-puis-je-regarder-florian-wirtz-sera-t-il-implique\/"]}]},{"@type":"BreadcrumbList","@id":"https:\/\/footdavant.fr\/actualites\/horaire-de-pre-saison-de-liverpool-qui-jouent-ils-puis-je-regarder-florian-wirtz-sera-t-il-implique\/#breadcrumb","itemListElement":[{"@type":"ListItem","position":1,"name":"Accueil","item":"https:\/\/footdavant.fr\/actualites\/"},{"@type":"ListItem","position":2,"name":"Horaire de pr\u00e9-saison de Liverpool: qui jouent-ils? Puis-je regarder? Florian Wirtz sera-t-il impliqu\u00e9?"}]},{"@type":"WebSite","@id":"https:\/\/footdavant.fr\/actualites\/#website","url":"https:\/\/footdavant.fr\/actualites\/","name":"Foot d'avant","description":"","publisher":{"@id":"https:\/\/footdavant.fr\/actualites\/#organization"},"potentialAction":[{"@type":"SearchAction","target":{"@type":"EntryPoint","urlTemplate":"https:\/\/footdavant.fr\/actualites\/?s={search_term_string}"},"query-input":"required name=search_term_string"}],"inLanguage":"fr-FR"},{"@type":"Organization","@id":"https:\/\/footdavant.fr\/actualites\/#organization","name":"Foot d'avant","url":"https:\/\/footdavant.fr\/actualites\/","logo":{"@type":"ImageObject","inLanguage":"fr-FR","@id":"https:\/\/footdavant.fr\/actualites\/#\/schema\/logo\/image\/","url":"https:\/\/footdavant.fr\/actualites\/wp-content\/uploads\/2023\/09\/Copy-of-FootDavant-Logo.png","contentUrl":"https:\/\/footdavant.fr\/actualites\/wp-content\/uploads\/2023\/09\/Copy-of-FootDavant-Logo.png","width":936,"height":549,"caption":"Foot d'avant"},"image":{"@id":"https:\/\/footdavant.fr\/actualites\/#\/schema\/logo\/image\/"},"sameAs":["https:\/\/www.facebook.com\/Footdavant\/","https:\/\/twitter.com\/FootdavantFr","https:\/\/www.instagram.com\/footdavant.fr\/"]},{"@type":"Person","@id":"https:\/\/footdavant.fr\/actualites\/#\/schema\/person\/bc222566d95871b37e597b3ed3ba5e1d","name":"Cl\u00e9ment","image":{"@type":"ImageObject","inLanguage":"fr-FR","@id":"https:\/\/footdavant.fr\/actualites\/#\/schema\/person\/image\/","url":"https:\/\/secure.gravatar.com\/avatar\/7728b29aac2719421e1a9159b2254c44?s=96&d=mm&r=g","contentUrl":"https:\/\/secure.gravatar.com\/avatar\/7728b29aac2719421e1a9159b2254c44?s=96&d=mm&r=g","caption":"Cl\u00e9ment"},"sameAs":["https:\/\/footdavant.fr\/"]}]}},"_links":{"self":[{"href":"https:\/\/footdavant.fr\/actualites\/wp-json\/wp\/v2\/posts\/25728"}],"collection":[{"href":"https:\/\/footdavant.fr\/actualites\/wp-json\/wp\/v2\/posts"}],"about":[{"href":"https:\/\/footdavant.fr\/actualites\/wp-json\/wp\/v2\/types\/post"}],"author":[{"embeddable":true,"href":"https:\/\/footdavant.fr\/actualites\/wp-json\/wp\/v2\/users\/1"}],"replies":[{"embeddable":true,"href":"https:\/\/footdavant.fr\/actualites\/wp-json\/wp\/v2\/comments?post=25728"}],"version-history":[{"count":1,"href":"https:\/\/footdavant.fr\/actualites\/wp-json\/wp\/v2\/posts\/25728\/revisions"}],"predecessor-version":[{"id":25730,"href":"https:\/\/footdavant.fr\/actualites\/wp-json\/wp\/v2\/posts\/25728\/revisions\/25730"}],"wp:featuredmedia":[{"embeddable":true,"href":"https:\/\/footdavant.fr\/actualites\/wp-json\/wp\/v2\/media\/25729"}],"wp:attachment":[{"href":"https:\/\/footdavant.fr\/actualites\/wp-json\/wp\/v2\/media?parent=25728"}],"wp:term":[{"taxonomy":"category","embeddable":true,"href":"https:\/\/footdavant.fr\/actualites\/wp-json\/wp\/v2\/categories?post=25728"},{"taxonomy":"post_tag","embeddable":true,"href":"https:\/\/footdavant.fr\/actualites\/wp-json\/wp\/v2\/tags?post=25728"}],"curies":[{"name":"wp","href":"https:\/\/api.w.org\/{rel}","templated":true}]}}