{"id":25731,"date":"2025-07-04T09:50:18","date_gmt":"2025-07-04T07:50:18","guid":{"rendered":"https:\/\/footdavant.fr\/actualites\/liverpool-provoquerait-des-emeutes-sils-pouvaient-signer-alexander-isak\/"},"modified":"2025-07-04T09:50:20","modified_gmt":"2025-07-04T07:50:20","slug":"liverpool-provoquerait-des-emeutes-sils-pouvaient-signer-alexander-isak","status":"publish","type":"post","link":"https:\/\/footdavant.fr\/actualites\/liverpool-provoquerait-des-emeutes-sils-pouvaient-signer-alexander-isak\/","title":{"rendered":"Liverpool provoquerait des \u00ab\u00e9meutes\u00bb s&#39;ils pouvaient signer Alexander Isak"},"content":{"rendered":"<div id=\"article-body\">\n<!-- Article Start --><\/p>\n<p>Un commentateur bien connu du football n&#39;est pas exclu de la possibilit\u00e9 que Liverpool r\u00e9alise une signature \u00ab\u00e0 long tir\u00bb dont le d\u00e9part d\u00e9clencherait des \u00ab\u00e9meutes\u00bb parmi les fans de son club actuel.<\/p>\n<p>Les Reds ont d\u00e9j\u00e0 battu leur record de transfert cet \u00e9t\u00e9 pour signer Florian Wirtz de Bayer Leverkusen pour 116 millions de livres sterling, et ils devraient probablement le faire \u00e0 nouveau s&#39;ils ont atterri Alexander Isak de Newcastle.<\/p>\n<p>Graeme Bailey a indiqu\u00e9 qu&#39;il fallait probablement au moins 120 millions de livres sterling \u00e0 130 millions de livres sterling pour attribuer l&#39;attaquant su\u00e9dois de St James &#39;Park, et comme nous l&#39;avons exclusivement signal\u00e9 pour cette semaine, les chefs d&#39;Anfield consid\u00e8rent que Hugo Ekitike est une alternative plus r\u00e9alisable et le \u00ab\u00a0 meilleur ajustement&#39; &#39;pour que le profil soit mis en place par Arne Slot.<\/p>\n<h2>Ian Darke: Isak \u00e0 Liverpool un \u00ablong coup\u00bb mais \u00abpas de fum\u00e9e sans feu\u00bb<\/h2>\n<p>Cependant, Ian Darke a sembl\u00e9 sugg\u00e9rer que le joueur de 25 ans pourrait \u00eatre tent\u00e9 de rejoindre Liverpool, bien qu&#39;une telle d\u00e9cision soit difficile \u00e0 envisager cet \u00e9t\u00e9.<\/p>\n<p>Le commentateur &#8211; qui peut \u00eatre entendu sur ESPN et TNT Sports &#8211; a d\u00e9clar\u00e9 \u00e0 Liverpool News: <\/p>\n<\/p>\n<figure id=\"attachment_275063\" aria-describedby=\"caption-attachment-275063\" style=\"width: 761px\" class=\"wp-caption alignnone\"><picture><source type=\"image\/webp\" data- data-><\/source><\/picture><\/figure>\n<h2>Ekitike semble toujours une signature plus probable pour Liverpool qu&#39;Isak<\/h2>\n<p>Si Liverpool n&#39;avait pas d\u00e9j\u00e0 investi si fortement dans Wirtz cet \u00e9t\u00e9 et si les Magpies avaient rat\u00e9 la qualification en Ligue des champions, alors un d\u00e9m\u00e9nagement pour l&#39;attaquant su\u00e9dois aurait pu sembler plus plausible pour les Reds.<\/p>\n<p>La sp\u00e9culation en cours sur l&#39;avenir de Darwin Nunez indique que la LFC pourrait avoir l&#39;intention de le laisser partir et d&#39;apporter un remplacement d&#39;ici la fin ao\u00fbt, bien qu&#39;Ekitike (\u00e9valu\u00e9 dans la r\u00e9gion de 75 millions de livres sterling) semblera actuellement \u00eatre une cible plus r\u00e9aliste qu&#39;Isak pour l&#39;instant.<\/p>\n<p>Darke soutient un point valable en disant qu&#39;Anfield serait une destination attrayante pour presque tous les joueurs en Europe, \u00e9tant donn\u00e9 le succ\u00e8s sur le terrain de ces derni\u00e8res ann\u00e9es et la signature de la d\u00e9claration de Wirtz pour accompagner la pr\u00e9sence continue de Mo Salah et Virgil Van Dijk.<\/p>\n<p>Malgr\u00e9 la propre augmentation de Newcastle au cours des trois derni\u00e8res saisons, l&#39;international su\u00e9dois pourrait consid\u00e9rer Liverpool comme un pas en place, et la persistance de la sp\u00e9culation concernant un \u00e9ventuel swoop par les champions de Premier League indiquerait que leur int\u00e9r\u00eat est en effet s\u00e9rieux.<\/p>\n<p>Il semble toujours que cela se mat\u00e9rialise cet \u00e9t\u00e9, mais compte tenu des exploits que Richard Hughes a r\u00e9ussi jusqu&#39;\u00e0 pr\u00e9sent cette ann\u00e9e, Hope est \u00e9ternel que le directeur sportif des Reds pourrait encore avoir une autre masterclass en lui fin ao\u00fbt!<\/p>\n<p><!-- Article End -->\t\t\t\t<\/div>\n","protected":false},"excerpt":{"rendered":"<p>Un commentateur bien connu du football n&#39;est pas exclu de la possibilit\u00e9 que Liverpool r\u00e9alise une signature \u00ab\u00e0 long tir\u00bb dont le d\u00e9part d\u00e9clencherait des<\/p>\n","protected":false},"author":1,"featured_media":25732,"comment_status":"closed","ping_status":"","sticky":false,"template":"","format":"standard","meta":{"footnotes":""},"categories":[3],"tags":[331,12,9760,42,53,9124,9759,5798,774],"yoast_head":"<!-- This site is optimized with the Yoast SEO plugin v21.0 - https:\/\/yoast.com\/wordpress\/plugins\/seo\/ -->\n<title>Liverpool provoquerait des \u00ab\u00e9meutes\u00bb s&#039;ils pouvaient signer Alexander Isak<\/title>\n<meta name=\"robots\" content=\"index, follow, max-snippet:-1, max-image-preview:large, max-video-preview:-1\" \/>\n<link rel=\"canonical\" href=\"https:\/\/footdavant.fr\/actualites\/liverpool-provoquerait-des-emeutes-sils-pouvaient-signer-alexander-isak\/\" \/>\n<meta property=\"og:locale\" content=\"fr_FR\" \/>\n<meta property=\"og:type\" content=\"article\" \/>\n<meta property=\"og:title\" content=\"Liverpool provoquerait des \u00ab\u00e9meutes\u00bb s&#039;ils pouvaient signer Alexander Isak\" \/>\n<meta property=\"og:description\" content=\"Un commentateur bien connu du football n&#039;est pas exclu de la possibilit\u00e9 que Liverpool r\u00e9alise une signature \u00ab\u00e0 long tir\u00bb dont le d\u00e9part d\u00e9clencherait des\" \/>\n<meta property=\"og:url\" content=\"https:\/\/footdavant.fr\/actualites\/liverpool-provoquerait-des-emeutes-sils-pouvaient-signer-alexander-isak\/\" \/>\n<meta property=\"og:site_name\" content=\"Foot d&#039;avant\" \/>\n<meta property=\"article:publisher\" content=\"https:\/\/www.facebook.com\/Footdavant\/\" \/>\n<meta property=\"article:published_time\" content=\"2025-07-04T07:50:18+00:00\" \/>\n<meta property=\"article:modified_time\" content=\"2025-07-04T07:50:20+00:00\" \/>\n<meta property=\"og:image\" content=\"https:\/\/footdavant.fr\/actualites\/wp-content\/uploads\/2025\/07\/1751615419_Liverpool-provoquerait-des-emeutes-s39ils-pouvaient-signer-Alexander-Isak.jpg\" \/>\n\t<meta property=\"og:image:width\" content=\"1290\" \/>\n\t<meta property=\"og:image:height\" content=\"833\" \/>\n\t<meta property=\"og:image:type\" content=\"image\/jpeg\" \/>\n<meta name=\"author\" content=\"Cl\u00e9ment\" \/>\n<meta name=\"twitter:card\" content=\"summary_large_image\" \/>\n<meta name=\"twitter:creator\" content=\"@FootdavantFr\" \/>\n<meta name=\"twitter:site\" content=\"@FootdavantFr\" \/>\n<meta name=\"twitter:label1\" content=\"\u00c9crit par\" \/>\n\t<meta name=\"twitter:data1\" content=\"Cl\u00e9ment\" \/>\n\t<meta name=\"twitter:label2\" content=\"Dur\u00e9e de lecture estim\u00e9e\" \/>\n\t<meta name=\"twitter:data2\" content=\"2 minutes\" \/>\n<script type=\"application\/ld+json\" class=\"yoast-schema-graph\">{\"@context\":\"https:\/\/schema.org\",\"@graph\":[{\"@type\":\"Article\",\"@id\":\"https:\/\/footdavant.fr\/actualites\/liverpool-provoquerait-des-emeutes-sils-pouvaient-signer-alexander-isak\/#article\",\"isPartOf\":{\"@id\":\"https:\/\/footdavant.fr\/actualites\/liverpool-provoquerait-des-emeutes-sils-pouvaient-signer-alexander-isak\/\"},\"author\":{\"name\":\"Cl\u00e9ment\",\"@id\":\"https:\/\/footdavant.fr\/actualites\/#\/schema\/person\/bc222566d95871b37e597b3ed3ba5e1d\"},\"headline\":\"Liverpool provoquerait des \u00ab\u00e9meutes\u00bb s&#39;ils pouvaient signer Alexander Isak\",\"datePublished\":\"2025-07-04T07:50:18+00:00\",\"dateModified\":\"2025-07-04T07:50:20+00:00\",\"mainEntityOfPage\":{\"@id\":\"https:\/\/footdavant.fr\/actualites\/liverpool-provoquerait-des-emeutes-sils-pouvaient-signer-alexander-isak\/\"},\"wordCount\":486,\"publisher\":{\"@id\":\"https:\/\/footdavant.fr\/actualites\/#organization\"},\"keywords\":[\"Alexander\",\"des\",\"\u00e9meutes\",\"Isak\",\"Liverpool\",\"pouvaient\",\"provoquerait\",\"s39ils\",\"signer\"],\"articleSection\":[\"Football\"],\"inLanguage\":\"fr-FR\"},{\"@type\":\"WebPage\",\"@id\":\"https:\/\/footdavant.fr\/actualites\/liverpool-provoquerait-des-emeutes-sils-pouvaient-signer-alexander-isak\/\",\"url\":\"https:\/\/footdavant.fr\/actualites\/liverpool-provoquerait-des-emeutes-sils-pouvaient-signer-alexander-isak\/\",\"name\":\"Liverpool provoquerait des \u00ab\u00e9meutes\u00bb s&#39;ils pouvaient signer Alexander Isak\",\"isPartOf\":{\"@id\":\"https:\/\/footdavant.fr\/actualites\/#website\"},\"datePublished\":\"2025-07-04T07:50:18+00:00\",\"dateModified\":\"2025-07-04T07:50:20+00:00\",\"breadcrumb\":{\"@id\":\"https:\/\/footdavant.fr\/actualites\/liverpool-provoquerait-des-emeutes-sils-pouvaient-signer-alexander-isak\/#breadcrumb\"},\"inLanguage\":\"fr-FR\",\"potentialAction\":[{\"@type\":\"ReadAction\",\"target\":[\"https:\/\/footdavant.fr\/actualites\/liverpool-provoquerait-des-emeutes-sils-pouvaient-signer-alexander-isak\/\"]}]},{\"@type\":\"BreadcrumbList\",\"@id\":\"https:\/\/footdavant.fr\/actualites\/liverpool-provoquerait-des-emeutes-sils-pouvaient-signer-alexander-isak\/#breadcrumb\",\"itemListElement\":[{\"@type\":\"ListItem\",\"position\":1,\"name\":\"Accueil\",\"item\":\"https:\/\/footdavant.fr\/actualites\/\"},{\"@type\":\"ListItem\",\"position\":2,\"name\":\"Liverpool provoquerait des \u00ab\u00e9meutes\u00bb s&#39;ils pouvaient signer Alexander Isak\"}]},{\"@type\":\"WebSite\",\"@id\":\"https:\/\/footdavant.fr\/actualites\/#website\",\"url\":\"https:\/\/footdavant.fr\/actualites\/\",\"name\":\"Foot d'avant\",\"description\":\"\",\"publisher\":{\"@id\":\"https:\/\/footdavant.fr\/actualites\/#organization\"},\"potentialAction\":[{\"@type\":\"SearchAction\",\"target\":{\"@type\":\"EntryPoint\",\"urlTemplate\":\"https:\/\/footdavant.fr\/actualites\/?s={search_term_string}\"},\"query-input\":\"required name=search_term_string\"}],\"inLanguage\":\"fr-FR\"},{\"@type\":\"Organization\",\"@id\":\"https:\/\/footdavant.fr\/actualites\/#organization\",\"name\":\"Foot d'avant\",\"url\":\"https:\/\/footdavant.fr\/actualites\/\",\"logo\":{\"@type\":\"ImageObject\",\"inLanguage\":\"fr-FR\",\"@id\":\"https:\/\/footdavant.fr\/actualites\/#\/schema\/logo\/image\/\",\"url\":\"https:\/\/footdavant.fr\/actualites\/wp-content\/uploads\/2023\/09\/Copy-of-FootDavant-Logo.png\",\"contentUrl\":\"https:\/\/footdavant.fr\/actualites\/wp-content\/uploads\/2023\/09\/Copy-of-FootDavant-Logo.png\",\"width\":936,\"height\":549,\"caption\":\"Foot d'avant\"},\"image\":{\"@id\":\"https:\/\/footdavant.fr\/actualites\/#\/schema\/logo\/image\/\"},\"sameAs\":[\"https:\/\/www.facebook.com\/Footdavant\/\",\"https:\/\/twitter.com\/FootdavantFr\",\"https:\/\/www.instagram.com\/footdavant.fr\/\"]},{\"@type\":\"Person\",\"@id\":\"https:\/\/footdavant.fr\/actualites\/#\/schema\/person\/bc222566d95871b37e597b3ed3ba5e1d\",\"name\":\"Cl\u00e9ment\",\"image\":{\"@type\":\"ImageObject\",\"inLanguage\":\"fr-FR\",\"@id\":\"https:\/\/footdavant.fr\/actualites\/#\/schema\/person\/image\/\",\"url\":\"https:\/\/secure.gravatar.com\/avatar\/7728b29aac2719421e1a9159b2254c44?s=96&d=mm&r=g\",\"contentUrl\":\"https:\/\/secure.gravatar.com\/avatar\/7728b29aac2719421e1a9159b2254c44?s=96&d=mm&r=g\",\"caption\":\"Cl\u00e9ment\"},\"sameAs\":[\"https:\/\/footdavant.fr\/\"]}]}<\/script>\n<!-- \/ Yoast SEO plugin. -->","yoast_head_json":{"title":"Liverpool provoquerait des \u00ab\u00e9meutes\u00bb s&#39;ils pouvaient signer Alexander Isak","robots":{"index":"index","follow":"follow","max-snippet":"max-snippet:-1","max-image-preview":"max-image-preview:large","max-video-preview":"max-video-preview:-1"},"canonical":"https:\/\/footdavant.fr\/actualites\/liverpool-provoquerait-des-emeutes-sils-pouvaient-signer-alexander-isak\/","og_locale":"fr_FR","og_type":"article","og_title":"Liverpool provoquerait des \u00ab\u00e9meutes\u00bb s&#39;ils pouvaient signer Alexander Isak","og_description":"Un commentateur bien connu du football n&#39;est pas exclu de la possibilit\u00e9 que Liverpool r\u00e9alise une signature \u00ab\u00e0 long tir\u00bb dont le d\u00e9part d\u00e9clencherait des","og_url":"https:\/\/footdavant.fr\/actualites\/liverpool-provoquerait-des-emeutes-sils-pouvaient-signer-alexander-isak\/","og_site_name":"Foot d&#039;avant","article_publisher":"https:\/\/www.facebook.com\/Footdavant\/","article_published_time":"2025-07-04T07:50:18+00:00","article_modified_time":"2025-07-04T07:50:20+00:00","og_image":[{"width":1290,"height":833,"url":"https:\/\/footdavant.fr\/actualites\/wp-content\/uploads\/2025\/07\/1751615419_Liverpool-provoquerait-des-emeutes-s39ils-pouvaient-signer-Alexander-Isak.jpg","type":"image\/jpeg"}],"author":"Cl\u00e9ment","twitter_card":"summary_large_image","twitter_creator":"@FootdavantFr","twitter_site":"@FootdavantFr","twitter_misc":{"\u00c9crit par":"Cl\u00e9ment","Dur\u00e9e de lecture estim\u00e9e":"2 minutes"},"schema":{"@context":"https:\/\/schema.org","@graph":[{"@type":"Article","@id":"https:\/\/footdavant.fr\/actualites\/liverpool-provoquerait-des-emeutes-sils-pouvaient-signer-alexander-isak\/#article","isPartOf":{"@id":"https:\/\/footdavant.fr\/actualites\/liverpool-provoquerait-des-emeutes-sils-pouvaient-signer-alexander-isak\/"},"author":{"name":"Cl\u00e9ment","@id":"https:\/\/footdavant.fr\/actualites\/#\/schema\/person\/bc222566d95871b37e597b3ed3ba5e1d"},"headline":"Liverpool provoquerait des \u00ab\u00e9meutes\u00bb s&#39;ils pouvaient signer Alexander Isak","datePublished":"2025-07-04T07:50:18+00:00","dateModified":"2025-07-04T07:50:20+00:00","mainEntityOfPage":{"@id":"https:\/\/footdavant.fr\/actualites\/liverpool-provoquerait-des-emeutes-sils-pouvaient-signer-alexander-isak\/"},"wordCount":486,"publisher":{"@id":"https:\/\/footdavant.fr\/actualites\/#organization"},"keywords":["Alexander","des","\u00e9meutes","Isak","Liverpool","pouvaient","provoquerait","s39ils","signer"],"articleSection":["Football"],"inLanguage":"fr-FR"},{"@type":"WebPage","@id":"https:\/\/footdavant.fr\/actualites\/liverpool-provoquerait-des-emeutes-sils-pouvaient-signer-alexander-isak\/","url":"https:\/\/footdavant.fr\/actualites\/liverpool-provoquerait-des-emeutes-sils-pouvaient-signer-alexander-isak\/","name":"Liverpool provoquerait des \u00ab\u00e9meutes\u00bb s&#39;ils pouvaient signer Alexander Isak","isPartOf":{"@id":"https:\/\/footdavant.fr\/actualites\/#website"},"datePublished":"2025-07-04T07:50:18+00:00","dateModified":"2025-07-04T07:50:20+00:00","breadcrumb":{"@id":"https:\/\/footdavant.fr\/actualites\/liverpool-provoquerait-des-emeutes-sils-pouvaient-signer-alexander-isak\/#breadcrumb"},"inLanguage":"fr-FR","potentialAction":[{"@type":"ReadAction","target":["https:\/\/footdavant.fr\/actualites\/liverpool-provoquerait-des-emeutes-sils-pouvaient-signer-alexander-isak\/"]}]},{"@type":"BreadcrumbList","@id":"https:\/\/footdavant.fr\/actualites\/liverpool-provoquerait-des-emeutes-sils-pouvaient-signer-alexander-isak\/#breadcrumb","itemListElement":[{"@type":"ListItem","position":1,"name":"Accueil","item":"https:\/\/footdavant.fr\/actualites\/"},{"@type":"ListItem","position":2,"name":"Liverpool provoquerait des \u00ab\u00e9meutes\u00bb s&#39;ils pouvaient signer Alexander Isak"}]},{"@type":"WebSite","@id":"https:\/\/footdavant.fr\/actualites\/#website","url":"https:\/\/footdavant.fr\/actualites\/","name":"Foot d'avant","description":"","publisher":{"@id":"https:\/\/footdavant.fr\/actualites\/#organization"},"potentialAction":[{"@type":"SearchAction","target":{"@type":"EntryPoint","urlTemplate":"https:\/\/footdavant.fr\/actualites\/?s={search_term_string}"},"query-input":"required name=search_term_string"}],"inLanguage":"fr-FR"},{"@type":"Organization","@id":"https:\/\/footdavant.fr\/actualites\/#organization","name":"Foot d'avant","url":"https:\/\/footdavant.fr\/actualites\/","logo":{"@type":"ImageObject","inLanguage":"fr-FR","@id":"https:\/\/footdavant.fr\/actualites\/#\/schema\/logo\/image\/","url":"https:\/\/footdavant.fr\/actualites\/wp-content\/uploads\/2023\/09\/Copy-of-FootDavant-Logo.png","contentUrl":"https:\/\/footdavant.fr\/actualites\/wp-content\/uploads\/2023\/09\/Copy-of-FootDavant-Logo.png","width":936,"height":549,"caption":"Foot d'avant"},"image":{"@id":"https:\/\/footdavant.fr\/actualites\/#\/schema\/logo\/image\/"},"sameAs":["https:\/\/www.facebook.com\/Footdavant\/","https:\/\/twitter.com\/FootdavantFr","https:\/\/www.instagram.com\/footdavant.fr\/"]},{"@type":"Person","@id":"https:\/\/footdavant.fr\/actualites\/#\/schema\/person\/bc222566d95871b37e597b3ed3ba5e1d","name":"Cl\u00e9ment","image":{"@type":"ImageObject","inLanguage":"fr-FR","@id":"https:\/\/footdavant.fr\/actualites\/#\/schema\/person\/image\/","url":"https:\/\/secure.gravatar.com\/avatar\/7728b29aac2719421e1a9159b2254c44?s=96&d=mm&r=g","contentUrl":"https:\/\/secure.gravatar.com\/avatar\/7728b29aac2719421e1a9159b2254c44?s=96&d=mm&r=g","caption":"Cl\u00e9ment"},"sameAs":["https:\/\/footdavant.fr\/"]}]}},"_links":{"self":[{"href":"https:\/\/footdavant.fr\/actualites\/wp-json\/wp\/v2\/posts\/25731"}],"collection":[{"href":"https:\/\/footdavant.fr\/actualites\/wp-json\/wp\/v2\/posts"}],"about":[{"href":"https:\/\/footdavant.fr\/actualites\/wp-json\/wp\/v2\/types\/post"}],"author":[{"embeddable":true,"href":"https:\/\/footdavant.fr\/actualites\/wp-json\/wp\/v2\/users\/1"}],"replies":[{"embeddable":true,"href":"https:\/\/footdavant.fr\/actualites\/wp-json\/wp\/v2\/comments?post=25731"}],"version-history":[{"count":1,"href":"https:\/\/footdavant.fr\/actualites\/wp-json\/wp\/v2\/posts\/25731\/revisions"}],"predecessor-version":[{"id":25733,"href":"https:\/\/footdavant.fr\/actualites\/wp-json\/wp\/v2\/posts\/25731\/revisions\/25733"}],"wp:featuredmedia":[{"embeddable":true,"href":"https:\/\/footdavant.fr\/actualites\/wp-json\/wp\/v2\/media\/25732"}],"wp:attachment":[{"href":"https:\/\/footdavant.fr\/actualites\/wp-json\/wp\/v2\/media?parent=25731"}],"wp:term":[{"taxonomy":"category","embeddable":true,"href":"https:\/\/footdavant.fr\/actualites\/wp-json\/wp\/v2\/categories?post=25731"},{"taxonomy":"post_tag","embeddable":true,"href":"https:\/\/footdavant.fr\/actualites\/wp-json\/wp\/v2\/tags?post=25731"}],"curies":[{"name":"wp","href":"https:\/\/api.w.org\/{rel}","templated":true}]}}