{"id":25737,"date":"2025-07-04T13:48:13","date_gmt":"2025-07-04T11:48:13","guid":{"rendered":"https:\/\/footdavant.fr\/actualites\/paris-saint-germain-c-bayern-munich-line-ups-statistiques-et-apercu\/"},"modified":"2025-07-04T13:48:19","modified_gmt":"2025-07-04T11:48:19","slug":"paris-saint-germain-c-bayern-munich-line-ups-statistiques-et-apercu","status":"publish","type":"post","link":"https:\/\/footdavant.fr\/actualites\/paris-saint-germain-c-bayern-munich-line-ups-statistiques-et-apercu\/","title":{"rendered":"Paris Saint-Germain c Bayern Munich: Line-ups, Statistiques et aper\u00e7u"},"content":{"rendered":"<div>\n<h2><span id=\"Preview_for_Paris_Saint-Germain_v_Bayern_Munich\">Aper\u00e7u de Paris Saint-Germain v Bayern Munich<\/span><\/h2>\n<\/p>\n<figure class=\"si-lb-widget MatchInfoWithOddsV2\"><si-lb-widget widget-id=\"MatchInfoWithOddsV2\" width=\"900\" nopadding=\"true\" across-all-tournaments=\"true\" limit=\"5\" event-id=\"4685779\" provider=\"bet365\" card=\"true\" language=\"en\" acid=\"main_acm2151cf4\" abt-id=\"6861d7148446a30036551f84\"><\/si-lb-widget><\/figure>\n<p>La Coupe du Monde du Club intensifie demain avec deux poids lourds europ\u00e9ens qui le frappent \u00e0 Atlanta.<\/p>\n<p>Paris Saint-Germain, les champions de la France et de l&#39;Europe, affronteront le Bundesliga Vainqueurs du Bullen Munich pour le droit de jouer au Real Madrid ou au Borussia Dortmund en demi-finale.<\/p>\n<p>Les deux \u00e9quipes sont empil\u00e9es de talents internationaux et c&#39;est le genre de match que la FIFA a envisag\u00e9 lorsqu&#39;ils ont d\u00e9cid\u00e9 d&#39;\u00e9tendre ce tournoi pour attirer davantage de fans aux \u00c9tats-Unis avant la Coupe du monde de l&#39;\u00e9t\u00e9 prochain.<\/p>\n<p>Le pr\u00e9sident du Bayern Herbert Hainer attend un match serr\u00e9 qui pourrait aller dans les deux sens.<\/p>\n<p>Il a d\u00e9clar\u00e9 \u00e0 TZ: \u00abLe PSG est certainement l&#39;une des meilleures \u00e9quipes d&#39;Europe et a bien jou\u00e9 jusqu&#39;\u00e0 pr\u00e9sent \u00e0 cette comp\u00e9tition.<\/p>\n<p>\u00abNous rivalisons avec les vainqueurs de la Ligue des champions avec le plus grand respect &#8211; mais nous sommes le FC Bayern et nous n&#39;avons \u00e0 craindre personne.\u00bb<\/p>\n<p>Les deux derniers matchs du PSG contre l&#39;opposition europ\u00e9enne les ont vus battre l&#39;Inter Milan 5-0 lors de la finale de la Ligue des champions et l&#39;Atletico Madrid 4-0 lors de leur premier match \u00e0 la Coupe du monde du club.<\/p>\n<p>Ils sont devenus une machine gagnante sous Luis Enrique, mais Hainer a confiance dans l&#39;\u00e9quipe de Vincent Kompany.<\/p>\n<p>Il a ajout\u00e9: \u00ab\u00a0Comme nous l&#39;avons vu, notre \u00e9quipe est dans un bon endroit &#8211; et lorsque deux grandes \u00e9quipes jouent les unes contre les autres, c&#39;est toujours un spectacle pour les fans. De tels jeux sont des nuances, parfois la forme du jour d\u00e9cide.\u00a0\u00bb<\/p>\n<blockquote class=\"twitter-tweet\">\n<p dir=\"ltr\" lang=\"qme\">\u26bd\ufe0f\ud83e\udde4<a rel=\"nofollow\" href=\"https:\/\/twitter.com\/hashtag\/FIFACWC?src=hash&amp;ref_src=twsrc%5Etfw\" rel=\"nofollow noopener\">#Fifacwc<\/a> <a rel=\"nofollow\" href=\"https:\/\/t.co\/835tuqNqgb\" rel=\"nofollow\">pic.twitter.com\/835TUQNQGB<\/a><\/p>\n<p>&#8211; Paris Saint-Germain (@psg_inside) <a rel=\"nofollow\" href=\"https:\/\/twitter.com\/PSG_inside\/status\/1940888362103329044?ref_src=twsrc%5Etfw\" rel=\"nofollow noopener\">3 juillet 2025<\/a><\/p>\n<\/blockquote>\n<p>Demain pourrait \u00eatre la derni\u00e8re apparition de Thomas M\u00fcller dans une chemise du Bayern.<\/p>\n<p>Le milieu de terrain d\u00e9tient le record de la plupart des apparitions de l&#39;histoire du club, mais compte maintenant jusqu&#39;au jour o\u00f9 il doit passer \u00e0 autre chose.<\/p>\n<p>Muller a appr\u00e9ci\u00e9 d&#39;\u00eatre avec l&#39;\u00e9quipe pour la derni\u00e8re fois aux \u00c9tats-Unis et esp\u00e8re sortir avec un coup.<\/p>\n<p>Il a d\u00e9clar\u00e9: \u00ab\u00a0Par rapport \u00e0 la vie quotidienne en Bundesliga, de tels tournois majeurs concernent la perspective \u00e0 court terme. Nous devons aller grand ou rentrer chez nous.\u00a0\u00bb<\/p>\n<p>Le Bayern a battu Flamengo 4-2 au cours des 16 derniers tandis que le PSG a \u00e9cart\u00e9 le d\u00e9fi de Lionel Messi et Inter Miami 4-0.<\/p>\n<p>Luis Enrique a transform\u00e9 le PSG d&#39;un club assailli par des probl\u00e8mes internes caus\u00e9s par les joueurs de superstar en une jeune \u00e9quipe affam\u00e9e qui pourrait dominer la comp\u00e9tition continentale pendant de nombreuses ann\u00e9es.<\/p>\n<p>L&#39;Espagnol est cependant tr\u00e8s concentr\u00e9 sur le pr\u00e9sent et esp\u00e8re qu&#39;ils pourront soutenir leurs r\u00e9cents succ\u00e8s avec un autre troph\u00e9e.<\/p>\n<p>Il a d\u00e9clar\u00e9: \u00ab\u00a0C&#39;est clairement une saison historique pour notre club, et nous avons l&#39;intention de continuer \u00e0 faire l&#39;histoire dans cette comp\u00e9tition.\u00a0\u00bb<\/p>\n<\/p>\n<h2><span id=\"Team_News_for_Paris_Saint-Germain_v_Bayern_Munich\">NOUVELLES DE L&#39;\u00c9QUIPE pour Paris Saint-Germain contre Bayern Munich<\/span><\/h2>\n<p>Ousmane Dembele a fait son retour en tant que substitut contre Miami et Luis Enrique pourrait \u00eatre tent\u00e9 de commencer la France en avant. Cependant, avec Bradley Barcola, D\u00e9sir Doue et Khvicha Kvaratskhelia en bonne forme, Dembele devra peut-\u00eatre se contenter d&#39;une place sur le banc.<\/p>\n<p>Kompany a \u00e9galement une \u00e9quipe compl\u00e8te \u00e0 choisir, bien que Leroy Sane ait quitt\u00e9 les \u00c9tats-Unis et termin\u00e9 son d\u00e9m\u00e9nagement \u00e0 Galatasaray.<\/p>\n<p>Jamal Musiala pourrait venir pour Serge Gnabry.<\/p>\n<\/p>\n<h2><span id=\"Predicted_line-ups_for_Paris_Saint-Germain_v_Bayern_Munich\">LIGNES PR\u00c9S\u00c9ES POUR PARIS SAINT-GERMAIN V BAZERN MUNICH<\/span><\/h2>\n<p>Paris Saint-Germain: Donnarumma; Hakimi, Marquinhos, Pacho, Mendes; Ruiz, vitinha, neves; Barcola, Doue, Kvaratskhelia<\/p>\n<p>Bayern Munich: Neuer; Laimer, Upamecano, Tah, Stanisic; Kimmich, Goretzka; Olise, Musiala, Coman; Kane<\/p>\n<blockquote class=\"twitter-tweet\">\n<p dir=\"ltr\" lang=\"en\">Les gars ont un dossier solide ces derni\u00e8res ann\u00e9es! \ud83d\udcaa<\/p>\n<p>Tous nos matchs pr\u00e9c\u00e9dents contre le PSG avant le match de quart de finale dans le <a rel=\"nofollow\" href=\"https:\/\/twitter.com\/hashtag\/FIFACWC?src=hash&amp;ref_src=twsrc%5Etfw\" rel=\"nofollow noopener\">#Fifacwc<\/a> \u2b07\ufe0f<a rel=\"nofollow\" href=\"https:\/\/twitter.com\/hashtag\/FCBayern?src=hash&amp;ref_src=twsrc%5Etfw\" rel=\"nofollow noopener\">#Fcbayern<\/a> <a rel=\"nofollow\" href=\"https:\/\/twitter.com\/hashtag\/MiaSanMia?src=hash&amp;ref_src=twsrc%5Etfw\" rel=\"nofollow noopener\">#Miasanmia<\/a> <a rel=\"nofollow\" href=\"https:\/\/t.co\/TztPhFRBJY\" rel=\"nofollow\">pic.twitter.com\/tztphfrbjy<\/a><\/p>\n<p>&#8211; FC Bayern (@fcbayern) <a rel=\"nofollow\" href=\"https:\/\/twitter.com\/FCBayernEN\/status\/1941049721336090749?ref_src=twsrc%5Etfw\" rel=\"nofollow noopener\">4 juillet 2025<\/a><\/p>\n<\/blockquote>\n<h2><span id=\"How_to_watch_Paris_Saint-Germain_v_Bayern_Munich_TV_and_online_streams\">Comment regarder Paris Saint-Germain v Bayern Munich: t\u00e9l\u00e9vision et flux en ligne<\/span><\/h2>\n<\/div>\n<p><script async src=\"https:\/\/platform.twitter.com\/widgets.js\" charset=\"utf-8\"><\/script><\/p>\n","protected":false},"excerpt":{"rendered":"<p>Aper\u00e7u de Paris Saint-Germain v Bayern Munich La Coupe du Monde du Club intensifie demain avec deux poids lourds europ\u00e9ens qui le frappent \u00e0 Atlanta.<\/p>\n","protected":false},"author":1,"featured_media":25738,"comment_status":"closed","ping_status":"","sticky":false,"template":"","format":"standard","meta":{"footnotes":""},"categories":[3],"tags":[284,340,5145,341,100,249,4115],"yoast_head":"<!-- This site is optimized with the Yoast SEO plugin v21.0 - https:\/\/yoast.com\/wordpress\/plugins\/seo\/ -->\n<title>Paris Saint-Germain c Bayern Munich: Line-ups, Statistiques et aper\u00e7u<\/title>\n<meta name=\"robots\" content=\"index, follow, max-snippet:-1, max-image-preview:large, max-video-preview:-1\" \/>\n<link rel=\"canonical\" href=\"https:\/\/footdavant.fr\/actualites\/paris-saint-germain-c-bayern-munich-line-ups-statistiques-et-apercu\/\" \/>\n<meta property=\"og:locale\" content=\"fr_FR\" \/>\n<meta property=\"og:type\" content=\"article\" \/>\n<meta property=\"og:title\" content=\"Paris Saint-Germain c Bayern Munich: Line-ups, Statistiques et aper\u00e7u\" \/>\n<meta property=\"og:description\" content=\"Aper\u00e7u de Paris Saint-Germain v Bayern Munich La Coupe du Monde du Club intensifie demain avec deux poids lourds europ\u00e9ens qui le frappent \u00e0 Atlanta.\" \/>\n<meta property=\"og:url\" content=\"https:\/\/footdavant.fr\/actualites\/paris-saint-germain-c-bayern-munich-line-ups-statistiques-et-apercu\/\" \/>\n<meta property=\"og:site_name\" content=\"Foot d&#039;avant\" \/>\n<meta property=\"article:publisher\" content=\"https:\/\/www.facebook.com\/Footdavant\/\" \/>\n<meta property=\"article:published_time\" content=\"2025-07-04T11:48:13+00:00\" \/>\n<meta property=\"article:modified_time\" content=\"2025-07-04T11:48:19+00:00\" \/>\n<meta property=\"og:image\" content=\"https:\/\/footdavant.fr\/actualites\/wp-content\/uploads\/2025\/07\/Paris-Saint-Germain-c-Bayern-Munich-Line-ups-Statistiques-et-apercu.png\" \/>\n\t<meta property=\"og:image:width\" content=\"1200\" \/>\n\t<meta property=\"og:image:height\" content=\"675\" \/>\n\t<meta property=\"og:image:type\" content=\"image\/png\" \/>\n<meta name=\"author\" content=\"Cl\u00e9ment\" \/>\n<meta name=\"twitter:card\" content=\"summary_large_image\" \/>\n<meta name=\"twitter:creator\" content=\"@FootdavantFr\" \/>\n<meta name=\"twitter:site\" content=\"@FootdavantFr\" \/>\n<meta name=\"twitter:label1\" content=\"\u00c9crit par\" \/>\n\t<meta name=\"twitter:data1\" content=\"Cl\u00e9ment\" \/>\n\t<meta name=\"twitter:label2\" content=\"Dur\u00e9e de lecture estim\u00e9e\" \/>\n\t<meta name=\"twitter:data2\" content=\"3 minutes\" \/>\n<script type=\"application\/ld+json\" class=\"yoast-schema-graph\">{\"@context\":\"https:\/\/schema.org\",\"@graph\":[{\"@type\":\"Article\",\"@id\":\"https:\/\/footdavant.fr\/actualites\/paris-saint-germain-c-bayern-munich-line-ups-statistiques-et-apercu\/#article\",\"isPartOf\":{\"@id\":\"https:\/\/footdavant.fr\/actualites\/paris-saint-germain-c-bayern-munich-line-ups-statistiques-et-apercu\/\"},\"author\":{\"name\":\"Cl\u00e9ment\",\"@id\":\"https:\/\/footdavant.fr\/actualites\/#\/schema\/person\/bc222566d95871b37e597b3ed3ba5e1d\"},\"headline\":\"Paris Saint-Germain c Bayern Munich: Line-ups, Statistiques et aper\u00e7u\",\"datePublished\":\"2025-07-04T11:48:13+00:00\",\"dateModified\":\"2025-07-04T11:48:19+00:00\",\"mainEntityOfPage\":{\"@id\":\"https:\/\/footdavant.fr\/actualites\/paris-saint-germain-c-bayern-munich-line-ups-statistiques-et-apercu\/\"},\"wordCount\":706,\"publisher\":{\"@id\":\"https:\/\/footdavant.fr\/actualites\/#organization\"},\"keywords\":[\"Aper\u00e7u\",\"Bayern\",\"lineups\",\"Munich\",\"paris\",\"SaintGermain\",\"statistiques\"],\"articleSection\":[\"Football\"],\"inLanguage\":\"fr-FR\"},{\"@type\":\"WebPage\",\"@id\":\"https:\/\/footdavant.fr\/actualites\/paris-saint-germain-c-bayern-munich-line-ups-statistiques-et-apercu\/\",\"url\":\"https:\/\/footdavant.fr\/actualites\/paris-saint-germain-c-bayern-munich-line-ups-statistiques-et-apercu\/\",\"name\":\"Paris Saint-Germain c Bayern Munich: Line-ups, Statistiques et aper\u00e7u\",\"isPartOf\":{\"@id\":\"https:\/\/footdavant.fr\/actualites\/#website\"},\"datePublished\":\"2025-07-04T11:48:13+00:00\",\"dateModified\":\"2025-07-04T11:48:19+00:00\",\"breadcrumb\":{\"@id\":\"https:\/\/footdavant.fr\/actualites\/paris-saint-germain-c-bayern-munich-line-ups-statistiques-et-apercu\/#breadcrumb\"},\"inLanguage\":\"fr-FR\",\"potentialAction\":[{\"@type\":\"ReadAction\",\"target\":[\"https:\/\/footdavant.fr\/actualites\/paris-saint-germain-c-bayern-munich-line-ups-statistiques-et-apercu\/\"]}]},{\"@type\":\"BreadcrumbList\",\"@id\":\"https:\/\/footdavant.fr\/actualites\/paris-saint-germain-c-bayern-munich-line-ups-statistiques-et-apercu\/#breadcrumb\",\"itemListElement\":[{\"@type\":\"ListItem\",\"position\":1,\"name\":\"Accueil\",\"item\":\"https:\/\/footdavant.fr\/actualites\/\"},{\"@type\":\"ListItem\",\"position\":2,\"name\":\"Paris Saint-Germain c Bayern Munich: Line-ups, Statistiques et aper\u00e7u\"}]},{\"@type\":\"WebSite\",\"@id\":\"https:\/\/footdavant.fr\/actualites\/#website\",\"url\":\"https:\/\/footdavant.fr\/actualites\/\",\"name\":\"Foot d'avant\",\"description\":\"\",\"publisher\":{\"@id\":\"https:\/\/footdavant.fr\/actualites\/#organization\"},\"potentialAction\":[{\"@type\":\"SearchAction\",\"target\":{\"@type\":\"EntryPoint\",\"urlTemplate\":\"https:\/\/footdavant.fr\/actualites\/?s={search_term_string}\"},\"query-input\":\"required name=search_term_string\"}],\"inLanguage\":\"fr-FR\"},{\"@type\":\"Organization\",\"@id\":\"https:\/\/footdavant.fr\/actualites\/#organization\",\"name\":\"Foot d'avant\",\"url\":\"https:\/\/footdavant.fr\/actualites\/\",\"logo\":{\"@type\":\"ImageObject\",\"inLanguage\":\"fr-FR\",\"@id\":\"https:\/\/footdavant.fr\/actualites\/#\/schema\/logo\/image\/\",\"url\":\"https:\/\/footdavant.fr\/actualites\/wp-content\/uploads\/2023\/09\/Copy-of-FootDavant-Logo.png\",\"contentUrl\":\"https:\/\/footdavant.fr\/actualites\/wp-content\/uploads\/2023\/09\/Copy-of-FootDavant-Logo.png\",\"width\":936,\"height\":549,\"caption\":\"Foot d'avant\"},\"image\":{\"@id\":\"https:\/\/footdavant.fr\/actualites\/#\/schema\/logo\/image\/\"},\"sameAs\":[\"https:\/\/www.facebook.com\/Footdavant\/\",\"https:\/\/twitter.com\/FootdavantFr\",\"https:\/\/www.instagram.com\/footdavant.fr\/\"]},{\"@type\":\"Person\",\"@id\":\"https:\/\/footdavant.fr\/actualites\/#\/schema\/person\/bc222566d95871b37e597b3ed3ba5e1d\",\"name\":\"Cl\u00e9ment\",\"image\":{\"@type\":\"ImageObject\",\"inLanguage\":\"fr-FR\",\"@id\":\"https:\/\/footdavant.fr\/actualites\/#\/schema\/person\/image\/\",\"url\":\"https:\/\/secure.gravatar.com\/avatar\/7728b29aac2719421e1a9159b2254c44?s=96&d=mm&r=g\",\"contentUrl\":\"https:\/\/secure.gravatar.com\/avatar\/7728b29aac2719421e1a9159b2254c44?s=96&d=mm&r=g\",\"caption\":\"Cl\u00e9ment\"},\"sameAs\":[\"https:\/\/footdavant.fr\/\"]}]}<\/script>\n<!-- \/ Yoast SEO plugin. -->","yoast_head_json":{"title":"Paris Saint-Germain c Bayern Munich: Line-ups, Statistiques et aper\u00e7u","robots":{"index":"index","follow":"follow","max-snippet":"max-snippet:-1","max-image-preview":"max-image-preview:large","max-video-preview":"max-video-preview:-1"},"canonical":"https:\/\/footdavant.fr\/actualites\/paris-saint-germain-c-bayern-munich-line-ups-statistiques-et-apercu\/","og_locale":"fr_FR","og_type":"article","og_title":"Paris Saint-Germain c Bayern Munich: Line-ups, Statistiques et aper\u00e7u","og_description":"Aper\u00e7u de Paris Saint-Germain v Bayern Munich La Coupe du Monde du Club intensifie demain avec deux poids lourds europ\u00e9ens qui le frappent \u00e0 Atlanta.","og_url":"https:\/\/footdavant.fr\/actualites\/paris-saint-germain-c-bayern-munich-line-ups-statistiques-et-apercu\/","og_site_name":"Foot d&#039;avant","article_publisher":"https:\/\/www.facebook.com\/Footdavant\/","article_published_time":"2025-07-04T11:48:13+00:00","article_modified_time":"2025-07-04T11:48:19+00:00","og_image":[{"width":1200,"height":675,"url":"https:\/\/footdavant.fr\/actualites\/wp-content\/uploads\/2025\/07\/Paris-Saint-Germain-c-Bayern-Munich-Line-ups-Statistiques-et-apercu.png","type":"image\/png"}],"author":"Cl\u00e9ment","twitter_card":"summary_large_image","twitter_creator":"@FootdavantFr","twitter_site":"@FootdavantFr","twitter_misc":{"\u00c9crit par":"Cl\u00e9ment","Dur\u00e9e de lecture estim\u00e9e":"3 minutes"},"schema":{"@context":"https:\/\/schema.org","@graph":[{"@type":"Article","@id":"https:\/\/footdavant.fr\/actualites\/paris-saint-germain-c-bayern-munich-line-ups-statistiques-et-apercu\/#article","isPartOf":{"@id":"https:\/\/footdavant.fr\/actualites\/paris-saint-germain-c-bayern-munich-line-ups-statistiques-et-apercu\/"},"author":{"name":"Cl\u00e9ment","@id":"https:\/\/footdavant.fr\/actualites\/#\/schema\/person\/bc222566d95871b37e597b3ed3ba5e1d"},"headline":"Paris Saint-Germain c Bayern Munich: Line-ups, Statistiques et aper\u00e7u","datePublished":"2025-07-04T11:48:13+00:00","dateModified":"2025-07-04T11:48:19+00:00","mainEntityOfPage":{"@id":"https:\/\/footdavant.fr\/actualites\/paris-saint-germain-c-bayern-munich-line-ups-statistiques-et-apercu\/"},"wordCount":706,"publisher":{"@id":"https:\/\/footdavant.fr\/actualites\/#organization"},"keywords":["Aper\u00e7u","Bayern","lineups","Munich","paris","SaintGermain","statistiques"],"articleSection":["Football"],"inLanguage":"fr-FR"},{"@type":"WebPage","@id":"https:\/\/footdavant.fr\/actualites\/paris-saint-germain-c-bayern-munich-line-ups-statistiques-et-apercu\/","url":"https:\/\/footdavant.fr\/actualites\/paris-saint-germain-c-bayern-munich-line-ups-statistiques-et-apercu\/","name":"Paris Saint-Germain c Bayern Munich: Line-ups, Statistiques et aper\u00e7u","isPartOf":{"@id":"https:\/\/footdavant.fr\/actualites\/#website"},"datePublished":"2025-07-04T11:48:13+00:00","dateModified":"2025-07-04T11:48:19+00:00","breadcrumb":{"@id":"https:\/\/footdavant.fr\/actualites\/paris-saint-germain-c-bayern-munich-line-ups-statistiques-et-apercu\/#breadcrumb"},"inLanguage":"fr-FR","potentialAction":[{"@type":"ReadAction","target":["https:\/\/footdavant.fr\/actualites\/paris-saint-germain-c-bayern-munich-line-ups-statistiques-et-apercu\/"]}]},{"@type":"BreadcrumbList","@id":"https:\/\/footdavant.fr\/actualites\/paris-saint-germain-c-bayern-munich-line-ups-statistiques-et-apercu\/#breadcrumb","itemListElement":[{"@type":"ListItem","position":1,"name":"Accueil","item":"https:\/\/footdavant.fr\/actualites\/"},{"@type":"ListItem","position":2,"name":"Paris Saint-Germain c Bayern Munich: Line-ups, Statistiques et aper\u00e7u"}]},{"@type":"WebSite","@id":"https:\/\/footdavant.fr\/actualites\/#website","url":"https:\/\/footdavant.fr\/actualites\/","name":"Foot d'avant","description":"","publisher":{"@id":"https:\/\/footdavant.fr\/actualites\/#organization"},"potentialAction":[{"@type":"SearchAction","target":{"@type":"EntryPoint","urlTemplate":"https:\/\/footdavant.fr\/actualites\/?s={search_term_string}"},"query-input":"required name=search_term_string"}],"inLanguage":"fr-FR"},{"@type":"Organization","@id":"https:\/\/footdavant.fr\/actualites\/#organization","name":"Foot d'avant","url":"https:\/\/footdavant.fr\/actualites\/","logo":{"@type":"ImageObject","inLanguage":"fr-FR","@id":"https:\/\/footdavant.fr\/actualites\/#\/schema\/logo\/image\/","url":"https:\/\/footdavant.fr\/actualites\/wp-content\/uploads\/2023\/09\/Copy-of-FootDavant-Logo.png","contentUrl":"https:\/\/footdavant.fr\/actualites\/wp-content\/uploads\/2023\/09\/Copy-of-FootDavant-Logo.png","width":936,"height":549,"caption":"Foot d'avant"},"image":{"@id":"https:\/\/footdavant.fr\/actualites\/#\/schema\/logo\/image\/"},"sameAs":["https:\/\/www.facebook.com\/Footdavant\/","https:\/\/twitter.com\/FootdavantFr","https:\/\/www.instagram.com\/footdavant.fr\/"]},{"@type":"Person","@id":"https:\/\/footdavant.fr\/actualites\/#\/schema\/person\/bc222566d95871b37e597b3ed3ba5e1d","name":"Cl\u00e9ment","image":{"@type":"ImageObject","inLanguage":"fr-FR","@id":"https:\/\/footdavant.fr\/actualites\/#\/schema\/person\/image\/","url":"https:\/\/secure.gravatar.com\/avatar\/7728b29aac2719421e1a9159b2254c44?s=96&d=mm&r=g","contentUrl":"https:\/\/secure.gravatar.com\/avatar\/7728b29aac2719421e1a9159b2254c44?s=96&d=mm&r=g","caption":"Cl\u00e9ment"},"sameAs":["https:\/\/footdavant.fr\/"]}]}},"_links":{"self":[{"href":"https:\/\/footdavant.fr\/actualites\/wp-json\/wp\/v2\/posts\/25737"}],"collection":[{"href":"https:\/\/footdavant.fr\/actualites\/wp-json\/wp\/v2\/posts"}],"about":[{"href":"https:\/\/footdavant.fr\/actualites\/wp-json\/wp\/v2\/types\/post"}],"author":[{"embeddable":true,"href":"https:\/\/footdavant.fr\/actualites\/wp-json\/wp\/v2\/users\/1"}],"replies":[{"embeddable":true,"href":"https:\/\/footdavant.fr\/actualites\/wp-json\/wp\/v2\/comments?post=25737"}],"version-history":[{"count":1,"href":"https:\/\/footdavant.fr\/actualites\/wp-json\/wp\/v2\/posts\/25737\/revisions"}],"predecessor-version":[{"id":25739,"href":"https:\/\/footdavant.fr\/actualites\/wp-json\/wp\/v2\/posts\/25737\/revisions\/25739"}],"wp:featuredmedia":[{"embeddable":true,"href":"https:\/\/footdavant.fr\/actualites\/wp-json\/wp\/v2\/media\/25738"}],"wp:attachment":[{"href":"https:\/\/footdavant.fr\/actualites\/wp-json\/wp\/v2\/media?parent=25737"}],"wp:term":[{"taxonomy":"category","embeddable":true,"href":"https:\/\/footdavant.fr\/actualites\/wp-json\/wp\/v2\/categories?post=25737"},{"taxonomy":"post_tag","embeddable":true,"href":"https:\/\/footdavant.fr\/actualites\/wp-json\/wp\/v2\/tags?post=25737"}],"curies":[{"name":"wp","href":"https:\/\/api.w.org\/{rel}","templated":true}]}}