{"id":2574,"date":"2023-12-16T03:48:49","date_gmt":"2023-12-16T02:48:49","guid":{"rendered":"https:\/\/footdavant.fr\/actualites\/pep-guardiola-de-manchester-city-fait-le-point-sur-la-blessure-derling-haaland\/"},"modified":"2023-12-16T03:48:50","modified_gmt":"2023-12-16T02:48:50","slug":"pep-guardiola-de-manchester-city-fait-le-point-sur-la-blessure-derling-haaland","status":"publish","type":"post","link":"https:\/\/footdavant.fr\/actualites\/pep-guardiola-de-manchester-city-fait-le-point-sur-la-blessure-derling-haaland\/","title":{"rendered":"Pep Guardiola de Manchester City fait le point sur la blessure d&rsquo;Erling Haaland"},"content":{"rendered":"<p>Le manager de Manchester City, Pep Guardiola, fait le point sur les blessures d&rsquo;Erling Haaland, qui a rat\u00e9 la victoire 2-1 \u00e0 Luton Town le week-end dernier en raison d&rsquo;un probl\u00e8me au pied.<\/p>\n<div id=\"article_body\" itemprop=\"articleBody\">\n<h3 class=\"firstPara\">\n<strong class=\"autotag\">Manchester City<\/strong> directeur <strong class=\"autotag\">Pep Guardiola<\/strong> a confirm\u00e9 que <strong class=\"autotag\">Erling Haaland<\/strong> devrait reprendre l&rsquo;entra\u00eenement jeudi apr\u00e8s avoir progress\u00e9 dans sa convalescence apr\u00e8s une blessure au pied.<\/h3>\n<p>Haaland a \u00e9t\u00e9 contraint de rater la victoire 2-1 de City \u00e0 Luton Town en Premier League dimanche dernier en raison d&rsquo;une \u00ab\u00a0r\u00e9action de stress osseux\u00a0\u00bb au pied, selon Guardiola.<\/p>\n<p>Le Norv\u00e9gien n&rsquo;a pas voyag\u00e9 avec l&rsquo;\u00e9quipe des Citizens en Serbie pour le match de mercredi. <strong class=\"autotag\">Ligue des champions<\/strong> affronter <strong class=\"autotag\">\u00c9toile rouge de Belgrade<\/strong>et Guardiola avait initialement sugg\u00e9r\u00e9 que l&rsquo;attaquant pourrait ne pas r\u00e9cup\u00e9rer \u00e0 temps pour affronter <strong class=\"autotag\">Palais de Cristal<\/strong> en Premier League samedi.<\/p>\n<p>Il y a m\u00eame eu des rapports indiquant que Man City pourrait entrer sur le march\u00e9 des transferts de janvier pour recruter un nouvel attaquant si la blessure de Haaland s&rsquo;aggravait.<\/p>\n<p>Cependant, Guardiola a depuis fourni une mise \u00e0 jour positive sur la forme physique de Haaland, bien qu&rsquo;il ne puisse pas \u00eatre certain si le n\u00b09 de Man City figurera dans une certaine mesure contre Palace.<\/p>\n<p class=\"imgI\">\n<p>Lorsqu&rsquo;on lui a demand\u00e9 lors d&rsquo;une conf\u00e9rence de presse mardi soir si Haaland avait particip\u00e9 \u00e0 l&rsquo;entra\u00eenement depuis la victoire \u00e0 Luton, Guardiola a r\u00e9pondu : \u00ab\u00a0Non. Il sera de retour jeudi, je pense. Nous verrons comment il se sent.\u00a0\u00bb<\/p>\n<p>Le patron des Citizens a l&rsquo;intention de fournir une autre mise \u00e0 jour sur Haaland lors de la prochaine conf\u00e9rence de presse vendredi, ajoutant : \u00ab\u00a0Je ne sais pas [if he will play against Palace] tout de suite.  Lors de la prochaine conf\u00e9rence de presse, je pourrais \u00eatre plus pr\u00e9cis sur ses conditions.\u00a0\u00bb<\/p>\n<p>Si Haaland ne r\u00e9cup\u00e9rait pas \u00e0 temps pour affronter Palace, l&rsquo;attaquant pourrait \u00eatre en mesure de revenir \u00e0 l&rsquo;action pour la demi-finale de Man City lors de la Coupe du Monde des Clubs en Arabie Saoudite la semaine prochaine.<\/p>\n<p>Guardiola a \u00e9galement \u00e9t\u00e9 interrog\u00e9 une nouvelle fois sur l&rsquo;absence du meneur de jeu vedette. <strong class=\"autotag\">K\u00e9vin De Bruyne<\/strong>qui est absent depuis ao\u00fbt en raison d&rsquo;une blessure aux ischio-jambiers et qui vise un retour au cours de la nouvelle ann\u00e9e. <\/p>\n<p>Le coach catalan ne croit pas que l&rsquo;absence de De Bruyne ait eu un impact sur la saison de City, son \u00e9quipe \u00e9tant \u00e0 quatre points du sommet de la Premier League et se qualifiant pour les huiti\u00e8mes de finale de la Ligue des Champions en tant que vainqueur du Groupe G avec un match \u00e0 jouer.<\/p>\n<p class=\"imgI\"><img decoding=\"async\" loading=\"lazy\" class=\"l\" src=\"https:\/\/footdavant.fr\/actualites\/wp-content\/uploads\/2023\/12\/1702694929_459_Pep-Guardiola-de-Manchester-City-fait-le-point-sur-la.jpg\" title=\"Kevin De Bruyne de Manchester City apr\u00e8s avoir \u00e9t\u00e9 remplac\u00e9 en raison d'une blessure le 11 ao\u00fbt 2023\" alt=\"Kevin De Bruyne de Manchester City apr\u00e8s avoir \u00e9t\u00e9 remplac\u00e9 en raison d'une blessure le 11 ao\u00fbt 2023\" width=\"640\" height=\"480\"><\/p>\n<p>\u00ab\u00a0Bien s\u00fbr, je pr\u00e9f\u00e9rerais que Kevin soit avec nous\u00a0\u00bb, a d\u00e9clar\u00e9 Guardiola.  \u00ab\u00a0Bien s\u00fbr, nous avons besoin de lui. Il faut g\u00e9rer la situation avec les joueurs dont nous disposons.<\/p>\n<p>\u00ab\u00a0Je l&rsquo;ai dit \u00e0 plusieurs reprises, lorsque nous avons des positions stables avec des joueurs comme la saison derni\u00e8re, la couverture avec les joueurs que vous mentionnez.<\/p>\n<p>\u00ab\u00a0Bien s\u00fbr, le mot n&rsquo;est pas manquer quelque chose mais changer quelque chose et il faut du temps pour s&rsquo;adapter. Mais j&rsquo;ai le sentiment que jusqu&rsquo;\u00e0 pr\u00e9sent, tout va bien, nous ne laissons pas trop tomber.<\/p>\n<p>\u00ab\u00a0Mais nous avons des standards, nous avons perdu un match sur six ou sept donc c&rsquo;est un gros d\u00e9sastre. Les autres, nous faisons match nul mais nous faisons tr\u00e8s bien.\u00a0\u00bb<\/p>\n<p>Outre Haaland et De Bruyne, Man City sera priv\u00e9 <strong class=\"autotag\">J\u00e9r\u00e9mie Doku<\/strong> (muscle) pour le d\u00e9placement au Red Star o\u00f9 les tenants de la Ligue des Champions tenteront de devenir la deuxi\u00e8me \u00e9quipe anglaise apr\u00e8s Liverpool (2021-22) \u00e0 remporter les six matches de la phase de groupes au cours de la m\u00eame saison.<\/p>\n<\/div>\n","protected":false},"excerpt":{"rendered":"<p>Le manager de Manchester City, Pep Guardiola, fait le point sur les blessures d&rsquo;Erling Haaland, qui a rat\u00e9 la victoire 2-1 \u00e0 Luton Town le<\/p>\n","protected":false},"author":1,"featured_media":2575,"comment_status":"closed","ping_status":"","sticky":false,"template":"","format":"standard","meta":{"footnotes":""},"categories":[4],"tags":[15,27,689,152,8,37,11,6,153,103],"yoast_head":"<!-- This site is optimized with the Yoast SEO plugin v21.0 - https:\/\/yoast.com\/wordpress\/plugins\/seo\/ -->\n<title>Pep Guardiola de Manchester City fait le point sur la blessure d&#039;Erling Haaland<\/title>\n<meta name=\"robots\" content=\"index, follow, max-snippet:-1, max-image-preview:large, max-video-preview:-1\" \/>\n<link rel=\"canonical\" href=\"https:\/\/footdavant.fr\/actualites\/pep-guardiola-de-manchester-city-fait-le-point-sur-la-blessure-derling-haaland\/\" \/>\n<meta property=\"og:locale\" content=\"fr_FR\" \/>\n<meta property=\"og:type\" content=\"article\" \/>\n<meta property=\"og:title\" content=\"Pep Guardiola de Manchester City fait le point sur la blessure d&#039;Erling Haaland\" \/>\n<meta property=\"og:description\" content=\"Le manager de Manchester City, Pep Guardiola, fait le point sur les blessures d&rsquo;Erling Haaland, qui a rat\u00e9 la victoire 2-1 \u00e0 Luton Town le\" \/>\n<meta property=\"og:url\" content=\"https:\/\/footdavant.fr\/actualites\/pep-guardiola-de-manchester-city-fait-le-point-sur-la-blessure-derling-haaland\/\" \/>\n<meta property=\"og:site_name\" content=\"Foot d&#039;avant\" \/>\n<meta property=\"article:publisher\" content=\"https:\/\/www.facebook.com\/Footdavant\/\" \/>\n<meta property=\"article:published_time\" content=\"2023-12-16T02:48:49+00:00\" \/>\n<meta property=\"article:modified_time\" content=\"2023-12-16T02:48:50+00:00\" \/>\n<meta property=\"og:image\" content=\"https:\/\/footdavant.fr\/actualites\/wp-content\/uploads\/2023\/12\/Pep-Guardiola-de-Manchester-City-fait-le-point-sur-la.jpg\" \/>\n\t<meta property=\"og:image:width\" content=\"640\" \/>\n\t<meta property=\"og:image:height\" content=\"480\" \/>\n\t<meta property=\"og:image:type\" content=\"image\/jpeg\" \/>\n<meta name=\"author\" content=\"Cl\u00e9ment\" \/>\n<meta name=\"twitter:card\" content=\"summary_large_image\" \/>\n<meta name=\"twitter:creator\" content=\"@FootdavantFr\" \/>\n<meta name=\"twitter:site\" content=\"@FootdavantFr\" \/>\n<meta name=\"twitter:label1\" content=\"\u00c9crit par\" \/>\n\t<meta name=\"twitter:data1\" content=\"Cl\u00e9ment\" \/>\n\t<meta name=\"twitter:label2\" content=\"Dur\u00e9e de lecture estim\u00e9e\" \/>\n\t<meta name=\"twitter:data2\" content=\"3 minutes\" \/>\n<script type=\"application\/ld+json\" class=\"yoast-schema-graph\">{\"@context\":\"https:\/\/schema.org\",\"@graph\":[{\"@type\":\"Article\",\"@id\":\"https:\/\/footdavant.fr\/actualites\/pep-guardiola-de-manchester-city-fait-le-point-sur-la-blessure-derling-haaland\/#article\",\"isPartOf\":{\"@id\":\"https:\/\/footdavant.fr\/actualites\/pep-guardiola-de-manchester-city-fait-le-point-sur-la-blessure-derling-haaland\/\"},\"author\":{\"name\":\"Cl\u00e9ment\",\"@id\":\"https:\/\/footdavant.fr\/actualites\/#\/schema\/person\/bc222566d95871b37e597b3ed3ba5e1d\"},\"headline\":\"Pep Guardiola de Manchester City fait le point sur la blessure d&rsquo;Erling Haaland\",\"datePublished\":\"2023-12-16T02:48:49+00:00\",\"dateModified\":\"2023-12-16T02:48:50+00:00\",\"mainEntityOfPage\":{\"@id\":\"https:\/\/footdavant.fr\/actualites\/pep-guardiola-de-manchester-city-fait-le-point-sur-la-blessure-derling-haaland\/\"},\"wordCount\":641,\"publisher\":{\"@id\":\"https:\/\/footdavant.fr\/actualites\/#organization\"},\"keywords\":[\"Blessure\",\"City\",\"dErling\",\"fait\",\"Guardiola\",\"Haaland\",\"Manchester\",\"Pep\",\"point\",\"sur\"],\"articleSection\":[\"Champions League\"],\"inLanguage\":\"fr-FR\"},{\"@type\":\"WebPage\",\"@id\":\"https:\/\/footdavant.fr\/actualites\/pep-guardiola-de-manchester-city-fait-le-point-sur-la-blessure-derling-haaland\/\",\"url\":\"https:\/\/footdavant.fr\/actualites\/pep-guardiola-de-manchester-city-fait-le-point-sur-la-blessure-derling-haaland\/\",\"name\":\"Pep Guardiola de Manchester City fait le point sur la blessure d'Erling Haaland\",\"isPartOf\":{\"@id\":\"https:\/\/footdavant.fr\/actualites\/#website\"},\"datePublished\":\"2023-12-16T02:48:49+00:00\",\"dateModified\":\"2023-12-16T02:48:50+00:00\",\"breadcrumb\":{\"@id\":\"https:\/\/footdavant.fr\/actualites\/pep-guardiola-de-manchester-city-fait-le-point-sur-la-blessure-derling-haaland\/#breadcrumb\"},\"inLanguage\":\"fr-FR\",\"potentialAction\":[{\"@type\":\"ReadAction\",\"target\":[\"https:\/\/footdavant.fr\/actualites\/pep-guardiola-de-manchester-city-fait-le-point-sur-la-blessure-derling-haaland\/\"]}]},{\"@type\":\"BreadcrumbList\",\"@id\":\"https:\/\/footdavant.fr\/actualites\/pep-guardiola-de-manchester-city-fait-le-point-sur-la-blessure-derling-haaland\/#breadcrumb\",\"itemListElement\":[{\"@type\":\"ListItem\",\"position\":1,\"name\":\"Accueil\",\"item\":\"https:\/\/footdavant.fr\/actualites\/\"},{\"@type\":\"ListItem\",\"position\":2,\"name\":\"Pep Guardiola de Manchester City fait le point sur la blessure d&rsquo;Erling Haaland\"}]},{\"@type\":\"WebSite\",\"@id\":\"https:\/\/footdavant.fr\/actualites\/#website\",\"url\":\"https:\/\/footdavant.fr\/actualites\/\",\"name\":\"Foot d'avant\",\"description\":\"\",\"publisher\":{\"@id\":\"https:\/\/footdavant.fr\/actualites\/#organization\"},\"potentialAction\":[{\"@type\":\"SearchAction\",\"target\":{\"@type\":\"EntryPoint\",\"urlTemplate\":\"https:\/\/footdavant.fr\/actualites\/?s={search_term_string}\"},\"query-input\":\"required name=search_term_string\"}],\"inLanguage\":\"fr-FR\"},{\"@type\":\"Organization\",\"@id\":\"https:\/\/footdavant.fr\/actualites\/#organization\",\"name\":\"Foot d'avant\",\"url\":\"https:\/\/footdavant.fr\/actualites\/\",\"logo\":{\"@type\":\"ImageObject\",\"inLanguage\":\"fr-FR\",\"@id\":\"https:\/\/footdavant.fr\/actualites\/#\/schema\/logo\/image\/\",\"url\":\"https:\/\/footdavant.fr\/actualites\/wp-content\/uploads\/2023\/09\/Copy-of-FootDavant-Logo.png\",\"contentUrl\":\"https:\/\/footdavant.fr\/actualites\/wp-content\/uploads\/2023\/09\/Copy-of-FootDavant-Logo.png\",\"width\":936,\"height\":549,\"caption\":\"Foot d'avant\"},\"image\":{\"@id\":\"https:\/\/footdavant.fr\/actualites\/#\/schema\/logo\/image\/\"},\"sameAs\":[\"https:\/\/www.facebook.com\/Footdavant\/\",\"https:\/\/twitter.com\/FootdavantFr\",\"https:\/\/www.instagram.com\/footdavant.fr\/\"]},{\"@type\":\"Person\",\"@id\":\"https:\/\/footdavant.fr\/actualites\/#\/schema\/person\/bc222566d95871b37e597b3ed3ba5e1d\",\"name\":\"Cl\u00e9ment\",\"image\":{\"@type\":\"ImageObject\",\"inLanguage\":\"fr-FR\",\"@id\":\"https:\/\/footdavant.fr\/actualites\/#\/schema\/person\/image\/\",\"url\":\"https:\/\/secure.gravatar.com\/avatar\/7728b29aac2719421e1a9159b2254c44?s=96&d=mm&r=g\",\"contentUrl\":\"https:\/\/secure.gravatar.com\/avatar\/7728b29aac2719421e1a9159b2254c44?s=96&d=mm&r=g\",\"caption\":\"Cl\u00e9ment\"},\"sameAs\":[\"https:\/\/footdavant.fr\/\"]}]}<\/script>\n<!-- \/ Yoast SEO plugin. -->","yoast_head_json":{"title":"Pep Guardiola de Manchester City fait le point sur la blessure d'Erling Haaland","robots":{"index":"index","follow":"follow","max-snippet":"max-snippet:-1","max-image-preview":"max-image-preview:large","max-video-preview":"max-video-preview:-1"},"canonical":"https:\/\/footdavant.fr\/actualites\/pep-guardiola-de-manchester-city-fait-le-point-sur-la-blessure-derling-haaland\/","og_locale":"fr_FR","og_type":"article","og_title":"Pep Guardiola de Manchester City fait le point sur la blessure d'Erling Haaland","og_description":"Le manager de Manchester City, Pep Guardiola, fait le point sur les blessures d&rsquo;Erling Haaland, qui a rat\u00e9 la victoire 2-1 \u00e0 Luton Town le","og_url":"https:\/\/footdavant.fr\/actualites\/pep-guardiola-de-manchester-city-fait-le-point-sur-la-blessure-derling-haaland\/","og_site_name":"Foot d&#039;avant","article_publisher":"https:\/\/www.facebook.com\/Footdavant\/","article_published_time":"2023-12-16T02:48:49+00:00","article_modified_time":"2023-12-16T02:48:50+00:00","og_image":[{"width":640,"height":480,"url":"https:\/\/footdavant.fr\/actualites\/wp-content\/uploads\/2023\/12\/Pep-Guardiola-de-Manchester-City-fait-le-point-sur-la.jpg","type":"image\/jpeg"}],"author":"Cl\u00e9ment","twitter_card":"summary_large_image","twitter_creator":"@FootdavantFr","twitter_site":"@FootdavantFr","twitter_misc":{"\u00c9crit par":"Cl\u00e9ment","Dur\u00e9e de lecture estim\u00e9e":"3 minutes"},"schema":{"@context":"https:\/\/schema.org","@graph":[{"@type":"Article","@id":"https:\/\/footdavant.fr\/actualites\/pep-guardiola-de-manchester-city-fait-le-point-sur-la-blessure-derling-haaland\/#article","isPartOf":{"@id":"https:\/\/footdavant.fr\/actualites\/pep-guardiola-de-manchester-city-fait-le-point-sur-la-blessure-derling-haaland\/"},"author":{"name":"Cl\u00e9ment","@id":"https:\/\/footdavant.fr\/actualites\/#\/schema\/person\/bc222566d95871b37e597b3ed3ba5e1d"},"headline":"Pep Guardiola de Manchester City fait le point sur la blessure d&rsquo;Erling Haaland","datePublished":"2023-12-16T02:48:49+00:00","dateModified":"2023-12-16T02:48:50+00:00","mainEntityOfPage":{"@id":"https:\/\/footdavant.fr\/actualites\/pep-guardiola-de-manchester-city-fait-le-point-sur-la-blessure-derling-haaland\/"},"wordCount":641,"publisher":{"@id":"https:\/\/footdavant.fr\/actualites\/#organization"},"keywords":["Blessure","City","dErling","fait","Guardiola","Haaland","Manchester","Pep","point","sur"],"articleSection":["Champions League"],"inLanguage":"fr-FR"},{"@type":"WebPage","@id":"https:\/\/footdavant.fr\/actualites\/pep-guardiola-de-manchester-city-fait-le-point-sur-la-blessure-derling-haaland\/","url":"https:\/\/footdavant.fr\/actualites\/pep-guardiola-de-manchester-city-fait-le-point-sur-la-blessure-derling-haaland\/","name":"Pep Guardiola de Manchester City fait le point sur la blessure d'Erling Haaland","isPartOf":{"@id":"https:\/\/footdavant.fr\/actualites\/#website"},"datePublished":"2023-12-16T02:48:49+00:00","dateModified":"2023-12-16T02:48:50+00:00","breadcrumb":{"@id":"https:\/\/footdavant.fr\/actualites\/pep-guardiola-de-manchester-city-fait-le-point-sur-la-blessure-derling-haaland\/#breadcrumb"},"inLanguage":"fr-FR","potentialAction":[{"@type":"ReadAction","target":["https:\/\/footdavant.fr\/actualites\/pep-guardiola-de-manchester-city-fait-le-point-sur-la-blessure-derling-haaland\/"]}]},{"@type":"BreadcrumbList","@id":"https:\/\/footdavant.fr\/actualites\/pep-guardiola-de-manchester-city-fait-le-point-sur-la-blessure-derling-haaland\/#breadcrumb","itemListElement":[{"@type":"ListItem","position":1,"name":"Accueil","item":"https:\/\/footdavant.fr\/actualites\/"},{"@type":"ListItem","position":2,"name":"Pep Guardiola de Manchester City fait le point sur la blessure d&rsquo;Erling Haaland"}]},{"@type":"WebSite","@id":"https:\/\/footdavant.fr\/actualites\/#website","url":"https:\/\/footdavant.fr\/actualites\/","name":"Foot d'avant","description":"","publisher":{"@id":"https:\/\/footdavant.fr\/actualites\/#organization"},"potentialAction":[{"@type":"SearchAction","target":{"@type":"EntryPoint","urlTemplate":"https:\/\/footdavant.fr\/actualites\/?s={search_term_string}"},"query-input":"required name=search_term_string"}],"inLanguage":"fr-FR"},{"@type":"Organization","@id":"https:\/\/footdavant.fr\/actualites\/#organization","name":"Foot d'avant","url":"https:\/\/footdavant.fr\/actualites\/","logo":{"@type":"ImageObject","inLanguage":"fr-FR","@id":"https:\/\/footdavant.fr\/actualites\/#\/schema\/logo\/image\/","url":"https:\/\/footdavant.fr\/actualites\/wp-content\/uploads\/2023\/09\/Copy-of-FootDavant-Logo.png","contentUrl":"https:\/\/footdavant.fr\/actualites\/wp-content\/uploads\/2023\/09\/Copy-of-FootDavant-Logo.png","width":936,"height":549,"caption":"Foot d'avant"},"image":{"@id":"https:\/\/footdavant.fr\/actualites\/#\/schema\/logo\/image\/"},"sameAs":["https:\/\/www.facebook.com\/Footdavant\/","https:\/\/twitter.com\/FootdavantFr","https:\/\/www.instagram.com\/footdavant.fr\/"]},{"@type":"Person","@id":"https:\/\/footdavant.fr\/actualites\/#\/schema\/person\/bc222566d95871b37e597b3ed3ba5e1d","name":"Cl\u00e9ment","image":{"@type":"ImageObject","inLanguage":"fr-FR","@id":"https:\/\/footdavant.fr\/actualites\/#\/schema\/person\/image\/","url":"https:\/\/secure.gravatar.com\/avatar\/7728b29aac2719421e1a9159b2254c44?s=96&d=mm&r=g","contentUrl":"https:\/\/secure.gravatar.com\/avatar\/7728b29aac2719421e1a9159b2254c44?s=96&d=mm&r=g","caption":"Cl\u00e9ment"},"sameAs":["https:\/\/footdavant.fr\/"]}]}},"_links":{"self":[{"href":"https:\/\/footdavant.fr\/actualites\/wp-json\/wp\/v2\/posts\/2574"}],"collection":[{"href":"https:\/\/footdavant.fr\/actualites\/wp-json\/wp\/v2\/posts"}],"about":[{"href":"https:\/\/footdavant.fr\/actualites\/wp-json\/wp\/v2\/types\/post"}],"author":[{"embeddable":true,"href":"https:\/\/footdavant.fr\/actualites\/wp-json\/wp\/v2\/users\/1"}],"replies":[{"embeddable":true,"href":"https:\/\/footdavant.fr\/actualites\/wp-json\/wp\/v2\/comments?post=2574"}],"version-history":[{"count":1,"href":"https:\/\/footdavant.fr\/actualites\/wp-json\/wp\/v2\/posts\/2574\/revisions"}],"predecessor-version":[{"id":2576,"href":"https:\/\/footdavant.fr\/actualites\/wp-json\/wp\/v2\/posts\/2574\/revisions\/2576"}],"wp:featuredmedia":[{"embeddable":true,"href":"https:\/\/footdavant.fr\/actualites\/wp-json\/wp\/v2\/media\/2575"}],"wp:attachment":[{"href":"https:\/\/footdavant.fr\/actualites\/wp-json\/wp\/v2\/media?parent=2574"}],"wp:term":[{"taxonomy":"category","embeddable":true,"href":"https:\/\/footdavant.fr\/actualites\/wp-json\/wp\/v2\/categories?post=2574"},{"taxonomy":"post_tag","embeddable":true,"href":"https:\/\/footdavant.fr\/actualites\/wp-json\/wp\/v2\/tags?post=2574"}],"curies":[{"name":"wp","href":"https:\/\/api.w.org\/{rel}","templated":true}]}}