{"id":25740,"date":"2025-07-04T15:48:35","date_gmt":"2025-07-04T13:48:35","guid":{"rendered":"https:\/\/footdavant.fr\/actualites\/latletico-madrid-prevoyant-de-vendre-conor-gallagher-pour-financer-la-demenagement-pour-le-milieu-de-terrain-de-barcelone\/"},"modified":"2025-07-04T15:48:37","modified_gmt":"2025-07-04T13:48:37","slug":"latletico-madrid-prevoyant-de-vendre-conor-gallagher-pour-financer-la-demenagement-pour-le-milieu-de-terrain-de-barcelone","status":"publish","type":"post","link":"https:\/\/footdavant.fr\/actualites\/latletico-madrid-prevoyant-de-vendre-conor-gallagher-pour-financer-la-demenagement-pour-le-milieu-de-terrain-de-barcelone\/","title":{"rendered":"L&#39;Atletico Madrid &#39;&#39; pr\u00e9voyant de vendre &#39;Conor Gallagher pour financer la d\u00e9m\u00e9nagement pour le milieu de terrain de Barcelone"},"content":{"rendered":"<p>L&#39;Atletico Madrid cherchera \u00e0 d\u00e9charger le milieu de terrain Conor Gallagher afin de financer un swoop pour la star de Barcelone Fermin Lopez.<\/p>\n<div id=\"article_body\" itemprop=\"articleBody\">\n<h3 class=\"firstPara\"><\/h3>\n<p><strong class=\"autotag\">Atletico Madrid<\/strong> seraient pr\u00eats \u00e0 vendre <strong class=\"autotag\">Conor Gallagher<\/strong> Afin de financer un mouvement pour <strong class=\"autotag\">Barcelone<\/strong> homme <strong class=\"autotag\">Fermin Lopez<\/strong>.<\/p>\n<p>Le joueur de 25 ans a fait le changement permanent de <strong class=\"autotag\">Ch\u00e9lat<\/strong> aux g\u00e9ants espagnols pendant la fen\u00eatre de transfert d&#39;\u00e9t\u00e9 de 2024.<\/p>\n<p>Gallagher a figur\u00e9 dans 25 matchs de la Liga pour l&#39;Atletico Madrid en 2024-25, marquant trois buts et fournissant trois passes d\u00e9cisives.<\/p>\n<p>Pendant ce temps, Lopez a \u00e9t\u00e9 impressionn\u00e9 dans les couleurs de Barcelone, suffisamment pour susciter l&#39;int\u00e9r\u00eat de l&#39;Arabie saoudite sous la forme d&#39;Al Ahli.<\/p>\n<p>L&#39;Espagnol faisait partie de l&#39;\u00e9quipe de La Roja pour la r\u00e9cente finale de la Ligue des nations de l&#39;UEFA, mais n&#39;a pas r\u00e9ussi \u00e0 obtenir des minutes contre la France ou le Portugal.<\/p>\n<p class=\"imgI\">\n<h2>Atletico pour vendre Gallagher, acheter Lopez?<\/h2>\n<p>Selon Spanish Outlet <em>Fichajes,<\/em> L&#39;Atletico Madrid a finalis\u00e9 sa strat\u00e9gie de transfert avant les derniers mois du commerce d&#39;\u00e9t\u00e9.<\/p>\n<p>Le rapport affirme que <strong class=\"autotag\">Diego Simeone<\/strong>Les troupes sont pr\u00eates \u00e0 d\u00e9charger le vainqueur de la Ligue des champions Gallagher avant le d\u00e9but du nouveau mandat.<\/p>\n<p>En plus de l&#39;Anglais, il est entendu qu&#39;Atletico Madrid cherche \u00e9galement \u00e0 faire des adieux aux services de son autre milieu de terrain <strong class=\"autotag\">Rodrigo de Paul<\/strong>.<\/p>\n<p>Ces d\u00e9parts laisseraient un trou dans la salle des machines des g\u00e9ants espagnols, qu&#39;ils esp\u00e8rent remplir avec Lopez de Barcelone.<\/p>\n<p>On pense que Los Colchoneros vise \u00e0 empocher au moins 34 millions de livres sterling de toute vente de Gallagher international d&#39;Angleterre cet \u00e9t\u00e9.<\/p>\n<p class=\"imgI\"><img decoding=\"async\" alt=\"Thomas Frank, directeur de Tottenham Hotspur, illustr\u00e9 le 2 mai 2025\" class=\"vanilla-lazyload article-image\" src=\"https:\/\/footdavant.fr\/actualites\/wp-content\/uploads\/2025\/06\/Thomas-Frank-confirme-la-decision-3939-sur-le-fils.webp\"><\/p>\n<h2>Chelsea, Tottenham pour se balancer pour Gallagher?<\/h2>\n<p>Cherchant activement \u00e0 d\u00e9charger le milieu de terrain, l&#39;Atletico Madrid aurait offert Gallagher \u00e0 un certain nombre de clubs de Premier League.<\/p>\n<p>Moins de 12 mois apr\u00e8s son d\u00e9part de Stamford Bridge, le joueur de 25 ans pourrait retourner \u00e0 Chelsea cet \u00e9t\u00e9.<\/p>\n<p>Il y a aussi des marmonnements d&#39;int\u00e9r\u00eat de <strong class=\"autotag\">Tottenham Hotspur<\/strong>qui commence une nouvelle \u00e8re dans le nord de Londres sous la tutelle de Thomas Frank.<\/p>\n<div class=\"author_box\">\n<div class=\"author_box_banner\"> <img decoding=\"async\" class=\"author_img\" src=\"https:\/\/footdavant.fr\/actualites\/wp-content\/uploads\/2025\/06\/1749131286_285_Transfert-Roundup-Mathias-Kvistgaarden-a-West-Ham-United-Danny-Ings.jpg\"><\/div>\n<\/div>\n<\/div>\n","protected":false},"excerpt":{"rendered":"<p>L&#39;Atletico Madrid cherchera \u00e0 d\u00e9charger le milieu de terrain Conor Gallagher afin de financer un swoop pour la star de Barcelone Fermin Lopez. Atletico Madrid<\/p>\n","protected":false},"author":1,"featured_media":25741,"comment_status":"closed","ping_status":"","sticky":false,"template":"","format":"standard","meta":{"footnotes":""},"categories":[5],"tags":[9762,130,1856,4597,1109,4289,303,441,51,9761,442,2262],"yoast_head":"<!-- This site is optimized with the Yoast SEO plugin v21.0 - https:\/\/yoast.com\/wordpress\/plugins\/seo\/ -->\n<title>L&#039;Atletico Madrid &#039;&#039; pr\u00e9voyant de vendre &#039;Conor Gallagher pour financer la d\u00e9m\u00e9nagement pour le milieu de terrain de Barcelone<\/title>\n<meta name=\"robots\" content=\"index, follow, max-snippet:-1, max-image-preview:large, max-video-preview:-1\" \/>\n<link rel=\"canonical\" href=\"https:\/\/footdavant.fr\/actualites\/latletico-madrid-prevoyant-de-vendre-conor-gallagher-pour-financer-la-demenagement-pour-le-milieu-de-terrain-de-barcelone\/\" \/>\n<meta property=\"og:locale\" content=\"fr_FR\" \/>\n<meta property=\"og:type\" content=\"article\" \/>\n<meta property=\"og:title\" content=\"L&#039;Atletico Madrid &#039;&#039; pr\u00e9voyant de vendre &#039;Conor Gallagher pour financer la d\u00e9m\u00e9nagement pour le milieu de terrain de Barcelone\" \/>\n<meta property=\"og:description\" content=\"L&#039;Atletico Madrid cherchera \u00e0 d\u00e9charger le milieu de terrain Conor Gallagher afin de financer un swoop pour la star de Barcelone Fermin Lopez. Atletico Madrid\" \/>\n<meta property=\"og:url\" content=\"https:\/\/footdavant.fr\/actualites\/latletico-madrid-prevoyant-de-vendre-conor-gallagher-pour-financer-la-demenagement-pour-le-milieu-de-terrain-de-barcelone\/\" \/>\n<meta property=\"og:site_name\" content=\"Foot d&#039;avant\" \/>\n<meta property=\"article:publisher\" content=\"https:\/\/www.facebook.com\/Footdavant\/\" \/>\n<meta property=\"article:published_time\" content=\"2025-07-04T13:48:35+00:00\" \/>\n<meta property=\"article:modified_time\" content=\"2025-07-04T13:48:37+00:00\" \/>\n<meta property=\"og:image\" content=\"https:\/\/footdavant.fr\/actualites\/wp-content\/uploads\/2025\/07\/L39Atletico-Madrid-3939-prevoyant-de-vendre-39Conor-Gallagher-pour-financer.jpg\" \/>\n\t<meta property=\"og:image:width\" content=\"640\" \/>\n\t<meta property=\"og:image:height\" content=\"480\" \/>\n\t<meta property=\"og:image:type\" content=\"image\/jpeg\" \/>\n<meta name=\"author\" content=\"Cl\u00e9ment\" \/>\n<meta name=\"twitter:card\" content=\"summary_large_image\" \/>\n<meta name=\"twitter:creator\" content=\"@FootdavantFr\" \/>\n<meta name=\"twitter:site\" content=\"@FootdavantFr\" \/>\n<meta name=\"twitter:label1\" content=\"\u00c9crit par\" \/>\n\t<meta name=\"twitter:data1\" content=\"Cl\u00e9ment\" \/>\n\t<meta name=\"twitter:label2\" content=\"Dur\u00e9e de lecture estim\u00e9e\" \/>\n\t<meta name=\"twitter:data2\" content=\"2 minutes\" \/>\n<script type=\"application\/ld+json\" class=\"yoast-schema-graph\">{\"@context\":\"https:\/\/schema.org\",\"@graph\":[{\"@type\":\"Article\",\"@id\":\"https:\/\/footdavant.fr\/actualites\/latletico-madrid-prevoyant-de-vendre-conor-gallagher-pour-financer-la-demenagement-pour-le-milieu-de-terrain-de-barcelone\/#article\",\"isPartOf\":{\"@id\":\"https:\/\/footdavant.fr\/actualites\/latletico-madrid-prevoyant-de-vendre-conor-gallagher-pour-financer-la-demenagement-pour-le-milieu-de-terrain-de-barcelone\/\"},\"author\":{\"name\":\"Cl\u00e9ment\",\"@id\":\"https:\/\/footdavant.fr\/actualites\/#\/schema\/person\/bc222566d95871b37e597b3ed3ba5e1d\"},\"headline\":\"L&#39;Atletico Madrid &#39;&#39; pr\u00e9voyant de vendre &#39;Conor Gallagher pour financer la d\u00e9m\u00e9nagement pour le milieu de terrain de Barcelone\",\"datePublished\":\"2025-07-04T13:48:35+00:00\",\"dateModified\":\"2025-07-04T13:48:37+00:00\",\"mainEntityOfPage\":{\"@id\":\"https:\/\/footdavant.fr\/actualites\/latletico-madrid-prevoyant-de-vendre-conor-gallagher-pour-financer-la-demenagement-pour-le-milieu-de-terrain-de-barcelone\/\"},\"wordCount\":385,\"publisher\":{\"@id\":\"https:\/\/footdavant.fr\/actualites\/#organization\"},\"keywords\":[\"39Conor\",\"Barcelone\",\"d\u00e9m\u00e9nagement\",\"financer\",\"Gallagher\",\"l39Atletico\",\"Madrid\",\"milieu\",\"pour\",\"pr\u00e9voyant\",\"terrain\",\"vendre\"],\"articleSection\":[\"Premier League\"],\"inLanguage\":\"fr-FR\"},{\"@type\":\"WebPage\",\"@id\":\"https:\/\/footdavant.fr\/actualites\/latletico-madrid-prevoyant-de-vendre-conor-gallagher-pour-financer-la-demenagement-pour-le-milieu-de-terrain-de-barcelone\/\",\"url\":\"https:\/\/footdavant.fr\/actualites\/latletico-madrid-prevoyant-de-vendre-conor-gallagher-pour-financer-la-demenagement-pour-le-milieu-de-terrain-de-barcelone\/\",\"name\":\"L&#39;Atletico Madrid &#39;&#39; pr\u00e9voyant de vendre &#39;Conor Gallagher pour financer la d\u00e9m\u00e9nagement pour le milieu de terrain de Barcelone\",\"isPartOf\":{\"@id\":\"https:\/\/footdavant.fr\/actualites\/#website\"},\"datePublished\":\"2025-07-04T13:48:35+00:00\",\"dateModified\":\"2025-07-04T13:48:37+00:00\",\"breadcrumb\":{\"@id\":\"https:\/\/footdavant.fr\/actualites\/latletico-madrid-prevoyant-de-vendre-conor-gallagher-pour-financer-la-demenagement-pour-le-milieu-de-terrain-de-barcelone\/#breadcrumb\"},\"inLanguage\":\"fr-FR\",\"potentialAction\":[{\"@type\":\"ReadAction\",\"target\":[\"https:\/\/footdavant.fr\/actualites\/latletico-madrid-prevoyant-de-vendre-conor-gallagher-pour-financer-la-demenagement-pour-le-milieu-de-terrain-de-barcelone\/\"]}]},{\"@type\":\"BreadcrumbList\",\"@id\":\"https:\/\/footdavant.fr\/actualites\/latletico-madrid-prevoyant-de-vendre-conor-gallagher-pour-financer-la-demenagement-pour-le-milieu-de-terrain-de-barcelone\/#breadcrumb\",\"itemListElement\":[{\"@type\":\"ListItem\",\"position\":1,\"name\":\"Accueil\",\"item\":\"https:\/\/footdavant.fr\/actualites\/\"},{\"@type\":\"ListItem\",\"position\":2,\"name\":\"L&#39;Atletico Madrid &#39;&#39; pr\u00e9voyant de vendre &#39;Conor Gallagher pour financer la d\u00e9m\u00e9nagement pour le milieu de terrain de Barcelone\"}]},{\"@type\":\"WebSite\",\"@id\":\"https:\/\/footdavant.fr\/actualites\/#website\",\"url\":\"https:\/\/footdavant.fr\/actualites\/\",\"name\":\"Foot d'avant\",\"description\":\"\",\"publisher\":{\"@id\":\"https:\/\/footdavant.fr\/actualites\/#organization\"},\"potentialAction\":[{\"@type\":\"SearchAction\",\"target\":{\"@type\":\"EntryPoint\",\"urlTemplate\":\"https:\/\/footdavant.fr\/actualites\/?s={search_term_string}\"},\"query-input\":\"required name=search_term_string\"}],\"inLanguage\":\"fr-FR\"},{\"@type\":\"Organization\",\"@id\":\"https:\/\/footdavant.fr\/actualites\/#organization\",\"name\":\"Foot d'avant\",\"url\":\"https:\/\/footdavant.fr\/actualites\/\",\"logo\":{\"@type\":\"ImageObject\",\"inLanguage\":\"fr-FR\",\"@id\":\"https:\/\/footdavant.fr\/actualites\/#\/schema\/logo\/image\/\",\"url\":\"https:\/\/footdavant.fr\/actualites\/wp-content\/uploads\/2023\/09\/Copy-of-FootDavant-Logo.png\",\"contentUrl\":\"https:\/\/footdavant.fr\/actualites\/wp-content\/uploads\/2023\/09\/Copy-of-FootDavant-Logo.png\",\"width\":936,\"height\":549,\"caption\":\"Foot d'avant\"},\"image\":{\"@id\":\"https:\/\/footdavant.fr\/actualites\/#\/schema\/logo\/image\/\"},\"sameAs\":[\"https:\/\/www.facebook.com\/Footdavant\/\",\"https:\/\/twitter.com\/FootdavantFr\",\"https:\/\/www.instagram.com\/footdavant.fr\/\"]},{\"@type\":\"Person\",\"@id\":\"https:\/\/footdavant.fr\/actualites\/#\/schema\/person\/bc222566d95871b37e597b3ed3ba5e1d\",\"name\":\"Cl\u00e9ment\",\"image\":{\"@type\":\"ImageObject\",\"inLanguage\":\"fr-FR\",\"@id\":\"https:\/\/footdavant.fr\/actualites\/#\/schema\/person\/image\/\",\"url\":\"https:\/\/secure.gravatar.com\/avatar\/7728b29aac2719421e1a9159b2254c44?s=96&d=mm&r=g\",\"contentUrl\":\"https:\/\/secure.gravatar.com\/avatar\/7728b29aac2719421e1a9159b2254c44?s=96&d=mm&r=g\",\"caption\":\"Cl\u00e9ment\"},\"sameAs\":[\"https:\/\/footdavant.fr\/\"]}]}<\/script>\n<!-- \/ Yoast SEO plugin. -->","yoast_head_json":{"title":"L&#39;Atletico Madrid &#39;&#39; pr\u00e9voyant de vendre &#39;Conor Gallagher pour financer la d\u00e9m\u00e9nagement pour le milieu de terrain de Barcelone","robots":{"index":"index","follow":"follow","max-snippet":"max-snippet:-1","max-image-preview":"max-image-preview:large","max-video-preview":"max-video-preview:-1"},"canonical":"https:\/\/footdavant.fr\/actualites\/latletico-madrid-prevoyant-de-vendre-conor-gallagher-pour-financer-la-demenagement-pour-le-milieu-de-terrain-de-barcelone\/","og_locale":"fr_FR","og_type":"article","og_title":"L&#39;Atletico Madrid &#39;&#39; pr\u00e9voyant de vendre &#39;Conor Gallagher pour financer la d\u00e9m\u00e9nagement pour le milieu de terrain de Barcelone","og_description":"L&#39;Atletico Madrid cherchera \u00e0 d\u00e9charger le milieu de terrain Conor Gallagher afin de financer un swoop pour la star de Barcelone Fermin Lopez. Atletico Madrid","og_url":"https:\/\/footdavant.fr\/actualites\/latletico-madrid-prevoyant-de-vendre-conor-gallagher-pour-financer-la-demenagement-pour-le-milieu-de-terrain-de-barcelone\/","og_site_name":"Foot d&#039;avant","article_publisher":"https:\/\/www.facebook.com\/Footdavant\/","article_published_time":"2025-07-04T13:48:35+00:00","article_modified_time":"2025-07-04T13:48:37+00:00","og_image":[{"width":640,"height":480,"url":"https:\/\/footdavant.fr\/actualites\/wp-content\/uploads\/2025\/07\/L39Atletico-Madrid-3939-prevoyant-de-vendre-39Conor-Gallagher-pour-financer.jpg","type":"image\/jpeg"}],"author":"Cl\u00e9ment","twitter_card":"summary_large_image","twitter_creator":"@FootdavantFr","twitter_site":"@FootdavantFr","twitter_misc":{"\u00c9crit par":"Cl\u00e9ment","Dur\u00e9e de lecture estim\u00e9e":"2 minutes"},"schema":{"@context":"https:\/\/schema.org","@graph":[{"@type":"Article","@id":"https:\/\/footdavant.fr\/actualites\/latletico-madrid-prevoyant-de-vendre-conor-gallagher-pour-financer-la-demenagement-pour-le-milieu-de-terrain-de-barcelone\/#article","isPartOf":{"@id":"https:\/\/footdavant.fr\/actualites\/latletico-madrid-prevoyant-de-vendre-conor-gallagher-pour-financer-la-demenagement-pour-le-milieu-de-terrain-de-barcelone\/"},"author":{"name":"Cl\u00e9ment","@id":"https:\/\/footdavant.fr\/actualites\/#\/schema\/person\/bc222566d95871b37e597b3ed3ba5e1d"},"headline":"L&#39;Atletico Madrid &#39;&#39; pr\u00e9voyant de vendre &#39;Conor Gallagher pour financer la d\u00e9m\u00e9nagement pour le milieu de terrain de Barcelone","datePublished":"2025-07-04T13:48:35+00:00","dateModified":"2025-07-04T13:48:37+00:00","mainEntityOfPage":{"@id":"https:\/\/footdavant.fr\/actualites\/latletico-madrid-prevoyant-de-vendre-conor-gallagher-pour-financer-la-demenagement-pour-le-milieu-de-terrain-de-barcelone\/"},"wordCount":385,"publisher":{"@id":"https:\/\/footdavant.fr\/actualites\/#organization"},"keywords":["39Conor","Barcelone","d\u00e9m\u00e9nagement","financer","Gallagher","l39Atletico","Madrid","milieu","pour","pr\u00e9voyant","terrain","vendre"],"articleSection":["Premier League"],"inLanguage":"fr-FR"},{"@type":"WebPage","@id":"https:\/\/footdavant.fr\/actualites\/latletico-madrid-prevoyant-de-vendre-conor-gallagher-pour-financer-la-demenagement-pour-le-milieu-de-terrain-de-barcelone\/","url":"https:\/\/footdavant.fr\/actualites\/latletico-madrid-prevoyant-de-vendre-conor-gallagher-pour-financer-la-demenagement-pour-le-milieu-de-terrain-de-barcelone\/","name":"L&#39;Atletico Madrid &#39;&#39; pr\u00e9voyant de vendre &#39;Conor Gallagher pour financer la d\u00e9m\u00e9nagement pour le milieu de terrain de Barcelone","isPartOf":{"@id":"https:\/\/footdavant.fr\/actualites\/#website"},"datePublished":"2025-07-04T13:48:35+00:00","dateModified":"2025-07-04T13:48:37+00:00","breadcrumb":{"@id":"https:\/\/footdavant.fr\/actualites\/latletico-madrid-prevoyant-de-vendre-conor-gallagher-pour-financer-la-demenagement-pour-le-milieu-de-terrain-de-barcelone\/#breadcrumb"},"inLanguage":"fr-FR","potentialAction":[{"@type":"ReadAction","target":["https:\/\/footdavant.fr\/actualites\/latletico-madrid-prevoyant-de-vendre-conor-gallagher-pour-financer-la-demenagement-pour-le-milieu-de-terrain-de-barcelone\/"]}]},{"@type":"BreadcrumbList","@id":"https:\/\/footdavant.fr\/actualites\/latletico-madrid-prevoyant-de-vendre-conor-gallagher-pour-financer-la-demenagement-pour-le-milieu-de-terrain-de-barcelone\/#breadcrumb","itemListElement":[{"@type":"ListItem","position":1,"name":"Accueil","item":"https:\/\/footdavant.fr\/actualites\/"},{"@type":"ListItem","position":2,"name":"L&#39;Atletico Madrid &#39;&#39; pr\u00e9voyant de vendre &#39;Conor Gallagher pour financer la d\u00e9m\u00e9nagement pour le milieu de terrain de Barcelone"}]},{"@type":"WebSite","@id":"https:\/\/footdavant.fr\/actualites\/#website","url":"https:\/\/footdavant.fr\/actualites\/","name":"Foot d'avant","description":"","publisher":{"@id":"https:\/\/footdavant.fr\/actualites\/#organization"},"potentialAction":[{"@type":"SearchAction","target":{"@type":"EntryPoint","urlTemplate":"https:\/\/footdavant.fr\/actualites\/?s={search_term_string}"},"query-input":"required name=search_term_string"}],"inLanguage":"fr-FR"},{"@type":"Organization","@id":"https:\/\/footdavant.fr\/actualites\/#organization","name":"Foot d'avant","url":"https:\/\/footdavant.fr\/actualites\/","logo":{"@type":"ImageObject","inLanguage":"fr-FR","@id":"https:\/\/footdavant.fr\/actualites\/#\/schema\/logo\/image\/","url":"https:\/\/footdavant.fr\/actualites\/wp-content\/uploads\/2023\/09\/Copy-of-FootDavant-Logo.png","contentUrl":"https:\/\/footdavant.fr\/actualites\/wp-content\/uploads\/2023\/09\/Copy-of-FootDavant-Logo.png","width":936,"height":549,"caption":"Foot d'avant"},"image":{"@id":"https:\/\/footdavant.fr\/actualites\/#\/schema\/logo\/image\/"},"sameAs":["https:\/\/www.facebook.com\/Footdavant\/","https:\/\/twitter.com\/FootdavantFr","https:\/\/www.instagram.com\/footdavant.fr\/"]},{"@type":"Person","@id":"https:\/\/footdavant.fr\/actualites\/#\/schema\/person\/bc222566d95871b37e597b3ed3ba5e1d","name":"Cl\u00e9ment","image":{"@type":"ImageObject","inLanguage":"fr-FR","@id":"https:\/\/footdavant.fr\/actualites\/#\/schema\/person\/image\/","url":"https:\/\/secure.gravatar.com\/avatar\/7728b29aac2719421e1a9159b2254c44?s=96&d=mm&r=g","contentUrl":"https:\/\/secure.gravatar.com\/avatar\/7728b29aac2719421e1a9159b2254c44?s=96&d=mm&r=g","caption":"Cl\u00e9ment"},"sameAs":["https:\/\/footdavant.fr\/"]}]}},"_links":{"self":[{"href":"https:\/\/footdavant.fr\/actualites\/wp-json\/wp\/v2\/posts\/25740"}],"collection":[{"href":"https:\/\/footdavant.fr\/actualites\/wp-json\/wp\/v2\/posts"}],"about":[{"href":"https:\/\/footdavant.fr\/actualites\/wp-json\/wp\/v2\/types\/post"}],"author":[{"embeddable":true,"href":"https:\/\/footdavant.fr\/actualites\/wp-json\/wp\/v2\/users\/1"}],"replies":[{"embeddable":true,"href":"https:\/\/footdavant.fr\/actualites\/wp-json\/wp\/v2\/comments?post=25740"}],"version-history":[{"count":1,"href":"https:\/\/footdavant.fr\/actualites\/wp-json\/wp\/v2\/posts\/25740\/revisions"}],"predecessor-version":[{"id":25742,"href":"https:\/\/footdavant.fr\/actualites\/wp-json\/wp\/v2\/posts\/25740\/revisions\/25742"}],"wp:featuredmedia":[{"embeddable":true,"href":"https:\/\/footdavant.fr\/actualites\/wp-json\/wp\/v2\/media\/25741"}],"wp:attachment":[{"href":"https:\/\/footdavant.fr\/actualites\/wp-json\/wp\/v2\/media?parent=25740"}],"wp:term":[{"taxonomy":"category","embeddable":true,"href":"https:\/\/footdavant.fr\/actualites\/wp-json\/wp\/v2\/categories?post=25740"},{"taxonomy":"post_tag","embeddable":true,"href":"https:\/\/footdavant.fr\/actualites\/wp-json\/wp\/v2\/tags?post=25740"}],"curies":[{"name":"wp","href":"https:\/\/api.w.org\/{rel}","templated":true}]}}