{"id":25743,"date":"2025-07-04T17:48:04","date_gmt":"2025-07-04T15:48:04","guid":{"rendered":"https:\/\/footdavant.fr\/actualites\/rashford-garnacho-sancho-antony-et-malacia-tous-demandent-les-transferts-de-man-united-man-united-news-and-transfer-news\/"},"modified":"2025-07-04T17:48:06","modified_gmt":"2025-07-04T15:48:06","slug":"rashford-garnacho-sancho-antony-et-malacia-tous-demandent-les-transferts-de-man-united-man-united-news-and-transfer-news","status":"publish","type":"post","link":"https:\/\/footdavant.fr\/actualites\/rashford-garnacho-sancho-antony-et-malacia-tous-demandent-les-transferts-de-man-united-man-united-news-and-transfer-news\/","title":{"rendered":"Rashford, Garnacho, Sancho, Antony et Malacia tous demandent les transferts de Man United &#8211; Man United News and Transfer News"},"content":{"rendered":"<div id=\"penci-post-entry-inner\">\n<p>\t\t\t<i class=\"penci-post-countview-number-check\" style=\"display:none\">2<\/i><\/p>\n<p><!--Article Start--><br \/>Cinq stars de Manchester United ont inform\u00e9 le club qu&#39;ils voulaient partir.<\/p>\n<p>Selon plusieurs principaux journalistes, dont Laurie Whitwell de The Athletic, Marcus Rashford, Antony, Jadon Sancho, Tyrell Malacia et Alejandro Garnacho ont tous signal\u00e9 leur intention de trouver un autre club.<\/p>\n<p>United aurait accept\u00e9 les demandes et aurait accord\u00e9 la permission \u00e0 chacun des cinq joueurs de ne faire rapport pour s&#39;entra\u00eener plus tard en juillet alors qu&#39;ils tentent de trouver une nouvelle maison.<\/p>\n<h3>Cinq pieds d\u00e9j\u00e0 hors de la porte<\/h3>\n<p>Cela signifie qu&#39;aucune des cinq ne sera en tourn\u00e9e de pr\u00e9-saison des \u00c9tats-Unis.<\/p>\n<p>Il n&#39;y a pas de nom sur la liste qui est un choc, avec quatre &#8211; Rashford, Antony, Malacia et Sancho &#8211; tous d\u00e9j\u00e0 pr\u00eats apr\u00e8s une s\u00e9paration des voies avec la direction de United.<\/p>\n<p>Garnacho \u00e9tait \u00e9galement connu pour \u00eatre m\u00e9content apr\u00e8s avoir \u00e9t\u00e9 exclu du XI de d\u00e9part de la finale de la Ligue Europa contre les Spurs en mai.<\/p>\n<p>Il avait \u00e9t\u00e9 rapport\u00e9 que l&#39;entra\u00eeneur-chef Roben Amorim avait dit \u00e0 l&#39;Argentin de se retrouver un autre club apr\u00e8s ses commentaires et ceux de son fr\u00e8re, sur les r\u00e9seaux sociaux.<\/p>\n<p>Cependant, ces nouvelles officielles du club mettent \u00e0 tous les espoirs persistants que les fans auraient pu voir un rapprochement entre le jeune talentueux et Amorim, ou m\u00eame de voir un autre favori des fans, Rashford, dans la c\u00e9l\u00e8bre chemise rouge.<\/p>\n<blockquote class=\"twitter-tweet\" data-width=\"550\" data-dnt=\"true\">\n<p lang=\"en\" dir=\"ltr\"><a rel=\"nofollow\" href=\"https:\/\/twitter.com\/hashtag\/MUFC?src=hash&amp;ref_src=twsrc%5Etfw\">#Mufc<\/a> Disons que Rashford, Antony, Garnacho, Sancho, Malacia ont d\u00e9clar\u00e9 \u00e0 Club qu&#39;ils souhaitaient explorer un avenir. Leur date de retour est donc retard\u00e9e jusqu&#39;\u00e0 plus tard en juillet.<\/p>\n<p>Cunha ne recevra pas de 10 chemises. Les repr\u00e9sentants de Rashford ont \u00e9t\u00e9 inform\u00e9s \u00e0 l&#39;avance.<\/p>\n<p>Plus <a rel=\"nofollow\" href=\"https:\/\/twitter.com\/TheAthleticFC?ref_src=twsrc%5Etfw\">@Theathleticfc<\/a> maintenant<\/p>\n<p>&#8211; Laurie Whitwell (@lauriewhitwell) <a rel=\"nofollow\" href=\"https:\/\/twitter.com\/lauriewhitwell\/status\/1941143087121670391?ref_src=twsrc%5Etfw\">4 juillet 2025<\/a><\/p>\n<\/blockquote>\n<blockquote class=\"twitter-tweet\" data-width=\"550\" data-dnt=\"true\">\n<p lang=\"en\" dir=\"ltr\">Matheus Cunha a officiellement re\u00e7u la chemise n \u00b0 10 \u00e0 Manchester United <a rel=\"nofollow\" href=\"https:\/\/twitter.com\/hashtag\/mufc?src=hash&amp;ref_src=twsrc%5Etfw\">#mufc<\/a><\/p>\n<p>&#8211; Rich Fay (@richfay) <a rel=\"nofollow\" href=\"https:\/\/twitter.com\/RichFay\/status\/1941141297697616179?ref_src=twsrc%5Etfw\">4 juillet 2025<\/a><\/p>\n<\/blockquote>\n<h3>Cinq sorties, mais combien en?<\/h3>\n<p>Normalement, lorsqu&#39;un club de Premier League perd cinq joueurs seniors, on s&#39;attendrait \u00e0 ce que cinq remplacements soient sign\u00e9s, mais il est peu probable que ce soit le cas \u00e0 Old Trafford.<\/p>\n<p>Malacia a sans doute d\u00e9j\u00e0 \u00e9t\u00e9 remplac\u00e9 par Patrick Dorgu en janvier et Rashford par Matheus Cunha en juin. Antony pourrait \u00eatre remplac\u00e9 par Bryan Mbeumo, qui est sur le point de sceller un mouvement. Sancho est peu susceptible de justifier un rempla\u00e7ant comparable, bien qu&#39;il y ait eu beaucoup de sp\u00e9culations sur un accord de swap, avec Douglas Luiz de la Juventus dans l&#39;autre sens.<\/p>\n<p>Pendant ce temps, l&#39;espoir de Rashford de r\u00e9aliser que son d\u00e9m\u00e9nagement de r\u00eave \u00e0 Barcelone a \u00e9t\u00e9 stimul\u00e9 ce matin lorsque la meilleure cible de Blaugrana, Nico Williams, a d\u00e9cid\u00e9 de signer un nouvel accord au Club sportif. Chelsea et Napoli semblent int\u00e9ress\u00e9s par Garnacho, mais il y a eu peu de mouvement r\u00e9cemment. Le club de pr\u00eats d&#39;Antony, Real Betis, essaie toujours de structurer un accord abordable pour le garder, mais pourtant, il n&#39;y a eu aucun int\u00e9r\u00eat signal\u00e9 pour Malacia.<\/p>\n<\/p>\n<hr>\n<p>Suivez-nous sur bluesky: @ PeopleSerson.bsky.social<br \/><!--Article End--><\/p>\n<p><!-- CONTENT END 3 --><\/p><\/div>\n<p><script async src=\"https:\/\/platform.twitter.com\/widgets.js\" charset=\"utf-8\"><\/script><\/p>\n","protected":false},"excerpt":{"rendered":"<p>2 Cinq stars de Manchester United ont inform\u00e9 le club qu&#39;ils voulaient partir. Selon plusieurs principaux journalistes, dont Laurie Whitwell de The Athletic, Marcus Rashford,<\/p>\n","protected":false},"author":1,"featured_media":21708,"comment_status":"closed","ping_status":"","sticky":false,"template":"","format":"standard","meta":{"footnotes":""},"categories":[3],"tags":[753,9763,791,93,1824,24,409,423,354,1338,2732,1376,13],"yoast_head":"<!-- This site is optimized with the Yoast SEO plugin v21.0 - https:\/\/yoast.com\/wordpress\/plugins\/seo\/ -->\n<title>Rashford, Garnacho, Sancho, Antony et Malacia tous demandent les transferts de Man United - Man United News and Transfer News<\/title>\n<meta name=\"robots\" content=\"index, follow, max-snippet:-1, max-image-preview:large, max-video-preview:-1\" \/>\n<link rel=\"canonical\" href=\"https:\/\/footdavant.fr\/actualites\/rashford-garnacho-sancho-antony-et-malacia-tous-demandent-les-transferts-de-man-united-man-united-news-and-transfer-news\/\" \/>\n<meta property=\"og:locale\" content=\"fr_FR\" \/>\n<meta property=\"og:type\" content=\"article\" \/>\n<meta property=\"og:title\" content=\"Rashford, Garnacho, Sancho, Antony et Malacia tous demandent les transferts de Man United - Man United News and Transfer News\" \/>\n<meta property=\"og:description\" content=\"2 Cinq stars de Manchester United ont inform\u00e9 le club qu&#039;ils voulaient partir. Selon plusieurs principaux journalistes, dont Laurie Whitwell de The Athletic, Marcus Rashford,\" \/>\n<meta property=\"og:url\" content=\"https:\/\/footdavant.fr\/actualites\/rashford-garnacho-sancho-antony-et-malacia-tous-demandent-les-transferts-de-man-united-man-united-news-and-transfer-news\/\" \/>\n<meta property=\"og:site_name\" content=\"Foot d&#039;avant\" \/>\n<meta property=\"article:publisher\" content=\"https:\/\/www.facebook.com\/Footdavant\/\" \/>\n<meta property=\"article:published_time\" content=\"2025-07-04T15:48:04+00:00\" \/>\n<meta property=\"article:modified_time\" content=\"2025-07-04T15:48:06+00:00\" \/>\n<meta property=\"og:image\" content=\"https:\/\/footdavant.fr\/actualites\/wp-content\/uploads\/2025\/03\/L39accord-d39echange-impliquant-Alejandro-Garnacho-et-Victor-Osimhen-ne-peuvent.jpg\" \/>\n\t<meta property=\"og:image:width\" content=\"1600\" \/>\n\t<meta property=\"og:image:height\" content=\"702\" \/>\n\t<meta property=\"og:image:type\" content=\"image\/jpeg\" \/>\n<meta name=\"author\" content=\"Cl\u00e9ment\" \/>\n<meta name=\"twitter:card\" content=\"summary_large_image\" \/>\n<meta name=\"twitter:creator\" content=\"@FootdavantFr\" \/>\n<meta name=\"twitter:site\" content=\"@FootdavantFr\" \/>\n<meta name=\"twitter:label1\" content=\"\u00c9crit par\" \/>\n\t<meta name=\"twitter:data1\" content=\"Cl\u00e9ment\" \/>\n\t<meta name=\"twitter:label2\" content=\"Dur\u00e9e de lecture estim\u00e9e\" \/>\n\t<meta name=\"twitter:data2\" content=\"3 minutes\" \/>\n<script type=\"application\/ld+json\" class=\"yoast-schema-graph\">{\"@context\":\"https:\/\/schema.org\",\"@graph\":[{\"@type\":\"Article\",\"@id\":\"https:\/\/footdavant.fr\/actualites\/rashford-garnacho-sancho-antony-et-malacia-tous-demandent-les-transferts-de-man-united-man-united-news-and-transfer-news\/#article\",\"isPartOf\":{\"@id\":\"https:\/\/footdavant.fr\/actualites\/rashford-garnacho-sancho-antony-et-malacia-tous-demandent-les-transferts-de-man-united-man-united-news-and-transfer-news\/\"},\"author\":{\"name\":\"Cl\u00e9ment\",\"@id\":\"https:\/\/footdavant.fr\/actualites\/#\/schema\/person\/bc222566d95871b37e597b3ed3ba5e1d\"},\"headline\":\"Rashford, Garnacho, Sancho, Antony et Malacia tous demandent les transferts de Man United &#8211; Man United News and Transfer News\",\"datePublished\":\"2025-07-04T15:48:04+00:00\",\"dateModified\":\"2025-07-04T15:48:06+00:00\",\"mainEntityOfPage\":{\"@id\":\"https:\/\/footdavant.fr\/actualites\/rashford-garnacho-sancho-antony-et-malacia-tous-demandent-les-transferts-de-man-united-man-united-news-and-transfer-news\/\"},\"wordCount\":553,\"publisher\":{\"@id\":\"https:\/\/footdavant.fr\/actualites\/#organization\"},\"keywords\":[\"Antony\",\"demandent\",\"Garnacho\",\"les\",\"Malacia\",\"Man\",\"News\",\"Rashford\",\"Sancho\",\"Tous\",\"Transfer\",\"transferts\",\"United\"],\"articleSection\":[\"Football\"],\"inLanguage\":\"fr-FR\"},{\"@type\":\"WebPage\",\"@id\":\"https:\/\/footdavant.fr\/actualites\/rashford-garnacho-sancho-antony-et-malacia-tous-demandent-les-transferts-de-man-united-man-united-news-and-transfer-news\/\",\"url\":\"https:\/\/footdavant.fr\/actualites\/rashford-garnacho-sancho-antony-et-malacia-tous-demandent-les-transferts-de-man-united-man-united-news-and-transfer-news\/\",\"name\":\"Rashford, Garnacho, Sancho, Antony et Malacia tous demandent les transferts de Man United - Man United News and Transfer News\",\"isPartOf\":{\"@id\":\"https:\/\/footdavant.fr\/actualites\/#website\"},\"datePublished\":\"2025-07-04T15:48:04+00:00\",\"dateModified\":\"2025-07-04T15:48:06+00:00\",\"breadcrumb\":{\"@id\":\"https:\/\/footdavant.fr\/actualites\/rashford-garnacho-sancho-antony-et-malacia-tous-demandent-les-transferts-de-man-united-man-united-news-and-transfer-news\/#breadcrumb\"},\"inLanguage\":\"fr-FR\",\"potentialAction\":[{\"@type\":\"ReadAction\",\"target\":[\"https:\/\/footdavant.fr\/actualites\/rashford-garnacho-sancho-antony-et-malacia-tous-demandent-les-transferts-de-man-united-man-united-news-and-transfer-news\/\"]}]},{\"@type\":\"BreadcrumbList\",\"@id\":\"https:\/\/footdavant.fr\/actualites\/rashford-garnacho-sancho-antony-et-malacia-tous-demandent-les-transferts-de-man-united-man-united-news-and-transfer-news\/#breadcrumb\",\"itemListElement\":[{\"@type\":\"ListItem\",\"position\":1,\"name\":\"Accueil\",\"item\":\"https:\/\/footdavant.fr\/actualites\/\"},{\"@type\":\"ListItem\",\"position\":2,\"name\":\"Rashford, Garnacho, Sancho, Antony et Malacia tous demandent les transferts de Man United &#8211; Man United News and Transfer News\"}]},{\"@type\":\"WebSite\",\"@id\":\"https:\/\/footdavant.fr\/actualites\/#website\",\"url\":\"https:\/\/footdavant.fr\/actualites\/\",\"name\":\"Foot d'avant\",\"description\":\"\",\"publisher\":{\"@id\":\"https:\/\/footdavant.fr\/actualites\/#organization\"},\"potentialAction\":[{\"@type\":\"SearchAction\",\"target\":{\"@type\":\"EntryPoint\",\"urlTemplate\":\"https:\/\/footdavant.fr\/actualites\/?s={search_term_string}\"},\"query-input\":\"required name=search_term_string\"}],\"inLanguage\":\"fr-FR\"},{\"@type\":\"Organization\",\"@id\":\"https:\/\/footdavant.fr\/actualites\/#organization\",\"name\":\"Foot d'avant\",\"url\":\"https:\/\/footdavant.fr\/actualites\/\",\"logo\":{\"@type\":\"ImageObject\",\"inLanguage\":\"fr-FR\",\"@id\":\"https:\/\/footdavant.fr\/actualites\/#\/schema\/logo\/image\/\",\"url\":\"https:\/\/footdavant.fr\/actualites\/wp-content\/uploads\/2023\/09\/Copy-of-FootDavant-Logo.png\",\"contentUrl\":\"https:\/\/footdavant.fr\/actualites\/wp-content\/uploads\/2023\/09\/Copy-of-FootDavant-Logo.png\",\"width\":936,\"height\":549,\"caption\":\"Foot d'avant\"},\"image\":{\"@id\":\"https:\/\/footdavant.fr\/actualites\/#\/schema\/logo\/image\/\"},\"sameAs\":[\"https:\/\/www.facebook.com\/Footdavant\/\",\"https:\/\/twitter.com\/FootdavantFr\",\"https:\/\/www.instagram.com\/footdavant.fr\/\"]},{\"@type\":\"Person\",\"@id\":\"https:\/\/footdavant.fr\/actualites\/#\/schema\/person\/bc222566d95871b37e597b3ed3ba5e1d\",\"name\":\"Cl\u00e9ment\",\"image\":{\"@type\":\"ImageObject\",\"inLanguage\":\"fr-FR\",\"@id\":\"https:\/\/footdavant.fr\/actualites\/#\/schema\/person\/image\/\",\"url\":\"https:\/\/secure.gravatar.com\/avatar\/7728b29aac2719421e1a9159b2254c44?s=96&d=mm&r=g\",\"contentUrl\":\"https:\/\/secure.gravatar.com\/avatar\/7728b29aac2719421e1a9159b2254c44?s=96&d=mm&r=g\",\"caption\":\"Cl\u00e9ment\"},\"sameAs\":[\"https:\/\/footdavant.fr\/\"]}]}<\/script>\n<!-- \/ Yoast SEO plugin. -->","yoast_head_json":{"title":"Rashford, Garnacho, Sancho, Antony et Malacia tous demandent les transferts de Man United - Man United News and Transfer News","robots":{"index":"index","follow":"follow","max-snippet":"max-snippet:-1","max-image-preview":"max-image-preview:large","max-video-preview":"max-video-preview:-1"},"canonical":"https:\/\/footdavant.fr\/actualites\/rashford-garnacho-sancho-antony-et-malacia-tous-demandent-les-transferts-de-man-united-man-united-news-and-transfer-news\/","og_locale":"fr_FR","og_type":"article","og_title":"Rashford, Garnacho, Sancho, Antony et Malacia tous demandent les transferts de Man United - Man United News and Transfer News","og_description":"2 Cinq stars de Manchester United ont inform\u00e9 le club qu&#39;ils voulaient partir. Selon plusieurs principaux journalistes, dont Laurie Whitwell de The Athletic, Marcus Rashford,","og_url":"https:\/\/footdavant.fr\/actualites\/rashford-garnacho-sancho-antony-et-malacia-tous-demandent-les-transferts-de-man-united-man-united-news-and-transfer-news\/","og_site_name":"Foot d&#039;avant","article_publisher":"https:\/\/www.facebook.com\/Footdavant\/","article_published_time":"2025-07-04T15:48:04+00:00","article_modified_time":"2025-07-04T15:48:06+00:00","og_image":[{"width":1600,"height":702,"url":"https:\/\/footdavant.fr\/actualites\/wp-content\/uploads\/2025\/03\/L39accord-d39echange-impliquant-Alejandro-Garnacho-et-Victor-Osimhen-ne-peuvent.jpg","type":"image\/jpeg"}],"author":"Cl\u00e9ment","twitter_card":"summary_large_image","twitter_creator":"@FootdavantFr","twitter_site":"@FootdavantFr","twitter_misc":{"\u00c9crit par":"Cl\u00e9ment","Dur\u00e9e de lecture estim\u00e9e":"3 minutes"},"schema":{"@context":"https:\/\/schema.org","@graph":[{"@type":"Article","@id":"https:\/\/footdavant.fr\/actualites\/rashford-garnacho-sancho-antony-et-malacia-tous-demandent-les-transferts-de-man-united-man-united-news-and-transfer-news\/#article","isPartOf":{"@id":"https:\/\/footdavant.fr\/actualites\/rashford-garnacho-sancho-antony-et-malacia-tous-demandent-les-transferts-de-man-united-man-united-news-and-transfer-news\/"},"author":{"name":"Cl\u00e9ment","@id":"https:\/\/footdavant.fr\/actualites\/#\/schema\/person\/bc222566d95871b37e597b3ed3ba5e1d"},"headline":"Rashford, Garnacho, Sancho, Antony et Malacia tous demandent les transferts de Man United &#8211; Man United News and Transfer News","datePublished":"2025-07-04T15:48:04+00:00","dateModified":"2025-07-04T15:48:06+00:00","mainEntityOfPage":{"@id":"https:\/\/footdavant.fr\/actualites\/rashford-garnacho-sancho-antony-et-malacia-tous-demandent-les-transferts-de-man-united-man-united-news-and-transfer-news\/"},"wordCount":553,"publisher":{"@id":"https:\/\/footdavant.fr\/actualites\/#organization"},"keywords":["Antony","demandent","Garnacho","les","Malacia","Man","News","Rashford","Sancho","Tous","Transfer","transferts","United"],"articleSection":["Football"],"inLanguage":"fr-FR"},{"@type":"WebPage","@id":"https:\/\/footdavant.fr\/actualites\/rashford-garnacho-sancho-antony-et-malacia-tous-demandent-les-transferts-de-man-united-man-united-news-and-transfer-news\/","url":"https:\/\/footdavant.fr\/actualites\/rashford-garnacho-sancho-antony-et-malacia-tous-demandent-les-transferts-de-man-united-man-united-news-and-transfer-news\/","name":"Rashford, Garnacho, Sancho, Antony et Malacia tous demandent les transferts de Man United - Man United News and Transfer News","isPartOf":{"@id":"https:\/\/footdavant.fr\/actualites\/#website"},"datePublished":"2025-07-04T15:48:04+00:00","dateModified":"2025-07-04T15:48:06+00:00","breadcrumb":{"@id":"https:\/\/footdavant.fr\/actualites\/rashford-garnacho-sancho-antony-et-malacia-tous-demandent-les-transferts-de-man-united-man-united-news-and-transfer-news\/#breadcrumb"},"inLanguage":"fr-FR","potentialAction":[{"@type":"ReadAction","target":["https:\/\/footdavant.fr\/actualites\/rashford-garnacho-sancho-antony-et-malacia-tous-demandent-les-transferts-de-man-united-man-united-news-and-transfer-news\/"]}]},{"@type":"BreadcrumbList","@id":"https:\/\/footdavant.fr\/actualites\/rashford-garnacho-sancho-antony-et-malacia-tous-demandent-les-transferts-de-man-united-man-united-news-and-transfer-news\/#breadcrumb","itemListElement":[{"@type":"ListItem","position":1,"name":"Accueil","item":"https:\/\/footdavant.fr\/actualites\/"},{"@type":"ListItem","position":2,"name":"Rashford, Garnacho, Sancho, Antony et Malacia tous demandent les transferts de Man United &#8211; Man United News and Transfer News"}]},{"@type":"WebSite","@id":"https:\/\/footdavant.fr\/actualites\/#website","url":"https:\/\/footdavant.fr\/actualites\/","name":"Foot d'avant","description":"","publisher":{"@id":"https:\/\/footdavant.fr\/actualites\/#organization"},"potentialAction":[{"@type":"SearchAction","target":{"@type":"EntryPoint","urlTemplate":"https:\/\/footdavant.fr\/actualites\/?s={search_term_string}"},"query-input":"required name=search_term_string"}],"inLanguage":"fr-FR"},{"@type":"Organization","@id":"https:\/\/footdavant.fr\/actualites\/#organization","name":"Foot d'avant","url":"https:\/\/footdavant.fr\/actualites\/","logo":{"@type":"ImageObject","inLanguage":"fr-FR","@id":"https:\/\/footdavant.fr\/actualites\/#\/schema\/logo\/image\/","url":"https:\/\/footdavant.fr\/actualites\/wp-content\/uploads\/2023\/09\/Copy-of-FootDavant-Logo.png","contentUrl":"https:\/\/footdavant.fr\/actualites\/wp-content\/uploads\/2023\/09\/Copy-of-FootDavant-Logo.png","width":936,"height":549,"caption":"Foot d'avant"},"image":{"@id":"https:\/\/footdavant.fr\/actualites\/#\/schema\/logo\/image\/"},"sameAs":["https:\/\/www.facebook.com\/Footdavant\/","https:\/\/twitter.com\/FootdavantFr","https:\/\/www.instagram.com\/footdavant.fr\/"]},{"@type":"Person","@id":"https:\/\/footdavant.fr\/actualites\/#\/schema\/person\/bc222566d95871b37e597b3ed3ba5e1d","name":"Cl\u00e9ment","image":{"@type":"ImageObject","inLanguage":"fr-FR","@id":"https:\/\/footdavant.fr\/actualites\/#\/schema\/person\/image\/","url":"https:\/\/secure.gravatar.com\/avatar\/7728b29aac2719421e1a9159b2254c44?s=96&d=mm&r=g","contentUrl":"https:\/\/secure.gravatar.com\/avatar\/7728b29aac2719421e1a9159b2254c44?s=96&d=mm&r=g","caption":"Cl\u00e9ment"},"sameAs":["https:\/\/footdavant.fr\/"]}]}},"_links":{"self":[{"href":"https:\/\/footdavant.fr\/actualites\/wp-json\/wp\/v2\/posts\/25743"}],"collection":[{"href":"https:\/\/footdavant.fr\/actualites\/wp-json\/wp\/v2\/posts"}],"about":[{"href":"https:\/\/footdavant.fr\/actualites\/wp-json\/wp\/v2\/types\/post"}],"author":[{"embeddable":true,"href":"https:\/\/footdavant.fr\/actualites\/wp-json\/wp\/v2\/users\/1"}],"replies":[{"embeddable":true,"href":"https:\/\/footdavant.fr\/actualites\/wp-json\/wp\/v2\/comments?post=25743"}],"version-history":[{"count":1,"href":"https:\/\/footdavant.fr\/actualites\/wp-json\/wp\/v2\/posts\/25743\/revisions"}],"predecessor-version":[{"id":25744,"href":"https:\/\/footdavant.fr\/actualites\/wp-json\/wp\/v2\/posts\/25743\/revisions\/25744"}],"wp:featuredmedia":[{"embeddable":true,"href":"https:\/\/footdavant.fr\/actualites\/wp-json\/wp\/v2\/media\/21708"}],"wp:attachment":[{"href":"https:\/\/footdavant.fr\/actualites\/wp-json\/wp\/v2\/media?parent=25743"}],"wp:term":[{"taxonomy":"category","embeddable":true,"href":"https:\/\/footdavant.fr\/actualites\/wp-json\/wp\/v2\/categories?post=25743"},{"taxonomy":"post_tag","embeddable":true,"href":"https:\/\/footdavant.fr\/actualites\/wp-json\/wp\/v2\/tags?post=25743"}],"curies":[{"name":"wp","href":"https:\/\/api.w.org\/{rel}","templated":true}]}}