{"id":25751,"date":"2025-07-04T23:48:13","date_gmt":"2025-07-04T21:48:13","guid":{"rendered":"https:\/\/footdavant.fr\/actualites\/horaire-de-pre-saison-darsenal-qui-jouent-ils-puis-je-regarder-martin-zubimenddi-fera-t-il-ses-debuts\/"},"modified":"2025-07-04T23:48:15","modified_gmt":"2025-07-04T21:48:15","slug":"horaire-de-pre-saison-darsenal-qui-jouent-ils-puis-je-regarder-martin-zubimenddi-fera-t-il-ses-debuts","status":"publish","type":"post","link":"https:\/\/footdavant.fr\/actualites\/horaire-de-pre-saison-darsenal-qui-jouent-ils-puis-je-regarder-martin-zubimenddi-fera-t-il-ses-debuts\/","title":{"rendered":"Horaire de pr\u00e9-saison d&#39;Arsenal: qui jouent-ils? Puis-je regarder? Martin Zubimenddi fera-t-il ses d\u00e9buts?"},"content":{"rendered":"<p>Sports Mole jette un aper\u00e7u approfondi du calendrier de pr\u00e9-saison d&#39;\u00e9t\u00e9 d&#39;Arsenal, y compris des d\u00e9tails sur qui ils joueront, comment suivre les matchs et si la nouvelle signature Martin Zubimenddi pourrait figurer.<\/p>\n<div id=\"article_body\" itemprop=\"articleBody\">\n<p>Comme <strong class=\"autotag\">Arsenal<\/strong> La directrice sportive Andrea Berta travaille 24 heures sur 24 pour faire venir l&#39;attaquant que les Gooners sont en train de faire envie, <strong class=\"autotag\">Mikel Arteta<\/strong>La r\u00e9colte sera bient\u00f4t mise \u00e0 l&#39;\u00e9preuve dans une autre pr\u00e9-saison ext\u00e9nuante.<\/p>\n<p>Une p\u00e9riode pr\u00e9liminaire positive est de la plus haute importance pour les Gunners, qui sont plus d\u00e9sesp\u00e9r\u00e9s que jamais de secouer l&#39;\u00e9tiquette de la Premier League \u00e9galement \u00e0 la suite de trois m\u00e9dailles d&#39;argent cons\u00e9cutives dans l&#39;\u00e9lite.<\/p>\n<p>Comme beaucoup de leurs rivaux, Arsenal se d\u00e9placera \u00e0 mi-chemin du monde pour tester leur courage dans les temp\u00e9ratures fiscales, avant de cl\u00f4turer tr\u00e8s probablement la p\u00e9riode amicale avec leur match annuel Emirates Cup.<\/p>\n<p>Ici, <strong>Taupe de sport <\/strong>Fournit tout ce que vous devez savoir sur le calendrier de pr\u00e9-saison d&#39;Arsenal, y compris les d\u00e9tails sur leurs adversaires, comment se connecter aux matchs et si l&#39;une de leurs nouvelles signatures pourrait \u00eatre impliqu\u00e9e.<\/p>\n<hr>\n<p><\/p>\n<h2>Qui jouent Arsenal en pr\u00e9-saison?<\/h2>\n<p>Plut\u00f4t que de se rendre \u00e0 nouveau aux \u00c9tats-Unis &#8211; comme ils l&#39;ont fait au cours des derni\u00e8res ann\u00e9es &#8211; Arsenal va partir en Asie pour la tourn\u00e9e de pr\u00e9-saison de cet \u00e9t\u00e9, jouant deux matches \u00e0 Singapour et un \u00e0 Hong Kong.<\/p>\n<p>Avant de monter \u00e0 bord de leur vol vers l&#39;est, cependant, l&#39;\u00e9quipe serait pr\u00eate pour un camp d&#39;entra\u00eenement d&#39;une semaine dans le complexe espagnol de LA Manga &#8211; situ\u00e9 pr\u00e8s de Murcia &#8211; bien qu&#39;ils ne soient pas cens\u00e9s y jouer de matchs.<\/p>\n<p>Apr\u00e8s avoir atterri \u00e0 Singapour, le premier match officiel de Pre-saison des Gunners s&#39;adresse aux g\u00e9ants italiens AC Milan, auxquels ils sont confront\u00e9s au stade national de Kallang le 23 juillet \u00e0 12h30, heure du Royaume-Uni (19h30 heure locale).<\/p>\n<p>Quatre jours plus tard, le 27 juillet, les hommes d&#39;Arteta renouvellent les hostilit\u00e9s avec Newcastle United dans le m\u00eame endroit, avant de se lancer dans un voyage \u00e0 Hong Kong pour un dernier match \u00e0 succ\u00e8s en tourn\u00e9e.<\/p>\n<p>L\u00e0, Arsenal rencontre les rivaux amers Tottenham Hotspur pour une it\u00e9ration \u00ab\u00a0 amicale &#39;&#39; du Derby du Nord de Londres, face \u00e0 l&#39;\u00e9quipe de Thomas Frank le 31 juillet au Kai Tak Sports Park; Le coup d&#39;envoi est pr\u00e9vu pour 11 h 30 l&#39;heure au Royaume-Uni.<\/p>\n<p>Les d\u00e9tails de la Coupe Emirates de cette ann\u00e9e doivent encore \u00eatre confirm\u00e9s, mais les Gunners devraient affronter Bilbao athl\u00e9tique le neuvi\u00e8me ou le 10 ao\u00fbt, la semaine avant le d\u00e9but de la Premier League.<\/p>\n<h3>Horaire de pr\u00e9-saison Arsenal 2025-26:<\/h3>\n<p><strong>23 juillet:<\/strong> Arsenal contre AC Milan (12h30 BST | Stadium national, Singapour)<\/p>\n<p><strong>27 juillet:<\/strong> Arsenal contre Newcastle United (12h30 BST | Stadium national, Singapour)<\/p>\n<p><strong>31 juillet:<\/strong> Arsenal contre Tottenham Hotspur (11h30 BST | Kai Tak Sports Park, Hong Kong)<\/p>\n<p><strong>Ao\u00fbt 9\/10: <\/strong>Arsenal vs Athletic Bilbao (TBA | Emirates Stadium) *<\/p>\n<p><em>* TBC<\/em><\/p>\n<hr>\n<p><\/p>\n<h2>Puis-je regarder les matchs amicaux de pr\u00e9-saison d&#39;Arsenal?<\/h2>\n<p>Au moment de la r\u00e9daction du pr\u00e9sent document, il n&#39;y a pas d&#39;informations accessibles au public sur la fa\u00e7on dont les fans d&#39;Arsenal peuvent regarder leurs trois matchs amicaux contre Milan, Newcastle et Tottenham en Asie.<\/p>\n<p>Cependant, le site officiel d&#39;Arsenal a d\u00e9j\u00e0 confirm\u00e9 que les commentaires en direct seront disponibles pour les trois jeux sur Arsenal.com et l&#39;application correspondante.<\/p>\n<p>Pendant ce temps, l&#39;Emirates Cup devrait \u00eatre diffus\u00e9 en direct sur Arsenal.com, probablement sur une base de paiement pour les membres du club.<\/p>\n<hr>\n<p><\/p>\n<h2>Volont\u00e9 <strong class=\"autotag\">Martin Zubimendi<\/strong> Jouez aux matchs amicaux de pr\u00e9-saison d&#39;Arsenal?<\/h2>\n<p class=\"imgI\">\n<p>Arsenal a rendu son premier officiel de signature d&#39;\u00e9t\u00e9 le 1er juillet, <strong>Confirmer l&#39;arriv\u00e9e <\/strong>de Kepa Arrizabalaga de Chelsea dans un accord de 5 millions de livres sterling, et l&#39;Espagnol sera sans aucun doute dans l&#39;avion pour l&#39;Asie.<\/p>\n<p>La signature de Kepa devrait \u00eatre suivie par le d\u00e9voilement de Martin Zubimendi, qui a d\u00e9j\u00e0 \u00e9t\u00e9 \u00e0 Londres pour remplir les formalit\u00e9s de son transfert de la Real Sociedad, qui co\u00fbtera \u00e0 Arsenal sup\u00e9rieur \u00e0 50 millions de livres sterling.<\/p>\n<p>Il y avait de br\u00e8ves craintes d&#39;un d\u00e9tournement du Real Madrid tardif, mais l&#39;accord est aussi bon que fait, et tout ce qui reste maintenant, c&#39;est qu&#39;Arsenal annonce officiellement la signature de Zubimenddi.<\/p>\n<p>La seule raison pour laquelle ils ne l&#39;ont pas encore fait est que la Real Sociedad voulait que l&#39;accord soit inclus sur leurs comptes financiers pour 2025-26; L&#39;exercice 2024-2025 a termin\u00e9 fin juin.<\/p>\n<p>En cons\u00e9quence, Zubimenddi sera presque certainement impliqu\u00e9e dans l&#39;\u00e9quipe d&#39;Arteta dans leur tourn\u00e9e d&#39;\u00e9t\u00e9, tout comme Cristhian Mosquera et Christian Norgaard selon la rapidit\u00e9 avec laquelle Arsenal peut obtenir un ou les deux offres sur la ligne.<\/p>\n<div class=\"author_box\">\n<div class=\"author_box_banner\"> <img decoding=\"async\" class=\"author_img\" src=\"https:\/\/footdavant.fr\/actualites\/wp-content\/uploads\/2025\/06\/1749127685_316_Equipe-de-la-Ligue-des-champions-du-tournoi-Lamine-Yamal.jpg\"><\/div>\n<\/div>\n<\/div>\n","protected":false},"excerpt":{"rendered":"<p>Sports Mole jette un aper\u00e7u approfondi du calendrier de pr\u00e9-saison d&#39;\u00e9t\u00e9 d&#39;Arsenal, y compris des d\u00e9tails sur qui ils joueront, comment suivre les matchs et<\/p>\n","protected":false},"author":1,"featured_media":25752,"comment_status":"closed","ping_status":"","sticky":false,"template":"","format":"standard","meta":{"footnotes":""},"categories":[5],"tags":[4221,721,6408,8579,9757,892,1517,9758,243,2132,154,8366],"yoast_head":"<!-- This site is optimized with the Yoast SEO plugin v21.0 - https:\/\/yoast.com\/wordpress\/plugins\/seo\/ -->\n<title>Horaire de pr\u00e9-saison d&#039;Arsenal: qui jouent-ils? Puis-je regarder? Martin Zubimenddi fera-t-il ses d\u00e9buts?<\/title>\n<meta name=\"robots\" content=\"index, follow, max-snippet:-1, max-image-preview:large, max-video-preview:-1\" \/>\n<link rel=\"canonical\" href=\"https:\/\/footdavant.fr\/actualites\/horaire-de-pre-saison-darsenal-qui-jouent-ils-puis-je-regarder-martin-zubimenddi-fera-t-il-ses-debuts\/\" \/>\n<meta property=\"og:locale\" content=\"fr_FR\" \/>\n<meta property=\"og:type\" content=\"article\" \/>\n<meta property=\"og:title\" content=\"Horaire de pr\u00e9-saison d&#039;Arsenal: qui jouent-ils? Puis-je regarder? Martin Zubimenddi fera-t-il ses d\u00e9buts?\" \/>\n<meta property=\"og:description\" content=\"Sports Mole jette un aper\u00e7u approfondi du calendrier de pr\u00e9-saison d&#039;\u00e9t\u00e9 d&#039;Arsenal, y compris des d\u00e9tails sur qui ils joueront, comment suivre les matchs et\" \/>\n<meta property=\"og:url\" content=\"https:\/\/footdavant.fr\/actualites\/horaire-de-pre-saison-darsenal-qui-jouent-ils-puis-je-regarder-martin-zubimenddi-fera-t-il-ses-debuts\/\" \/>\n<meta property=\"og:site_name\" content=\"Foot d&#039;avant\" \/>\n<meta property=\"article:publisher\" content=\"https:\/\/www.facebook.com\/Footdavant\/\" \/>\n<meta property=\"article:published_time\" content=\"2025-07-04T21:48:13+00:00\" \/>\n<meta property=\"article:modified_time\" content=\"2025-07-04T21:48:15+00:00\" \/>\n<meta property=\"og:image\" content=\"https:\/\/footdavant.fr\/actualites\/wp-content\/uploads\/2025\/07\/1751665694_Horaire-de-pre-saison-d39Arsenal-qui-jouent-ils-Puis-je-regarder-Martin-Zubimenddi.jpg\" \/>\n\t<meta property=\"og:image:width\" content=\"640\" \/>\n\t<meta property=\"og:image:height\" content=\"480\" \/>\n\t<meta property=\"og:image:type\" content=\"image\/jpeg\" \/>\n<meta name=\"author\" content=\"Cl\u00e9ment\" \/>\n<meta name=\"twitter:card\" content=\"summary_large_image\" \/>\n<meta name=\"twitter:creator\" content=\"@FootdavantFr\" \/>\n<meta name=\"twitter:site\" content=\"@FootdavantFr\" \/>\n<meta name=\"twitter:label1\" content=\"\u00c9crit par\" \/>\n\t<meta name=\"twitter:data1\" content=\"Cl\u00e9ment\" \/>\n\t<meta name=\"twitter:label2\" content=\"Dur\u00e9e de lecture estim\u00e9e\" \/>\n\t<meta name=\"twitter:data2\" content=\"4 minutes\" \/>\n<script type=\"application\/ld+json\" class=\"yoast-schema-graph\">{\"@context\":\"https:\/\/schema.org\",\"@graph\":[{\"@type\":\"Article\",\"@id\":\"https:\/\/footdavant.fr\/actualites\/horaire-de-pre-saison-darsenal-qui-jouent-ils-puis-je-regarder-martin-zubimenddi-fera-t-il-ses-debuts\/#article\",\"isPartOf\":{\"@id\":\"https:\/\/footdavant.fr\/actualites\/horaire-de-pre-saison-darsenal-qui-jouent-ils-puis-je-regarder-martin-zubimenddi-fera-t-il-ses-debuts\/\"},\"author\":{\"name\":\"Cl\u00e9ment\",\"@id\":\"https:\/\/footdavant.fr\/actualites\/#\/schema\/person\/bc222566d95871b37e597b3ed3ba5e1d\"},\"headline\":\"Horaire de pr\u00e9-saison d&#39;Arsenal: qui jouent-ils? Puis-je regarder? Martin Zubimenddi fera-t-il ses d\u00e9buts?\",\"datePublished\":\"2025-07-04T21:48:13+00:00\",\"dateModified\":\"2025-07-04T21:48:15+00:00\",\"mainEntityOfPage\":{\"@id\":\"https:\/\/footdavant.fr\/actualites\/horaire-de-pre-saison-darsenal-qui-jouent-ils-puis-je-regarder-martin-zubimenddi-fera-t-il-ses-debuts\/\"},\"wordCount\":861,\"publisher\":{\"@id\":\"https:\/\/footdavant.fr\/actualites\/#organization\"},\"keywords\":[\"d39Arsenal\",\"d\u00e9buts\",\"feratil\",\"horaire\",\"jouentils\",\"Martin\",\"pr\u00e9saison\",\"Puisje\",\"qui\",\"regarder\",\"ses\",\"Zubimenddi\"],\"articleSection\":[\"Premier League\"],\"inLanguage\":\"fr-FR\"},{\"@type\":\"WebPage\",\"@id\":\"https:\/\/footdavant.fr\/actualites\/horaire-de-pre-saison-darsenal-qui-jouent-ils-puis-je-regarder-martin-zubimenddi-fera-t-il-ses-debuts\/\",\"url\":\"https:\/\/footdavant.fr\/actualites\/horaire-de-pre-saison-darsenal-qui-jouent-ils-puis-je-regarder-martin-zubimenddi-fera-t-il-ses-debuts\/\",\"name\":\"Horaire de pr\u00e9-saison d&#39;Arsenal: qui jouent-ils? Puis-je regarder? Martin Zubimenddi fera-t-il ses d\u00e9buts?\",\"isPartOf\":{\"@id\":\"https:\/\/footdavant.fr\/actualites\/#website\"},\"datePublished\":\"2025-07-04T21:48:13+00:00\",\"dateModified\":\"2025-07-04T21:48:15+00:00\",\"breadcrumb\":{\"@id\":\"https:\/\/footdavant.fr\/actualites\/horaire-de-pre-saison-darsenal-qui-jouent-ils-puis-je-regarder-martin-zubimenddi-fera-t-il-ses-debuts\/#breadcrumb\"},\"inLanguage\":\"fr-FR\",\"potentialAction\":[{\"@type\":\"ReadAction\",\"target\":[\"https:\/\/footdavant.fr\/actualites\/horaire-de-pre-saison-darsenal-qui-jouent-ils-puis-je-regarder-martin-zubimenddi-fera-t-il-ses-debuts\/\"]}]},{\"@type\":\"BreadcrumbList\",\"@id\":\"https:\/\/footdavant.fr\/actualites\/horaire-de-pre-saison-darsenal-qui-jouent-ils-puis-je-regarder-martin-zubimenddi-fera-t-il-ses-debuts\/#breadcrumb\",\"itemListElement\":[{\"@type\":\"ListItem\",\"position\":1,\"name\":\"Accueil\",\"item\":\"https:\/\/footdavant.fr\/actualites\/\"},{\"@type\":\"ListItem\",\"position\":2,\"name\":\"Horaire de pr\u00e9-saison d&#39;Arsenal: qui jouent-ils? Puis-je regarder? Martin Zubimenddi fera-t-il ses d\u00e9buts?\"}]},{\"@type\":\"WebSite\",\"@id\":\"https:\/\/footdavant.fr\/actualites\/#website\",\"url\":\"https:\/\/footdavant.fr\/actualites\/\",\"name\":\"Foot d'avant\",\"description\":\"\",\"publisher\":{\"@id\":\"https:\/\/footdavant.fr\/actualites\/#organization\"},\"potentialAction\":[{\"@type\":\"SearchAction\",\"target\":{\"@type\":\"EntryPoint\",\"urlTemplate\":\"https:\/\/footdavant.fr\/actualites\/?s={search_term_string}\"},\"query-input\":\"required name=search_term_string\"}],\"inLanguage\":\"fr-FR\"},{\"@type\":\"Organization\",\"@id\":\"https:\/\/footdavant.fr\/actualites\/#organization\",\"name\":\"Foot d'avant\",\"url\":\"https:\/\/footdavant.fr\/actualites\/\",\"logo\":{\"@type\":\"ImageObject\",\"inLanguage\":\"fr-FR\",\"@id\":\"https:\/\/footdavant.fr\/actualites\/#\/schema\/logo\/image\/\",\"url\":\"https:\/\/footdavant.fr\/actualites\/wp-content\/uploads\/2023\/09\/Copy-of-FootDavant-Logo.png\",\"contentUrl\":\"https:\/\/footdavant.fr\/actualites\/wp-content\/uploads\/2023\/09\/Copy-of-FootDavant-Logo.png\",\"width\":936,\"height\":549,\"caption\":\"Foot d'avant\"},\"image\":{\"@id\":\"https:\/\/footdavant.fr\/actualites\/#\/schema\/logo\/image\/\"},\"sameAs\":[\"https:\/\/www.facebook.com\/Footdavant\/\",\"https:\/\/twitter.com\/FootdavantFr\",\"https:\/\/www.instagram.com\/footdavant.fr\/\"]},{\"@type\":\"Person\",\"@id\":\"https:\/\/footdavant.fr\/actualites\/#\/schema\/person\/bc222566d95871b37e597b3ed3ba5e1d\",\"name\":\"Cl\u00e9ment\",\"image\":{\"@type\":\"ImageObject\",\"inLanguage\":\"fr-FR\",\"@id\":\"https:\/\/footdavant.fr\/actualites\/#\/schema\/person\/image\/\",\"url\":\"https:\/\/secure.gravatar.com\/avatar\/7728b29aac2719421e1a9159b2254c44?s=96&d=mm&r=g\",\"contentUrl\":\"https:\/\/secure.gravatar.com\/avatar\/7728b29aac2719421e1a9159b2254c44?s=96&d=mm&r=g\",\"caption\":\"Cl\u00e9ment\"},\"sameAs\":[\"https:\/\/footdavant.fr\/\"]}]}<\/script>\n<!-- \/ Yoast SEO plugin. -->","yoast_head_json":{"title":"Horaire de pr\u00e9-saison d&#39;Arsenal: qui jouent-ils? Puis-je regarder? Martin Zubimenddi fera-t-il ses d\u00e9buts?","robots":{"index":"index","follow":"follow","max-snippet":"max-snippet:-1","max-image-preview":"max-image-preview:large","max-video-preview":"max-video-preview:-1"},"canonical":"https:\/\/footdavant.fr\/actualites\/horaire-de-pre-saison-darsenal-qui-jouent-ils-puis-je-regarder-martin-zubimenddi-fera-t-il-ses-debuts\/","og_locale":"fr_FR","og_type":"article","og_title":"Horaire de pr\u00e9-saison d&#39;Arsenal: qui jouent-ils? Puis-je regarder? Martin Zubimenddi fera-t-il ses d\u00e9buts?","og_description":"Sports Mole jette un aper\u00e7u approfondi du calendrier de pr\u00e9-saison d&#39;\u00e9t\u00e9 d&#39;Arsenal, y compris des d\u00e9tails sur qui ils joueront, comment suivre les matchs et","og_url":"https:\/\/footdavant.fr\/actualites\/horaire-de-pre-saison-darsenal-qui-jouent-ils-puis-je-regarder-martin-zubimenddi-fera-t-il-ses-debuts\/","og_site_name":"Foot d&#039;avant","article_publisher":"https:\/\/www.facebook.com\/Footdavant\/","article_published_time":"2025-07-04T21:48:13+00:00","article_modified_time":"2025-07-04T21:48:15+00:00","og_image":[{"width":640,"height":480,"url":"https:\/\/footdavant.fr\/actualites\/wp-content\/uploads\/2025\/07\/1751665694_Horaire-de-pre-saison-d39Arsenal-qui-jouent-ils-Puis-je-regarder-Martin-Zubimenddi.jpg","type":"image\/jpeg"}],"author":"Cl\u00e9ment","twitter_card":"summary_large_image","twitter_creator":"@FootdavantFr","twitter_site":"@FootdavantFr","twitter_misc":{"\u00c9crit par":"Cl\u00e9ment","Dur\u00e9e de lecture estim\u00e9e":"4 minutes"},"schema":{"@context":"https:\/\/schema.org","@graph":[{"@type":"Article","@id":"https:\/\/footdavant.fr\/actualites\/horaire-de-pre-saison-darsenal-qui-jouent-ils-puis-je-regarder-martin-zubimenddi-fera-t-il-ses-debuts\/#article","isPartOf":{"@id":"https:\/\/footdavant.fr\/actualites\/horaire-de-pre-saison-darsenal-qui-jouent-ils-puis-je-regarder-martin-zubimenddi-fera-t-il-ses-debuts\/"},"author":{"name":"Cl\u00e9ment","@id":"https:\/\/footdavant.fr\/actualites\/#\/schema\/person\/bc222566d95871b37e597b3ed3ba5e1d"},"headline":"Horaire de pr\u00e9-saison d&#39;Arsenal: qui jouent-ils? Puis-je regarder? Martin Zubimenddi fera-t-il ses d\u00e9buts?","datePublished":"2025-07-04T21:48:13+00:00","dateModified":"2025-07-04T21:48:15+00:00","mainEntityOfPage":{"@id":"https:\/\/footdavant.fr\/actualites\/horaire-de-pre-saison-darsenal-qui-jouent-ils-puis-je-regarder-martin-zubimenddi-fera-t-il-ses-debuts\/"},"wordCount":861,"publisher":{"@id":"https:\/\/footdavant.fr\/actualites\/#organization"},"keywords":["d39Arsenal","d\u00e9buts","feratil","horaire","jouentils","Martin","pr\u00e9saison","Puisje","qui","regarder","ses","Zubimenddi"],"articleSection":["Premier League"],"inLanguage":"fr-FR"},{"@type":"WebPage","@id":"https:\/\/footdavant.fr\/actualites\/horaire-de-pre-saison-darsenal-qui-jouent-ils-puis-je-regarder-martin-zubimenddi-fera-t-il-ses-debuts\/","url":"https:\/\/footdavant.fr\/actualites\/horaire-de-pre-saison-darsenal-qui-jouent-ils-puis-je-regarder-martin-zubimenddi-fera-t-il-ses-debuts\/","name":"Horaire de pr\u00e9-saison d&#39;Arsenal: qui jouent-ils? Puis-je regarder? Martin Zubimenddi fera-t-il ses d\u00e9buts?","isPartOf":{"@id":"https:\/\/footdavant.fr\/actualites\/#website"},"datePublished":"2025-07-04T21:48:13+00:00","dateModified":"2025-07-04T21:48:15+00:00","breadcrumb":{"@id":"https:\/\/footdavant.fr\/actualites\/horaire-de-pre-saison-darsenal-qui-jouent-ils-puis-je-regarder-martin-zubimenddi-fera-t-il-ses-debuts\/#breadcrumb"},"inLanguage":"fr-FR","potentialAction":[{"@type":"ReadAction","target":["https:\/\/footdavant.fr\/actualites\/horaire-de-pre-saison-darsenal-qui-jouent-ils-puis-je-regarder-martin-zubimenddi-fera-t-il-ses-debuts\/"]}]},{"@type":"BreadcrumbList","@id":"https:\/\/footdavant.fr\/actualites\/horaire-de-pre-saison-darsenal-qui-jouent-ils-puis-je-regarder-martin-zubimenddi-fera-t-il-ses-debuts\/#breadcrumb","itemListElement":[{"@type":"ListItem","position":1,"name":"Accueil","item":"https:\/\/footdavant.fr\/actualites\/"},{"@type":"ListItem","position":2,"name":"Horaire de pr\u00e9-saison d&#39;Arsenal: qui jouent-ils? Puis-je regarder? Martin Zubimenddi fera-t-il ses d\u00e9buts?"}]},{"@type":"WebSite","@id":"https:\/\/footdavant.fr\/actualites\/#website","url":"https:\/\/footdavant.fr\/actualites\/","name":"Foot d'avant","description":"","publisher":{"@id":"https:\/\/footdavant.fr\/actualites\/#organization"},"potentialAction":[{"@type":"SearchAction","target":{"@type":"EntryPoint","urlTemplate":"https:\/\/footdavant.fr\/actualites\/?s={search_term_string}"},"query-input":"required name=search_term_string"}],"inLanguage":"fr-FR"},{"@type":"Organization","@id":"https:\/\/footdavant.fr\/actualites\/#organization","name":"Foot d'avant","url":"https:\/\/footdavant.fr\/actualites\/","logo":{"@type":"ImageObject","inLanguage":"fr-FR","@id":"https:\/\/footdavant.fr\/actualites\/#\/schema\/logo\/image\/","url":"https:\/\/footdavant.fr\/actualites\/wp-content\/uploads\/2023\/09\/Copy-of-FootDavant-Logo.png","contentUrl":"https:\/\/footdavant.fr\/actualites\/wp-content\/uploads\/2023\/09\/Copy-of-FootDavant-Logo.png","width":936,"height":549,"caption":"Foot d'avant"},"image":{"@id":"https:\/\/footdavant.fr\/actualites\/#\/schema\/logo\/image\/"},"sameAs":["https:\/\/www.facebook.com\/Footdavant\/","https:\/\/twitter.com\/FootdavantFr","https:\/\/www.instagram.com\/footdavant.fr\/"]},{"@type":"Person","@id":"https:\/\/footdavant.fr\/actualites\/#\/schema\/person\/bc222566d95871b37e597b3ed3ba5e1d","name":"Cl\u00e9ment","image":{"@type":"ImageObject","inLanguage":"fr-FR","@id":"https:\/\/footdavant.fr\/actualites\/#\/schema\/person\/image\/","url":"https:\/\/secure.gravatar.com\/avatar\/7728b29aac2719421e1a9159b2254c44?s=96&d=mm&r=g","contentUrl":"https:\/\/secure.gravatar.com\/avatar\/7728b29aac2719421e1a9159b2254c44?s=96&d=mm&r=g","caption":"Cl\u00e9ment"},"sameAs":["https:\/\/footdavant.fr\/"]}]}},"_links":{"self":[{"href":"https:\/\/footdavant.fr\/actualites\/wp-json\/wp\/v2\/posts\/25751"}],"collection":[{"href":"https:\/\/footdavant.fr\/actualites\/wp-json\/wp\/v2\/posts"}],"about":[{"href":"https:\/\/footdavant.fr\/actualites\/wp-json\/wp\/v2\/types\/post"}],"author":[{"embeddable":true,"href":"https:\/\/footdavant.fr\/actualites\/wp-json\/wp\/v2\/users\/1"}],"replies":[{"embeddable":true,"href":"https:\/\/footdavant.fr\/actualites\/wp-json\/wp\/v2\/comments?post=25751"}],"version-history":[{"count":1,"href":"https:\/\/footdavant.fr\/actualites\/wp-json\/wp\/v2\/posts\/25751\/revisions"}],"predecessor-version":[{"id":25753,"href":"https:\/\/footdavant.fr\/actualites\/wp-json\/wp\/v2\/posts\/25751\/revisions\/25753"}],"wp:featuredmedia":[{"embeddable":true,"href":"https:\/\/footdavant.fr\/actualites\/wp-json\/wp\/v2\/media\/25752"}],"wp:attachment":[{"href":"https:\/\/footdavant.fr\/actualites\/wp-json\/wp\/v2\/media?parent=25751"}],"wp:term":[{"taxonomy":"category","embeddable":true,"href":"https:\/\/footdavant.fr\/actualites\/wp-json\/wp\/v2\/categories?post=25751"},{"taxonomy":"post_tag","embeddable":true,"href":"https:\/\/footdavant.fr\/actualites\/wp-json\/wp\/v2\/tags?post=25751"}],"curies":[{"name":"wp","href":"https:\/\/api.w.org\/{rel}","templated":true}]}}