{"id":25756,"date":"2025-07-05T01:48:20","date_gmt":"2025-07-04T23:48:20","guid":{"rendered":"https:\/\/footdavant.fr\/actualites\/visite-emotionnelle-dhenderson-a-anfield-apres-tragic-jota-news\/"},"modified":"2025-07-05T01:48:24","modified_gmt":"2025-07-04T23:48:24","slug":"visite-emotionnelle-dhenderson-a-anfield-apres-tragic-jota-news","status":"publish","type":"post","link":"https:\/\/footdavant.fr\/actualites\/visite-emotionnelle-dhenderson-a-anfield-apres-tragic-jota-news\/","title":{"rendered":"Visite \u00e9motionnelle d&#39;Henderson \u00e0 Anfield apr\u00e8s Tragic Jota News"},"content":{"rendered":"<div id=\"article-body\">\n<!-- Article Start --><\/p>\n<p>L&#39;ancien capitaine de Liverpool, Jordan Henderson, a rendu un hommage \u00e9mouvant \u00e0 Diogo Jota, visitant Anfield pour poser des fleurs et une \u00e9charpe au m\u00e9morial croissant \u00e0 l&#39;ext\u00e9rieur du stade.<\/p>\n<p>L&#39;homme de 35 ans a \u00e9t\u00e9 repr\u00e9sent\u00e9 par le stand principal o\u00f9 de nombreux partisans ont rendu hommage depuis que la nouvelle a \u00e9clat\u00e9 de la mort de Jota dans un accident de voiture en Espagne, aux c\u00f4t\u00e9s de son fr\u00e8re cadet Andre Silva.<\/p>\n<p>Henderson se tenait tranquillement sur le site avant de laisser un foulard et un bouquet de Liverpool rouge.<\/p>\n<h2>Message sinc\u00e8re d&#39;Henderson: \u00ab\u00a0Love Ya Mate\u00a0\u00bb<\/h2>\n<figure class=\"wp-caption alignnone\"><picture><source type=\"image\/webp\" data- data-><\/source><\/picture><\/figure>\n<p>Sur Instagram, Henderson a \u00e9galement partag\u00e9 un message profond\u00e9ment personnel \u00e0 son d\u00e9funt co\u00e9quipier, parlant non seulement de leur connexion sur le terrain, mais de l&#39;amiti\u00e9, ils l&#39;ont construit.<\/p>\n<p>  Il a \u00e9crit.<\/p>\n<\/p>\n<\/p>\n<\/p>\n<p>Henderson a jou\u00e9 aux c\u00f4t\u00e9s de Jota de 2020 \u00e0 2023 avant de partir pour Al Ettifaq et plus tard Ajax, partageant d&#39;innombrables moments \u00e0 Liverpool Red &#8211; y compris le levage de l&#39;argenterie domestique et la poursuite de la gloire de Premier League.<\/p>\n<h2>Jota \u00e9tait plus qu&#39;un simple co\u00e9quipier pour Henderson<\/h2>\n<figure class=\"wp-caption alignnone\"><picture><source type=\"image\/webp\" data- data-><img decoding=\"async\" loading=\"lazy\" width=\"1500\" height=\"1000\" src=\"https:\/\/footdavant.fr\/actualites\/wp-content\/uploads\/2025\/07\/1751672900_144_Visite-emotionnelle-d39Henderson-a-Anfield-apres-Tragic-Jota-News.jpg\" class=\"lazyload wp-image-275102 has-webp\" alt=\"Jordan Henderson \u00e0 Anfield rendant hommage \u00e0 Diogo Jota\"  data- style=\"aspect-ratio:1500\/1000;max-width:1500px\"><\/source><\/picture><\/figure>\n<p>Son message comprenait \u00e9galement un souvenir l\u00e9ger de Jota en prenant secr\u00e8tement des photos de lui endormie dans le bus de l&#39;\u00e9quipe &#8211; quelque chose qui capture la personnalit\u00e9 joyeuse et espi\u00e8gle de Jota.<\/p>\n<p>Ce sont ces touches &#8211; les rires, les farces, les petits liens de la vie d&#39;\u00e9quipe &#8211; qui viennent maintenant pour d\u00e9finir comment Liverpool se souvient de lui.<\/p>\n<p>Les fun\u00e9railles de Jota auront lieu samedi matin \u00e0 Gondomar, au Portugal.<\/p>\n<\/p>\n<blockquote class=\"instagram-lazy lazyload\" style=\"background: #FFF; border: 0; border-radius: 3px; box-shadow: 0 0 1px 0 rgba(0,0,0,0.5),0 1px 10px 0 rgba(0,0,0,0.15); margin: 1px; max-width: 540px; min-width: 326px; padding: 0; width: calc(100% - 2px);\" data-instgrm-captioned=\"\" data-instgrm-permalink=\"https:\/\/www.instagram.com\/p\/DLqTxNcIFgB\/?utm_source=ig_embed&amp;utm_campaign=loading\" data-instgrm-version=\"14\">\n<\/blockquote>\n<p><!-- Article End -->\t\t\t\t<\/div>\n<p><script async src=\"\/\/www.instagram.com\/embed.js\"><\/script><\/p>\n","protected":false},"excerpt":{"rendered":"<p>L&#39;ancien capitaine de Liverpool, Jordan Henderson, a rendu un hommage \u00e9mouvant \u00e0 Diogo Jota, visitant Anfield pour poser des fleurs et une \u00e9charpe au m\u00e9morial<\/p>\n","protected":false},"author":1,"featured_media":25757,"comment_status":"closed","ping_status":"","sticky":false,"template":"","format":"standard","meta":{"footnotes":""},"categories":[3],"tags":[1929,25,5054,9764,1590,409,9765,2152],"yoast_head":"<!-- This site is optimized with the Yoast SEO plugin v21.0 - https:\/\/yoast.com\/wordpress\/plugins\/seo\/ -->\n<title>Visite \u00e9motionnelle d&#039;Henderson \u00e0 Anfield apr\u00e8s Tragic Jota News<\/title>\n<meta name=\"robots\" content=\"index, follow, max-snippet:-1, max-image-preview:large, max-video-preview:-1\" \/>\n<link rel=\"canonical\" href=\"https:\/\/footdavant.fr\/actualites\/visite-emotionnelle-dhenderson-a-anfield-apres-tragic-jota-news\/\" \/>\n<meta property=\"og:locale\" content=\"fr_FR\" \/>\n<meta property=\"og:type\" content=\"article\" \/>\n<meta property=\"og:title\" content=\"Visite \u00e9motionnelle d&#039;Henderson \u00e0 Anfield apr\u00e8s Tragic Jota News\" \/>\n<meta property=\"og:description\" content=\"L&#039;ancien capitaine de Liverpool, Jordan Henderson, a rendu un hommage \u00e9mouvant \u00e0 Diogo Jota, visitant Anfield pour poser des fleurs et une \u00e9charpe au m\u00e9morial\" \/>\n<meta property=\"og:url\" content=\"https:\/\/footdavant.fr\/actualites\/visite-emotionnelle-dhenderson-a-anfield-apres-tragic-jota-news\/\" \/>\n<meta property=\"og:site_name\" content=\"Foot d&#039;avant\" \/>\n<meta property=\"article:publisher\" content=\"https:\/\/www.facebook.com\/Footdavant\/\" \/>\n<meta property=\"article:published_time\" content=\"2025-07-04T23:48:20+00:00\" \/>\n<meta property=\"article:modified_time\" content=\"2025-07-04T23:48:24+00:00\" \/>\n<meta property=\"og:image\" content=\"https:\/\/footdavant.fr\/actualites\/wp-content\/uploads\/2025\/07\/1751672902_Visite-emotionnelle-d39Henderson-a-Anfield-apres-Tragic-Jota-News.jpg\" \/>\n\t<meta property=\"og:image:width\" content=\"1200\" \/>\n\t<meta property=\"og:image:height\" content=\"675\" \/>\n\t<meta property=\"og:image:type\" content=\"image\/jpeg\" \/>\n<meta name=\"author\" content=\"Cl\u00e9ment\" \/>\n<meta name=\"twitter:card\" content=\"summary_large_image\" \/>\n<meta name=\"twitter:creator\" content=\"@FootdavantFr\" \/>\n<meta name=\"twitter:site\" content=\"@FootdavantFr\" \/>\n<meta name=\"twitter:label1\" content=\"\u00c9crit par\" \/>\n\t<meta name=\"twitter:data1\" content=\"Cl\u00e9ment\" \/>\n\t<meta name=\"twitter:label2\" content=\"Dur\u00e9e de lecture estim\u00e9e\" \/>\n\t<meta name=\"twitter:data2\" content=\"1 minute\" \/>\n<script type=\"application\/ld+json\" class=\"yoast-schema-graph\">{\"@context\":\"https:\/\/schema.org\",\"@graph\":[{\"@type\":\"Article\",\"@id\":\"https:\/\/footdavant.fr\/actualites\/visite-emotionnelle-dhenderson-a-anfield-apres-tragic-jota-news\/#article\",\"isPartOf\":{\"@id\":\"https:\/\/footdavant.fr\/actualites\/visite-emotionnelle-dhenderson-a-anfield-apres-tragic-jota-news\/\"},\"author\":{\"name\":\"Cl\u00e9ment\",\"@id\":\"https:\/\/footdavant.fr\/actualites\/#\/schema\/person\/bc222566d95871b37e597b3ed3ba5e1d\"},\"headline\":\"Visite \u00e9motionnelle d&#39;Henderson \u00e0 Anfield apr\u00e8s Tragic Jota News\",\"datePublished\":\"2025-07-04T23:48:20+00:00\",\"dateModified\":\"2025-07-04T23:48:24+00:00\",\"mainEntityOfPage\":{\"@id\":\"https:\/\/footdavant.fr\/actualites\/visite-emotionnelle-dhenderson-a-anfield-apres-tragic-jota-news\/\"},\"wordCount\":286,\"publisher\":{\"@id\":\"https:\/\/footdavant.fr\/actualites\/#organization\"},\"keywords\":[\"Anfield\",\"apr\u00e8s\",\"d39Henderson\",\"\u00e9motionnelle\",\"Jota\",\"News\",\"Tragic\",\"visite\"],\"articleSection\":[\"Football\"],\"inLanguage\":\"fr-FR\"},{\"@type\":\"WebPage\",\"@id\":\"https:\/\/footdavant.fr\/actualites\/visite-emotionnelle-dhenderson-a-anfield-apres-tragic-jota-news\/\",\"url\":\"https:\/\/footdavant.fr\/actualites\/visite-emotionnelle-dhenderson-a-anfield-apres-tragic-jota-news\/\",\"name\":\"Visite \u00e9motionnelle d&#39;Henderson \u00e0 Anfield apr\u00e8s Tragic Jota News\",\"isPartOf\":{\"@id\":\"https:\/\/footdavant.fr\/actualites\/#website\"},\"datePublished\":\"2025-07-04T23:48:20+00:00\",\"dateModified\":\"2025-07-04T23:48:24+00:00\",\"breadcrumb\":{\"@id\":\"https:\/\/footdavant.fr\/actualites\/visite-emotionnelle-dhenderson-a-anfield-apres-tragic-jota-news\/#breadcrumb\"},\"inLanguage\":\"fr-FR\",\"potentialAction\":[{\"@type\":\"ReadAction\",\"target\":[\"https:\/\/footdavant.fr\/actualites\/visite-emotionnelle-dhenderson-a-anfield-apres-tragic-jota-news\/\"]}]},{\"@type\":\"BreadcrumbList\",\"@id\":\"https:\/\/footdavant.fr\/actualites\/visite-emotionnelle-dhenderson-a-anfield-apres-tragic-jota-news\/#breadcrumb\",\"itemListElement\":[{\"@type\":\"ListItem\",\"position\":1,\"name\":\"Accueil\",\"item\":\"https:\/\/footdavant.fr\/actualites\/\"},{\"@type\":\"ListItem\",\"position\":2,\"name\":\"Visite \u00e9motionnelle d&#39;Henderson \u00e0 Anfield apr\u00e8s Tragic Jota News\"}]},{\"@type\":\"WebSite\",\"@id\":\"https:\/\/footdavant.fr\/actualites\/#website\",\"url\":\"https:\/\/footdavant.fr\/actualites\/\",\"name\":\"Foot d'avant\",\"description\":\"\",\"publisher\":{\"@id\":\"https:\/\/footdavant.fr\/actualites\/#organization\"},\"potentialAction\":[{\"@type\":\"SearchAction\",\"target\":{\"@type\":\"EntryPoint\",\"urlTemplate\":\"https:\/\/footdavant.fr\/actualites\/?s={search_term_string}\"},\"query-input\":\"required name=search_term_string\"}],\"inLanguage\":\"fr-FR\"},{\"@type\":\"Organization\",\"@id\":\"https:\/\/footdavant.fr\/actualites\/#organization\",\"name\":\"Foot d'avant\",\"url\":\"https:\/\/footdavant.fr\/actualites\/\",\"logo\":{\"@type\":\"ImageObject\",\"inLanguage\":\"fr-FR\",\"@id\":\"https:\/\/footdavant.fr\/actualites\/#\/schema\/logo\/image\/\",\"url\":\"https:\/\/footdavant.fr\/actualites\/wp-content\/uploads\/2023\/09\/Copy-of-FootDavant-Logo.png\",\"contentUrl\":\"https:\/\/footdavant.fr\/actualites\/wp-content\/uploads\/2023\/09\/Copy-of-FootDavant-Logo.png\",\"width\":936,\"height\":549,\"caption\":\"Foot d'avant\"},\"image\":{\"@id\":\"https:\/\/footdavant.fr\/actualites\/#\/schema\/logo\/image\/\"},\"sameAs\":[\"https:\/\/www.facebook.com\/Footdavant\/\",\"https:\/\/twitter.com\/FootdavantFr\",\"https:\/\/www.instagram.com\/footdavant.fr\/\"]},{\"@type\":\"Person\",\"@id\":\"https:\/\/footdavant.fr\/actualites\/#\/schema\/person\/bc222566d95871b37e597b3ed3ba5e1d\",\"name\":\"Cl\u00e9ment\",\"image\":{\"@type\":\"ImageObject\",\"inLanguage\":\"fr-FR\",\"@id\":\"https:\/\/footdavant.fr\/actualites\/#\/schema\/person\/image\/\",\"url\":\"https:\/\/secure.gravatar.com\/avatar\/7728b29aac2719421e1a9159b2254c44?s=96&d=mm&r=g\",\"contentUrl\":\"https:\/\/secure.gravatar.com\/avatar\/7728b29aac2719421e1a9159b2254c44?s=96&d=mm&r=g\",\"caption\":\"Cl\u00e9ment\"},\"sameAs\":[\"https:\/\/footdavant.fr\/\"]}]}<\/script>\n<!-- \/ Yoast SEO plugin. -->","yoast_head_json":{"title":"Visite \u00e9motionnelle d&#39;Henderson \u00e0 Anfield apr\u00e8s Tragic Jota News","robots":{"index":"index","follow":"follow","max-snippet":"max-snippet:-1","max-image-preview":"max-image-preview:large","max-video-preview":"max-video-preview:-1"},"canonical":"https:\/\/footdavant.fr\/actualites\/visite-emotionnelle-dhenderson-a-anfield-apres-tragic-jota-news\/","og_locale":"fr_FR","og_type":"article","og_title":"Visite \u00e9motionnelle d&#39;Henderson \u00e0 Anfield apr\u00e8s Tragic Jota News","og_description":"L&#39;ancien capitaine de Liverpool, Jordan Henderson, a rendu un hommage \u00e9mouvant \u00e0 Diogo Jota, visitant Anfield pour poser des fleurs et une \u00e9charpe au m\u00e9morial","og_url":"https:\/\/footdavant.fr\/actualites\/visite-emotionnelle-dhenderson-a-anfield-apres-tragic-jota-news\/","og_site_name":"Foot d&#039;avant","article_publisher":"https:\/\/www.facebook.com\/Footdavant\/","article_published_time":"2025-07-04T23:48:20+00:00","article_modified_time":"2025-07-04T23:48:24+00:00","og_image":[{"width":1200,"height":675,"url":"https:\/\/footdavant.fr\/actualites\/wp-content\/uploads\/2025\/07\/1751672902_Visite-emotionnelle-d39Henderson-a-Anfield-apres-Tragic-Jota-News.jpg","type":"image\/jpeg"}],"author":"Cl\u00e9ment","twitter_card":"summary_large_image","twitter_creator":"@FootdavantFr","twitter_site":"@FootdavantFr","twitter_misc":{"\u00c9crit par":"Cl\u00e9ment","Dur\u00e9e de lecture estim\u00e9e":"1 minute"},"schema":{"@context":"https:\/\/schema.org","@graph":[{"@type":"Article","@id":"https:\/\/footdavant.fr\/actualites\/visite-emotionnelle-dhenderson-a-anfield-apres-tragic-jota-news\/#article","isPartOf":{"@id":"https:\/\/footdavant.fr\/actualites\/visite-emotionnelle-dhenderson-a-anfield-apres-tragic-jota-news\/"},"author":{"name":"Cl\u00e9ment","@id":"https:\/\/footdavant.fr\/actualites\/#\/schema\/person\/bc222566d95871b37e597b3ed3ba5e1d"},"headline":"Visite \u00e9motionnelle d&#39;Henderson \u00e0 Anfield apr\u00e8s Tragic Jota News","datePublished":"2025-07-04T23:48:20+00:00","dateModified":"2025-07-04T23:48:24+00:00","mainEntityOfPage":{"@id":"https:\/\/footdavant.fr\/actualites\/visite-emotionnelle-dhenderson-a-anfield-apres-tragic-jota-news\/"},"wordCount":286,"publisher":{"@id":"https:\/\/footdavant.fr\/actualites\/#organization"},"keywords":["Anfield","apr\u00e8s","d39Henderson","\u00e9motionnelle","Jota","News","Tragic","visite"],"articleSection":["Football"],"inLanguage":"fr-FR"},{"@type":"WebPage","@id":"https:\/\/footdavant.fr\/actualites\/visite-emotionnelle-dhenderson-a-anfield-apres-tragic-jota-news\/","url":"https:\/\/footdavant.fr\/actualites\/visite-emotionnelle-dhenderson-a-anfield-apres-tragic-jota-news\/","name":"Visite \u00e9motionnelle d&#39;Henderson \u00e0 Anfield apr\u00e8s Tragic Jota News","isPartOf":{"@id":"https:\/\/footdavant.fr\/actualites\/#website"},"datePublished":"2025-07-04T23:48:20+00:00","dateModified":"2025-07-04T23:48:24+00:00","breadcrumb":{"@id":"https:\/\/footdavant.fr\/actualites\/visite-emotionnelle-dhenderson-a-anfield-apres-tragic-jota-news\/#breadcrumb"},"inLanguage":"fr-FR","potentialAction":[{"@type":"ReadAction","target":["https:\/\/footdavant.fr\/actualites\/visite-emotionnelle-dhenderson-a-anfield-apres-tragic-jota-news\/"]}]},{"@type":"BreadcrumbList","@id":"https:\/\/footdavant.fr\/actualites\/visite-emotionnelle-dhenderson-a-anfield-apres-tragic-jota-news\/#breadcrumb","itemListElement":[{"@type":"ListItem","position":1,"name":"Accueil","item":"https:\/\/footdavant.fr\/actualites\/"},{"@type":"ListItem","position":2,"name":"Visite \u00e9motionnelle d&#39;Henderson \u00e0 Anfield apr\u00e8s Tragic Jota News"}]},{"@type":"WebSite","@id":"https:\/\/footdavant.fr\/actualites\/#website","url":"https:\/\/footdavant.fr\/actualites\/","name":"Foot d'avant","description":"","publisher":{"@id":"https:\/\/footdavant.fr\/actualites\/#organization"},"potentialAction":[{"@type":"SearchAction","target":{"@type":"EntryPoint","urlTemplate":"https:\/\/footdavant.fr\/actualites\/?s={search_term_string}"},"query-input":"required name=search_term_string"}],"inLanguage":"fr-FR"},{"@type":"Organization","@id":"https:\/\/footdavant.fr\/actualites\/#organization","name":"Foot d'avant","url":"https:\/\/footdavant.fr\/actualites\/","logo":{"@type":"ImageObject","inLanguage":"fr-FR","@id":"https:\/\/footdavant.fr\/actualites\/#\/schema\/logo\/image\/","url":"https:\/\/footdavant.fr\/actualites\/wp-content\/uploads\/2023\/09\/Copy-of-FootDavant-Logo.png","contentUrl":"https:\/\/footdavant.fr\/actualites\/wp-content\/uploads\/2023\/09\/Copy-of-FootDavant-Logo.png","width":936,"height":549,"caption":"Foot d'avant"},"image":{"@id":"https:\/\/footdavant.fr\/actualites\/#\/schema\/logo\/image\/"},"sameAs":["https:\/\/www.facebook.com\/Footdavant\/","https:\/\/twitter.com\/FootdavantFr","https:\/\/www.instagram.com\/footdavant.fr\/"]},{"@type":"Person","@id":"https:\/\/footdavant.fr\/actualites\/#\/schema\/person\/bc222566d95871b37e597b3ed3ba5e1d","name":"Cl\u00e9ment","image":{"@type":"ImageObject","inLanguage":"fr-FR","@id":"https:\/\/footdavant.fr\/actualites\/#\/schema\/person\/image\/","url":"https:\/\/secure.gravatar.com\/avatar\/7728b29aac2719421e1a9159b2254c44?s=96&d=mm&r=g","contentUrl":"https:\/\/secure.gravatar.com\/avatar\/7728b29aac2719421e1a9159b2254c44?s=96&d=mm&r=g","caption":"Cl\u00e9ment"},"sameAs":["https:\/\/footdavant.fr\/"]}]}},"_links":{"self":[{"href":"https:\/\/footdavant.fr\/actualites\/wp-json\/wp\/v2\/posts\/25756"}],"collection":[{"href":"https:\/\/footdavant.fr\/actualites\/wp-json\/wp\/v2\/posts"}],"about":[{"href":"https:\/\/footdavant.fr\/actualites\/wp-json\/wp\/v2\/types\/post"}],"author":[{"embeddable":true,"href":"https:\/\/footdavant.fr\/actualites\/wp-json\/wp\/v2\/users\/1"}],"replies":[{"embeddable":true,"href":"https:\/\/footdavant.fr\/actualites\/wp-json\/wp\/v2\/comments?post=25756"}],"version-history":[{"count":1,"href":"https:\/\/footdavant.fr\/actualites\/wp-json\/wp\/v2\/posts\/25756\/revisions"}],"predecessor-version":[{"id":25758,"href":"https:\/\/footdavant.fr\/actualites\/wp-json\/wp\/v2\/posts\/25756\/revisions\/25758"}],"wp:featuredmedia":[{"embeddable":true,"href":"https:\/\/footdavant.fr\/actualites\/wp-json\/wp\/v2\/media\/25757"}],"wp:attachment":[{"href":"https:\/\/footdavant.fr\/actualites\/wp-json\/wp\/v2\/media?parent=25756"}],"wp:term":[{"taxonomy":"category","embeddable":true,"href":"https:\/\/footdavant.fr\/actualites\/wp-json\/wp\/v2\/categories?post=25756"},{"taxonomy":"post_tag","embeddable":true,"href":"https:\/\/footdavant.fr\/actualites\/wp-json\/wp\/v2\/tags?post=25756"}],"curies":[{"name":"wp","href":"https:\/\/api.w.org\/{rel}","templated":true}]}}