{"id":25764,"date":"2025-07-05T07:48:01","date_gmt":"2025-07-05T05:48:01","guid":{"rendered":"https:\/\/footdavant.fr\/actualites\/le-football-europeen-est-il-surfait-man-city-les-defaites-de-linter-milan-les-defaites-de-la-coupe-du-monde-du-monde-soulevent-des-questions-sur-la-superiorite-percue\/"},"modified":"2025-07-05T07:48:02","modified_gmt":"2025-07-05T05:48:02","slug":"le-football-europeen-est-il-surfait-man-city-les-defaites-de-linter-milan-les-defaites-de-la-coupe-du-monde-du-monde-soulevent-des-questions-sur-la-superiorite-percue","status":"publish","type":"post","link":"https:\/\/footdavant.fr\/actualites\/le-football-europeen-est-il-surfait-man-city-les-defaites-de-linter-milan-les-defaites-de-la-coupe-du-monde-du-monde-soulevent-des-questions-sur-la-superiorite-percue\/","title":{"rendered":"Le football europ\u00e9en est-il surfait? Man City, les d\u00e9faites de l&#39;Inter Milan, les d\u00e9faites de la Coupe du Monde du monde soul\u00e8vent des questions sur la sup\u00e9riorit\u00e9 per\u00e7ue"},"content":{"rendered":"<p>Apr\u00e8s Manchester City et les premi\u00e8res sorties de l&#39;Inter Milan, de la Coupe du monde du club aux adversaires non europ\u00e9ens, Sports Mole se penche sur la question de savoir si le football sur le continent est l\u00e9g\u00e8rement sur\u00e9valu\u00e9, par rapport \u00e0 celui du monde.<\/p>\n<div id=\"article_body\" itemprop=\"articleBody\">\n<p style=\"line-height:1.38; margin-bottom:13px\">Un jour de chocs au <strong class=\"autotag\">Coupe du monde du club<\/strong>Poids lourds europ\u00e9ens <strong class=\"autotag\">MANCHESTER CITY<\/strong> et <strong class=\"autotag\">Inter Milan<\/strong> Les deux ont subi des sorties surprenantes du tournoi aux mains des adversaires de l&#39;ext\u00e9rieur de l&#39;Europe.<\/p>\n<p>Dans le plus grand bouleversement de la comp\u00e9tition jusqu&#39;\u00e0 pr\u00e9sent, le Saudi Pro League Club <strong class=\"autotag\">Al-Hilal<\/strong> Batter Man City <strong>4-3 apr\u00e8s un temps suppl\u00e9mentaire<\/strong> Dans leur match nul dernier soir hier soir.<\/p>\n<p>Quelques heures plus t\u00f4t, les finalistes de la Ligue des champions, l&#39;Inter Milan, ont \u00e9t\u00e9 \u00e9limin\u00e9s par les g\u00e9ants br\u00e9siliens <strong class=\"autotag\">Flou<\/strong> aussi, <strong>descendant 2-0<\/strong> Apr\u00e8s une faible performance du Nerazzurri.<\/p>\n<p>Cela soul\u00e8ve d\u00e9sormais potentiellement la question: le football europ\u00e9en est-il surfait, par rapport au jeu \u00e0 travers le monde? <strong>Taupe de sport<\/strong> Jete un coup d&#39;\u0153il dans cette requ\u00eate ici.<\/p>\n<hr>\n<p><\/p>\n<h2>Les Europ\u00e9ens sous-estiment-ils les clubs sud-am\u00e9ricains?<\/h2>\n<p class=\"imgI\">\n<p>Il ne fait aucun doute que le football sud-am\u00e9ricain est sous-estim\u00e9 en Europe, principalement en raison d&#39;un manque d&#39;exposition, le football dans cette partie du monde non disponible pour la plupart des gens \u00e0 regarder.<\/p>\n<p>De nombreux joueurs qui se pr\u00e9sentent pour les meilleurs clubs br\u00e9siliens et argentins en particulier sont du niveau requis pour jouer au plus haut niveau, mais des facteurs tels que l&#39;acclimatation \u00e0 la vie en Europe, ou pr\u00e9f\u00e9rer rester \u00e0 la maison, cela signifie que quelques-uns ne font jamais de d\u00e9m\u00e9nagement ou reviennent peu de temps apr\u00e8s avoir sign\u00e9 pour un club en Europe.<\/p>\n<p>Flamengo a \u00e9galement donn\u00e9 au Bayern Munich un match serr\u00e9 dimanche, et leur \u00e9quipe comprenait de nombreux internationaux du Br\u00e9sil, ainsi qu&#39;Erick Pulgar et <strong class=\"autotag\">Jorginho<\/strong>qui a appr\u00e9ci\u00e9 de longues carri\u00e8res en Europe, et <strong class=\"autotag\">Giorgian de Arrascaeta<\/strong>qui est sans doute le meilleur joueur actif d&#39;Am\u00e9rique du Sud pour ne jamais d\u00e9m\u00e9nager en Europe.<\/p>\n<p>Fluminense est une tenue plus modeste, mais qui vante toujours un ancien capitaine du Br\u00e9sil <strong class=\"autotag\">Thiago Silva<\/strong> \u00c0 l&#39;arri\u00e8re, et ils ont prouv\u00e9 que le collectif est sup\u00e9rieur \u00e0 la somme de ses parties lorsqu&#39;il bat un c\u00f4t\u00e9 plein de superstars lundi.<\/p>\n<p>Les repr\u00e9sentants de l&#39;Argentine, Boca Juniors et River Plate, ont peut-\u00eatre flatt\u00e9 de tromper, mais ils ont toujours mis des performances comp\u00e9titives contre certains des meilleurs de l&#39;Europe pendant la phase de groupes, et il ne fait aucun doute qu&#39;ils ne seraient pas hors de place en jouant en Ligue des champions.<\/p>\n<hr>\n<p><\/p>\n<h2>Le succ\u00e8s d&#39;Al-Hilal est-il une surprise?<\/h2>\n<p class=\"imgI\"><img decoding=\"async\" alt=\"Salem al-Dawsari c\u00e9l\u00e8bre le score pour al-Hilal le 25 avril 2025\" class=\"vanilla-lazyload article-image\" src=\"https:\/\/footdavant.fr\/actualites\/wp-content\/uploads\/2025\/07\/Le-football-europeen-est-il-surfait-Man-City-les-defaites-de.jpeg\"><\/p>\n<p>Jusqu&#39;\u00e0 pr\u00e9sent, Al-Hilal a r\u00e9ussi le plus grand choc de la Coupe du monde des clubs, battant le deuxi\u00e8me favori de Man City 4-3 dans un thriller lundi soir, mais cela ne devrait pas \u00eatre aussi surprenant que beaucoup le repr\u00e9sentent, compte tenu de leur \u00e9quipe de mani\u00e8re d\u00e9tendue.<\/p>\n<p>Le Saudi Club a connu une s\u00e9quence de victoires cons\u00e9cutives de 34 matchs qui a pris fin en avril 2024, et ils ont continu\u00e9 \u00e0 ajouter \u00e0 leur \u00e9quipe, tout en apportant <strong class=\"autotag\">Simone Inzaghi<\/strong> comme leur manager.<\/p>\n<p>Le football saoudien et asiatique offre peu de d\u00e9fi \u00e0 Al-Hilal, donc cette comp\u00e9tition leur donne maintenant l&#39;occasion de montrer \u00e0 quel niveau ils sont capables, et cette victoire sur Man City fera des merveilles pour le PIF, dont l&#39;argent a rendu tout cela possible.<\/p>\n<p>With Bono in goal, Kalidou Koulibaly, Joao Cancelo and Renan Lodi at the back, Ruben Neves pulling the strings, Sergej Milinkovic-Savic providing power and finesse in midfield and Aleksandar Mitrovic, Malcom and Marcos Leonardo in attack, that is a team that would not look out of place at the top of end of European football, so it is no surprise that they have caused an upset, and also Drew avec le Real Madrid dans les phases de groupes.<\/p>\n<hr>\n<p><\/p>\n<h2>La Coupe du Monde du Club fournit-elle un reflet \u00e9quitable des \u00e9quipes europ\u00e9ennes?<\/h2>\n<p class=\"imgI\"><img decoding=\"async\" alt=\"Manchester City Manager Pep Guardiola avec Bernardo Silva le 1er juillet 2025\" class=\"vanilla-lazyload article-image\" src=\"https:\/\/footdavant.fr\/actualites\/wp-content\/uploads\/2025\/07\/Le-football-europeen-est-il-surfait-Man-City-les-defaites-de.j.webp\"><\/p>\n<p>Cependant, il est important de reconna\u00eetre, car beaucoup craignaient avant le d\u00e9but du tournoi, que les clubs europ\u00e9ens ne consid\u00e8rent pas cela comme leur priorit\u00e9 absolue, contrairement \u00e0 la plupart des clubs du monde entier.<\/p>\n<p>Cela ressemble plus \u00e0 la pr\u00e9paration de la saison prochaine par opposition \u00e0 une comp\u00e9tition o\u00f9 tous les gros canons europ\u00e9ens vont pour le cuir pour gagner, car la Coupe du monde du club, malgr\u00e9 son prix obsc\u00e8ne, ne porte pas autant de prestige qu&#39;un titre de ligue ou la Ligue des champions.<\/p>\n<p>L&#39;Inter en particulier est dans une p\u00e9riode de transition \u00e0 l&#39;heure actuelle apr\u00e8s la sortie du manager Inzaghi, et il y a des pourparlers que leur familier, mais vieillissant, Xi pourrait commencer \u00e0 \u00eatre remplac\u00e9 la saison prochaine sous <strong class=\"autotag\">Chivou Cristian<\/strong>.<\/p>\n<p>Man City sort \u00e9galement de l&#39;arri\u00e8re d&#39;une longue et mauvaise campagne, de nombreux nouveaux visages \u00e9tant int\u00e9gr\u00e9s dans l&#39;\u00e9quipe, mais cela n&#39;excusera pas une sortie de 16 derniers temps d&#39;un tournoi qu&#39;ils \u00e9taient imagin\u00e9s pour gagner.<\/p>\n<hr>\n<p><\/p>\n<h2>Conclusion:<\/h2>\n<p>Pour conclure, il ne fait aucun doute que l&#39;Europe est l&#39;endroit id\u00e9al et restera le centre de l&#39;univers de football pour les ann\u00e9es \u00e0 venir, avec les plus grands clubs, les plus grandes comp\u00e9titions et le plus d&#39;argent, et l&#39;appeler surfait serait dur, mais le respect est d\u00fb pour les clubs en Am\u00e9rique du Sud et en Asie.<\/p>\n<p>On peut affirmer que les meilleurs clubs europ\u00e9ens ne sont m\u00eame pas ici, car les vainqueurs de la ligue Barcelone, Liverpool et Napoli ne se sont pas qualifi\u00e9s, mais les vainqueurs de la Ligue des champions, le Paris Saint-Germain, ont \u00e9t\u00e9 impressionnants pour la plupart et continueront de piloter le drapeau europ\u00e9en.<\/p>\n<p>Dans le cas d&#39;Al-Hilal, il n&#39;est pas surprenant qu&#39;ils aient pu obtenir un tel r\u00e9sultat, \u00e9tant donn\u00e9 les vastes richesses \u00e0 leur disposition, qui en ont fait une force imparable dans le football asiatique, et ils ont certainement attir\u00e9 l&#39;attention du monde du football maintenant, en mettant la Saudi Pro League sur la carte pour plus des bonnes raisons.<\/p>\n<div class=\"author_box\">\n<div class=\"author_box_banner\"> <img decoding=\"async\" class=\"author_img\" src=\"https:\/\/footdavant.fr\/actualites\/wp-content\/uploads\/2025\/06\/Sports-Mole39s-de-tous-les-temps-Ligue-des-champions-XI.jpeg\"><\/div>\n<\/div>\n<\/div>\n","protected":false},"excerpt":{"rendered":"<p>Apr\u00e8s Manchester City et les premi\u00e8res sorties de l&#39;Inter Milan, de la Coupe du monde du club aux adversaires non europ\u00e9ens, Sports Mole se penche<\/p>\n","protected":false},"author":1,"featured_media":25765,"comment_status":"closed","ping_status":"","sticky":false,"template":"","format":"standard","meta":{"footnotes":""},"categories":[5],"tags":[27,1946,2528,12,167,940,474,5414,93,24,250,562,9769,1530,9767,9768,103,2953],"yoast_head":"<!-- This site is optimized with the Yoast SEO plugin v21.0 - https:\/\/yoast.com\/wordpress\/plugins\/seo\/ -->\n<title>Le football europ\u00e9en est-il surfait? Man City, les d\u00e9faites de l&#039;Inter Milan, les d\u00e9faites de la Coupe du Monde du monde soul\u00e8vent des questions sur la sup\u00e9riorit\u00e9 per\u00e7ue<\/title>\n<meta name=\"robots\" content=\"index, follow, max-snippet:-1, max-image-preview:large, max-video-preview:-1\" \/>\n<link rel=\"canonical\" href=\"https:\/\/footdavant.fr\/actualites\/le-football-europeen-est-il-surfait-man-city-les-defaites-de-linter-milan-les-defaites-de-la-coupe-du-monde-du-monde-soulevent-des-questions-sur-la-superiorite-percue\/\" \/>\n<meta property=\"og:locale\" content=\"fr_FR\" \/>\n<meta property=\"og:type\" content=\"article\" \/>\n<meta property=\"og:title\" content=\"Le football europ\u00e9en est-il surfait? Man City, les d\u00e9faites de l&#039;Inter Milan, les d\u00e9faites de la Coupe du Monde du monde soul\u00e8vent des questions sur la sup\u00e9riorit\u00e9 per\u00e7ue\" \/>\n<meta property=\"og:description\" content=\"Apr\u00e8s Manchester City et les premi\u00e8res sorties de l&#039;Inter Milan, de la Coupe du monde du club aux adversaires non europ\u00e9ens, Sports Mole se penche\" \/>\n<meta property=\"og:url\" content=\"https:\/\/footdavant.fr\/actualites\/le-football-europeen-est-il-surfait-man-city-les-defaites-de-linter-milan-les-defaites-de-la-coupe-du-monde-du-monde-soulevent-des-questions-sur-la-superiorite-percue\/\" \/>\n<meta property=\"og:site_name\" content=\"Foot d&#039;avant\" \/>\n<meta property=\"article:publisher\" content=\"https:\/\/www.facebook.com\/Footdavant\/\" \/>\n<meta property=\"article:published_time\" content=\"2025-07-05T05:48:01+00:00\" \/>\n<meta property=\"article:modified_time\" content=\"2025-07-05T05:48:02+00:00\" \/>\n<meta property=\"og:image\" content=\"https:\/\/footdavant.fr\/actualites\/wp-content\/uploads\/2025\/07\/Le-football-europeen-est-il-surfait-Man-City-les-defaites-de.jpg\" \/>\n\t<meta property=\"og:image:width\" content=\"640\" \/>\n\t<meta property=\"og:image:height\" content=\"480\" \/>\n\t<meta property=\"og:image:type\" content=\"image\/jpeg\" \/>\n<meta name=\"author\" content=\"Cl\u00e9ment\" \/>\n<meta name=\"twitter:card\" content=\"summary_large_image\" \/>\n<meta name=\"twitter:creator\" content=\"@FootdavantFr\" \/>\n<meta name=\"twitter:site\" content=\"@FootdavantFr\" \/>\n<meta name=\"twitter:label1\" content=\"\u00c9crit par\" \/>\n\t<meta name=\"twitter:data1\" content=\"Cl\u00e9ment\" \/>\n\t<meta name=\"twitter:label2\" content=\"Dur\u00e9e de lecture estim\u00e9e\" \/>\n\t<meta name=\"twitter:data2\" content=\"5 minutes\" \/>\n<script type=\"application\/ld+json\" class=\"yoast-schema-graph\">{\"@context\":\"https:\/\/schema.org\",\"@graph\":[{\"@type\":\"Article\",\"@id\":\"https:\/\/footdavant.fr\/actualites\/le-football-europeen-est-il-surfait-man-city-les-defaites-de-linter-milan-les-defaites-de-la-coupe-du-monde-du-monde-soulevent-des-questions-sur-la-superiorite-percue\/#article\",\"isPartOf\":{\"@id\":\"https:\/\/footdavant.fr\/actualites\/le-football-europeen-est-il-surfait-man-city-les-defaites-de-linter-milan-les-defaites-de-la-coupe-du-monde-du-monde-soulevent-des-questions-sur-la-superiorite-percue\/\"},\"author\":{\"name\":\"Cl\u00e9ment\",\"@id\":\"https:\/\/footdavant.fr\/actualites\/#\/schema\/person\/bc222566d95871b37e597b3ed3ba5e1d\"},\"headline\":\"Le football europ\u00e9en est-il surfait? Man City, les d\u00e9faites de l&#39;Inter Milan, les d\u00e9faites de la Coupe du Monde du monde soul\u00e8vent des questions sur la sup\u00e9riorit\u00e9 per\u00e7ue\",\"datePublished\":\"2025-07-05T05:48:01+00:00\",\"dateModified\":\"2025-07-05T05:48:02+00:00\",\"mainEntityOfPage\":{\"@id\":\"https:\/\/footdavant.fr\/actualites\/le-football-europeen-est-il-surfait-man-city-les-defaites-de-linter-milan-les-defaites-de-la-coupe-du-monde-du-monde-soulevent-des-questions-sur-la-superiorite-percue\/\"},\"wordCount\":1114,\"publisher\":{\"@id\":\"https:\/\/footdavant.fr\/actualites\/#organization\"},\"keywords\":[\"City\",\"Coupe\",\"d\u00e9faites\",\"des\",\"Estil\",\"europ\u00e9en\",\"Football\",\"l39Inter\",\"les\",\"Man\",\"Milan\",\"monde\",\"per\u00e7ue\",\"Questions\",\"soul\u00e8vent\",\"sup\u00e9riorit\u00e9\",\"sur\",\"surfait\"],\"articleSection\":[\"Premier League\"],\"inLanguage\":\"fr-FR\"},{\"@type\":\"WebPage\",\"@id\":\"https:\/\/footdavant.fr\/actualites\/le-football-europeen-est-il-surfait-man-city-les-defaites-de-linter-milan-les-defaites-de-la-coupe-du-monde-du-monde-soulevent-des-questions-sur-la-superiorite-percue\/\",\"url\":\"https:\/\/footdavant.fr\/actualites\/le-football-europeen-est-il-surfait-man-city-les-defaites-de-linter-milan-les-defaites-de-la-coupe-du-monde-du-monde-soulevent-des-questions-sur-la-superiorite-percue\/\",\"name\":\"Le football europ\u00e9en est-il surfait? Man City, les d\u00e9faites de l&#39;Inter Milan, les d\u00e9faites de la Coupe du Monde du monde soul\u00e8vent des questions sur la sup\u00e9riorit\u00e9 per\u00e7ue\",\"isPartOf\":{\"@id\":\"https:\/\/footdavant.fr\/actualites\/#website\"},\"datePublished\":\"2025-07-05T05:48:01+00:00\",\"dateModified\":\"2025-07-05T05:48:02+00:00\",\"breadcrumb\":{\"@id\":\"https:\/\/footdavant.fr\/actualites\/le-football-europeen-est-il-surfait-man-city-les-defaites-de-linter-milan-les-defaites-de-la-coupe-du-monde-du-monde-soulevent-des-questions-sur-la-superiorite-percue\/#breadcrumb\"},\"inLanguage\":\"fr-FR\",\"potentialAction\":[{\"@type\":\"ReadAction\",\"target\":[\"https:\/\/footdavant.fr\/actualites\/le-football-europeen-est-il-surfait-man-city-les-defaites-de-linter-milan-les-defaites-de-la-coupe-du-monde-du-monde-soulevent-des-questions-sur-la-superiorite-percue\/\"]}]},{\"@type\":\"BreadcrumbList\",\"@id\":\"https:\/\/footdavant.fr\/actualites\/le-football-europeen-est-il-surfait-man-city-les-defaites-de-linter-milan-les-defaites-de-la-coupe-du-monde-du-monde-soulevent-des-questions-sur-la-superiorite-percue\/#breadcrumb\",\"itemListElement\":[{\"@type\":\"ListItem\",\"position\":1,\"name\":\"Accueil\",\"item\":\"https:\/\/footdavant.fr\/actualites\/\"},{\"@type\":\"ListItem\",\"position\":2,\"name\":\"Le football europ\u00e9en est-il surfait? Man City, les d\u00e9faites de l&#39;Inter Milan, les d\u00e9faites de la Coupe du Monde du monde soul\u00e8vent des questions sur la sup\u00e9riorit\u00e9 per\u00e7ue\"}]},{\"@type\":\"WebSite\",\"@id\":\"https:\/\/footdavant.fr\/actualites\/#website\",\"url\":\"https:\/\/footdavant.fr\/actualites\/\",\"name\":\"Foot d'avant\",\"description\":\"\",\"publisher\":{\"@id\":\"https:\/\/footdavant.fr\/actualites\/#organization\"},\"potentialAction\":[{\"@type\":\"SearchAction\",\"target\":{\"@type\":\"EntryPoint\",\"urlTemplate\":\"https:\/\/footdavant.fr\/actualites\/?s={search_term_string}\"},\"query-input\":\"required name=search_term_string\"}],\"inLanguage\":\"fr-FR\"},{\"@type\":\"Organization\",\"@id\":\"https:\/\/footdavant.fr\/actualites\/#organization\",\"name\":\"Foot d'avant\",\"url\":\"https:\/\/footdavant.fr\/actualites\/\",\"logo\":{\"@type\":\"ImageObject\",\"inLanguage\":\"fr-FR\",\"@id\":\"https:\/\/footdavant.fr\/actualites\/#\/schema\/logo\/image\/\",\"url\":\"https:\/\/footdavant.fr\/actualites\/wp-content\/uploads\/2023\/09\/Copy-of-FootDavant-Logo.png\",\"contentUrl\":\"https:\/\/footdavant.fr\/actualites\/wp-content\/uploads\/2023\/09\/Copy-of-FootDavant-Logo.png\",\"width\":936,\"height\":549,\"caption\":\"Foot d'avant\"},\"image\":{\"@id\":\"https:\/\/footdavant.fr\/actualites\/#\/schema\/logo\/image\/\"},\"sameAs\":[\"https:\/\/www.facebook.com\/Footdavant\/\",\"https:\/\/twitter.com\/FootdavantFr\",\"https:\/\/www.instagram.com\/footdavant.fr\/\"]},{\"@type\":\"Person\",\"@id\":\"https:\/\/footdavant.fr\/actualites\/#\/schema\/person\/bc222566d95871b37e597b3ed3ba5e1d\",\"name\":\"Cl\u00e9ment\",\"image\":{\"@type\":\"ImageObject\",\"inLanguage\":\"fr-FR\",\"@id\":\"https:\/\/footdavant.fr\/actualites\/#\/schema\/person\/image\/\",\"url\":\"https:\/\/secure.gravatar.com\/avatar\/7728b29aac2719421e1a9159b2254c44?s=96&d=mm&r=g\",\"contentUrl\":\"https:\/\/secure.gravatar.com\/avatar\/7728b29aac2719421e1a9159b2254c44?s=96&d=mm&r=g\",\"caption\":\"Cl\u00e9ment\"},\"sameAs\":[\"https:\/\/footdavant.fr\/\"]}]}<\/script>\n<!-- \/ Yoast SEO plugin. -->","yoast_head_json":{"title":"Le football europ\u00e9en est-il surfait? Man City, les d\u00e9faites de l&#39;Inter Milan, les d\u00e9faites de la Coupe du Monde du monde soul\u00e8vent des questions sur la sup\u00e9riorit\u00e9 per\u00e7ue","robots":{"index":"index","follow":"follow","max-snippet":"max-snippet:-1","max-image-preview":"max-image-preview:large","max-video-preview":"max-video-preview:-1"},"canonical":"https:\/\/footdavant.fr\/actualites\/le-football-europeen-est-il-surfait-man-city-les-defaites-de-linter-milan-les-defaites-de-la-coupe-du-monde-du-monde-soulevent-des-questions-sur-la-superiorite-percue\/","og_locale":"fr_FR","og_type":"article","og_title":"Le football europ\u00e9en est-il surfait? Man City, les d\u00e9faites de l&#39;Inter Milan, les d\u00e9faites de la Coupe du Monde du monde soul\u00e8vent des questions sur la sup\u00e9riorit\u00e9 per\u00e7ue","og_description":"Apr\u00e8s Manchester City et les premi\u00e8res sorties de l&#39;Inter Milan, de la Coupe du monde du club aux adversaires non europ\u00e9ens, Sports Mole se penche","og_url":"https:\/\/footdavant.fr\/actualites\/le-football-europeen-est-il-surfait-man-city-les-defaites-de-linter-milan-les-defaites-de-la-coupe-du-monde-du-monde-soulevent-des-questions-sur-la-superiorite-percue\/","og_site_name":"Foot d&#039;avant","article_publisher":"https:\/\/www.facebook.com\/Footdavant\/","article_published_time":"2025-07-05T05:48:01+00:00","article_modified_time":"2025-07-05T05:48:02+00:00","og_image":[{"width":640,"height":480,"url":"https:\/\/footdavant.fr\/actualites\/wp-content\/uploads\/2025\/07\/Le-football-europeen-est-il-surfait-Man-City-les-defaites-de.jpg","type":"image\/jpeg"}],"author":"Cl\u00e9ment","twitter_card":"summary_large_image","twitter_creator":"@FootdavantFr","twitter_site":"@FootdavantFr","twitter_misc":{"\u00c9crit par":"Cl\u00e9ment","Dur\u00e9e de lecture estim\u00e9e":"5 minutes"},"schema":{"@context":"https:\/\/schema.org","@graph":[{"@type":"Article","@id":"https:\/\/footdavant.fr\/actualites\/le-football-europeen-est-il-surfait-man-city-les-defaites-de-linter-milan-les-defaites-de-la-coupe-du-monde-du-monde-soulevent-des-questions-sur-la-superiorite-percue\/#article","isPartOf":{"@id":"https:\/\/footdavant.fr\/actualites\/le-football-europeen-est-il-surfait-man-city-les-defaites-de-linter-milan-les-defaites-de-la-coupe-du-monde-du-monde-soulevent-des-questions-sur-la-superiorite-percue\/"},"author":{"name":"Cl\u00e9ment","@id":"https:\/\/footdavant.fr\/actualites\/#\/schema\/person\/bc222566d95871b37e597b3ed3ba5e1d"},"headline":"Le football europ\u00e9en est-il surfait? Man City, les d\u00e9faites de l&#39;Inter Milan, les d\u00e9faites de la Coupe du Monde du monde soul\u00e8vent des questions sur la sup\u00e9riorit\u00e9 per\u00e7ue","datePublished":"2025-07-05T05:48:01+00:00","dateModified":"2025-07-05T05:48:02+00:00","mainEntityOfPage":{"@id":"https:\/\/footdavant.fr\/actualites\/le-football-europeen-est-il-surfait-man-city-les-defaites-de-linter-milan-les-defaites-de-la-coupe-du-monde-du-monde-soulevent-des-questions-sur-la-superiorite-percue\/"},"wordCount":1114,"publisher":{"@id":"https:\/\/footdavant.fr\/actualites\/#organization"},"keywords":["City","Coupe","d\u00e9faites","des","Estil","europ\u00e9en","Football","l39Inter","les","Man","Milan","monde","per\u00e7ue","Questions","soul\u00e8vent","sup\u00e9riorit\u00e9","sur","surfait"],"articleSection":["Premier League"],"inLanguage":"fr-FR"},{"@type":"WebPage","@id":"https:\/\/footdavant.fr\/actualites\/le-football-europeen-est-il-surfait-man-city-les-defaites-de-linter-milan-les-defaites-de-la-coupe-du-monde-du-monde-soulevent-des-questions-sur-la-superiorite-percue\/","url":"https:\/\/footdavant.fr\/actualites\/le-football-europeen-est-il-surfait-man-city-les-defaites-de-linter-milan-les-defaites-de-la-coupe-du-monde-du-monde-soulevent-des-questions-sur-la-superiorite-percue\/","name":"Le football europ\u00e9en est-il surfait? Man City, les d\u00e9faites de l&#39;Inter Milan, les d\u00e9faites de la Coupe du Monde du monde soul\u00e8vent des questions sur la sup\u00e9riorit\u00e9 per\u00e7ue","isPartOf":{"@id":"https:\/\/footdavant.fr\/actualites\/#website"},"datePublished":"2025-07-05T05:48:01+00:00","dateModified":"2025-07-05T05:48:02+00:00","breadcrumb":{"@id":"https:\/\/footdavant.fr\/actualites\/le-football-europeen-est-il-surfait-man-city-les-defaites-de-linter-milan-les-defaites-de-la-coupe-du-monde-du-monde-soulevent-des-questions-sur-la-superiorite-percue\/#breadcrumb"},"inLanguage":"fr-FR","potentialAction":[{"@type":"ReadAction","target":["https:\/\/footdavant.fr\/actualites\/le-football-europeen-est-il-surfait-man-city-les-defaites-de-linter-milan-les-defaites-de-la-coupe-du-monde-du-monde-soulevent-des-questions-sur-la-superiorite-percue\/"]}]},{"@type":"BreadcrumbList","@id":"https:\/\/footdavant.fr\/actualites\/le-football-europeen-est-il-surfait-man-city-les-defaites-de-linter-milan-les-defaites-de-la-coupe-du-monde-du-monde-soulevent-des-questions-sur-la-superiorite-percue\/#breadcrumb","itemListElement":[{"@type":"ListItem","position":1,"name":"Accueil","item":"https:\/\/footdavant.fr\/actualites\/"},{"@type":"ListItem","position":2,"name":"Le football europ\u00e9en est-il surfait? Man City, les d\u00e9faites de l&#39;Inter Milan, les d\u00e9faites de la Coupe du Monde du monde soul\u00e8vent des questions sur la sup\u00e9riorit\u00e9 per\u00e7ue"}]},{"@type":"WebSite","@id":"https:\/\/footdavant.fr\/actualites\/#website","url":"https:\/\/footdavant.fr\/actualites\/","name":"Foot d'avant","description":"","publisher":{"@id":"https:\/\/footdavant.fr\/actualites\/#organization"},"potentialAction":[{"@type":"SearchAction","target":{"@type":"EntryPoint","urlTemplate":"https:\/\/footdavant.fr\/actualites\/?s={search_term_string}"},"query-input":"required name=search_term_string"}],"inLanguage":"fr-FR"},{"@type":"Organization","@id":"https:\/\/footdavant.fr\/actualites\/#organization","name":"Foot d'avant","url":"https:\/\/footdavant.fr\/actualites\/","logo":{"@type":"ImageObject","inLanguage":"fr-FR","@id":"https:\/\/footdavant.fr\/actualites\/#\/schema\/logo\/image\/","url":"https:\/\/footdavant.fr\/actualites\/wp-content\/uploads\/2023\/09\/Copy-of-FootDavant-Logo.png","contentUrl":"https:\/\/footdavant.fr\/actualites\/wp-content\/uploads\/2023\/09\/Copy-of-FootDavant-Logo.png","width":936,"height":549,"caption":"Foot d'avant"},"image":{"@id":"https:\/\/footdavant.fr\/actualites\/#\/schema\/logo\/image\/"},"sameAs":["https:\/\/www.facebook.com\/Footdavant\/","https:\/\/twitter.com\/FootdavantFr","https:\/\/www.instagram.com\/footdavant.fr\/"]},{"@type":"Person","@id":"https:\/\/footdavant.fr\/actualites\/#\/schema\/person\/bc222566d95871b37e597b3ed3ba5e1d","name":"Cl\u00e9ment","image":{"@type":"ImageObject","inLanguage":"fr-FR","@id":"https:\/\/footdavant.fr\/actualites\/#\/schema\/person\/image\/","url":"https:\/\/secure.gravatar.com\/avatar\/7728b29aac2719421e1a9159b2254c44?s=96&d=mm&r=g","contentUrl":"https:\/\/secure.gravatar.com\/avatar\/7728b29aac2719421e1a9159b2254c44?s=96&d=mm&r=g","caption":"Cl\u00e9ment"},"sameAs":["https:\/\/footdavant.fr\/"]}]}},"_links":{"self":[{"href":"https:\/\/footdavant.fr\/actualites\/wp-json\/wp\/v2\/posts\/25764"}],"collection":[{"href":"https:\/\/footdavant.fr\/actualites\/wp-json\/wp\/v2\/posts"}],"about":[{"href":"https:\/\/footdavant.fr\/actualites\/wp-json\/wp\/v2\/types\/post"}],"author":[{"embeddable":true,"href":"https:\/\/footdavant.fr\/actualites\/wp-json\/wp\/v2\/users\/1"}],"replies":[{"embeddable":true,"href":"https:\/\/footdavant.fr\/actualites\/wp-json\/wp\/v2\/comments?post=25764"}],"version-history":[{"count":1,"href":"https:\/\/footdavant.fr\/actualites\/wp-json\/wp\/v2\/posts\/25764\/revisions"}],"predecessor-version":[{"id":25766,"href":"https:\/\/footdavant.fr\/actualites\/wp-json\/wp\/v2\/posts\/25764\/revisions\/25766"}],"wp:featuredmedia":[{"embeddable":true,"href":"https:\/\/footdavant.fr\/actualites\/wp-json\/wp\/v2\/media\/25765"}],"wp:attachment":[{"href":"https:\/\/footdavant.fr\/actualites\/wp-json\/wp\/v2\/media?parent=25764"}],"wp:term":[{"taxonomy":"category","embeddable":true,"href":"https:\/\/footdavant.fr\/actualites\/wp-json\/wp\/v2\/categories?post=25764"},{"taxonomy":"post_tag","embeddable":true,"href":"https:\/\/footdavant.fr\/actualites\/wp-json\/wp\/v2\/tags?post=25764"}],"curies":[{"name":"wp","href":"https:\/\/api.w.org\/{rel}","templated":true}]}}