{"id":25773,"date":"2025-07-05T13:48:13","date_gmt":"2025-07-05T11:48:13","guid":{"rendered":"https:\/\/footdavant.fr\/actualites\/une-triste-journee-pour-tomiyasu-une-journee-sombre-pour-arsenal-football-club\/"},"modified":"2025-07-05T13:48:15","modified_gmt":"2025-07-05T11:48:15","slug":"une-triste-journee-pour-tomiyasu-une-journee-sombre-pour-arsenal-football-club","status":"publish","type":"post","link":"https:\/\/footdavant.fr\/actualites\/une-triste-journee-pour-tomiyasu-une-journee-sombre-pour-arsenal-football-club\/","title":{"rendered":"Une triste journ\u00e9e pour Tomiyasu: une journ\u00e9e sombre pour Arsenal Football Club"},"content":{"rendered":"<div>\n<p>Bonjour, ce sera un blog difficile \u00e0 \u00e9crire aujourd&#39;hui. J&#39;en reconnais la gravit\u00e9, mais aussi que cela ne sera pas facile pour certains lecteurs. Si vous ne voulez pas les nouvelles de Thomas Partey, vous pouvez vous arr\u00eater \u00e0 mi-chemin.<\/p>\n<p>Je veux commencer par un joueur que je suis vraiment triste de voir quitter le club, et c&#39;est Takehiro Tomiyasu. Hier, Arsenal a annonc\u00e9 qu&#39;ils \u00e9taient parvenus \u00e0 un accord mutuel avec l&#39;international japonais pour r\u00e9silier son contrat, qui s&#39;est d\u00e9roul\u00e9 jusqu&#39;en 2026, avec l&#39;option pour une autre ann\u00e9e.<\/p>\n<p>Il a \u00e9t\u00e9 bless\u00e9 depuis l&#39;ann\u00e9e derni\u00e8re et il a jou\u00e9 quelques minutes la saison derni\u00e8re avant que quelque chose d&#39;autre ne se passe mal. Je sais que les gens sont frustr\u00e9s par les joueurs bless\u00e9s, et parfois il y a une justification \u00e0 cela. Peut-\u00eatre que le style de vie ne va pas, peut-\u00eatre qu&#39;il y a un manque d&#39;application ou de professionnalisme, mais ce n&#39;est pas le cas ici. Tomiyasu est un mod\u00e8le pro, qui a travaill\u00e9 aussi dur que possible pour revenir et repr\u00e9senter ce club avec une distinction \u00e0 nouveau.<\/p>\n<p>Donc, mon inqui\u00e9tude est qu&#39;une d\u00e9cision comme celle-ci nous dit quelque chose sur la gravit\u00e9 de ses probl\u00e8mes de blessure. Il est sorti depuis plus d&#39;un an maintenant, et ne devrait pas revenir avant la fin de 2025 au plus t\u00f4t de toute fa\u00e7on, donc quand un joueur manque pendant 18 mois, vous ne pouvez pas vous emp\u00eacher de vous soucier de son avenir. Je ne sais pas si sa carri\u00e8re est en \u00e9quilibre, mais cela ne me surprendrait pas si tel \u00e9tait le cas, et c&#39;est pourquoi son s\u00e9jour \u00e0 Arsenal a pris fin abrupte. S&#39;il y avait une chance qu&#39;il puisse revenir \u00e0 sa meilleure condition, je ne pense pas qu&#39;il y ait un monde dans lequel il part \u00e0 cause de sa qualit\u00e9.<\/p>\n<p>C&#39;est vraiment dommage parce que je crois vraiment qu&#39;il est un joueur de premi\u00e8re classe, et la capacit\u00e9 de jouer dans n&#39;importe quelle position \u00e0 travers la ligne de fond le rendait assez unique au plus haut niveau. Il est si rare de trouver quelqu&#39;un qui peut le faire, et c&#39;est tellement triste que les blessures aient eu un tel impact sur son s\u00e9jour \u00e0 Arsenal. Sur Instagram, il a dit:<\/p>\n<\/p>\n<p>Donc, tout ce que nous pouvons faire, c&#39;est lui souhaiter le meilleur avec tout ce qui vient. Que ce soit un autre club, une ligue diff\u00e9rente ou autre chose, nous le d\u00e9couvrirons en temps voulu, mais j&#39;esp\u00e8re qu&#39;il retrouvera le bonheur. L&#39;id\u00e9e que parce qu&#39;il est un footballeur tr\u00e8s r\u00e9mun\u00e9r\u00e9, cela n&#39;a pas fait des ravages sur lui est une telle pens\u00e9e myope. Cela ne fait pas de mal, bien s\u00fbr, mais l&#39;argent ne vous incuber pas de la tristesse, des probl\u00e8mes de sant\u00e9 mentale et de la d\u00e9ception qui vient de ne pas pouvoir faire quelque chose que vous aimez et que vous \u00eates brillant. Je lui souhaite bonne chance.<\/p>\n<p>Alors maintenant, si vous voulez vous \u00e9teindre, je comprends.<\/p>\n<p>&#8211;<\/p>\n<p>&#8211;<\/p>\n<p>&#8211;<\/p>\n<h4>Thomas Partey est factur\u00e9<\/h4>\n<p>Hier, le pire secret du football a \u00e9t\u00e9 rendu public lorsque Thomas Partey a \u00e9t\u00e9 inculp\u00e9 par la police du Met de viol et d&#39;agression sexuelle. Selon leur annonce, il y a cinq chefs de viol et un chef d&#39;agression sexuelle. Deux chefs de viol se rapportent \u00e0 une femme, trois chefs de viol se rapportent \u00e0 une deuxi\u00e8me femme, et un chef d&#39;agression sexuelle concerne une troisi\u00e8me femme. Les infractions auraient eu lieu entre 2021 et 2022.<\/p>\n<p>La premi\u00e8re chose \u00e0 dire est que nous avons affaire \u00e0 des crimes graves ici, et les victimes qui ont subi quelque chose de d\u00e9vastateur dans le moment, et qui souffre probablement \u00e0 ce jour en raison du type d&#39;impact de ce crime. Je me rends compte que nous vivons dans un monde en ligne qui laisse beaucoup \u00e0 d\u00e9sirer, mais quiconque &#8211; fan d&#39;Arsenal ou fan de l&#39;opposition &#8211; qui utilise cela comme un point de point pour ses propres agendas, ou pour Bantz ou quelque chose comme celui-ci devrait \u00eatre consid\u00e9r\u00e9 avec un m\u00e9pris pur et simple et trait\u00e9 en cons\u00e9quence.<\/p>\n<p>C&#39;est un probl\u00e8me extr\u00eamement sensible et \u00e9motif, et qui &#8211; malheureusement &#8211; sera difficile \u00e0 g\u00e9rer pour beaucoup de gens car il est aussi r\u00e9pandu dans la \u00abvraie vie\u00bb. Je demanderais que toute discussion \u00e0 ce sujet dans les commentaires d&#39;aujourd&#39;hui respecte cela et les exp\u00e9riences que trop ont endur\u00e9es lorsqu&#39;ils en parlent.<\/p>\n<p>Il est \u00e9galement n\u00e9cessaire de respecter le processus ici. Lorsque tout cela s&#39;est cass\u00e9 il y a trois ans, il \u00e9tait imm\u00e9diatement clair qui \u00e9tait le \u00abfootballeur de Premier League\u00bb, mais son nom ne pouvait \u00eatre mentionn\u00e9 pour des raisons juridiques. Cela signifiait que, en vertu de la loi britannique, nous ne pouvions rien dire sur lui par rapport aux arrestations. Il y a un bon explicateur ici, mais en fin de compte, cela se r\u00e9sumait au fait que tout ce qui a dit pourrait pr\u00e9juger de l&#39;affaire. Cela a \u00e9t\u00e9 difficile, mod\u00e9rer les discussions et les commentaires sur la plate-forme, mais la justice est beaucoup plus importante. Et quand je dis difficile, je veux \u00eatre clair que c&#39;est vraiment un probl\u00e8me insignifiant par rapport aux crimes pr\u00e9sum\u00e9s et \u00e0 ce que les victimes auraient pu endurer. M\u00eame maintenant, il est important que la fa\u00e7on dont elle est discut\u00e9e avant son arriv\u00e9e au tribunal n&#39;a pas d&#39;impact.<\/p>\n<p>Dans leur annonce hier, la police du Met a d\u00e9clar\u00e9: <\/p>\n<p>Alors que puis-je dire? Eh bien, en tant que fan d&#39;Arsenal aussi longtemps que je me souvienne, c&#39;est terrible de se sentir en col\u00e8re et d\u00e9\u00e7u du club que vous soutenez, mais c&#39;est l\u00e0 que je suis ce matin. Thomas Partey n&#39;\u00e9tait pas seulement accus\u00e9 de ces crimes horribles, il a \u00e9t\u00e9 arr\u00eat\u00e9 &#8211; \u00e0 plusieurs reprises &#8211; et a jou\u00e9 pour Arsenal Football Club alors qu&#39;il \u00e9tait sous caution. Je comprends l&#39;affirmation d&#39;Innocent jusqu&#39;\u00e0 ce que la culpabilit\u00e9 soit prouv\u00e9e, mais cela s&#39;applique aux tribunaux, et non aux lieux d&#39;emploi.<\/p>\n<p>Y a-t-il une autre industrie o\u00f9, si quelqu&#39;un \u00e9tait arr\u00eat\u00e9 pour viol et agression sexuelle, il serait autoris\u00e9 \u00e0 continuer comme normal? Arsenal avait un devoir de diligence envers tous leurs autres employ\u00e9s, et au-del\u00e0, et a d\u00e9cid\u00e9 que son talent sur le terrain \u00e9tait plus important que toute autre chose. Je comprends \u00e9galement la suggestion selon laquelle s&#39;ils l&#39;avaient suspendu d\u00e8s le d\u00e9but, ils l&#39;identifieraient, en substance, comme le \u00abjoueur de Premier League sans nom\u00bb, mais je ne pense pas que cela r\u00e9siste \u00e0 un examen minutieux. Notamment parce que tout le monde le savait de toute fa\u00e7on.<\/p>\n<p>Les hu\u00e9es \u00e0 la t\u00e9l\u00e9vision. Cet horrible \u00ab\u00a0 elle a dit non &#39;, chant\u00e9 \u00e0 chaque sol. Les fans de football utilisant le viol pour Bantz, d\u00e9go\u00fbtant \u00e0 tous les niveaux, mais Arsenal a facilit\u00e9 cela en permettant \u00e0 Partey de continuer \u00e0 jouer. Pour notre dernier match \u00e0 domicile de la saison, je me suis assis juste au-dessus des fans de Newcastle. Pendant la dur\u00e9e des 90 minutes, ils l&#39;ont hu\u00e9 et ont chant\u00e9 cette chanson, et c&#39;est une tache qui a suivi le club que nous aimons tous depuis des ann\u00e9es maintenant.<\/p>\n<p>Mais peut-\u00eatre, et c&#39;est un tr\u00e8s petit peut-\u00eatre pour moi, il y a un d\u00e9ni plausible dans l&#39;explication \u00abnous ne voulions pas l&#39;identifier\u00bb. Cependant, je ne pense pas que le club ait une jambe morale pour se tenir apr\u00e8s ce qui s&#39;est pass\u00e9 cet \u00e9t\u00e9. Son contrat a expir\u00e9 le 30 juin, le \u00about\u00bb parfait, le laisse expirer et passer \u00e0 autre chose. Cependant, ils ont pass\u00e9 tout en juin \u00e0 essayer de parvenir \u00e0 un accord avec lui pour une prolongation.<\/p>\n<p>Du haut en bas, les propri\u00e9taires, les dirigeants, le directeur, les RH, l&#39;\u00e9quipe juridique, avec la pleine connaissance de ce dont il avait \u00e9t\u00e9 accus\u00e9, a d\u00e9cid\u00e9 qu&#39;il \u00e9tait digne d&#39;un nouveau contrat. C&#39;est tout \u00e0 fait honteux. L&#39;opportunit\u00e9 sportive \u00e9tait plus importante que de faire la bonne chose. Et soyons clairs, ce que nous savons dans le domaine public ne se rapproche pas de la profondeur et de l&#39;ampleur des informations que le club a sur la situation et les incidents pour lesquels il a \u00e9t\u00e9 factur\u00e9. M\u00eame avec cela, aucune personne ayant une autorit\u00e9 n&#39;a d\u00e9clar\u00e9: \u00abCe n&#39;est pas acceptable pour Arsenal Football Club\u00bb. O\u00f9 sont les non-n\u00e9gociables?<\/p>\n<p>L&#39;accord s&#39;est effondr\u00e9 sur l&#39;argent, rien d&#39;autre. Le fait que son profil soit toujours sur le site Web d&#39;Arsenal apr\u00e8s que la nouvelle vous a annonc\u00e9 hier qu&#39;ils ne savaient pas que cela allait arriver. Ils \u00e9taient aveugles. Il peut y avoir un vide moral, mais ils ne sont pas stupides. Les reportages ont continu\u00e9 \u00e0 faire r\u00e9f\u00e9rence \u00e0 \u00abl&#39;ancien joueur d&#39;Arsenal\u2026\u00bb hier. Cela aurait tr\u00e8s facilement pu \u00eatre \u00abArsenal Player\u2026 qui a r\u00e9cemment re\u00e7u un nouvel accord de deux ans m\u00eame si le club savait de quoi il avait \u00e9t\u00e9 accus\u00e9\u00bb.<\/p>\n<p>Comme c&#39;est triste. Comment d\u00e9primant. Ne vous y trompez pas, ce club fait des choses merveilleuses pour la communaut\u00e9 d&#39;Arsenal, localement et mondiale, mais dans ce cas, ils ont laiss\u00e9 une tache ind\u00e9l\u00e9bile sur l&#39;histoire d&#39;une institution dans laquelle nous aimons tous et que nous sommes investis. C&#39;est vraiment un scandale, et la br\u00e8ve d\u00e9claration de la nuit derni\u00e8re a \u00e9t\u00e9 &#8211; tout en \u00e9tant compr\u00e9hensible compte tenu des l\u00e9galit\u00e9s de l&#39;affaire &#8211; une commodit\u00e9 qu&#39;ils peuvent se cacher.<\/p>\n<p>Au-del\u00e0 de cela, je ne sais pas quoi dire d&#39;autre. On m&#39;a demand\u00e9 pourquoi nous n&#39;avons pas fait l&#39;histoire sur Arseblog News. J&#39;ai eu du mal avec \u00e7a, pour \u00eatre honn\u00eate. J&#39;avais l&#39;impression que la bonne chose \u00e0 faire \u00e9tait de le couvrir ici sur le blog. Si nous avions publi\u00e9 l&#39;histoire sur le site d&#39;actualit\u00e9s, j&#39;aurais d\u00e9sactiv\u00e9 les commentaires parce que cette affaire est, et la nouvelle \u00e9tait partout ailleurs de toute fa\u00e7on. Je ne sais pas si j&#39;ai bien compris cette d\u00e9cision, mais je me sens bien avec \u00e7a ce matin. Ce n&#39;\u00e9tait pas, comme j&#39;ai \u00e9t\u00e9 accus\u00e9, une d\u00e9cision prise de fournir une couverture \u00e0 Arsenal ou \u00e0 quelqu&#39;un d&#39;autre.<\/p>\n<p>D&#39;autres ont fait valoir que la Premier League elle-m\u00eame doit fournir des conseils ici. Actuellement, il n&#39;y a pas de protocoles en place en ce qui concerne ce genre de situations, il est laiss\u00e9 aux clubs eux-m\u00eames. Je pense que c&#39;est quelque chose qui doit \u00eatre mis en place lorsque les joueurs sont accus\u00e9s des crimes les plus graves, et j&#39;esp\u00e8re que c&#39;est un probl\u00e8me qui est abord\u00e9 comme une question d&#39;urgence.<\/p>\n<p>Maintenant cependant, je pense que je dois le laisser l\u00e0. C&#39;est une journ\u00e9e sombre pour Arsenal, et j&#39;esp\u00e8re que les le\u00e7ons seront apprises afin que s&#39;il y a quelque chose de similaire \u00e0 nouveau &#8211; et j&#39;esp\u00e8re vraiment qu&#39;il n&#39;y en a pas &#8211; nous le g\u00e9rons mieux et de mani\u00e8re plus appropri\u00e9e. Et si quelque chose dans le blog d&#39;aujourd&#39;hui a \u00e9t\u00e9 difficile, le site Web d&#39;aide des femmes au Royaume-Uni est disponible ici, et des partisans d&#39;Arsenal contre la violence sexuelle peuvent \u00eatre trouv\u00e9s ici.<\/p>\n<\/div>\n","protected":false},"excerpt":{"rendered":"<p>Bonjour, ce sera un blog difficile \u00e0 \u00e9crire aujourd&#39;hui. J&#39;en reconnais la gravit\u00e9, mais aussi que cela ne sera pas facile pour certains lecteurs. Si<\/p>\n","protected":false},"author":1,"featured_media":25774,"comment_status":"closed","ping_status":"","sticky":false,"template":"","format":"standard","meta":{"footnotes":""},"categories":[3],"tags":[67,333,474,2306,51,7018,1534,6275,92],"yoast_head":"<!-- This site is optimized with the Yoast SEO plugin v21.0 - https:\/\/yoast.com\/wordpress\/plugins\/seo\/ -->\n<title>Une triste journ\u00e9e pour Tomiyasu: une journ\u00e9e sombre pour Arsenal Football Club<\/title>\n<meta name=\"robots\" content=\"index, follow, max-snippet:-1, max-image-preview:large, max-video-preview:-1\" \/>\n<link rel=\"canonical\" href=\"https:\/\/footdavant.fr\/actualites\/une-triste-journee-pour-tomiyasu-une-journee-sombre-pour-arsenal-football-club\/\" \/>\n<meta property=\"og:locale\" content=\"fr_FR\" \/>\n<meta property=\"og:type\" content=\"article\" \/>\n<meta property=\"og:title\" content=\"Une triste journ\u00e9e pour Tomiyasu: une journ\u00e9e sombre pour Arsenal Football Club\" \/>\n<meta property=\"og:description\" content=\"Bonjour, ce sera un blog difficile \u00e0 \u00e9crire aujourd&#039;hui. J&#039;en reconnais la gravit\u00e9, mais aussi que cela ne sera pas facile pour certains lecteurs. Si\" \/>\n<meta property=\"og:url\" content=\"https:\/\/footdavant.fr\/actualites\/une-triste-journee-pour-tomiyasu-une-journee-sombre-pour-arsenal-football-club\/\" \/>\n<meta property=\"og:site_name\" content=\"Foot d&#039;avant\" \/>\n<meta property=\"article:publisher\" content=\"https:\/\/www.facebook.com\/Footdavant\/\" \/>\n<meta property=\"article:published_time\" content=\"2025-07-05T11:48:13+00:00\" \/>\n<meta property=\"article:modified_time\" content=\"2025-07-05T11:48:15+00:00\" \/>\n<meta property=\"og:image\" content=\"https:\/\/footdavant.fr\/actualites\/wp-content\/uploads\/2025\/07\/Une-triste-journee-pour-Tomiyasu-une-journee-sombre-pour-Arsenal.png\" \/>\n\t<meta property=\"og:image:width\" content=\"1500\" \/>\n\t<meta property=\"og:image:height\" content=\"750\" \/>\n\t<meta property=\"og:image:type\" content=\"image\/png\" \/>\n<meta name=\"author\" content=\"Cl\u00e9ment\" \/>\n<meta name=\"twitter:card\" content=\"summary_large_image\" \/>\n<meta name=\"twitter:creator\" content=\"@FootdavantFr\" \/>\n<meta name=\"twitter:site\" content=\"@FootdavantFr\" \/>\n<meta name=\"twitter:label1\" content=\"\u00c9crit par\" \/>\n\t<meta name=\"twitter:data1\" content=\"Cl\u00e9ment\" \/>\n\t<meta name=\"twitter:label2\" content=\"Dur\u00e9e de lecture estim\u00e9e\" \/>\n\t<meta name=\"twitter:data2\" content=\"10 minutes\" \/>\n<script type=\"application\/ld+json\" class=\"yoast-schema-graph\">{\"@context\":\"https:\/\/schema.org\",\"@graph\":[{\"@type\":\"Article\",\"@id\":\"https:\/\/footdavant.fr\/actualites\/une-triste-journee-pour-tomiyasu-une-journee-sombre-pour-arsenal-football-club\/#article\",\"isPartOf\":{\"@id\":\"https:\/\/footdavant.fr\/actualites\/une-triste-journee-pour-tomiyasu-une-journee-sombre-pour-arsenal-football-club\/\"},\"author\":{\"name\":\"Cl\u00e9ment\",\"@id\":\"https:\/\/footdavant.fr\/actualites\/#\/schema\/person\/bc222566d95871b37e597b3ed3ba5e1d\"},\"headline\":\"Une triste journ\u00e9e pour Tomiyasu: une journ\u00e9e sombre pour Arsenal Football Club\",\"datePublished\":\"2025-07-05T11:48:13+00:00\",\"dateModified\":\"2025-07-05T11:48:15+00:00\",\"mainEntityOfPage\":{\"@id\":\"https:\/\/footdavant.fr\/actualites\/une-triste-journee-pour-tomiyasu-une-journee-sombre-pour-arsenal-football-club\/\"},\"wordCount\":2037,\"publisher\":{\"@id\":\"https:\/\/footdavant.fr\/actualites\/#organization\"},\"keywords\":[\"Arsenal\",\"club\",\"Football\",\"journ\u00e9e\",\"pour\",\"sombre\",\"Tomiyasu\",\"triste\",\"une\"],\"articleSection\":[\"Football\"],\"inLanguage\":\"fr-FR\"},{\"@type\":\"WebPage\",\"@id\":\"https:\/\/footdavant.fr\/actualites\/une-triste-journee-pour-tomiyasu-une-journee-sombre-pour-arsenal-football-club\/\",\"url\":\"https:\/\/footdavant.fr\/actualites\/une-triste-journee-pour-tomiyasu-une-journee-sombre-pour-arsenal-football-club\/\",\"name\":\"Une triste journ\u00e9e pour Tomiyasu: une journ\u00e9e sombre pour Arsenal Football Club\",\"isPartOf\":{\"@id\":\"https:\/\/footdavant.fr\/actualites\/#website\"},\"datePublished\":\"2025-07-05T11:48:13+00:00\",\"dateModified\":\"2025-07-05T11:48:15+00:00\",\"breadcrumb\":{\"@id\":\"https:\/\/footdavant.fr\/actualites\/une-triste-journee-pour-tomiyasu-une-journee-sombre-pour-arsenal-football-club\/#breadcrumb\"},\"inLanguage\":\"fr-FR\",\"potentialAction\":[{\"@type\":\"ReadAction\",\"target\":[\"https:\/\/footdavant.fr\/actualites\/une-triste-journee-pour-tomiyasu-une-journee-sombre-pour-arsenal-football-club\/\"]}]},{\"@type\":\"BreadcrumbList\",\"@id\":\"https:\/\/footdavant.fr\/actualites\/une-triste-journee-pour-tomiyasu-une-journee-sombre-pour-arsenal-football-club\/#breadcrumb\",\"itemListElement\":[{\"@type\":\"ListItem\",\"position\":1,\"name\":\"Accueil\",\"item\":\"https:\/\/footdavant.fr\/actualites\/\"},{\"@type\":\"ListItem\",\"position\":2,\"name\":\"Une triste journ\u00e9e pour Tomiyasu: une journ\u00e9e sombre pour Arsenal Football Club\"}]},{\"@type\":\"WebSite\",\"@id\":\"https:\/\/footdavant.fr\/actualites\/#website\",\"url\":\"https:\/\/footdavant.fr\/actualites\/\",\"name\":\"Foot d'avant\",\"description\":\"\",\"publisher\":{\"@id\":\"https:\/\/footdavant.fr\/actualites\/#organization\"},\"potentialAction\":[{\"@type\":\"SearchAction\",\"target\":{\"@type\":\"EntryPoint\",\"urlTemplate\":\"https:\/\/footdavant.fr\/actualites\/?s={search_term_string}\"},\"query-input\":\"required name=search_term_string\"}],\"inLanguage\":\"fr-FR\"},{\"@type\":\"Organization\",\"@id\":\"https:\/\/footdavant.fr\/actualites\/#organization\",\"name\":\"Foot d'avant\",\"url\":\"https:\/\/footdavant.fr\/actualites\/\",\"logo\":{\"@type\":\"ImageObject\",\"inLanguage\":\"fr-FR\",\"@id\":\"https:\/\/footdavant.fr\/actualites\/#\/schema\/logo\/image\/\",\"url\":\"https:\/\/footdavant.fr\/actualites\/wp-content\/uploads\/2023\/09\/Copy-of-FootDavant-Logo.png\",\"contentUrl\":\"https:\/\/footdavant.fr\/actualites\/wp-content\/uploads\/2023\/09\/Copy-of-FootDavant-Logo.png\",\"width\":936,\"height\":549,\"caption\":\"Foot d'avant\"},\"image\":{\"@id\":\"https:\/\/footdavant.fr\/actualites\/#\/schema\/logo\/image\/\"},\"sameAs\":[\"https:\/\/www.facebook.com\/Footdavant\/\",\"https:\/\/twitter.com\/FootdavantFr\",\"https:\/\/www.instagram.com\/footdavant.fr\/\"]},{\"@type\":\"Person\",\"@id\":\"https:\/\/footdavant.fr\/actualites\/#\/schema\/person\/bc222566d95871b37e597b3ed3ba5e1d\",\"name\":\"Cl\u00e9ment\",\"image\":{\"@type\":\"ImageObject\",\"inLanguage\":\"fr-FR\",\"@id\":\"https:\/\/footdavant.fr\/actualites\/#\/schema\/person\/image\/\",\"url\":\"https:\/\/secure.gravatar.com\/avatar\/7728b29aac2719421e1a9159b2254c44?s=96&d=mm&r=g\",\"contentUrl\":\"https:\/\/secure.gravatar.com\/avatar\/7728b29aac2719421e1a9159b2254c44?s=96&d=mm&r=g\",\"caption\":\"Cl\u00e9ment\"},\"sameAs\":[\"https:\/\/footdavant.fr\/\"]}]}<\/script>\n<!-- \/ Yoast SEO plugin. -->","yoast_head_json":{"title":"Une triste journ\u00e9e pour Tomiyasu: une journ\u00e9e sombre pour Arsenal Football Club","robots":{"index":"index","follow":"follow","max-snippet":"max-snippet:-1","max-image-preview":"max-image-preview:large","max-video-preview":"max-video-preview:-1"},"canonical":"https:\/\/footdavant.fr\/actualites\/une-triste-journee-pour-tomiyasu-une-journee-sombre-pour-arsenal-football-club\/","og_locale":"fr_FR","og_type":"article","og_title":"Une triste journ\u00e9e pour Tomiyasu: une journ\u00e9e sombre pour Arsenal Football Club","og_description":"Bonjour, ce sera un blog difficile \u00e0 \u00e9crire aujourd&#39;hui. J&#39;en reconnais la gravit\u00e9, mais aussi que cela ne sera pas facile pour certains lecteurs. Si","og_url":"https:\/\/footdavant.fr\/actualites\/une-triste-journee-pour-tomiyasu-une-journee-sombre-pour-arsenal-football-club\/","og_site_name":"Foot d&#039;avant","article_publisher":"https:\/\/www.facebook.com\/Footdavant\/","article_published_time":"2025-07-05T11:48:13+00:00","article_modified_time":"2025-07-05T11:48:15+00:00","og_image":[{"width":1500,"height":750,"url":"https:\/\/footdavant.fr\/actualites\/wp-content\/uploads\/2025\/07\/Une-triste-journee-pour-Tomiyasu-une-journee-sombre-pour-Arsenal.png","type":"image\/png"}],"author":"Cl\u00e9ment","twitter_card":"summary_large_image","twitter_creator":"@FootdavantFr","twitter_site":"@FootdavantFr","twitter_misc":{"\u00c9crit par":"Cl\u00e9ment","Dur\u00e9e de lecture estim\u00e9e":"10 minutes"},"schema":{"@context":"https:\/\/schema.org","@graph":[{"@type":"Article","@id":"https:\/\/footdavant.fr\/actualites\/une-triste-journee-pour-tomiyasu-une-journee-sombre-pour-arsenal-football-club\/#article","isPartOf":{"@id":"https:\/\/footdavant.fr\/actualites\/une-triste-journee-pour-tomiyasu-une-journee-sombre-pour-arsenal-football-club\/"},"author":{"name":"Cl\u00e9ment","@id":"https:\/\/footdavant.fr\/actualites\/#\/schema\/person\/bc222566d95871b37e597b3ed3ba5e1d"},"headline":"Une triste journ\u00e9e pour Tomiyasu: une journ\u00e9e sombre pour Arsenal Football Club","datePublished":"2025-07-05T11:48:13+00:00","dateModified":"2025-07-05T11:48:15+00:00","mainEntityOfPage":{"@id":"https:\/\/footdavant.fr\/actualites\/une-triste-journee-pour-tomiyasu-une-journee-sombre-pour-arsenal-football-club\/"},"wordCount":2037,"publisher":{"@id":"https:\/\/footdavant.fr\/actualites\/#organization"},"keywords":["Arsenal","club","Football","journ\u00e9e","pour","sombre","Tomiyasu","triste","une"],"articleSection":["Football"],"inLanguage":"fr-FR"},{"@type":"WebPage","@id":"https:\/\/footdavant.fr\/actualites\/une-triste-journee-pour-tomiyasu-une-journee-sombre-pour-arsenal-football-club\/","url":"https:\/\/footdavant.fr\/actualites\/une-triste-journee-pour-tomiyasu-une-journee-sombre-pour-arsenal-football-club\/","name":"Une triste journ\u00e9e pour Tomiyasu: une journ\u00e9e sombre pour Arsenal Football Club","isPartOf":{"@id":"https:\/\/footdavant.fr\/actualites\/#website"},"datePublished":"2025-07-05T11:48:13+00:00","dateModified":"2025-07-05T11:48:15+00:00","breadcrumb":{"@id":"https:\/\/footdavant.fr\/actualites\/une-triste-journee-pour-tomiyasu-une-journee-sombre-pour-arsenal-football-club\/#breadcrumb"},"inLanguage":"fr-FR","potentialAction":[{"@type":"ReadAction","target":["https:\/\/footdavant.fr\/actualites\/une-triste-journee-pour-tomiyasu-une-journee-sombre-pour-arsenal-football-club\/"]}]},{"@type":"BreadcrumbList","@id":"https:\/\/footdavant.fr\/actualites\/une-triste-journee-pour-tomiyasu-une-journee-sombre-pour-arsenal-football-club\/#breadcrumb","itemListElement":[{"@type":"ListItem","position":1,"name":"Accueil","item":"https:\/\/footdavant.fr\/actualites\/"},{"@type":"ListItem","position":2,"name":"Une triste journ\u00e9e pour Tomiyasu: une journ\u00e9e sombre pour Arsenal Football Club"}]},{"@type":"WebSite","@id":"https:\/\/footdavant.fr\/actualites\/#website","url":"https:\/\/footdavant.fr\/actualites\/","name":"Foot d'avant","description":"","publisher":{"@id":"https:\/\/footdavant.fr\/actualites\/#organization"},"potentialAction":[{"@type":"SearchAction","target":{"@type":"EntryPoint","urlTemplate":"https:\/\/footdavant.fr\/actualites\/?s={search_term_string}"},"query-input":"required name=search_term_string"}],"inLanguage":"fr-FR"},{"@type":"Organization","@id":"https:\/\/footdavant.fr\/actualites\/#organization","name":"Foot d'avant","url":"https:\/\/footdavant.fr\/actualites\/","logo":{"@type":"ImageObject","inLanguage":"fr-FR","@id":"https:\/\/footdavant.fr\/actualites\/#\/schema\/logo\/image\/","url":"https:\/\/footdavant.fr\/actualites\/wp-content\/uploads\/2023\/09\/Copy-of-FootDavant-Logo.png","contentUrl":"https:\/\/footdavant.fr\/actualites\/wp-content\/uploads\/2023\/09\/Copy-of-FootDavant-Logo.png","width":936,"height":549,"caption":"Foot d'avant"},"image":{"@id":"https:\/\/footdavant.fr\/actualites\/#\/schema\/logo\/image\/"},"sameAs":["https:\/\/www.facebook.com\/Footdavant\/","https:\/\/twitter.com\/FootdavantFr","https:\/\/www.instagram.com\/footdavant.fr\/"]},{"@type":"Person","@id":"https:\/\/footdavant.fr\/actualites\/#\/schema\/person\/bc222566d95871b37e597b3ed3ba5e1d","name":"Cl\u00e9ment","image":{"@type":"ImageObject","inLanguage":"fr-FR","@id":"https:\/\/footdavant.fr\/actualites\/#\/schema\/person\/image\/","url":"https:\/\/secure.gravatar.com\/avatar\/7728b29aac2719421e1a9159b2254c44?s=96&d=mm&r=g","contentUrl":"https:\/\/secure.gravatar.com\/avatar\/7728b29aac2719421e1a9159b2254c44?s=96&d=mm&r=g","caption":"Cl\u00e9ment"},"sameAs":["https:\/\/footdavant.fr\/"]}]}},"_links":{"self":[{"href":"https:\/\/footdavant.fr\/actualites\/wp-json\/wp\/v2\/posts\/25773"}],"collection":[{"href":"https:\/\/footdavant.fr\/actualites\/wp-json\/wp\/v2\/posts"}],"about":[{"href":"https:\/\/footdavant.fr\/actualites\/wp-json\/wp\/v2\/types\/post"}],"author":[{"embeddable":true,"href":"https:\/\/footdavant.fr\/actualites\/wp-json\/wp\/v2\/users\/1"}],"replies":[{"embeddable":true,"href":"https:\/\/footdavant.fr\/actualites\/wp-json\/wp\/v2\/comments?post=25773"}],"version-history":[{"count":1,"href":"https:\/\/footdavant.fr\/actualites\/wp-json\/wp\/v2\/posts\/25773\/revisions"}],"predecessor-version":[{"id":25775,"href":"https:\/\/footdavant.fr\/actualites\/wp-json\/wp\/v2\/posts\/25773\/revisions\/25775"}],"wp:featuredmedia":[{"embeddable":true,"href":"https:\/\/footdavant.fr\/actualites\/wp-json\/wp\/v2\/media\/25774"}],"wp:attachment":[{"href":"https:\/\/footdavant.fr\/actualites\/wp-json\/wp\/v2\/media?parent=25773"}],"wp:term":[{"taxonomy":"category","embeddable":true,"href":"https:\/\/footdavant.fr\/actualites\/wp-json\/wp\/v2\/categories?post=25773"},{"taxonomy":"post_tag","embeddable":true,"href":"https:\/\/footdavant.fr\/actualites\/wp-json\/wp\/v2\/tags?post=25773"}],"curies":[{"name":"wp","href":"https:\/\/api.w.org\/{rel}","templated":true}]}}