{"id":25776,"date":"2025-07-05T15:48:23","date_gmt":"2025-07-05T13:48:23","guid":{"rendered":"https:\/\/footdavant.fr\/actualites\/ebelechi-eze-transfert-dernier-le-milieu-de-terrain-de-crystal-palace-devrait-il-se-deplacer-vers-arsenal-ou-spurs\/"},"modified":"2025-07-05T15:48:24","modified_gmt":"2025-07-05T13:48:24","slug":"ebelechi-eze-transfert-dernier-le-milieu-de-terrain-de-crystal-palace-devrait-il-se-deplacer-vers-arsenal-ou-spurs","status":"publish","type":"post","link":"https:\/\/footdavant.fr\/actualites\/ebelechi-eze-transfert-dernier-le-milieu-de-terrain-de-crystal-palace-devrait-il-se-deplacer-vers-arsenal-ou-spurs\/","title":{"rendered":"Ebelechi Eze Transfert Dernier: le milieu de terrain de Crystal Palace devrait-il se d\u00e9placer vers Arsenal ou Spurs?"},"content":{"rendered":"<p>Au milieu de l&#39;int\u00e9r\u00eat des rumeurs d&#39;Arsenal et de Tottenham Hotspur, Sports Mole regarde quel club serait mieux adapt\u00e9 pour Ebechi Eze.<\/p>\n<div id=\"article_body\" itemprop=\"articleBody\">\n<p style=\"line-height:1.38; margin-bottom:13px\">Apr\u00e8s une autre saison magistrale \u00e0 <strong class=\"autotag\">Crystal Palace<\/strong>il n&#39;est pas surprenant que <strong class=\"autotag\">Ebechi Eze<\/strong> est au centre de plus de rumeurs de transfert cet \u00e9t\u00e9.<\/p>\n<p>Manchester City \u00e9tait le club li\u00e9 le plus avec l&#39;International en Angleterre il y a un an, mais apr\u00e8s leur intense activit\u00e9 de transfert au cours des six derniers mois, c&#39;est maintenant un rival du nord de Londres <strong class=\"autotag\">Arsenal<\/strong> et <strong class=\"autotag\">Tottenham Hotspur<\/strong> qui auraient \u00e9t\u00e9 int\u00e9ress\u00e9s par les services d&#39;Eze.<\/p>\n<p>Avec 15 buts et 11 passes d\u00e9cisives dans toutes les comp\u00e9titions pour Palace la saison derni\u00e8re, Eze a \u00e9galement guid\u00e9 le club vers son tout premier honneur majeur, marquant le seul but de leur victoire finale de la FA Cup contre Man City, consolidant sa place dans le folklore du club.<\/p>\n<p>Il y a maintenant des discussions qu&#39;Arsenal garde un \u0153il sur Eze, m\u00eame si l&#39;ajout d&#39;un joueur dans sa position n&#39;est pas leur priorit\u00e9 absolue, tandis que les Spurs attendent dans l&#39;ombre et attendaient leur temps sur un mouvement potentiel.<\/p>\n<p>Ici, <strong>Taupe de sport<\/strong> P\u00e8de le d\u00e9m\u00e9nagement mieux pour Eze \u00e0 ce stade de sa carri\u00e8re, et ce qui serait le mieux adapt\u00e9 pour le joueur de 27 ans.<\/p>\n<hr>\n<p><\/p>\n<h2>Qui a le plus besoin d&#39;Eze?<\/h2>\n<p class=\"imgI\">\n<p>Il y a des arguments en faveur des deux parties, car les deux clubs doivent s&#39;am\u00e9liorer sur les performances de la saison derni\u00e8re, et Eze fournirait cette qualit\u00e9 d&#39;\u00e9toile qui manquait les deux au cours de la campagne 2024-25.<\/p>\n<p>Une attaque contondante est ce qui a vu Arsenal tomber de la course au titre avec un peu de g\u00e9missement la saison derni\u00e8re, avec Kai Havertz et Gabriel Jesus non prolifiques, et le probl\u00e8me a \u00e9t\u00e9 encore aggrav\u00e9 lorsqu&#39;ils ont tous deux subi des blessures de fin de saison.<\/p>\n<p>La cr\u00e9ativit\u00e9 a \u00e9galement \u00e9t\u00e9 une \u00e9norme pr\u00e9occupation, en particulier pendant l&#39;absence de Bukayo Saka pour une grande partie de la saison, alors ajoutant quelqu&#39;un avec la capacit\u00e9 de transport de balle d&#39;Eze, qui a \u00e9galement l&#39;intelligence pour prendre la bonne d\u00e9cision dans le dernier tiers, que ce soit en train de passer une passe, ou de prendre un coup au but, serait un \u00e9norme ajout \u00e0 l&#39;arsenal xi.<\/p>\n<p>Pour les Spurs, sous un nouveau manager <strong class=\"autotag\">Thomas Frank<\/strong>une am\u00e9lioration sera n\u00e9cessaire partout sur le terrain, ignorant leur succ\u00e8s de la Ligue Europa, car en Premier League, tr\u00e8s peu de joueurs peuvent tenir la t\u00eate et dire qu&#39;ils \u00e9taient \u00e0 leur meilleur la saison derni\u00e8re.<\/p>\n<p>Les Spurs ont quand m\u00eame r\u00e9ussi \u00e0 marquer des buts \u00e0 volont\u00e9, mais la majorit\u00e9 de leur \u00e9quipe n&#39;a fonctionn\u00e9 que dans de courtes rapides de forme, avec Brennan Johnson, James Maddison et Dejan Kulusvski endurant certains points bas apr\u00e8s avoir profit\u00e9 de patchs violets, donc quelqu&#39;un avec la coh\u00e9rence d&#39;Eze serait un excellent ajout.<\/p>\n<hr>\n<p><\/p>\n<h2>Quel club serait le mieux adapt\u00e9 \u00e0 Eze?<\/h2>\n<p class=\"imgI\"><img decoding=\"async\" alt=\"Thomas Frank, directeur de Tottenham Hotspur, illustr\u00e9 le 2 mai 2025\" src=\"https:\/\/footdavant.fr\/actualites\/wp-content\/uploads\/2025\/06\/Thomas-Frank-confirme-la-decision-3939-sur-le-fils.webp\"><\/p>\n<p>Arsenal et Spurs ont tous deux jou\u00e9 un 4-3-3 la saison derni\u00e8re, donc la plupart supposeraient qu&#39;il n&#39;y aurait pas beaucoup de diff\u00e9rence dans l&#39;endroit o\u00f9 il va \u00e0 cet \u00e9gard, mais avec Frank arrivant \u00e0 Spurs, cela pourrait changer, parce que l&#39;ancien patron de Brentford a souvent bascul\u00e9 entre un 4-2-3-1 et un 3-4-3 au GTech.<\/p>\n<p>Cette forme 3-4-3 serait plus famili\u00e8re \u00e0 Eze, car c&#39;est ce que Oliver Glasner a mis en \u0153uvre \u00e0 Selhurst Park, et les Spurs ont les joueurs pour jouer efficacement dans ce syst\u00e8me, avec des dossiers d&#39;attaque Pedro Porro et Destiny Udogie \u00e0 leur disposition.<\/p>\n<p>Le fait d&#39;avoir des ailes permettrait \u00e0 Eze plus de libert\u00e9 de d\u00e9river \u00e0 l&#39;int\u00e9rieur de la gauche, comme il le faisait si souvent au Palace, alors qu&#39;\u00e0 Arsenal, il serait plus que probable qu&#39;il devrait jouer en tant qu&#39;ailier gauche traditionnel, ou comme un milieu de terrain central avec une responsabilit\u00e9 plus d\u00e9fensive que ce \u00e0 quoi il est utilis\u00e9.<\/p>\n<hr>\n<p><\/p>\n<h2>Arteta ou Frank?<\/h2>\n<p class=\"imgI\"><img decoding=\"async\" alt=\"Le manager d&#39;Arsenal Mikel Arteta illustr\u00e9 le 29 avril 2025\" src=\"https:\/\/footdavant.fr\/actualites\/wp-content\/uploads\/2025\/07\/1751665694_Horaire-de-pre-saison-d39Arsenal-qui-jouent-ils-Puis-je-regarder-Martin-Zubimenddi.jpg\"><\/p>\n<p>Alors qu&#39;Arsenal est devenu des challengers de titre et des habitu\u00e9s de la Ligue des champions au cours des derni\u00e8res ann\u00e9es, il est juste de dire que la plupart des joueurs attaquants n&#39;ont pas exactement prosp\u00e9r\u00e9 sous Arteta aux Emirats, \u00e0 part Saka.<\/p>\n<p>\u00c0 l&#39;inverse, Frank a eu un impact \u00e9norme sur de nombreux attaquants diff\u00e9rents \u00e0 Brentford, les pr\u00e9parant pour de grands mouvements ailleurs, comme Ollie Watkins, a d\u00e9clar\u00e9 Benrahma et Ivan Toney, avec Bryan Mbeumo et Yoane Wissa qui embo\u00eetera cet \u00e9t\u00e9.<\/p>\n<hr>\n<p><\/p>\n<h2>O\u00f9 Eze aura-t-elle plus de chances de succ\u00e8s?<\/h2>\n<p class=\"imgI\"><img decoding=\"async\" alt=\"Ebechi Eze de Crystal Palace avec le troph\u00e9e FA Cup le 17 mai 2025\" src=\"https:\/\/footdavant.fr\/actualites\/wp-content\/uploads\/2025\/07\/Arsenal-Transfer-News-Dernier-Mikel-Arteta-apprend-Ebelechi-Eze.webp\"><\/p>\n<p>Cependant, m\u00eame si Frank peut convenir davantage au jeu d&#39;Eze en tant que manager, si Eze veut un d\u00e9m\u00e9nagement avec une vue de gagner de gros troph\u00e9es, Arsenal serait le meilleur pari, m\u00eame si les Spurs sortent de la gloire de la Ligue Europa.<\/p>\n<p>Eze est le type de joueur qui peut catapulter les Gunners plus pr\u00e8s d&#39;un titre de Premier League qui a \u00e9t\u00e9 hors de port\u00e9e au cours des trois derni\u00e8res saisons, et apr\u00e8s avoir \u00e9galement atteint les demi-finales de la Ligue des champions, il n&#39;y a aucune raison pour que Arsenal ne puisse pas \u00eatre comp\u00e9titif sur le continent la saison prochaine.<\/p>\n<p>Les Spurs, d&#39;autre part, ont termin\u00e9 17e la saison derni\u00e8re, et un revirement remarquable sera n\u00e9cessaire en peu de temps s&#39;ils veulent concourir pr\u00e8s du sommet sous Frank la saison prochaine.<\/p>\n<p>Jouer en Ligue des champions pourrait \u00e9galement nuire \u00e0 leurs perspectives dans la ligue, car l&#39;\u00e9quipe actuelle des Spurs n&#39;est pas au niveau requis pour pouvoir concourir sur deux fronts extr\u00eamement comp\u00e9titifs, et \u00eatre dans une \u00e9poque de transition ne leur fera probablement pas non plus de faveurs.<\/p>\n<hr>\n<p><\/p>\n<h2>O\u00f9 devrait aller Eze cet \u00e9t\u00e9?<\/h2>\n<p class=\"imgI\"><img decoding=\"async\" alt=\"Ebelechi Eze de Crystal Palace lors du choc de son \u00e9quipe contre Tottenham Hotspur en Premier League, le 11 mai 2025\" src=\"https:\/\/footdavant.fr\/actualites\/wp-content\/uploads\/2025\/07\/Ebechi-Eze-Arsenal-Transfert-approuve-sous-le-nom-de-Mikel.jpg\"><\/p>\n<p>Compte tenu du talent que poss\u00e8de Eze, c&#39;est une surprise de ne pas voir encore plus de clubs pour lui, en particulier \u00e0 travers l&#39;Europe.<\/p>\n<p>Cependant, si le choix se situe entre Arsenal et Spurs, les Gunners seront imagin\u00e9s pour conclure un accord, compte tenu de leur stature plus \u00e9lev\u00e9e, et de meilleures chances de remporter le titre de Premier League.<\/p>\n<p>Malgr\u00e9 cela, le milieu de terrain du palais pourrait hi\u00e9rarchiser le style de jeu, et un club o\u00f9 ses talents seront autoris\u00e9s \u00e0 s&#39;\u00e9panouir, et cela pourrait bien \u00eatre des Spurs, en particulier sous un manager comme Frank, qui a une exp\u00e9rience de construction de joueurs attaquants pour atteindre leur plein potentiel, et cela pourrait \u00eatre crucial pour Eze qui entre dans le Squad d&#39;Angleterre avant la Coupe du monde de l&#39;ann\u00e9e prochaine.<\/p>\n<p>Pour l&#39;instant cependant, il reste purement en papier, et Eze est toujours un joueur du palais, et les Eagles esp\u00e8rent qu&#39;il restera pour jouer un r\u00f4le dans leur toute premi\u00e8re campagne europ\u00e9enne la saison prochaine.<\/p>\n<div class=\"author_box\">\n<div class=\"author_box_banner\"> <img decoding=\"async\" class=\"author_img\" src=\"https:\/\/footdavant.fr\/actualites\/wp-content\/uploads\/2025\/06\/Sports-Mole39s-de-tous-les-temps-Ligue-des-champions-XI.jpeg\"><\/div>\n<\/div>\n<\/div>\n","protected":false},"excerpt":{"rendered":"<p>Au milieu de l&#39;int\u00e9r\u00eat des rumeurs d&#39;Arsenal et de Tottenham Hotspur, Sports Mole regarde quel club serait mieux adapt\u00e9 pour Ebechi Eze. Apr\u00e8s une autre<\/p>\n","protected":false},"author":1,"featured_media":25777,"comment_status":"closed","ping_status":"","sticky":false,"template":"","format":"standard","meta":{"footnotes":""},"categories":[5],"tags":[67,1008,8202,2317,4015,9098,5266,441,815,1575,442,700,297],"yoast_head":"<!-- This site is optimized with the Yoast SEO plugin v21.0 - https:\/\/yoast.com\/wordpress\/plugins\/seo\/ -->\n<title>Ebelechi Eze Transfert Dernier: le milieu de terrain de Crystal Palace devrait-il se d\u00e9placer vers Arsenal ou Spurs?<\/title>\n<meta name=\"robots\" content=\"index, follow, max-snippet:-1, max-image-preview:large, max-video-preview:-1\" \/>\n<link rel=\"canonical\" href=\"https:\/\/footdavant.fr\/actualites\/ebelechi-eze-transfert-dernier-le-milieu-de-terrain-de-crystal-palace-devrait-il-se-deplacer-vers-arsenal-ou-spurs\/\" \/>\n<meta property=\"og:locale\" content=\"fr_FR\" \/>\n<meta property=\"og:type\" content=\"article\" \/>\n<meta property=\"og:title\" content=\"Ebelechi Eze Transfert Dernier: le milieu de terrain de Crystal Palace devrait-il se d\u00e9placer vers Arsenal ou Spurs?\" \/>\n<meta property=\"og:description\" content=\"Au milieu de l&#039;int\u00e9r\u00eat des rumeurs d&#039;Arsenal et de Tottenham Hotspur, Sports Mole regarde quel club serait mieux adapt\u00e9 pour Ebechi Eze. Apr\u00e8s une autre\" \/>\n<meta property=\"og:url\" content=\"https:\/\/footdavant.fr\/actualites\/ebelechi-eze-transfert-dernier-le-milieu-de-terrain-de-crystal-palace-devrait-il-se-deplacer-vers-arsenal-ou-spurs\/\" \/>\n<meta property=\"og:site_name\" content=\"Foot d&#039;avant\" \/>\n<meta property=\"article:publisher\" content=\"https:\/\/www.facebook.com\/Footdavant\/\" \/>\n<meta property=\"article:published_time\" content=\"2025-07-05T13:48:23+00:00\" \/>\n<meta property=\"article:modified_time\" content=\"2025-07-05T13:48:24+00:00\" \/>\n<meta property=\"og:image\" content=\"https:\/\/footdavant.fr\/actualites\/wp-content\/uploads\/2025\/06\/Thomas-Frank-confirme-la-decision-3939-sur-le-fils.jpg\" \/>\n\t<meta property=\"og:image:width\" content=\"640\" \/>\n\t<meta property=\"og:image:height\" content=\"480\" \/>\n\t<meta property=\"og:image:type\" content=\"image\/jpeg\" \/>\n<meta name=\"author\" content=\"Cl\u00e9ment\" \/>\n<meta name=\"twitter:card\" content=\"summary_large_image\" \/>\n<meta name=\"twitter:creator\" content=\"@FootdavantFr\" \/>\n<meta name=\"twitter:site\" content=\"@FootdavantFr\" \/>\n<meta name=\"twitter:label1\" content=\"\u00c9crit par\" \/>\n\t<meta name=\"twitter:data1\" content=\"Cl\u00e9ment\" \/>\n\t<meta name=\"twitter:label2\" content=\"Dur\u00e9e de lecture estim\u00e9e\" \/>\n\t<meta name=\"twitter:data2\" content=\"6 minutes\" \/>\n<script type=\"application\/ld+json\" class=\"yoast-schema-graph\">{\"@context\":\"https:\/\/schema.org\",\"@graph\":[{\"@type\":\"Article\",\"@id\":\"https:\/\/footdavant.fr\/actualites\/ebelechi-eze-transfert-dernier-le-milieu-de-terrain-de-crystal-palace-devrait-il-se-deplacer-vers-arsenal-ou-spurs\/#article\",\"isPartOf\":{\"@id\":\"https:\/\/footdavant.fr\/actualites\/ebelechi-eze-transfert-dernier-le-milieu-de-terrain-de-crystal-palace-devrait-il-se-deplacer-vers-arsenal-ou-spurs\/\"},\"author\":{\"name\":\"Cl\u00e9ment\",\"@id\":\"https:\/\/footdavant.fr\/actualites\/#\/schema\/person\/bc222566d95871b37e597b3ed3ba5e1d\"},\"headline\":\"Ebelechi Eze Transfert Dernier: le milieu de terrain de Crystal Palace devrait-il se d\u00e9placer vers Arsenal ou Spurs?\",\"datePublished\":\"2025-07-05T13:48:23+00:00\",\"dateModified\":\"2025-07-05T13:48:24+00:00\",\"mainEntityOfPage\":{\"@id\":\"https:\/\/footdavant.fr\/actualites\/ebelechi-eze-transfert-dernier-le-milieu-de-terrain-de-crystal-palace-devrait-il-se-deplacer-vers-arsenal-ou-spurs\/\"},\"wordCount\":1230,\"publisher\":{\"@id\":\"https:\/\/footdavant.fr\/actualites\/#organization\"},\"keywords\":[\"Arsenal\",\"Crystal\",\"d\u00e9placer\",\"dernier\",\"devraitil\",\"Ebelechi\",\"Eze\",\"milieu\",\"Palace\",\"Spurs\",\"terrain\",\"transfert\",\"vers\"],\"articleSection\":[\"Premier League\"],\"inLanguage\":\"fr-FR\"},{\"@type\":\"WebPage\",\"@id\":\"https:\/\/footdavant.fr\/actualites\/ebelechi-eze-transfert-dernier-le-milieu-de-terrain-de-crystal-palace-devrait-il-se-deplacer-vers-arsenal-ou-spurs\/\",\"url\":\"https:\/\/footdavant.fr\/actualites\/ebelechi-eze-transfert-dernier-le-milieu-de-terrain-de-crystal-palace-devrait-il-se-deplacer-vers-arsenal-ou-spurs\/\",\"name\":\"Ebelechi Eze Transfert Dernier: le milieu de terrain de Crystal Palace devrait-il se d\u00e9placer vers Arsenal ou Spurs?\",\"isPartOf\":{\"@id\":\"https:\/\/footdavant.fr\/actualites\/#website\"},\"datePublished\":\"2025-07-05T13:48:23+00:00\",\"dateModified\":\"2025-07-05T13:48:24+00:00\",\"breadcrumb\":{\"@id\":\"https:\/\/footdavant.fr\/actualites\/ebelechi-eze-transfert-dernier-le-milieu-de-terrain-de-crystal-palace-devrait-il-se-deplacer-vers-arsenal-ou-spurs\/#breadcrumb\"},\"inLanguage\":\"fr-FR\",\"potentialAction\":[{\"@type\":\"ReadAction\",\"target\":[\"https:\/\/footdavant.fr\/actualites\/ebelechi-eze-transfert-dernier-le-milieu-de-terrain-de-crystal-palace-devrait-il-se-deplacer-vers-arsenal-ou-spurs\/\"]}]},{\"@type\":\"BreadcrumbList\",\"@id\":\"https:\/\/footdavant.fr\/actualites\/ebelechi-eze-transfert-dernier-le-milieu-de-terrain-de-crystal-palace-devrait-il-se-deplacer-vers-arsenal-ou-spurs\/#breadcrumb\",\"itemListElement\":[{\"@type\":\"ListItem\",\"position\":1,\"name\":\"Accueil\",\"item\":\"https:\/\/footdavant.fr\/actualites\/\"},{\"@type\":\"ListItem\",\"position\":2,\"name\":\"Ebelechi Eze Transfert Dernier: le milieu de terrain de Crystal Palace devrait-il se d\u00e9placer vers Arsenal ou Spurs?\"}]},{\"@type\":\"WebSite\",\"@id\":\"https:\/\/footdavant.fr\/actualites\/#website\",\"url\":\"https:\/\/footdavant.fr\/actualites\/\",\"name\":\"Foot d'avant\",\"description\":\"\",\"publisher\":{\"@id\":\"https:\/\/footdavant.fr\/actualites\/#organization\"},\"potentialAction\":[{\"@type\":\"SearchAction\",\"target\":{\"@type\":\"EntryPoint\",\"urlTemplate\":\"https:\/\/footdavant.fr\/actualites\/?s={search_term_string}\"},\"query-input\":\"required name=search_term_string\"}],\"inLanguage\":\"fr-FR\"},{\"@type\":\"Organization\",\"@id\":\"https:\/\/footdavant.fr\/actualites\/#organization\",\"name\":\"Foot d'avant\",\"url\":\"https:\/\/footdavant.fr\/actualites\/\",\"logo\":{\"@type\":\"ImageObject\",\"inLanguage\":\"fr-FR\",\"@id\":\"https:\/\/footdavant.fr\/actualites\/#\/schema\/logo\/image\/\",\"url\":\"https:\/\/footdavant.fr\/actualites\/wp-content\/uploads\/2023\/09\/Copy-of-FootDavant-Logo.png\",\"contentUrl\":\"https:\/\/footdavant.fr\/actualites\/wp-content\/uploads\/2023\/09\/Copy-of-FootDavant-Logo.png\",\"width\":936,\"height\":549,\"caption\":\"Foot d'avant\"},\"image\":{\"@id\":\"https:\/\/footdavant.fr\/actualites\/#\/schema\/logo\/image\/\"},\"sameAs\":[\"https:\/\/www.facebook.com\/Footdavant\/\",\"https:\/\/twitter.com\/FootdavantFr\",\"https:\/\/www.instagram.com\/footdavant.fr\/\"]},{\"@type\":\"Person\",\"@id\":\"https:\/\/footdavant.fr\/actualites\/#\/schema\/person\/bc222566d95871b37e597b3ed3ba5e1d\",\"name\":\"Cl\u00e9ment\",\"image\":{\"@type\":\"ImageObject\",\"inLanguage\":\"fr-FR\",\"@id\":\"https:\/\/footdavant.fr\/actualites\/#\/schema\/person\/image\/\",\"url\":\"https:\/\/secure.gravatar.com\/avatar\/7728b29aac2719421e1a9159b2254c44?s=96&d=mm&r=g\",\"contentUrl\":\"https:\/\/secure.gravatar.com\/avatar\/7728b29aac2719421e1a9159b2254c44?s=96&d=mm&r=g\",\"caption\":\"Cl\u00e9ment\"},\"sameAs\":[\"https:\/\/footdavant.fr\/\"]}]}<\/script>\n<!-- \/ Yoast SEO plugin. -->","yoast_head_json":{"title":"Ebelechi Eze Transfert Dernier: le milieu de terrain de Crystal Palace devrait-il se d\u00e9placer vers Arsenal ou Spurs?","robots":{"index":"index","follow":"follow","max-snippet":"max-snippet:-1","max-image-preview":"max-image-preview:large","max-video-preview":"max-video-preview:-1"},"canonical":"https:\/\/footdavant.fr\/actualites\/ebelechi-eze-transfert-dernier-le-milieu-de-terrain-de-crystal-palace-devrait-il-se-deplacer-vers-arsenal-ou-spurs\/","og_locale":"fr_FR","og_type":"article","og_title":"Ebelechi Eze Transfert Dernier: le milieu de terrain de Crystal Palace devrait-il se d\u00e9placer vers Arsenal ou Spurs?","og_description":"Au milieu de l&#39;int\u00e9r\u00eat des rumeurs d&#39;Arsenal et de Tottenham Hotspur, Sports Mole regarde quel club serait mieux adapt\u00e9 pour Ebechi Eze. Apr\u00e8s une autre","og_url":"https:\/\/footdavant.fr\/actualites\/ebelechi-eze-transfert-dernier-le-milieu-de-terrain-de-crystal-palace-devrait-il-se-deplacer-vers-arsenal-ou-spurs\/","og_site_name":"Foot d&#039;avant","article_publisher":"https:\/\/www.facebook.com\/Footdavant\/","article_published_time":"2025-07-05T13:48:23+00:00","article_modified_time":"2025-07-05T13:48:24+00:00","og_image":[{"width":640,"height":480,"url":"https:\/\/footdavant.fr\/actualites\/wp-content\/uploads\/2025\/06\/Thomas-Frank-confirme-la-decision-3939-sur-le-fils.jpg","type":"image\/jpeg"}],"author":"Cl\u00e9ment","twitter_card":"summary_large_image","twitter_creator":"@FootdavantFr","twitter_site":"@FootdavantFr","twitter_misc":{"\u00c9crit par":"Cl\u00e9ment","Dur\u00e9e de lecture estim\u00e9e":"6 minutes"},"schema":{"@context":"https:\/\/schema.org","@graph":[{"@type":"Article","@id":"https:\/\/footdavant.fr\/actualites\/ebelechi-eze-transfert-dernier-le-milieu-de-terrain-de-crystal-palace-devrait-il-se-deplacer-vers-arsenal-ou-spurs\/#article","isPartOf":{"@id":"https:\/\/footdavant.fr\/actualites\/ebelechi-eze-transfert-dernier-le-milieu-de-terrain-de-crystal-palace-devrait-il-se-deplacer-vers-arsenal-ou-spurs\/"},"author":{"name":"Cl\u00e9ment","@id":"https:\/\/footdavant.fr\/actualites\/#\/schema\/person\/bc222566d95871b37e597b3ed3ba5e1d"},"headline":"Ebelechi Eze Transfert Dernier: le milieu de terrain de Crystal Palace devrait-il se d\u00e9placer vers Arsenal ou Spurs?","datePublished":"2025-07-05T13:48:23+00:00","dateModified":"2025-07-05T13:48:24+00:00","mainEntityOfPage":{"@id":"https:\/\/footdavant.fr\/actualites\/ebelechi-eze-transfert-dernier-le-milieu-de-terrain-de-crystal-palace-devrait-il-se-deplacer-vers-arsenal-ou-spurs\/"},"wordCount":1230,"publisher":{"@id":"https:\/\/footdavant.fr\/actualites\/#organization"},"keywords":["Arsenal","Crystal","d\u00e9placer","dernier","devraitil","Ebelechi","Eze","milieu","Palace","Spurs","terrain","transfert","vers"],"articleSection":["Premier League"],"inLanguage":"fr-FR"},{"@type":"WebPage","@id":"https:\/\/footdavant.fr\/actualites\/ebelechi-eze-transfert-dernier-le-milieu-de-terrain-de-crystal-palace-devrait-il-se-deplacer-vers-arsenal-ou-spurs\/","url":"https:\/\/footdavant.fr\/actualites\/ebelechi-eze-transfert-dernier-le-milieu-de-terrain-de-crystal-palace-devrait-il-se-deplacer-vers-arsenal-ou-spurs\/","name":"Ebelechi Eze Transfert Dernier: le milieu de terrain de Crystal Palace devrait-il se d\u00e9placer vers Arsenal ou Spurs?","isPartOf":{"@id":"https:\/\/footdavant.fr\/actualites\/#website"},"datePublished":"2025-07-05T13:48:23+00:00","dateModified":"2025-07-05T13:48:24+00:00","breadcrumb":{"@id":"https:\/\/footdavant.fr\/actualites\/ebelechi-eze-transfert-dernier-le-milieu-de-terrain-de-crystal-palace-devrait-il-se-deplacer-vers-arsenal-ou-spurs\/#breadcrumb"},"inLanguage":"fr-FR","potentialAction":[{"@type":"ReadAction","target":["https:\/\/footdavant.fr\/actualites\/ebelechi-eze-transfert-dernier-le-milieu-de-terrain-de-crystal-palace-devrait-il-se-deplacer-vers-arsenal-ou-spurs\/"]}]},{"@type":"BreadcrumbList","@id":"https:\/\/footdavant.fr\/actualites\/ebelechi-eze-transfert-dernier-le-milieu-de-terrain-de-crystal-palace-devrait-il-se-deplacer-vers-arsenal-ou-spurs\/#breadcrumb","itemListElement":[{"@type":"ListItem","position":1,"name":"Accueil","item":"https:\/\/footdavant.fr\/actualites\/"},{"@type":"ListItem","position":2,"name":"Ebelechi Eze Transfert Dernier: le milieu de terrain de Crystal Palace devrait-il se d\u00e9placer vers Arsenal ou Spurs?"}]},{"@type":"WebSite","@id":"https:\/\/footdavant.fr\/actualites\/#website","url":"https:\/\/footdavant.fr\/actualites\/","name":"Foot d'avant","description":"","publisher":{"@id":"https:\/\/footdavant.fr\/actualites\/#organization"},"potentialAction":[{"@type":"SearchAction","target":{"@type":"EntryPoint","urlTemplate":"https:\/\/footdavant.fr\/actualites\/?s={search_term_string}"},"query-input":"required name=search_term_string"}],"inLanguage":"fr-FR"},{"@type":"Organization","@id":"https:\/\/footdavant.fr\/actualites\/#organization","name":"Foot d'avant","url":"https:\/\/footdavant.fr\/actualites\/","logo":{"@type":"ImageObject","inLanguage":"fr-FR","@id":"https:\/\/footdavant.fr\/actualites\/#\/schema\/logo\/image\/","url":"https:\/\/footdavant.fr\/actualites\/wp-content\/uploads\/2023\/09\/Copy-of-FootDavant-Logo.png","contentUrl":"https:\/\/footdavant.fr\/actualites\/wp-content\/uploads\/2023\/09\/Copy-of-FootDavant-Logo.png","width":936,"height":549,"caption":"Foot d'avant"},"image":{"@id":"https:\/\/footdavant.fr\/actualites\/#\/schema\/logo\/image\/"},"sameAs":["https:\/\/www.facebook.com\/Footdavant\/","https:\/\/twitter.com\/FootdavantFr","https:\/\/www.instagram.com\/footdavant.fr\/"]},{"@type":"Person","@id":"https:\/\/footdavant.fr\/actualites\/#\/schema\/person\/bc222566d95871b37e597b3ed3ba5e1d","name":"Cl\u00e9ment","image":{"@type":"ImageObject","inLanguage":"fr-FR","@id":"https:\/\/footdavant.fr\/actualites\/#\/schema\/person\/image\/","url":"https:\/\/secure.gravatar.com\/avatar\/7728b29aac2719421e1a9159b2254c44?s=96&d=mm&r=g","contentUrl":"https:\/\/secure.gravatar.com\/avatar\/7728b29aac2719421e1a9159b2254c44?s=96&d=mm&r=g","caption":"Cl\u00e9ment"},"sameAs":["https:\/\/footdavant.fr\/"]}]}},"_links":{"self":[{"href":"https:\/\/footdavant.fr\/actualites\/wp-json\/wp\/v2\/posts\/25776"}],"collection":[{"href":"https:\/\/footdavant.fr\/actualites\/wp-json\/wp\/v2\/posts"}],"about":[{"href":"https:\/\/footdavant.fr\/actualites\/wp-json\/wp\/v2\/types\/post"}],"author":[{"embeddable":true,"href":"https:\/\/footdavant.fr\/actualites\/wp-json\/wp\/v2\/users\/1"}],"replies":[{"embeddable":true,"href":"https:\/\/footdavant.fr\/actualites\/wp-json\/wp\/v2\/comments?post=25776"}],"version-history":[{"count":1,"href":"https:\/\/footdavant.fr\/actualites\/wp-json\/wp\/v2\/posts\/25776\/revisions"}],"predecessor-version":[{"id":25778,"href":"https:\/\/footdavant.fr\/actualites\/wp-json\/wp\/v2\/posts\/25776\/revisions\/25778"}],"wp:featuredmedia":[{"embeddable":true,"href":"https:\/\/footdavant.fr\/actualites\/wp-json\/wp\/v2\/media\/25777"}],"wp:attachment":[{"href":"https:\/\/footdavant.fr\/actualites\/wp-json\/wp\/v2\/media?parent=25776"}],"wp:term":[{"taxonomy":"category","embeddable":true,"href":"https:\/\/footdavant.fr\/actualites\/wp-json\/wp\/v2\/categories?post=25776"},{"taxonomy":"post_tag","embeddable":true,"href":"https:\/\/footdavant.fr\/actualites\/wp-json\/wp\/v2\/tags?post=25776"}],"curies":[{"name":"wp","href":"https:\/\/api.w.org\/{rel}","templated":true}]}}