{"id":25779,"date":"2025-07-05T17:48:07","date_gmt":"2025-07-05T15:48:07","guid":{"rendered":"https:\/\/footdavant.fr\/actualites\/liverpool-pour-verser-le-contrat-de-jota-a-la-famille-pour-toucher-hommage\/"},"modified":"2025-07-05T17:48:09","modified_gmt":"2025-07-05T15:48:09","slug":"liverpool-pour-verser-le-contrat-de-jota-a-la-famille-pour-toucher-hommage","status":"publish","type":"post","link":"https:\/\/footdavant.fr\/actualites\/liverpool-pour-verser-le-contrat-de-jota-a-la-famille-pour-toucher-hommage\/","title":{"rendered":"Liverpool pour verser le contrat de Jota \u00e0 la famille pour toucher hommage"},"content":{"rendered":"<div id=\"article-body\">\n<!-- Article Start --><\/p>\n<p>Liverpool paiera les deux ann\u00e9es restantes du contrat de Diogo Jota \u00e0 sa famille, selon le dossier au Portugal, alors que le club continue de soutenir les proches de la fin de l&#39;attaquant \u00e0 la suite de sa mort tragique.<\/p>\n<p>Le joueur de 28 ans est d\u00e9c\u00e9d\u00e9 jeudi aux c\u00f4t\u00e9s de son fr\u00e8re Andre Silva \u00e0 la suite d&#39;un accident de voiture dans le nord de l&#39;Espagne.<\/p>\n<p>Depuis lors, la r\u00e9ponse du club a d\u00e9pass\u00e9 les hommages, avec de nombreux joueurs, personnel et dirigeants se rendant \u00e0 Gondomar pour les fun\u00e9railles.<\/p>\n<p>Le dossier rapporte que le club s&#39;est engag\u00e9 financier envers la famille de Jota, s&#39;engageant \u00e0 honorer son contrat actuel en totalit\u00e9.<\/p>\n<p>La d\u00e9cision refl\u00e8te non seulement un geste de respect, mais un puissant d\u00e9monstration de soutien \u00e0 son partenaire Rute et \u00e0 leurs enfants, garantissant qu&#39;ils seront soutenus financi\u00e8rement.<\/p>\n<p>Nous avons vu \u00e0 partir du montant de l&#39;amour depuis cet \u00e9v\u00e9nement tragique que le soutien \u00e9motinal sera \u00e9galement en place par les co\u00e9quipiers de notre n \u00b0 20, tous ceux qui souhaitent aider de toutes les mani\u00e8res possibles.<\/p>\n<h2>Liverpool envisage un autre hommage car les fans appellent le n \u00b0 20 \u00e0 la retraite<\/h2>\n<figure class=\"wp-caption alignnone\"><picture><source type=\"image\/webp\" data- data-><\/source><\/picture><\/figure>\n<p>En plus du geste du contrat, Liverpool a publi\u00e9 jeudi un hommage (via Liverpoolfc.com) qui a lu:<\/p>\n<\/p>\n<p>Cette mention de l&#39;immortalisation de la chemise n \u00b0 20 &#8211; port\u00e9e par Jota pendant cinq saisons et plus r\u00e9cemment lors de notre 20e Tiumph de titre de ligue sous la fente d&#39;Arne &#8211; a \u00e9t\u00e9 interpr\u00e9t\u00e9e comme une confirmation, elle sera retir\u00e9e en son honneur.<\/p>\n<p>Il n&#39;y a pas eu encore de confirmation de cela, mais il est clair que le club agira bient\u00f4t pour s&#39;assurer que son h\u00e9ritage \u00e0 Anfield vivra.<\/p>\n<h2>Les fans de Liverpool s&#39;assureront que l&#39;h\u00e9ritage de Jota permettra<\/h2>\n<figure class=\"wp-caption alignnone\"><picture><source type=\"image\/webp\" data- data-><img decoding=\"async\" loading=\"lazy\" width=\"1500\" height=\"1000\" src=\"https:\/\/footdavant.fr\/actualites\/wp-content\/uploads\/2025\/07\/1751730487_343_Liverpool-pour-verser-le-contrat-de-Jota-a-la-famille.jpg\" class=\"lazyload wp-image-275077 has-webp\" alt=\"Diogo Jota c\u00e9l\u00e8bre le score pour Liverpool\"  data- style=\"aspect-ratio:1500\/1000;max-width:1500px\"><\/source><\/picture><\/figure>\n<p>Des milliers de fans ont maintenant visit\u00e9 le m\u00e9morial croissant \u00e0 l&#39;ext\u00e9rieur d&#39;Anfield, posant des chemises, des photos, des drapeaux et des messages en hommage.<\/p>\n<p>Parmi eux, Jordan Henderson, qui est retourn\u00e9 au Merseyside sp\u00e9cifiquement pour rendre hommage. Comme le note, l&#39;ancien capitaine apr\u00e8s avoir quitt\u00e9 une \u00e9charpe et des fleurs sur le site.<\/p>\n<p>Les appels pour retirer la chemise num\u00e9ro 20 ont gagn\u00e9 du terrain en ligne.<\/p>\n<p>Bien que le club n&#39;ait pas encore confirm\u00e9 aucun plan, les partisans ont demand\u00e9 \u00e0 plusieurs reprises que le nombre soit conserv\u00e9 en l&#39;honneur de la contribution et de l&#39;h\u00e9ritage de l&#39;international du Portugal.<\/p>\n<p>Il y aura sans aucun doute un drapeau en son honneur agitant fi\u00e8rement le KOP la saison prochaine et pendant de nombreuses ann\u00e9es \u00e0 venir.<\/p>\n<p><!-- Article End -->\t\t\t\t<\/div>\n","protected":false},"excerpt":{"rendered":"<p>Liverpool paiera les deux ann\u00e9es restantes du contrat de Diogo Jota \u00e0 sa famille, selon le dossier au Portugal, alors que le club continue de<\/p>\n","protected":false},"author":1,"featured_media":25780,"comment_status":"closed","ping_status":"","sticky":false,"template":"","format":"standard","meta":{"footnotes":""},"categories":[3],"tags":[1218,2755,6238,1590,53,51,9771,9770],"yoast_head":"<!-- This site is optimized with the Yoast SEO plugin v21.0 - https:\/\/yoast.com\/wordpress\/plugins\/seo\/ -->\n<title>Liverpool pour verser le contrat de Jota \u00e0 la famille pour toucher hommage<\/title>\n<meta name=\"robots\" content=\"index, follow, max-snippet:-1, max-image-preview:large, max-video-preview:-1\" \/>\n<link rel=\"canonical\" href=\"https:\/\/footdavant.fr\/actualites\/liverpool-pour-verser-le-contrat-de-jota-a-la-famille-pour-toucher-hommage\/\" \/>\n<meta property=\"og:locale\" content=\"fr_FR\" \/>\n<meta property=\"og:type\" content=\"article\" \/>\n<meta property=\"og:title\" content=\"Liverpool pour verser le contrat de Jota \u00e0 la famille pour toucher hommage\" \/>\n<meta property=\"og:description\" content=\"Liverpool paiera les deux ann\u00e9es restantes du contrat de Diogo Jota \u00e0 sa famille, selon le dossier au Portugal, alors que le club continue de\" \/>\n<meta property=\"og:url\" content=\"https:\/\/footdavant.fr\/actualites\/liverpool-pour-verser-le-contrat-de-jota-a-la-famille-pour-toucher-hommage\/\" \/>\n<meta property=\"og:site_name\" content=\"Foot d&#039;avant\" \/>\n<meta property=\"article:publisher\" content=\"https:\/\/www.facebook.com\/Footdavant\/\" \/>\n<meta property=\"article:published_time\" content=\"2025-07-05T15:48:07+00:00\" \/>\n<meta property=\"article:modified_time\" content=\"2025-07-05T15:48:09+00:00\" \/>\n<meta property=\"og:image\" content=\"https:\/\/footdavant.fr\/actualites\/wp-content\/uploads\/2025\/07\/1751730488_Liverpool-pour-verser-le-contrat-de-Jota-a-la-famille.jpg\" \/>\n\t<meta property=\"og:image:width\" content=\"1200\" \/>\n\t<meta property=\"og:image:height\" content=\"675\" \/>\n\t<meta property=\"og:image:type\" content=\"image\/jpeg\" \/>\n<meta name=\"author\" content=\"Cl\u00e9ment\" \/>\n<meta name=\"twitter:card\" content=\"summary_large_image\" \/>\n<meta name=\"twitter:creator\" content=\"@FootdavantFr\" \/>\n<meta name=\"twitter:site\" content=\"@FootdavantFr\" \/>\n<meta name=\"twitter:label1\" content=\"\u00c9crit par\" \/>\n\t<meta name=\"twitter:data1\" content=\"Cl\u00e9ment\" \/>\n\t<meta name=\"twitter:label2\" content=\"Dur\u00e9e de lecture estim\u00e9e\" \/>\n\t<meta name=\"twitter:data2\" content=\"2 minutes\" \/>\n<script type=\"application\/ld+json\" class=\"yoast-schema-graph\">{\"@context\":\"https:\/\/schema.org\",\"@graph\":[{\"@type\":\"Article\",\"@id\":\"https:\/\/footdavant.fr\/actualites\/liverpool-pour-verser-le-contrat-de-jota-a-la-famille-pour-toucher-hommage\/#article\",\"isPartOf\":{\"@id\":\"https:\/\/footdavant.fr\/actualites\/liverpool-pour-verser-le-contrat-de-jota-a-la-famille-pour-toucher-hommage\/\"},\"author\":{\"name\":\"Cl\u00e9ment\",\"@id\":\"https:\/\/footdavant.fr\/actualites\/#\/schema\/person\/bc222566d95871b37e597b3ed3ba5e1d\"},\"headline\":\"Liverpool pour verser le contrat de Jota \u00e0 la famille pour toucher hommage\",\"datePublished\":\"2025-07-05T15:48:07+00:00\",\"dateModified\":\"2025-07-05T15:48:09+00:00\",\"mainEntityOfPage\":{\"@id\":\"https:\/\/footdavant.fr\/actualites\/liverpool-pour-verser-le-contrat-de-jota-a-la-famille-pour-toucher-hommage\/\"},\"wordCount\":467,\"publisher\":{\"@id\":\"https:\/\/footdavant.fr\/actualites\/#organization\"},\"keywords\":[\"contrat\",\"famille\",\"hommage\",\"Jota\",\"Liverpool\",\"pour\",\"toucher\",\"verser\"],\"articleSection\":[\"Football\"],\"inLanguage\":\"fr-FR\"},{\"@type\":\"WebPage\",\"@id\":\"https:\/\/footdavant.fr\/actualites\/liverpool-pour-verser-le-contrat-de-jota-a-la-famille-pour-toucher-hommage\/\",\"url\":\"https:\/\/footdavant.fr\/actualites\/liverpool-pour-verser-le-contrat-de-jota-a-la-famille-pour-toucher-hommage\/\",\"name\":\"Liverpool pour verser le contrat de Jota \u00e0 la famille pour toucher hommage\",\"isPartOf\":{\"@id\":\"https:\/\/footdavant.fr\/actualites\/#website\"},\"datePublished\":\"2025-07-05T15:48:07+00:00\",\"dateModified\":\"2025-07-05T15:48:09+00:00\",\"breadcrumb\":{\"@id\":\"https:\/\/footdavant.fr\/actualites\/liverpool-pour-verser-le-contrat-de-jota-a-la-famille-pour-toucher-hommage\/#breadcrumb\"},\"inLanguage\":\"fr-FR\",\"potentialAction\":[{\"@type\":\"ReadAction\",\"target\":[\"https:\/\/footdavant.fr\/actualites\/liverpool-pour-verser-le-contrat-de-jota-a-la-famille-pour-toucher-hommage\/\"]}]},{\"@type\":\"BreadcrumbList\",\"@id\":\"https:\/\/footdavant.fr\/actualites\/liverpool-pour-verser-le-contrat-de-jota-a-la-famille-pour-toucher-hommage\/#breadcrumb\",\"itemListElement\":[{\"@type\":\"ListItem\",\"position\":1,\"name\":\"Accueil\",\"item\":\"https:\/\/footdavant.fr\/actualites\/\"},{\"@type\":\"ListItem\",\"position\":2,\"name\":\"Liverpool pour verser le contrat de Jota \u00e0 la famille pour toucher hommage\"}]},{\"@type\":\"WebSite\",\"@id\":\"https:\/\/footdavant.fr\/actualites\/#website\",\"url\":\"https:\/\/footdavant.fr\/actualites\/\",\"name\":\"Foot d'avant\",\"description\":\"\",\"publisher\":{\"@id\":\"https:\/\/footdavant.fr\/actualites\/#organization\"},\"potentialAction\":[{\"@type\":\"SearchAction\",\"target\":{\"@type\":\"EntryPoint\",\"urlTemplate\":\"https:\/\/footdavant.fr\/actualites\/?s={search_term_string}\"},\"query-input\":\"required name=search_term_string\"}],\"inLanguage\":\"fr-FR\"},{\"@type\":\"Organization\",\"@id\":\"https:\/\/footdavant.fr\/actualites\/#organization\",\"name\":\"Foot d'avant\",\"url\":\"https:\/\/footdavant.fr\/actualites\/\",\"logo\":{\"@type\":\"ImageObject\",\"inLanguage\":\"fr-FR\",\"@id\":\"https:\/\/footdavant.fr\/actualites\/#\/schema\/logo\/image\/\",\"url\":\"https:\/\/footdavant.fr\/actualites\/wp-content\/uploads\/2023\/09\/Copy-of-FootDavant-Logo.png\",\"contentUrl\":\"https:\/\/footdavant.fr\/actualites\/wp-content\/uploads\/2023\/09\/Copy-of-FootDavant-Logo.png\",\"width\":936,\"height\":549,\"caption\":\"Foot d'avant\"},\"image\":{\"@id\":\"https:\/\/footdavant.fr\/actualites\/#\/schema\/logo\/image\/\"},\"sameAs\":[\"https:\/\/www.facebook.com\/Footdavant\/\",\"https:\/\/twitter.com\/FootdavantFr\",\"https:\/\/www.instagram.com\/footdavant.fr\/\"]},{\"@type\":\"Person\",\"@id\":\"https:\/\/footdavant.fr\/actualites\/#\/schema\/person\/bc222566d95871b37e597b3ed3ba5e1d\",\"name\":\"Cl\u00e9ment\",\"image\":{\"@type\":\"ImageObject\",\"inLanguage\":\"fr-FR\",\"@id\":\"https:\/\/footdavant.fr\/actualites\/#\/schema\/person\/image\/\",\"url\":\"https:\/\/secure.gravatar.com\/avatar\/7728b29aac2719421e1a9159b2254c44?s=96&d=mm&r=g\",\"contentUrl\":\"https:\/\/secure.gravatar.com\/avatar\/7728b29aac2719421e1a9159b2254c44?s=96&d=mm&r=g\",\"caption\":\"Cl\u00e9ment\"},\"sameAs\":[\"https:\/\/footdavant.fr\/\"]}]}<\/script>\n<!-- \/ Yoast SEO plugin. -->","yoast_head_json":{"title":"Liverpool pour verser le contrat de Jota \u00e0 la famille pour toucher hommage","robots":{"index":"index","follow":"follow","max-snippet":"max-snippet:-1","max-image-preview":"max-image-preview:large","max-video-preview":"max-video-preview:-1"},"canonical":"https:\/\/footdavant.fr\/actualites\/liverpool-pour-verser-le-contrat-de-jota-a-la-famille-pour-toucher-hommage\/","og_locale":"fr_FR","og_type":"article","og_title":"Liverpool pour verser le contrat de Jota \u00e0 la famille pour toucher hommage","og_description":"Liverpool paiera les deux ann\u00e9es restantes du contrat de Diogo Jota \u00e0 sa famille, selon le dossier au Portugal, alors que le club continue de","og_url":"https:\/\/footdavant.fr\/actualites\/liverpool-pour-verser-le-contrat-de-jota-a-la-famille-pour-toucher-hommage\/","og_site_name":"Foot d&#039;avant","article_publisher":"https:\/\/www.facebook.com\/Footdavant\/","article_published_time":"2025-07-05T15:48:07+00:00","article_modified_time":"2025-07-05T15:48:09+00:00","og_image":[{"width":1200,"height":675,"url":"https:\/\/footdavant.fr\/actualites\/wp-content\/uploads\/2025\/07\/1751730488_Liverpool-pour-verser-le-contrat-de-Jota-a-la-famille.jpg","type":"image\/jpeg"}],"author":"Cl\u00e9ment","twitter_card":"summary_large_image","twitter_creator":"@FootdavantFr","twitter_site":"@FootdavantFr","twitter_misc":{"\u00c9crit par":"Cl\u00e9ment","Dur\u00e9e de lecture estim\u00e9e":"2 minutes"},"schema":{"@context":"https:\/\/schema.org","@graph":[{"@type":"Article","@id":"https:\/\/footdavant.fr\/actualites\/liverpool-pour-verser-le-contrat-de-jota-a-la-famille-pour-toucher-hommage\/#article","isPartOf":{"@id":"https:\/\/footdavant.fr\/actualites\/liverpool-pour-verser-le-contrat-de-jota-a-la-famille-pour-toucher-hommage\/"},"author":{"name":"Cl\u00e9ment","@id":"https:\/\/footdavant.fr\/actualites\/#\/schema\/person\/bc222566d95871b37e597b3ed3ba5e1d"},"headline":"Liverpool pour verser le contrat de Jota \u00e0 la famille pour toucher hommage","datePublished":"2025-07-05T15:48:07+00:00","dateModified":"2025-07-05T15:48:09+00:00","mainEntityOfPage":{"@id":"https:\/\/footdavant.fr\/actualites\/liverpool-pour-verser-le-contrat-de-jota-a-la-famille-pour-toucher-hommage\/"},"wordCount":467,"publisher":{"@id":"https:\/\/footdavant.fr\/actualites\/#organization"},"keywords":["contrat","famille","hommage","Jota","Liverpool","pour","toucher","verser"],"articleSection":["Football"],"inLanguage":"fr-FR"},{"@type":"WebPage","@id":"https:\/\/footdavant.fr\/actualites\/liverpool-pour-verser-le-contrat-de-jota-a-la-famille-pour-toucher-hommage\/","url":"https:\/\/footdavant.fr\/actualites\/liverpool-pour-verser-le-contrat-de-jota-a-la-famille-pour-toucher-hommage\/","name":"Liverpool pour verser le contrat de Jota \u00e0 la famille pour toucher hommage","isPartOf":{"@id":"https:\/\/footdavant.fr\/actualites\/#website"},"datePublished":"2025-07-05T15:48:07+00:00","dateModified":"2025-07-05T15:48:09+00:00","breadcrumb":{"@id":"https:\/\/footdavant.fr\/actualites\/liverpool-pour-verser-le-contrat-de-jota-a-la-famille-pour-toucher-hommage\/#breadcrumb"},"inLanguage":"fr-FR","potentialAction":[{"@type":"ReadAction","target":["https:\/\/footdavant.fr\/actualites\/liverpool-pour-verser-le-contrat-de-jota-a-la-famille-pour-toucher-hommage\/"]}]},{"@type":"BreadcrumbList","@id":"https:\/\/footdavant.fr\/actualites\/liverpool-pour-verser-le-contrat-de-jota-a-la-famille-pour-toucher-hommage\/#breadcrumb","itemListElement":[{"@type":"ListItem","position":1,"name":"Accueil","item":"https:\/\/footdavant.fr\/actualites\/"},{"@type":"ListItem","position":2,"name":"Liverpool pour verser le contrat de Jota \u00e0 la famille pour toucher hommage"}]},{"@type":"WebSite","@id":"https:\/\/footdavant.fr\/actualites\/#website","url":"https:\/\/footdavant.fr\/actualites\/","name":"Foot d'avant","description":"","publisher":{"@id":"https:\/\/footdavant.fr\/actualites\/#organization"},"potentialAction":[{"@type":"SearchAction","target":{"@type":"EntryPoint","urlTemplate":"https:\/\/footdavant.fr\/actualites\/?s={search_term_string}"},"query-input":"required name=search_term_string"}],"inLanguage":"fr-FR"},{"@type":"Organization","@id":"https:\/\/footdavant.fr\/actualites\/#organization","name":"Foot d'avant","url":"https:\/\/footdavant.fr\/actualites\/","logo":{"@type":"ImageObject","inLanguage":"fr-FR","@id":"https:\/\/footdavant.fr\/actualites\/#\/schema\/logo\/image\/","url":"https:\/\/footdavant.fr\/actualites\/wp-content\/uploads\/2023\/09\/Copy-of-FootDavant-Logo.png","contentUrl":"https:\/\/footdavant.fr\/actualites\/wp-content\/uploads\/2023\/09\/Copy-of-FootDavant-Logo.png","width":936,"height":549,"caption":"Foot d'avant"},"image":{"@id":"https:\/\/footdavant.fr\/actualites\/#\/schema\/logo\/image\/"},"sameAs":["https:\/\/www.facebook.com\/Footdavant\/","https:\/\/twitter.com\/FootdavantFr","https:\/\/www.instagram.com\/footdavant.fr\/"]},{"@type":"Person","@id":"https:\/\/footdavant.fr\/actualites\/#\/schema\/person\/bc222566d95871b37e597b3ed3ba5e1d","name":"Cl\u00e9ment","image":{"@type":"ImageObject","inLanguage":"fr-FR","@id":"https:\/\/footdavant.fr\/actualites\/#\/schema\/person\/image\/","url":"https:\/\/secure.gravatar.com\/avatar\/7728b29aac2719421e1a9159b2254c44?s=96&d=mm&r=g","contentUrl":"https:\/\/secure.gravatar.com\/avatar\/7728b29aac2719421e1a9159b2254c44?s=96&d=mm&r=g","caption":"Cl\u00e9ment"},"sameAs":["https:\/\/footdavant.fr\/"]}]}},"_links":{"self":[{"href":"https:\/\/footdavant.fr\/actualites\/wp-json\/wp\/v2\/posts\/25779"}],"collection":[{"href":"https:\/\/footdavant.fr\/actualites\/wp-json\/wp\/v2\/posts"}],"about":[{"href":"https:\/\/footdavant.fr\/actualites\/wp-json\/wp\/v2\/types\/post"}],"author":[{"embeddable":true,"href":"https:\/\/footdavant.fr\/actualites\/wp-json\/wp\/v2\/users\/1"}],"replies":[{"embeddable":true,"href":"https:\/\/footdavant.fr\/actualites\/wp-json\/wp\/v2\/comments?post=25779"}],"version-history":[{"count":1,"href":"https:\/\/footdavant.fr\/actualites\/wp-json\/wp\/v2\/posts\/25779\/revisions"}],"predecessor-version":[{"id":25781,"href":"https:\/\/footdavant.fr\/actualites\/wp-json\/wp\/v2\/posts\/25779\/revisions\/25781"}],"wp:featuredmedia":[{"embeddable":true,"href":"https:\/\/footdavant.fr\/actualites\/wp-json\/wp\/v2\/media\/25780"}],"wp:attachment":[{"href":"https:\/\/footdavant.fr\/actualites\/wp-json\/wp\/v2\/media?parent=25779"}],"wp:term":[{"taxonomy":"category","embeddable":true,"href":"https:\/\/footdavant.fr\/actualites\/wp-json\/wp\/v2\/categories?post=25779"},{"taxonomy":"post_tag","embeddable":true,"href":"https:\/\/footdavant.fr\/actualites\/wp-json\/wp\/v2\/tags?post=25779"}],"curies":[{"name":"wp","href":"https:\/\/api.w.org\/{rel}","templated":true}]}}