{"id":25782,"date":"2025-07-05T19:48:08","date_gmt":"2025-07-05T17:48:08","guid":{"rendered":"https:\/\/footdavant.fr\/actualites\/dernieres-nouvelles-de-transfert-et-rumeurs-aston-villa-confirme-zepequeno-redmond-signing-crystal-palace-eye-championship-duo-celtic-defender-part\/"},"modified":"2025-07-05T19:48:09","modified_gmt":"2025-07-05T17:48:09","slug":"dernieres-nouvelles-de-transfert-et-rumeurs-aston-villa-confirme-zepequeno-redmond-signing-crystal-palace-eye-championship-duo-celtic-defender-part","status":"publish","type":"post","link":"https:\/\/footdavant.fr\/actualites\/dernieres-nouvelles-de-transfert-et-rumeurs-aston-villa-confirme-zepequeno-redmond-signing-crystal-palace-eye-championship-duo-celtic-defender-part\/","title":{"rendered":"Derni\u00e8res nouvelles de transfert et rumeurs: Aston Villa confirme Zepequeno Redmond Signing, Crystal Palace Eye Championship Duo, Celtic Defender part"},"content":{"rendered":"<p>Sports Mole rassemble les derni\u00e8res nouvelles et rumeurs de transfert, notamment Zepeveno Redmond \u00e0 Aston Villa, Greg Taylor \u00e0 Paok et deux joueurs de Middlesbrough \u00e0 Crystal Palace.<\/p>\n<div id=\"article_body\" itemprop=\"articleBody\">\n<h3 class=\"firstPara\"><\/h3>\n<p style=\"margin-bottom:11px\"><strong class=\"autotag\">Aston Villa<\/strong> ont annonc\u00e9 la signature de l&#39;attaquant adolescent <strong class=\"autotag\">Zepiqueno Redmond<\/strong> sur un transfert gratuit.<\/p>\n<p>D\u00e9crit comme un \u00abjeune talent passionnant\u00bb sur le site officiel de Villa, Redmond rejoint <strong class=\"autotag\">Unai Emery<\/strong>c\u00f4t\u00e9 du c\u00f4t\u00e9 apr\u00e8s l&#39;expiration de son contrat au Eredivisie Club <strong class=\"autotag\">Feyenoord<\/strong>.<\/p>\n<p>Redmond devient la deuxi\u00e8me signature de Villa de l&#39;\u00e9t\u00e9 apr\u00e8s son compatriote de 19 ans <strong class=\"autotag\">Yasin Ozcan<\/strong>dont l&#39;accord de pr\u00e9-contrat a \u00e9t\u00e9 confirm\u00e9 en f\u00e9vrier.<\/p>\n<p>Selon <strong>journaliste Fabrizio Romano<\/strong>Redmond a mis le stylo sur papier sur un contrat de quatre ans jusqu&#39;en juin 2029, mais il n&#39;est pas clair si Villa a l&#39;intention d&#39;int\u00e9grer l&#39;attaquant dans leur \u00e9quipe de premi\u00e8re \u00e9quipe ou de l&#39;envoyer en pr\u00eat.<\/p>\n<p>L&#39;arriv\u00e9e des Pays-Bas des moins de 19 ans International vient apr\u00e8s Villa <strong>aurait opt\u00e9 contre<\/strong> signature <strong class=\"autotag\">Marcus Rashford<\/strong> sur un accord permanent suivant un sort de pr\u00eat, tandis que <strong class=\"autotag\">Ollie Watkins<\/strong> a \u00e9t\u00e9 <strong>li\u00e9 \u00e0 un d\u00e9m\u00e9nagement \u00e0 Manchester United<\/strong>.<\/p>\n<p>Redmond est un produit de la Feyenoord&#39;s Academy et a \u00e9t\u00e9 un marqueur prolifique au niveau des jeunes, marquant 30 buts de moins de 17 ans \u00e0 moins de 21 ans.<\/p>\n<p>L&#39;attaquant n\u00e9 \u00e0 Rotterdam quitte les g\u00e9ants n\u00e9erlandais apr\u00e8s avoir fait un total de neuf apparitions seniors, dont quatre dans l&#39;Eredivisie la saison derni\u00e8re.<\/p>\n<h2>Taylor rejoint <strong class=\"autotag\">Paok<\/strong> Apr\u00e8s un sort de six ans \u00e0 <strong class=\"autotag\">celtique<\/strong><\/h2>\n<blockquote class=\"twitter-tweet\" data-media-max-width=\"560\">\n<p dir=\"ltr\" lang=\"en\">Il est venu d&#39;\u00c9cosse ???????<\/p>\n<p>Il est pr\u00eat \u00e0 se battre \u2694\ufe0f<\/p>\n<p>Il est pr\u00eat \u00e0 jouer \u26bd\ufe0f<\/p>\n<p>Il est pr\u00eat \u00e0 conqu\u00e9rir! ?<a rel=\"nofollow\" href=\"https:\/\/twitter.com\/hashtag\/TaylorIsHere?src=hash&amp;ref_src=twsrc%5Etfw\">#Taylorishere<\/a> <a rel=\"nofollow\" href=\"https:\/\/twitter.com\/hashtag\/PAOK?src=hash&amp;ref_src=twsrc%5Etfw\">#Paok<\/a> <a rel=\"nofollow\" href=\"https:\/\/twitter.com\/hashtag\/OurWay?src=hash&amp;ref_src=twsrc%5Etfw\"># \u00c0 notre<\/a> <a rel=\"nofollow\" href=\"https:\/\/twitter.com\/hashtag\/transfers?src=hash&amp;ref_src=twsrc%5Etfw\">#transfers<\/a> <a rel=\"nofollow\" href=\"https:\/\/t.co\/eGQJbqhVws\">pic.twitter.com\/egqjbqhvws<\/a><\/p>\n<p>&#8211; Paok FC (@paok_fc) <a rel=\"nofollow\" href=\"https:\/\/twitter.com\/PAOK_FC\/status\/1939995395590955133?ref_src=twsrc%5Etfw\">1er juillet 2025<\/a><\/p><\/blockquote>\n<p>Ailleurs, arri\u00e8re gauche \u00e9cossais <strong class=\"autotag\">Greg Taylor<\/strong> a officiellement rejoint la tenue grecque PAok apr\u00e8s avoir refus\u00e9 un nouveau contrat avec Celtic.<\/p>\n<p>Taylor a pass\u00e9 six ans \u00e0 Celtic Park et a fait un total de 216 apparitions pour le club dans toutes les comp\u00e9titions, dont 43 sorties la saison derni\u00e8re alors que les Hoops ont conserv\u00e9 le titre de Premiership \u00e9cossais et ont remport\u00e9 la Scottish League Cup.<\/p>\n<p>Apr\u00e8s le retour de <strong class=\"autotag\">Kieran Tierney<\/strong> Cet \u00e9t\u00e9, Taylor a d\u00e9cid\u00e9 de chercher des p\u00e2turages nouveaux et a maintenant rejoint une \u00e9quipe PAok qui a termin\u00e9 troisi\u00e8me derri\u00e8re Olympiakos et Panathinaikos dans la Super League grecque la saison derni\u00e8re.<\/p>\n<p>Annon\u00e7ant l&#39;arriv\u00e9e de Taylor sur X: Paok a d\u00e9clar\u00e9: \u00ab\u00a0Il est venu d&#39;\u00c9cosse. Il est pr\u00eat \u00e0 se battre. Il est pr\u00eat \u00e0 jouer. Il est pr\u00eat \u00e0 conqu\u00e9rir!\u00a0\u00bb<\/p>\n<p>Taylor portera la chemise n \u00b0 32 et il pourrait faire ses d\u00e9buts en comp\u00e9tition pour PAok lorsqu&#39;ils entrent dans le troisi\u00e8me tour de qualification de la Ligue Europa plus tard ce mois-ci.<\/p>\n<p class=\"imgI\">\n<h2>Palais \u00abOeil \u00a3 27m Deal\u00bb pour <strong class=\"autotag\">Middlesbrough<\/strong> duo<\/h2>\n<p>Entre-temps, <strong class=\"autotag\">Crystal Palace<\/strong> seraient int\u00e9ress\u00e9s \u00e0 signer du duo Middlesbrough <strong class=\"autotag\">Hayden Hackney<\/strong> et <strong class=\"autotag\">Rav van den Berg<\/strong>.<\/p>\n<p>Les deux joueurs ont \u00e9t\u00e9 impliqu\u00e9s au Championnat d&#39;Europe des moins de 21 ans cet \u00e9t\u00e9, avec les Pays-Bas de Hackney en Angleterre, les Pays-Bas de Van Den Berg en route pour conserver leur titre, les jeunes Lions battant l&#39;Allemagne 3-2 apr\u00e8s un temps suppl\u00e9mentaire en finale.<\/p>\n<p>Hackney et Van den Berg se sont impos\u00e9s comme des joueurs cl\u00e9s de la premi\u00e8re \u00e9quipe pour Boro la saison derni\u00e8re et un nouvel entra\u00eeneur-chef <strong class=\"autotag\">Rob Edwards<\/strong> aimerait garder le duo alors qu&#39;il s&#39;efforce de construire une \u00e9quipe capable de contester la promotion du championnat.<\/p>\n<p>Cependant, <em><strong>Le soleil<\/strong><\/em>  Les rapports selon lesquels Palace regarde un double accord potentiel de 27 millions de livres sterling, avec le milieu de terrain Hackley d&#39;une valeur d&#39;environ 15 millions de livres sterling et le d\u00e9fenseur Van Den Berg \u00e9valu\u00e9 dans la r\u00e9gion de 12 millions de livres sterling.<\/p>\n<p>Hackney &#8211; qui a \u00e9t\u00e9 li\u00e9 \u00e0 un certain nombre d&#39;\u00e9quipes de Premier League de Premier League, dont Tottenham Hotspur et Manchester United, ainsi que les g\u00e9ants portugais Porto &#8211; est dans les livres de Boro depuis 2011 et a r\u00e9colt\u00e9 cinq buts et trois passes d\u00e9cisives dans 43 apparitions de championnat la saison derni\u00e8re.<\/p>\n<p>Van den Berg, quant \u00e0 lui, a rejoint Middlesbrough en 2023 et le d\u00e9fenseur central depuis 66 apparitions pour le club dans toutes les comp\u00e9titions, dont 27 sorties de championnat en 2024-25.<\/p>\n<div class=\"author_box\">\n<div class=\"author_box_banner\"> <img decoding=\"async\" class=\"author_img\" src=\"https:\/\/footdavant.fr\/actualites\/wp-content\/uploads\/2025\/06\/Modric-Carvajal-Ronaldo-Quels-joueurs-ont-remporte-le-plus-de.jpg\"><\/div>\n<\/div>\n<\/div>\n<p><script async src=\"https:\/\/platform.twitter.com\/widgets.js\" charset=\"utf-8\"><\/script><\/p>\n","protected":false},"excerpt":{"rendered":"<p>Sports Mole rassemble les derni\u00e8res nouvelles et rumeurs de transfert, notamment Zepeveno Redmond \u00e0 Aston Villa, Greg Taylor \u00e0 Paok et deux joueurs de Middlesbrough<\/p>\n","protected":false},"author":1,"featured_media":25783,"comment_status":"closed","ping_status":"","sticky":false,"template":"","format":"standard","meta":{"footnotes":""},"categories":[5],"tags":[369,413,5469,40,1008,7755,4434,469,2736,461,815,3708,9773,976,3312,700,370,9772],"yoast_head":"<!-- This site is optimized with the Yoast SEO plugin v21.0 - https:\/\/yoast.com\/wordpress\/plugins\/seo\/ -->\n<title>Derni\u00e8res nouvelles de transfert et rumeurs: Aston Villa confirme Zepequeno Redmond Signing, Crystal Palace Eye Championship Duo, Celtic Defender part<\/title>\n<meta name=\"robots\" content=\"index, follow, max-snippet:-1, max-image-preview:large, max-video-preview:-1\" \/>\n<link rel=\"canonical\" href=\"https:\/\/footdavant.fr\/actualites\/dernieres-nouvelles-de-transfert-et-rumeurs-aston-villa-confirme-zepequeno-redmond-signing-crystal-palace-eye-championship-duo-celtic-defender-part\/\" \/>\n<meta property=\"og:locale\" content=\"fr_FR\" \/>\n<meta property=\"og:type\" content=\"article\" \/>\n<meta property=\"og:title\" content=\"Derni\u00e8res nouvelles de transfert et rumeurs: Aston Villa confirme Zepequeno Redmond Signing, Crystal Palace Eye Championship Duo, Celtic Defender part\" \/>\n<meta property=\"og:description\" content=\"Sports Mole rassemble les derni\u00e8res nouvelles et rumeurs de transfert, notamment Zepeveno Redmond \u00e0 Aston Villa, Greg Taylor \u00e0 Paok et deux joueurs de Middlesbrough\" \/>\n<meta property=\"og:url\" content=\"https:\/\/footdavant.fr\/actualites\/dernieres-nouvelles-de-transfert-et-rumeurs-aston-villa-confirme-zepequeno-redmond-signing-crystal-palace-eye-championship-duo-celtic-defender-part\/\" \/>\n<meta property=\"og:site_name\" content=\"Foot d&#039;avant\" \/>\n<meta property=\"article:publisher\" content=\"https:\/\/www.facebook.com\/Footdavant\/\" \/>\n<meta property=\"article:published_time\" content=\"2025-07-05T17:48:08+00:00\" \/>\n<meta property=\"article:modified_time\" content=\"2025-07-05T17:48:09+00:00\" \/>\n<meta property=\"og:image\" content=\"https:\/\/footdavant.fr\/actualites\/wp-content\/uploads\/2025\/07\/Dernieres-nouvelles-de-transfert-et-rumeurs-Aston-Villa-confirme-Zepequeno.jpg\" \/>\n\t<meta property=\"og:image:width\" content=\"640\" \/>\n\t<meta property=\"og:image:height\" content=\"480\" \/>\n\t<meta property=\"og:image:type\" content=\"image\/jpeg\" \/>\n<meta name=\"author\" content=\"Cl\u00e9ment\" \/>\n<meta name=\"twitter:card\" content=\"summary_large_image\" \/>\n<meta name=\"twitter:creator\" content=\"@FootdavantFr\" \/>\n<meta name=\"twitter:site\" content=\"@FootdavantFr\" \/>\n<meta name=\"twitter:label1\" content=\"\u00c9crit par\" \/>\n\t<meta name=\"twitter:data1\" content=\"Cl\u00e9ment\" \/>\n\t<meta name=\"twitter:label2\" content=\"Dur\u00e9e de lecture estim\u00e9e\" \/>\n\t<meta name=\"twitter:data2\" content=\"4 minutes\" \/>\n<script type=\"application\/ld+json\" class=\"yoast-schema-graph\">{\"@context\":\"https:\/\/schema.org\",\"@graph\":[{\"@type\":\"Article\",\"@id\":\"https:\/\/footdavant.fr\/actualites\/dernieres-nouvelles-de-transfert-et-rumeurs-aston-villa-confirme-zepequeno-redmond-signing-crystal-palace-eye-championship-duo-celtic-defender-part\/#article\",\"isPartOf\":{\"@id\":\"https:\/\/footdavant.fr\/actualites\/dernieres-nouvelles-de-transfert-et-rumeurs-aston-villa-confirme-zepequeno-redmond-signing-crystal-palace-eye-championship-duo-celtic-defender-part\/\"},\"author\":{\"name\":\"Cl\u00e9ment\",\"@id\":\"https:\/\/footdavant.fr\/actualites\/#\/schema\/person\/bc222566d95871b37e597b3ed3ba5e1d\"},\"headline\":\"Derni\u00e8res nouvelles de transfert et rumeurs: Aston Villa confirme Zepequeno Redmond Signing, Crystal Palace Eye Championship Duo, Celtic Defender part\",\"datePublished\":\"2025-07-05T17:48:08+00:00\",\"dateModified\":\"2025-07-05T17:48:09+00:00\",\"mainEntityOfPage\":{\"@id\":\"https:\/\/footdavant.fr\/actualites\/dernieres-nouvelles-de-transfert-et-rumeurs-aston-villa-confirme-zepequeno-redmond-signing-crystal-palace-eye-championship-duo-celtic-defender-part\/\"},\"wordCount\":771,\"publisher\":{\"@id\":\"https:\/\/footdavant.fr\/actualites\/#organization\"},\"keywords\":[\"Aston\",\"Celtic\",\"Championship\",\"confirme\",\"Crystal\",\"Defender\",\"derni\u00e8res\",\"duo\",\"eye\",\"Nouvelles\",\"Palace\",\"part\",\"Redmond\",\"rumeurs\",\"signing\",\"transfert\",\"Villa\",\"Zepequeno\"],\"articleSection\":[\"Premier League\"],\"inLanguage\":\"fr-FR\"},{\"@type\":\"WebPage\",\"@id\":\"https:\/\/footdavant.fr\/actualites\/dernieres-nouvelles-de-transfert-et-rumeurs-aston-villa-confirme-zepequeno-redmond-signing-crystal-palace-eye-championship-duo-celtic-defender-part\/\",\"url\":\"https:\/\/footdavant.fr\/actualites\/dernieres-nouvelles-de-transfert-et-rumeurs-aston-villa-confirme-zepequeno-redmond-signing-crystal-palace-eye-championship-duo-celtic-defender-part\/\",\"name\":\"Derni\u00e8res nouvelles de transfert et rumeurs: Aston Villa confirme Zepequeno Redmond Signing, Crystal Palace Eye Championship Duo, Celtic Defender part\",\"isPartOf\":{\"@id\":\"https:\/\/footdavant.fr\/actualites\/#website\"},\"datePublished\":\"2025-07-05T17:48:08+00:00\",\"dateModified\":\"2025-07-05T17:48:09+00:00\",\"breadcrumb\":{\"@id\":\"https:\/\/footdavant.fr\/actualites\/dernieres-nouvelles-de-transfert-et-rumeurs-aston-villa-confirme-zepequeno-redmond-signing-crystal-palace-eye-championship-duo-celtic-defender-part\/#breadcrumb\"},\"inLanguage\":\"fr-FR\",\"potentialAction\":[{\"@type\":\"ReadAction\",\"target\":[\"https:\/\/footdavant.fr\/actualites\/dernieres-nouvelles-de-transfert-et-rumeurs-aston-villa-confirme-zepequeno-redmond-signing-crystal-palace-eye-championship-duo-celtic-defender-part\/\"]}]},{\"@type\":\"BreadcrumbList\",\"@id\":\"https:\/\/footdavant.fr\/actualites\/dernieres-nouvelles-de-transfert-et-rumeurs-aston-villa-confirme-zepequeno-redmond-signing-crystal-palace-eye-championship-duo-celtic-defender-part\/#breadcrumb\",\"itemListElement\":[{\"@type\":\"ListItem\",\"position\":1,\"name\":\"Accueil\",\"item\":\"https:\/\/footdavant.fr\/actualites\/\"},{\"@type\":\"ListItem\",\"position\":2,\"name\":\"Derni\u00e8res nouvelles de transfert et rumeurs: Aston Villa confirme Zepequeno Redmond Signing, Crystal Palace Eye Championship Duo, Celtic Defender part\"}]},{\"@type\":\"WebSite\",\"@id\":\"https:\/\/footdavant.fr\/actualites\/#website\",\"url\":\"https:\/\/footdavant.fr\/actualites\/\",\"name\":\"Foot d'avant\",\"description\":\"\",\"publisher\":{\"@id\":\"https:\/\/footdavant.fr\/actualites\/#organization\"},\"potentialAction\":[{\"@type\":\"SearchAction\",\"target\":{\"@type\":\"EntryPoint\",\"urlTemplate\":\"https:\/\/footdavant.fr\/actualites\/?s={search_term_string}\"},\"query-input\":\"required name=search_term_string\"}],\"inLanguage\":\"fr-FR\"},{\"@type\":\"Organization\",\"@id\":\"https:\/\/footdavant.fr\/actualites\/#organization\",\"name\":\"Foot d'avant\",\"url\":\"https:\/\/footdavant.fr\/actualites\/\",\"logo\":{\"@type\":\"ImageObject\",\"inLanguage\":\"fr-FR\",\"@id\":\"https:\/\/footdavant.fr\/actualites\/#\/schema\/logo\/image\/\",\"url\":\"https:\/\/footdavant.fr\/actualites\/wp-content\/uploads\/2023\/09\/Copy-of-FootDavant-Logo.png\",\"contentUrl\":\"https:\/\/footdavant.fr\/actualites\/wp-content\/uploads\/2023\/09\/Copy-of-FootDavant-Logo.png\",\"width\":936,\"height\":549,\"caption\":\"Foot d'avant\"},\"image\":{\"@id\":\"https:\/\/footdavant.fr\/actualites\/#\/schema\/logo\/image\/\"},\"sameAs\":[\"https:\/\/www.facebook.com\/Footdavant\/\",\"https:\/\/twitter.com\/FootdavantFr\",\"https:\/\/www.instagram.com\/footdavant.fr\/\"]},{\"@type\":\"Person\",\"@id\":\"https:\/\/footdavant.fr\/actualites\/#\/schema\/person\/bc222566d95871b37e597b3ed3ba5e1d\",\"name\":\"Cl\u00e9ment\",\"image\":{\"@type\":\"ImageObject\",\"inLanguage\":\"fr-FR\",\"@id\":\"https:\/\/footdavant.fr\/actualites\/#\/schema\/person\/image\/\",\"url\":\"https:\/\/secure.gravatar.com\/avatar\/7728b29aac2719421e1a9159b2254c44?s=96&d=mm&r=g\",\"contentUrl\":\"https:\/\/secure.gravatar.com\/avatar\/7728b29aac2719421e1a9159b2254c44?s=96&d=mm&r=g\",\"caption\":\"Cl\u00e9ment\"},\"sameAs\":[\"https:\/\/footdavant.fr\/\"]}]}<\/script>\n<!-- \/ Yoast SEO plugin. -->","yoast_head_json":{"title":"Derni\u00e8res nouvelles de transfert et rumeurs: Aston Villa confirme Zepequeno Redmond Signing, Crystal Palace Eye Championship Duo, Celtic Defender part","robots":{"index":"index","follow":"follow","max-snippet":"max-snippet:-1","max-image-preview":"max-image-preview:large","max-video-preview":"max-video-preview:-1"},"canonical":"https:\/\/footdavant.fr\/actualites\/dernieres-nouvelles-de-transfert-et-rumeurs-aston-villa-confirme-zepequeno-redmond-signing-crystal-palace-eye-championship-duo-celtic-defender-part\/","og_locale":"fr_FR","og_type":"article","og_title":"Derni\u00e8res nouvelles de transfert et rumeurs: Aston Villa confirme Zepequeno Redmond Signing, Crystal Palace Eye Championship Duo, Celtic Defender part","og_description":"Sports Mole rassemble les derni\u00e8res nouvelles et rumeurs de transfert, notamment Zepeveno Redmond \u00e0 Aston Villa, Greg Taylor \u00e0 Paok et deux joueurs de Middlesbrough","og_url":"https:\/\/footdavant.fr\/actualites\/dernieres-nouvelles-de-transfert-et-rumeurs-aston-villa-confirme-zepequeno-redmond-signing-crystal-palace-eye-championship-duo-celtic-defender-part\/","og_site_name":"Foot d&#039;avant","article_publisher":"https:\/\/www.facebook.com\/Footdavant\/","article_published_time":"2025-07-05T17:48:08+00:00","article_modified_time":"2025-07-05T17:48:09+00:00","og_image":[{"width":640,"height":480,"url":"https:\/\/footdavant.fr\/actualites\/wp-content\/uploads\/2025\/07\/Dernieres-nouvelles-de-transfert-et-rumeurs-Aston-Villa-confirme-Zepequeno.jpg","type":"image\/jpeg"}],"author":"Cl\u00e9ment","twitter_card":"summary_large_image","twitter_creator":"@FootdavantFr","twitter_site":"@FootdavantFr","twitter_misc":{"\u00c9crit par":"Cl\u00e9ment","Dur\u00e9e de lecture estim\u00e9e":"4 minutes"},"schema":{"@context":"https:\/\/schema.org","@graph":[{"@type":"Article","@id":"https:\/\/footdavant.fr\/actualites\/dernieres-nouvelles-de-transfert-et-rumeurs-aston-villa-confirme-zepequeno-redmond-signing-crystal-palace-eye-championship-duo-celtic-defender-part\/#article","isPartOf":{"@id":"https:\/\/footdavant.fr\/actualites\/dernieres-nouvelles-de-transfert-et-rumeurs-aston-villa-confirme-zepequeno-redmond-signing-crystal-palace-eye-championship-duo-celtic-defender-part\/"},"author":{"name":"Cl\u00e9ment","@id":"https:\/\/footdavant.fr\/actualites\/#\/schema\/person\/bc222566d95871b37e597b3ed3ba5e1d"},"headline":"Derni\u00e8res nouvelles de transfert et rumeurs: Aston Villa confirme Zepequeno Redmond Signing, Crystal Palace Eye Championship Duo, Celtic Defender part","datePublished":"2025-07-05T17:48:08+00:00","dateModified":"2025-07-05T17:48:09+00:00","mainEntityOfPage":{"@id":"https:\/\/footdavant.fr\/actualites\/dernieres-nouvelles-de-transfert-et-rumeurs-aston-villa-confirme-zepequeno-redmond-signing-crystal-palace-eye-championship-duo-celtic-defender-part\/"},"wordCount":771,"publisher":{"@id":"https:\/\/footdavant.fr\/actualites\/#organization"},"keywords":["Aston","Celtic","Championship","confirme","Crystal","Defender","derni\u00e8res","duo","eye","Nouvelles","Palace","part","Redmond","rumeurs","signing","transfert","Villa","Zepequeno"],"articleSection":["Premier League"],"inLanguage":"fr-FR"},{"@type":"WebPage","@id":"https:\/\/footdavant.fr\/actualites\/dernieres-nouvelles-de-transfert-et-rumeurs-aston-villa-confirme-zepequeno-redmond-signing-crystal-palace-eye-championship-duo-celtic-defender-part\/","url":"https:\/\/footdavant.fr\/actualites\/dernieres-nouvelles-de-transfert-et-rumeurs-aston-villa-confirme-zepequeno-redmond-signing-crystal-palace-eye-championship-duo-celtic-defender-part\/","name":"Derni\u00e8res nouvelles de transfert et rumeurs: Aston Villa confirme Zepequeno Redmond Signing, Crystal Palace Eye Championship Duo, Celtic Defender part","isPartOf":{"@id":"https:\/\/footdavant.fr\/actualites\/#website"},"datePublished":"2025-07-05T17:48:08+00:00","dateModified":"2025-07-05T17:48:09+00:00","breadcrumb":{"@id":"https:\/\/footdavant.fr\/actualites\/dernieres-nouvelles-de-transfert-et-rumeurs-aston-villa-confirme-zepequeno-redmond-signing-crystal-palace-eye-championship-duo-celtic-defender-part\/#breadcrumb"},"inLanguage":"fr-FR","potentialAction":[{"@type":"ReadAction","target":["https:\/\/footdavant.fr\/actualites\/dernieres-nouvelles-de-transfert-et-rumeurs-aston-villa-confirme-zepequeno-redmond-signing-crystal-palace-eye-championship-duo-celtic-defender-part\/"]}]},{"@type":"BreadcrumbList","@id":"https:\/\/footdavant.fr\/actualites\/dernieres-nouvelles-de-transfert-et-rumeurs-aston-villa-confirme-zepequeno-redmond-signing-crystal-palace-eye-championship-duo-celtic-defender-part\/#breadcrumb","itemListElement":[{"@type":"ListItem","position":1,"name":"Accueil","item":"https:\/\/footdavant.fr\/actualites\/"},{"@type":"ListItem","position":2,"name":"Derni\u00e8res nouvelles de transfert et rumeurs: Aston Villa confirme Zepequeno Redmond Signing, Crystal Palace Eye Championship Duo, Celtic Defender part"}]},{"@type":"WebSite","@id":"https:\/\/footdavant.fr\/actualites\/#website","url":"https:\/\/footdavant.fr\/actualites\/","name":"Foot d'avant","description":"","publisher":{"@id":"https:\/\/footdavant.fr\/actualites\/#organization"},"potentialAction":[{"@type":"SearchAction","target":{"@type":"EntryPoint","urlTemplate":"https:\/\/footdavant.fr\/actualites\/?s={search_term_string}"},"query-input":"required name=search_term_string"}],"inLanguage":"fr-FR"},{"@type":"Organization","@id":"https:\/\/footdavant.fr\/actualites\/#organization","name":"Foot d'avant","url":"https:\/\/footdavant.fr\/actualites\/","logo":{"@type":"ImageObject","inLanguage":"fr-FR","@id":"https:\/\/footdavant.fr\/actualites\/#\/schema\/logo\/image\/","url":"https:\/\/footdavant.fr\/actualites\/wp-content\/uploads\/2023\/09\/Copy-of-FootDavant-Logo.png","contentUrl":"https:\/\/footdavant.fr\/actualites\/wp-content\/uploads\/2023\/09\/Copy-of-FootDavant-Logo.png","width":936,"height":549,"caption":"Foot d'avant"},"image":{"@id":"https:\/\/footdavant.fr\/actualites\/#\/schema\/logo\/image\/"},"sameAs":["https:\/\/www.facebook.com\/Footdavant\/","https:\/\/twitter.com\/FootdavantFr","https:\/\/www.instagram.com\/footdavant.fr\/"]},{"@type":"Person","@id":"https:\/\/footdavant.fr\/actualites\/#\/schema\/person\/bc222566d95871b37e597b3ed3ba5e1d","name":"Cl\u00e9ment","image":{"@type":"ImageObject","inLanguage":"fr-FR","@id":"https:\/\/footdavant.fr\/actualites\/#\/schema\/person\/image\/","url":"https:\/\/secure.gravatar.com\/avatar\/7728b29aac2719421e1a9159b2254c44?s=96&d=mm&r=g","contentUrl":"https:\/\/secure.gravatar.com\/avatar\/7728b29aac2719421e1a9159b2254c44?s=96&d=mm&r=g","caption":"Cl\u00e9ment"},"sameAs":["https:\/\/footdavant.fr\/"]}]}},"_links":{"self":[{"href":"https:\/\/footdavant.fr\/actualites\/wp-json\/wp\/v2\/posts\/25782"}],"collection":[{"href":"https:\/\/footdavant.fr\/actualites\/wp-json\/wp\/v2\/posts"}],"about":[{"href":"https:\/\/footdavant.fr\/actualites\/wp-json\/wp\/v2\/types\/post"}],"author":[{"embeddable":true,"href":"https:\/\/footdavant.fr\/actualites\/wp-json\/wp\/v2\/users\/1"}],"replies":[{"embeddable":true,"href":"https:\/\/footdavant.fr\/actualites\/wp-json\/wp\/v2\/comments?post=25782"}],"version-history":[{"count":1,"href":"https:\/\/footdavant.fr\/actualites\/wp-json\/wp\/v2\/posts\/25782\/revisions"}],"predecessor-version":[{"id":25784,"href":"https:\/\/footdavant.fr\/actualites\/wp-json\/wp\/v2\/posts\/25782\/revisions\/25784"}],"wp:featuredmedia":[{"embeddable":true,"href":"https:\/\/footdavant.fr\/actualites\/wp-json\/wp\/v2\/media\/25783"}],"wp:attachment":[{"href":"https:\/\/footdavant.fr\/actualites\/wp-json\/wp\/v2\/media?parent=25782"}],"wp:term":[{"taxonomy":"category","embeddable":true,"href":"https:\/\/footdavant.fr\/actualites\/wp-json\/wp\/v2\/categories?post=25782"},{"taxonomy":"post_tag","embeddable":true,"href":"https:\/\/footdavant.fr\/actualites\/wp-json\/wp\/v2\/tags?post=25782"}],"curies":[{"name":"wp","href":"https:\/\/api.w.org\/{rel}","templated":true}]}}