{"id":25785,"date":"2025-07-05T21:48:02","date_gmt":"2025-07-05T19:48:02","guid":{"rendered":"https:\/\/footdavant.fr\/actualites\/paris-saint-germain-2-0-bayern-munich\/"},"modified":"2025-07-05T21:48:03","modified_gmt":"2025-07-05T19:48:03","slug":"paris-saint-germain-2-0-bayern-munich","status":"publish","type":"post","link":"https:\/\/footdavant.fr\/actualites\/paris-saint-germain-2-0-bayern-munich\/","title":{"rendered":"Paris Saint-Germain 2-0 Bayern Munich"},"content":{"rendered":"<div>\n<p data-start=\"60\" data-end=\"429\">Le Paris Saint-Germain a produit une vague tardive pour battre le Bayern Munich 2-0 dans un affrontement de Coupe du monde de club tendus et mouvement\u00e9.<\/p>\n<p data-start=\"431\" data-end=\"862\">Le match a commenc\u00e9 avec des attaques \u00e9lev\u00e9es de bout en bout alors que les deux parties cherchaient \u00e0 imposer leur style t\u00f4t.<\/p>\n<p data-start=\"431\" data-end=\"862\">Le Bayern a d&#39;abord menac\u00e9 par Michael Olise, qui a vu un puissant effort \u00e0 distance repouss\u00e9 par Gianluigi Donnarumma en six minutes.<\/p>\n<p data-start=\"431\" data-end=\"862\">Le gardien italien \u00e9tait sous une forme inspir\u00e9e, niant \u00e0 plusieurs reprises le Bayern tout au long de la soir\u00e9e. Le PSG, quant \u00e0 lui, avait l&#39;air dangereux sur le comptoir, avec Khvicha Kvaratskhelia une prise constante \u00e0 gauche.<\/p>\n<p data-start=\"864\" data-end=\"1306\">La premi\u00e8re moiti\u00e9 a \u00e9t\u00e9 perturb\u00e9e par plusieurs arr\u00eats, y compris les blessures \u00e0 Jamal Musiala et Josip Stanisic, qui ont tous deux \u00e9t\u00e9 contraints.<\/p>\n<p data-start=\"864\" data-end=\"1306\">Musiala a \u00e9t\u00e9 remplac\u00e9 par Serge Gnabry \u00e0 la pause, tandis que Stanisic a fait place \u00e0 Sacha Boey apr\u00e8s 34 minutes.<\/p>\n<p data-start=\"864\" data-end=\"1306\">Malgr\u00e9 les ruptures de rythme, les deux \u00e9quipes ont r\u00e9ussi \u00e0 cr\u00e9er des chances, Harry Kane et Kingsley Coman se rapprochant de l&#39;\u00e9quipe allemande, et Kvaratskhelia testant Manuel Neuer deux fois sous des angles serr\u00e9s.<\/p>\n<blockquote class=\"twitter-tweet\" data-width=\"550\" data-dnt=\"true\">\n<p lang=\"en\" dir=\"ltr\">\u23f1\ufe0f 90 + 9 &#39;- Victoire! \u2764\ufe0f\ud83d\udc99<\/p>\n<p>Jusqu&#39;\u00e0 9 hommes, nos Parisiens sont en demi-finale! \ud83d\udc4a<a rel=\"nofollow\" href=\"https:\/\/twitter.com\/hashtag\/PSGFCB?src=hash&amp;ref_src=twsrc%5Etfw\" rel=\"nofollow noopener\">#Psgfcb<\/a> 2\ufe0f\u20e3-0\ufe0f\u20e3 | <a rel=\"nofollow\" href=\"https:\/\/twitter.com\/hashtag\/FIFACWC?src=hash&amp;ref_src=twsrc%5Etfw\" rel=\"nofollow noopener\">#Fifacwc<\/a> <a rel=\"nofollow\" href=\"https:\/\/t.co\/vzCT9cFtFd\" rel=\"nofollow\">pic.twitter.com\/vzct9cftfd<\/a><\/p>\n<p>&#8211; Paris Saint-Germain (@psg_english) <a rel=\"nofollow\" href=\"https:\/\/twitter.com\/PSG_English\/status\/1941559198606819624?ref_src=twsrc%5Etfw\" rel=\"nofollow noopener\">5 juillet 2025<\/a><\/p>\n<\/blockquote>\n<p data-start=\"1308\" data-end=\"1684\">Apr\u00e8s une premi\u00e8re mi-temps sans coupure, le jeu a explos\u00e9 dans la vie dans les 20 derni\u00e8res minutes. La perc\u00e9e est survenue \u00e0 la 78e minute lorsque Joao Neves a trouv\u00e9 le d\u00e9sir Doue dans l&#39;espace en dehors de la bo\u00eete.<\/p>\n<p data-start=\"1308\" data-end=\"1684\">Le jeune Fran\u00e7ais a frapp\u00e9 un superbe entra\u00eenement bas dans le coin inf\u00e9rieur droit, ne donnant aucune chance \u00e0 Neuer.<\/p>\n<p data-start=\"1308\" data-end=\"1684\">C&#39;\u00e9tait un objectif m\u00e9rit\u00e9 pour Doue, qui avait \u00e9t\u00e9 l&#39;un des joueurs les plus dangereux du PSG la nuit.<\/p>\n<p data-start=\"1686\" data-end=\"2033\">Les temp\u00e9ratures ont \u00e9volu\u00e9 peu de temps apr\u00e8s l&#39;ouverture. En deux minutes, Willian Pacho a \u00e9t\u00e9 montr\u00e9 un carton rouge droit pour un d\u00e9fi imprudent sur Leon Goretzka, r\u00e9duisant le PSG \u00e0 10 hommes.<\/p>\n<p data-start=\"1686\" data-end=\"2033\">Alors que le Bayern pressait un \u00e9galiseur, Lucas Hernandez a \u00e9galement \u00e9t\u00e9 licenci\u00e9 pour une conduite violente apr\u00e8s un affrontement avec Raphael Guerreiro dans le temps suppl\u00e9mentaire, laissant les h\u00f4tes avec neuf hommes.<\/p>\n<p data-start=\"2035\" data-end=\"2511\">Le Bayern a tent\u00e9 de capitaliser, verser des joueurs en avant et s&#39;est rapproch\u00e9 le plus \u00e0 travers une en-t\u00eate de Goretzka qui a clignot\u00e9 juste au-dessus de la barre.<\/p>\n<p data-start=\"2035\" data-end=\"2511\">Mais le PSG s&#39;est d\u00e9fendu avec du grain et du sang-froid, et \u00e0 la 96e minute, ils ont d\u00e9croch\u00e9 le coup de KO. Une contre-attaque cloqueuse a vu Vititinha lib\u00e9rer Ousmane Dembele sur la droite, qui a coup\u00e9 \u00e0 l&#39;int\u00e9rieur et a secou\u00e9 la barre transversale.<\/p>\n<p data-start=\"2035\" data-end=\"2511\">Quelques instants plus tard, il a eu une seconde chance, qui se retire calmement \u00e0 bout portant apr\u00e8s avoir \u00e9t\u00e9 \u00e0 la hausse par Achraf Hakimi pour le faire 2-0.<\/p>\n<p data-start=\"2513\" data-end=\"2821\">Malgr\u00e9 un contr\u00f4le tardif pour une p\u00e9nalit\u00e9 potentielle du Bayern, la d\u00e9cision a suivi le chemin du PSG, et les h\u00f4tes ont vu les minutes restantes pour d\u00e9crocher une victoire c\u00e9l\u00e8bre.<\/p>\n<\/div>\n<p><script async src=\"https:\/\/platform.twitter.com\/widgets.js\" charset=\"utf-8\"><\/script><\/p>\n","protected":false},"excerpt":{"rendered":"<p>Le Paris Saint-Germain a produit une vague tardive pour battre le Bayern Munich 2-0 dans un affrontement de Coupe du monde de club tendus et<\/p>\n","protected":false},"author":1,"featured_media":25786,"comment_status":"closed","ping_status":"","sticky":false,"template":"","format":"standard","meta":{"footnotes":""},"categories":[3],"tags":[340,341,100,249],"yoast_head":"<!-- This site is optimized with the Yoast SEO plugin v21.0 - https:\/\/yoast.com\/wordpress\/plugins\/seo\/ -->\n<title>Paris Saint-Germain 2-0 Bayern Munich<\/title>\n<meta name=\"robots\" content=\"index, follow, max-snippet:-1, max-image-preview:large, max-video-preview:-1\" \/>\n<link rel=\"canonical\" href=\"https:\/\/footdavant.fr\/actualites\/paris-saint-germain-2-0-bayern-munich\/\" \/>\n<meta property=\"og:locale\" content=\"fr_FR\" \/>\n<meta property=\"og:type\" content=\"article\" \/>\n<meta property=\"og:title\" content=\"Paris Saint-Germain 2-0 Bayern Munich\" \/>\n<meta property=\"og:description\" content=\"Le Paris Saint-Germain a produit une vague tardive pour battre le Bayern Munich 2-0 dans un affrontement de Coupe du monde de club tendus et\" \/>\n<meta property=\"og:url\" content=\"https:\/\/footdavant.fr\/actualites\/paris-saint-germain-2-0-bayern-munich\/\" \/>\n<meta property=\"og:site_name\" content=\"Foot d&#039;avant\" \/>\n<meta property=\"article:publisher\" content=\"https:\/\/www.facebook.com\/Footdavant\/\" \/>\n<meta property=\"article:published_time\" content=\"2025-07-05T19:48:02+00:00\" \/>\n<meta property=\"article:modified_time\" content=\"2025-07-05T19:48:03+00:00\" \/>\n<meta property=\"og:image\" content=\"https:\/\/footdavant.fr\/actualites\/wp-content\/uploads\/2025\/07\/Paris-Saint-Germain-2-0-Bayern-Munich.jpg\" \/>\n\t<meta property=\"og:image:width\" content=\"1200\" \/>\n\t<meta property=\"og:image:height\" content=\"675\" \/>\n\t<meta property=\"og:image:type\" content=\"image\/jpeg\" \/>\n<meta name=\"author\" content=\"Cl\u00e9ment\" \/>\n<meta name=\"twitter:card\" content=\"summary_large_image\" \/>\n<meta name=\"twitter:creator\" content=\"@FootdavantFr\" \/>\n<meta name=\"twitter:site\" content=\"@FootdavantFr\" \/>\n<meta name=\"twitter:label1\" content=\"\u00c9crit par\" \/>\n\t<meta name=\"twitter:data1\" content=\"Cl\u00e9ment\" \/>\n\t<meta name=\"twitter:label2\" content=\"Dur\u00e9e de lecture estim\u00e9e\" \/>\n\t<meta name=\"twitter:data2\" content=\"3 minutes\" \/>\n<script type=\"application\/ld+json\" class=\"yoast-schema-graph\">{\"@context\":\"https:\/\/schema.org\",\"@graph\":[{\"@type\":\"Article\",\"@id\":\"https:\/\/footdavant.fr\/actualites\/paris-saint-germain-2-0-bayern-munich\/#article\",\"isPartOf\":{\"@id\":\"https:\/\/footdavant.fr\/actualites\/paris-saint-germain-2-0-bayern-munich\/\"},\"author\":{\"name\":\"Cl\u00e9ment\",\"@id\":\"https:\/\/footdavant.fr\/actualites\/#\/schema\/person\/bc222566d95871b37e597b3ed3ba5e1d\"},\"headline\":\"Paris Saint-Germain 2-0 Bayern Munich\",\"datePublished\":\"2025-07-05T19:48:02+00:00\",\"dateModified\":\"2025-07-05T19:48:03+00:00\",\"mainEntityOfPage\":{\"@id\":\"https:\/\/footdavant.fr\/actualites\/paris-saint-germain-2-0-bayern-munich\/\"},\"wordCount\":536,\"publisher\":{\"@id\":\"https:\/\/footdavant.fr\/actualites\/#organization\"},\"keywords\":[\"Bayern\",\"Munich\",\"paris\",\"SaintGermain\"],\"articleSection\":[\"Football\"],\"inLanguage\":\"fr-FR\"},{\"@type\":\"WebPage\",\"@id\":\"https:\/\/footdavant.fr\/actualites\/paris-saint-germain-2-0-bayern-munich\/\",\"url\":\"https:\/\/footdavant.fr\/actualites\/paris-saint-germain-2-0-bayern-munich\/\",\"name\":\"Paris Saint-Germain 2-0 Bayern Munich\",\"isPartOf\":{\"@id\":\"https:\/\/footdavant.fr\/actualites\/#website\"},\"datePublished\":\"2025-07-05T19:48:02+00:00\",\"dateModified\":\"2025-07-05T19:48:03+00:00\",\"breadcrumb\":{\"@id\":\"https:\/\/footdavant.fr\/actualites\/paris-saint-germain-2-0-bayern-munich\/#breadcrumb\"},\"inLanguage\":\"fr-FR\",\"potentialAction\":[{\"@type\":\"ReadAction\",\"target\":[\"https:\/\/footdavant.fr\/actualites\/paris-saint-germain-2-0-bayern-munich\/\"]}]},{\"@type\":\"BreadcrumbList\",\"@id\":\"https:\/\/footdavant.fr\/actualites\/paris-saint-germain-2-0-bayern-munich\/#breadcrumb\",\"itemListElement\":[{\"@type\":\"ListItem\",\"position\":1,\"name\":\"Accueil\",\"item\":\"https:\/\/footdavant.fr\/actualites\/\"},{\"@type\":\"ListItem\",\"position\":2,\"name\":\"Paris Saint-Germain 2-0 Bayern Munich\"}]},{\"@type\":\"WebSite\",\"@id\":\"https:\/\/footdavant.fr\/actualites\/#website\",\"url\":\"https:\/\/footdavant.fr\/actualites\/\",\"name\":\"Foot d'avant\",\"description\":\"\",\"publisher\":{\"@id\":\"https:\/\/footdavant.fr\/actualites\/#organization\"},\"potentialAction\":[{\"@type\":\"SearchAction\",\"target\":{\"@type\":\"EntryPoint\",\"urlTemplate\":\"https:\/\/footdavant.fr\/actualites\/?s={search_term_string}\"},\"query-input\":\"required name=search_term_string\"}],\"inLanguage\":\"fr-FR\"},{\"@type\":\"Organization\",\"@id\":\"https:\/\/footdavant.fr\/actualites\/#organization\",\"name\":\"Foot d'avant\",\"url\":\"https:\/\/footdavant.fr\/actualites\/\",\"logo\":{\"@type\":\"ImageObject\",\"inLanguage\":\"fr-FR\",\"@id\":\"https:\/\/footdavant.fr\/actualites\/#\/schema\/logo\/image\/\",\"url\":\"https:\/\/footdavant.fr\/actualites\/wp-content\/uploads\/2023\/09\/Copy-of-FootDavant-Logo.png\",\"contentUrl\":\"https:\/\/footdavant.fr\/actualites\/wp-content\/uploads\/2023\/09\/Copy-of-FootDavant-Logo.png\",\"width\":936,\"height\":549,\"caption\":\"Foot d'avant\"},\"image\":{\"@id\":\"https:\/\/footdavant.fr\/actualites\/#\/schema\/logo\/image\/\"},\"sameAs\":[\"https:\/\/www.facebook.com\/Footdavant\/\",\"https:\/\/twitter.com\/FootdavantFr\",\"https:\/\/www.instagram.com\/footdavant.fr\/\"]},{\"@type\":\"Person\",\"@id\":\"https:\/\/footdavant.fr\/actualites\/#\/schema\/person\/bc222566d95871b37e597b3ed3ba5e1d\",\"name\":\"Cl\u00e9ment\",\"image\":{\"@type\":\"ImageObject\",\"inLanguage\":\"fr-FR\",\"@id\":\"https:\/\/footdavant.fr\/actualites\/#\/schema\/person\/image\/\",\"url\":\"https:\/\/secure.gravatar.com\/avatar\/7728b29aac2719421e1a9159b2254c44?s=96&d=mm&r=g\",\"contentUrl\":\"https:\/\/secure.gravatar.com\/avatar\/7728b29aac2719421e1a9159b2254c44?s=96&d=mm&r=g\",\"caption\":\"Cl\u00e9ment\"},\"sameAs\":[\"https:\/\/footdavant.fr\/\"]}]}<\/script>\n<!-- \/ Yoast SEO plugin. -->","yoast_head_json":{"title":"Paris Saint-Germain 2-0 Bayern Munich","robots":{"index":"index","follow":"follow","max-snippet":"max-snippet:-1","max-image-preview":"max-image-preview:large","max-video-preview":"max-video-preview:-1"},"canonical":"https:\/\/footdavant.fr\/actualites\/paris-saint-germain-2-0-bayern-munich\/","og_locale":"fr_FR","og_type":"article","og_title":"Paris Saint-Germain 2-0 Bayern Munich","og_description":"Le Paris Saint-Germain a produit une vague tardive pour battre le Bayern Munich 2-0 dans un affrontement de Coupe du monde de club tendus et","og_url":"https:\/\/footdavant.fr\/actualites\/paris-saint-germain-2-0-bayern-munich\/","og_site_name":"Foot d&#039;avant","article_publisher":"https:\/\/www.facebook.com\/Footdavant\/","article_published_time":"2025-07-05T19:48:02+00:00","article_modified_time":"2025-07-05T19:48:03+00:00","og_image":[{"width":1200,"height":675,"url":"https:\/\/footdavant.fr\/actualites\/wp-content\/uploads\/2025\/07\/Paris-Saint-Germain-2-0-Bayern-Munich.jpg","type":"image\/jpeg"}],"author":"Cl\u00e9ment","twitter_card":"summary_large_image","twitter_creator":"@FootdavantFr","twitter_site":"@FootdavantFr","twitter_misc":{"\u00c9crit par":"Cl\u00e9ment","Dur\u00e9e de lecture estim\u00e9e":"3 minutes"},"schema":{"@context":"https:\/\/schema.org","@graph":[{"@type":"Article","@id":"https:\/\/footdavant.fr\/actualites\/paris-saint-germain-2-0-bayern-munich\/#article","isPartOf":{"@id":"https:\/\/footdavant.fr\/actualites\/paris-saint-germain-2-0-bayern-munich\/"},"author":{"name":"Cl\u00e9ment","@id":"https:\/\/footdavant.fr\/actualites\/#\/schema\/person\/bc222566d95871b37e597b3ed3ba5e1d"},"headline":"Paris Saint-Germain 2-0 Bayern Munich","datePublished":"2025-07-05T19:48:02+00:00","dateModified":"2025-07-05T19:48:03+00:00","mainEntityOfPage":{"@id":"https:\/\/footdavant.fr\/actualites\/paris-saint-germain-2-0-bayern-munich\/"},"wordCount":536,"publisher":{"@id":"https:\/\/footdavant.fr\/actualites\/#organization"},"keywords":["Bayern","Munich","paris","SaintGermain"],"articleSection":["Football"],"inLanguage":"fr-FR"},{"@type":"WebPage","@id":"https:\/\/footdavant.fr\/actualites\/paris-saint-germain-2-0-bayern-munich\/","url":"https:\/\/footdavant.fr\/actualites\/paris-saint-germain-2-0-bayern-munich\/","name":"Paris Saint-Germain 2-0 Bayern Munich","isPartOf":{"@id":"https:\/\/footdavant.fr\/actualites\/#website"},"datePublished":"2025-07-05T19:48:02+00:00","dateModified":"2025-07-05T19:48:03+00:00","breadcrumb":{"@id":"https:\/\/footdavant.fr\/actualites\/paris-saint-germain-2-0-bayern-munich\/#breadcrumb"},"inLanguage":"fr-FR","potentialAction":[{"@type":"ReadAction","target":["https:\/\/footdavant.fr\/actualites\/paris-saint-germain-2-0-bayern-munich\/"]}]},{"@type":"BreadcrumbList","@id":"https:\/\/footdavant.fr\/actualites\/paris-saint-germain-2-0-bayern-munich\/#breadcrumb","itemListElement":[{"@type":"ListItem","position":1,"name":"Accueil","item":"https:\/\/footdavant.fr\/actualites\/"},{"@type":"ListItem","position":2,"name":"Paris Saint-Germain 2-0 Bayern Munich"}]},{"@type":"WebSite","@id":"https:\/\/footdavant.fr\/actualites\/#website","url":"https:\/\/footdavant.fr\/actualites\/","name":"Foot d'avant","description":"","publisher":{"@id":"https:\/\/footdavant.fr\/actualites\/#organization"},"potentialAction":[{"@type":"SearchAction","target":{"@type":"EntryPoint","urlTemplate":"https:\/\/footdavant.fr\/actualites\/?s={search_term_string}"},"query-input":"required name=search_term_string"}],"inLanguage":"fr-FR"},{"@type":"Organization","@id":"https:\/\/footdavant.fr\/actualites\/#organization","name":"Foot d'avant","url":"https:\/\/footdavant.fr\/actualites\/","logo":{"@type":"ImageObject","inLanguage":"fr-FR","@id":"https:\/\/footdavant.fr\/actualites\/#\/schema\/logo\/image\/","url":"https:\/\/footdavant.fr\/actualites\/wp-content\/uploads\/2023\/09\/Copy-of-FootDavant-Logo.png","contentUrl":"https:\/\/footdavant.fr\/actualites\/wp-content\/uploads\/2023\/09\/Copy-of-FootDavant-Logo.png","width":936,"height":549,"caption":"Foot d'avant"},"image":{"@id":"https:\/\/footdavant.fr\/actualites\/#\/schema\/logo\/image\/"},"sameAs":["https:\/\/www.facebook.com\/Footdavant\/","https:\/\/twitter.com\/FootdavantFr","https:\/\/www.instagram.com\/footdavant.fr\/"]},{"@type":"Person","@id":"https:\/\/footdavant.fr\/actualites\/#\/schema\/person\/bc222566d95871b37e597b3ed3ba5e1d","name":"Cl\u00e9ment","image":{"@type":"ImageObject","inLanguage":"fr-FR","@id":"https:\/\/footdavant.fr\/actualites\/#\/schema\/person\/image\/","url":"https:\/\/secure.gravatar.com\/avatar\/7728b29aac2719421e1a9159b2254c44?s=96&d=mm&r=g","contentUrl":"https:\/\/secure.gravatar.com\/avatar\/7728b29aac2719421e1a9159b2254c44?s=96&d=mm&r=g","caption":"Cl\u00e9ment"},"sameAs":["https:\/\/footdavant.fr\/"]}]}},"_links":{"self":[{"href":"https:\/\/footdavant.fr\/actualites\/wp-json\/wp\/v2\/posts\/25785"}],"collection":[{"href":"https:\/\/footdavant.fr\/actualites\/wp-json\/wp\/v2\/posts"}],"about":[{"href":"https:\/\/footdavant.fr\/actualites\/wp-json\/wp\/v2\/types\/post"}],"author":[{"embeddable":true,"href":"https:\/\/footdavant.fr\/actualites\/wp-json\/wp\/v2\/users\/1"}],"replies":[{"embeddable":true,"href":"https:\/\/footdavant.fr\/actualites\/wp-json\/wp\/v2\/comments?post=25785"}],"version-history":[{"count":1,"href":"https:\/\/footdavant.fr\/actualites\/wp-json\/wp\/v2\/posts\/25785\/revisions"}],"predecessor-version":[{"id":25787,"href":"https:\/\/footdavant.fr\/actualites\/wp-json\/wp\/v2\/posts\/25785\/revisions\/25787"}],"wp:featuredmedia":[{"embeddable":true,"href":"https:\/\/footdavant.fr\/actualites\/wp-json\/wp\/v2\/media\/25786"}],"wp:attachment":[{"href":"https:\/\/footdavant.fr\/actualites\/wp-json\/wp\/v2\/media?parent=25785"}],"wp:term":[{"taxonomy":"category","embeddable":true,"href":"https:\/\/footdavant.fr\/actualites\/wp-json\/wp\/v2\/categories?post=25785"},{"taxonomy":"post_tag","embeddable":true,"href":"https:\/\/footdavant.fr\/actualites\/wp-json\/wp\/v2\/tags?post=25785"}],"curies":[{"name":"wp","href":"https:\/\/api.w.org\/{rel}","templated":true}]}}