{"id":25788,"date":"2025-07-05T23:48:09","date_gmt":"2025-07-05T21:48:09","guid":{"rendered":"https:\/\/footdavant.fr\/actualites\/homme-city-blessury-news-concernant-rodri-retrait-confirme-par-pep-guardiola-apres-la-sortie-de-la-coupe-du-monde-du-club\/"},"modified":"2025-07-05T23:48:10","modified_gmt":"2025-07-05T21:48:10","slug":"homme-city-blessury-news-concernant-rodri-retrait-confirme-par-pep-guardiola-apres-la-sortie-de-la-coupe-du-monde-du-club","status":"publish","type":"post","link":"https:\/\/footdavant.fr\/actualites\/homme-city-blessury-news-concernant-rodri-retrait-confirme-par-pep-guardiola-apres-la-sortie-de-la-coupe-du-monde-du-club\/","title":{"rendered":"Homme City Blessury News: Concernant Rodri Retrait confirm\u00e9 par Pep Guardiola apr\u00e8s la sortie de la Coupe du Monde du Club"},"content":{"rendered":"<p>Pep Guardiola offre une mise \u00e0 jour pr\u00e9occupante sur l&#39;aptitude du milieu de terrain vedette Rodri apr\u00e8s l&#39;\u00e9limination de Manchester City de la Coupe du monde du club de la FIFA.<\/p>\n<div id=\"article_body\" itemprop=\"articleBody\">\n<h3 class=\"firstPara\"><\/h3>\n<p style=\"margin-bottom:11px\"><strong class=\"autotag\">Pep guodiola<\/strong> a livr\u00e9 une mise \u00e0 jour pr\u00e9occupante sur l&#39;aptitude du milieu de terrain \u00e9toil\u00e9 <strong class=\"autotag\">Rodri<\/strong> suivant <strong class=\"autotag\">MANCHESTER CITY<\/strong>L&#39;\u00e9limination de la FIFA <strong class=\"autotag\">Coupe du monde du club<\/strong>.<\/p>\n<p>L&#39;homme de 29 ans a rat\u00e9 la majorit\u00e9 de la saison 2024-25 apr\u00e8s avoir subi une blessure au ligament crois\u00e9 ant\u00e9rieur lors d&#39;un match nul 2-2 en Premier League avec Arsenal en septembre de l&#39;ann\u00e9e derni\u00e8re.<\/p>\n<p>Rodri devait subir une intervention chirurgicale et a pass\u00e9 huit mois en marge avant de faire son retour tant attendu en tant que substitut tardif dans l&#39;avant-dernier match de la Premier League de Man City contre Bournemouth le 20 mai.<\/p>\n<p>Le vainqueur de Ballon D&#39;Or 2024 a disput\u00e9 deux autres apparitions de substitut dans les deux matchs de la Coupe du monde de Club de Man City contre Wydad AC et Al-Ain, alors que Guardiola a progressivement rel\u00e2ch\u00e9 l&#39;Espagnol dans le pli de la premi\u00e8re \u00e9quipe.<\/p>\n<p>Rodri a ensuite re\u00e7u son premier d\u00e9part comp\u00e9titif en plus de neuf mois et a effectu\u00e9 66 minutes dans la victoire de la d\u00e9claration de la ville 5-2 contre la Juventus, un r\u00e9sultat qui a aid\u00e9 le groupe des citoyens G. G.<\/p>\n<p>Guardiola a choisi de nommer Rodri dans sa formation de d\u00e9part pour les matchs successifs, et a plut\u00f4t amen\u00e9 le milieu de terrain \u00e0 la 53e minute de l&#39;affrontement de Man City avec Al-Hilal mardi, mais il a d\u00fb sortir de 10 minutes apr\u00e8s le temps avant le temps avant le <strong>Les citoyens sont tomb\u00e9s \u00e0 une d\u00e9faite 4-3<\/strong>.<\/p>\n<p class=\"imgI\">\n<p>S&#39;adressant aux journalistes apr\u00e8s le match, Guardiola a admis que Rodri avait peut-\u00eatre subi une nouvelle blessure lors de sa br\u00e8ve sortie contre Al-Hilal.<\/p>\n<p>\u00ab\u00a0Nous devons voir. Apparemment, Rodri \u00e9tait bon et apr\u00e8s avoir plaint un peu de sa situation\u00a0\u00bb, a d\u00e9clar\u00e9 l&#39;entra\u00eeneur catalan. \u00abNous avons besoin de temps pour que de nombreux joueurs reviennent.\u00bb<\/p>\n<h2>Le retrait de Rodri pourrait-il avoir un impact sur le d\u00e9but de Man City jusqu&#39;\u00e0 la saison 2025-26?<\/h2>\n<p>Guardiola n&#39;a pas r\u00e9v\u00e9l\u00e9 l&#39;\u00e9tendue de la derni\u00e8re blessure de revers de Rodri, mais cela est un autre coup pour Man City avant la nouvelle campagne qui commence dans six semaines.<\/p>\n<p>La nouvelle intervient apr\u00e8s que Rodri a d\u00e9clar\u00e9 la semaine derni\u00e8re qu&#39;il \u00e9tait <strong>Se sentir \u00abtr\u00e8s fort\u00bb<\/strong>mais a reconnu qu&#39;il lui faudra des \u00abmois\u00bb pour revenir \u00e0 son meilleur.<\/p>\n<p>Le calendrier de pr\u00e9-saison de Man City n&#39;a pas encore \u00e9t\u00e9 confirm\u00e9 et Guardiola tient \u00e0 son \u00e9quipe <strong>\u00abRepos\u00bb physiquement et mentalement<\/strong> Avant de tenter de r\u00e9cup\u00e9rer le titre de Premier League de Champions Liverpool en 2025-26.<\/p>\n<p>Les partisans des citoyens esp\u00e8rent que Rodri se sera r\u00e9tabli \u00e0 temps pour leur premier match de la saison contre Wolverhampton Wanderers le 16 ao\u00fbt.<\/p>\n<p>Un milieu de terrain qui est mis au d\u00e9but de la nouvelle campagne de Miss City est <strong class=\"autotag\">Mateo kovacique<\/strong>qui fait face \u00e0 trois mois en marge apr\u00e8s avoir subi une chirurgie d&#39;Achille en juin avant la Coupe du monde du club.<\/p>\n<div class=\"author_box\">\n<div class=\"author_box_banner\"> <img decoding=\"async\" class=\"author_img\" src=\"https:\/\/footdavant.fr\/actualites\/wp-content\/uploads\/2025\/06\/Modric-Carvajal-Ronaldo-Quels-joueurs-ont-remporte-le-plus-de.jpg\"><\/div>\n<\/div>\n<\/div>\n","protected":false},"excerpt":{"rendered":"<p>Pep Guardiola offre une mise \u00e0 jour pr\u00e9occupante sur l&#39;aptitude du milieu de terrain vedette Rodri apr\u00e8s l&#39;\u00e9limination de Manchester City de la Coupe du<\/p>\n","protected":false},"author":1,"featured_media":25789,"comment_status":"closed","ping_status":"","sticky":false,"template":"","format":"standard","meta":{"footnotes":""},"categories":[5],"tags":[25,7759,27,333,1313,40,1946,8,1245,562,409,75,6,8636,1225,1263],"yoast_head":"<!-- This site is optimized with the Yoast SEO plugin v21.0 - https:\/\/yoast.com\/wordpress\/plugins\/seo\/ -->\n<title>Homme City Blessury News: Concernant Rodri Retrait confirm\u00e9 par Pep Guardiola apr\u00e8s la sortie de la Coupe du Monde du Club<\/title>\n<meta name=\"robots\" content=\"index, follow, max-snippet:-1, max-image-preview:large, max-video-preview:-1\" \/>\n<link rel=\"canonical\" href=\"https:\/\/footdavant.fr\/actualites\/homme-city-blessury-news-concernant-rodri-retrait-confirme-par-pep-guardiola-apres-la-sortie-de-la-coupe-du-monde-du-club\/\" \/>\n<meta property=\"og:locale\" content=\"fr_FR\" \/>\n<meta property=\"og:type\" content=\"article\" \/>\n<meta property=\"og:title\" content=\"Homme City Blessury News: Concernant Rodri Retrait confirm\u00e9 par Pep Guardiola apr\u00e8s la sortie de la Coupe du Monde du Club\" \/>\n<meta property=\"og:description\" content=\"Pep Guardiola offre une mise \u00e0 jour pr\u00e9occupante sur l&#039;aptitude du milieu de terrain vedette Rodri apr\u00e8s l&#039;\u00e9limination de Manchester City de la Coupe du\" \/>\n<meta property=\"og:url\" content=\"https:\/\/footdavant.fr\/actualites\/homme-city-blessury-news-concernant-rodri-retrait-confirme-par-pep-guardiola-apres-la-sortie-de-la-coupe-du-monde-du-club\/\" \/>\n<meta property=\"og:site_name\" content=\"Foot d&#039;avant\" \/>\n<meta property=\"article:publisher\" content=\"https:\/\/www.facebook.com\/Footdavant\/\" \/>\n<meta property=\"article:published_time\" content=\"2025-07-05T21:48:09+00:00\" \/>\n<meta property=\"article:modified_time\" content=\"2025-07-05T21:48:10+00:00\" \/>\n<meta property=\"og:image\" content=\"https:\/\/footdavant.fr\/actualites\/wp-content\/uploads\/2025\/07\/Homme-City-Blessury-News-Concernant-Rodri-Retrait-confirme-par-Pep.jpg\" \/>\n\t<meta property=\"og:image:width\" content=\"640\" \/>\n\t<meta property=\"og:image:height\" content=\"480\" \/>\n\t<meta property=\"og:image:type\" content=\"image\/jpeg\" \/>\n<meta name=\"author\" content=\"Cl\u00e9ment\" \/>\n<meta name=\"twitter:card\" content=\"summary_large_image\" \/>\n<meta name=\"twitter:creator\" content=\"@FootdavantFr\" \/>\n<meta name=\"twitter:site\" content=\"@FootdavantFr\" \/>\n<meta name=\"twitter:label1\" content=\"\u00c9crit par\" \/>\n\t<meta name=\"twitter:data1\" content=\"Cl\u00e9ment\" \/>\n\t<meta name=\"twitter:label2\" content=\"Dur\u00e9e de lecture estim\u00e9e\" \/>\n\t<meta name=\"twitter:data2\" content=\"3 minutes\" \/>\n<script type=\"application\/ld+json\" class=\"yoast-schema-graph\">{\"@context\":\"https:\/\/schema.org\",\"@graph\":[{\"@type\":\"Article\",\"@id\":\"https:\/\/footdavant.fr\/actualites\/homme-city-blessury-news-concernant-rodri-retrait-confirme-par-pep-guardiola-apres-la-sortie-de-la-coupe-du-monde-du-club\/#article\",\"isPartOf\":{\"@id\":\"https:\/\/footdavant.fr\/actualites\/homme-city-blessury-news-concernant-rodri-retrait-confirme-par-pep-guardiola-apres-la-sortie-de-la-coupe-du-monde-du-club\/\"},\"author\":{\"name\":\"Cl\u00e9ment\",\"@id\":\"https:\/\/footdavant.fr\/actualites\/#\/schema\/person\/bc222566d95871b37e597b3ed3ba5e1d\"},\"headline\":\"Homme City Blessury News: Concernant Rodri Retrait confirm\u00e9 par Pep Guardiola apr\u00e8s la sortie de la Coupe du Monde du Club\",\"datePublished\":\"2025-07-05T21:48:09+00:00\",\"dateModified\":\"2025-07-05T21:48:10+00:00\",\"mainEntityOfPage\":{\"@id\":\"https:\/\/footdavant.fr\/actualites\/homme-city-blessury-news-concernant-rodri-retrait-confirme-par-pep-guardiola-apres-la-sortie-de-la-coupe-du-monde-du-club\/\"},\"wordCount\":587,\"publisher\":{\"@id\":\"https:\/\/footdavant.fr\/actualites\/#organization\"},\"keywords\":[\"apr\u00e8s\",\"Blessury\",\"City\",\"club\",\"concernant\",\"confirme\",\"Coupe\",\"Guardiola\",\"homme\",\"monde\",\"News\",\"par\",\"Pep\",\"retrait\",\"Rodri\",\"sortie\"],\"articleSection\":[\"Premier League\"],\"inLanguage\":\"fr-FR\"},{\"@type\":\"WebPage\",\"@id\":\"https:\/\/footdavant.fr\/actualites\/homme-city-blessury-news-concernant-rodri-retrait-confirme-par-pep-guardiola-apres-la-sortie-de-la-coupe-du-monde-du-club\/\",\"url\":\"https:\/\/footdavant.fr\/actualites\/homme-city-blessury-news-concernant-rodri-retrait-confirme-par-pep-guardiola-apres-la-sortie-de-la-coupe-du-monde-du-club\/\",\"name\":\"Homme City Blessury News: Concernant Rodri Retrait confirm\u00e9 par Pep Guardiola apr\u00e8s la sortie de la Coupe du Monde du Club\",\"isPartOf\":{\"@id\":\"https:\/\/footdavant.fr\/actualites\/#website\"},\"datePublished\":\"2025-07-05T21:48:09+00:00\",\"dateModified\":\"2025-07-05T21:48:10+00:00\",\"breadcrumb\":{\"@id\":\"https:\/\/footdavant.fr\/actualites\/homme-city-blessury-news-concernant-rodri-retrait-confirme-par-pep-guardiola-apres-la-sortie-de-la-coupe-du-monde-du-club\/#breadcrumb\"},\"inLanguage\":\"fr-FR\",\"potentialAction\":[{\"@type\":\"ReadAction\",\"target\":[\"https:\/\/footdavant.fr\/actualites\/homme-city-blessury-news-concernant-rodri-retrait-confirme-par-pep-guardiola-apres-la-sortie-de-la-coupe-du-monde-du-club\/\"]}]},{\"@type\":\"BreadcrumbList\",\"@id\":\"https:\/\/footdavant.fr\/actualites\/homme-city-blessury-news-concernant-rodri-retrait-confirme-par-pep-guardiola-apres-la-sortie-de-la-coupe-du-monde-du-club\/#breadcrumb\",\"itemListElement\":[{\"@type\":\"ListItem\",\"position\":1,\"name\":\"Accueil\",\"item\":\"https:\/\/footdavant.fr\/actualites\/\"},{\"@type\":\"ListItem\",\"position\":2,\"name\":\"Homme City Blessury News: Concernant Rodri Retrait confirm\u00e9 par Pep Guardiola apr\u00e8s la sortie de la Coupe du Monde du Club\"}]},{\"@type\":\"WebSite\",\"@id\":\"https:\/\/footdavant.fr\/actualites\/#website\",\"url\":\"https:\/\/footdavant.fr\/actualites\/\",\"name\":\"Foot d'avant\",\"description\":\"\",\"publisher\":{\"@id\":\"https:\/\/footdavant.fr\/actualites\/#organization\"},\"potentialAction\":[{\"@type\":\"SearchAction\",\"target\":{\"@type\":\"EntryPoint\",\"urlTemplate\":\"https:\/\/footdavant.fr\/actualites\/?s={search_term_string}\"},\"query-input\":\"required name=search_term_string\"}],\"inLanguage\":\"fr-FR\"},{\"@type\":\"Organization\",\"@id\":\"https:\/\/footdavant.fr\/actualites\/#organization\",\"name\":\"Foot d'avant\",\"url\":\"https:\/\/footdavant.fr\/actualites\/\",\"logo\":{\"@type\":\"ImageObject\",\"inLanguage\":\"fr-FR\",\"@id\":\"https:\/\/footdavant.fr\/actualites\/#\/schema\/logo\/image\/\",\"url\":\"https:\/\/footdavant.fr\/actualites\/wp-content\/uploads\/2023\/09\/Copy-of-FootDavant-Logo.png\",\"contentUrl\":\"https:\/\/footdavant.fr\/actualites\/wp-content\/uploads\/2023\/09\/Copy-of-FootDavant-Logo.png\",\"width\":936,\"height\":549,\"caption\":\"Foot d'avant\"},\"image\":{\"@id\":\"https:\/\/footdavant.fr\/actualites\/#\/schema\/logo\/image\/\"},\"sameAs\":[\"https:\/\/www.facebook.com\/Footdavant\/\",\"https:\/\/twitter.com\/FootdavantFr\",\"https:\/\/www.instagram.com\/footdavant.fr\/\"]},{\"@type\":\"Person\",\"@id\":\"https:\/\/footdavant.fr\/actualites\/#\/schema\/person\/bc222566d95871b37e597b3ed3ba5e1d\",\"name\":\"Cl\u00e9ment\",\"image\":{\"@type\":\"ImageObject\",\"inLanguage\":\"fr-FR\",\"@id\":\"https:\/\/footdavant.fr\/actualites\/#\/schema\/person\/image\/\",\"url\":\"https:\/\/secure.gravatar.com\/avatar\/7728b29aac2719421e1a9159b2254c44?s=96&d=mm&r=g\",\"contentUrl\":\"https:\/\/secure.gravatar.com\/avatar\/7728b29aac2719421e1a9159b2254c44?s=96&d=mm&r=g\",\"caption\":\"Cl\u00e9ment\"},\"sameAs\":[\"https:\/\/footdavant.fr\/\"]}]}<\/script>\n<!-- \/ Yoast SEO plugin. -->","yoast_head_json":{"title":"Homme City Blessury News: Concernant Rodri Retrait confirm\u00e9 par Pep Guardiola apr\u00e8s la sortie de la Coupe du Monde du Club","robots":{"index":"index","follow":"follow","max-snippet":"max-snippet:-1","max-image-preview":"max-image-preview:large","max-video-preview":"max-video-preview:-1"},"canonical":"https:\/\/footdavant.fr\/actualites\/homme-city-blessury-news-concernant-rodri-retrait-confirme-par-pep-guardiola-apres-la-sortie-de-la-coupe-du-monde-du-club\/","og_locale":"fr_FR","og_type":"article","og_title":"Homme City Blessury News: Concernant Rodri Retrait confirm\u00e9 par Pep Guardiola apr\u00e8s la sortie de la Coupe du Monde du Club","og_description":"Pep Guardiola offre une mise \u00e0 jour pr\u00e9occupante sur l&#39;aptitude du milieu de terrain vedette Rodri apr\u00e8s l&#39;\u00e9limination de Manchester City de la Coupe du","og_url":"https:\/\/footdavant.fr\/actualites\/homme-city-blessury-news-concernant-rodri-retrait-confirme-par-pep-guardiola-apres-la-sortie-de-la-coupe-du-monde-du-club\/","og_site_name":"Foot d&#039;avant","article_publisher":"https:\/\/www.facebook.com\/Footdavant\/","article_published_time":"2025-07-05T21:48:09+00:00","article_modified_time":"2025-07-05T21:48:10+00:00","og_image":[{"width":640,"height":480,"url":"https:\/\/footdavant.fr\/actualites\/wp-content\/uploads\/2025\/07\/Homme-City-Blessury-News-Concernant-Rodri-Retrait-confirme-par-Pep.jpg","type":"image\/jpeg"}],"author":"Cl\u00e9ment","twitter_card":"summary_large_image","twitter_creator":"@FootdavantFr","twitter_site":"@FootdavantFr","twitter_misc":{"\u00c9crit par":"Cl\u00e9ment","Dur\u00e9e de lecture estim\u00e9e":"3 minutes"},"schema":{"@context":"https:\/\/schema.org","@graph":[{"@type":"Article","@id":"https:\/\/footdavant.fr\/actualites\/homme-city-blessury-news-concernant-rodri-retrait-confirme-par-pep-guardiola-apres-la-sortie-de-la-coupe-du-monde-du-club\/#article","isPartOf":{"@id":"https:\/\/footdavant.fr\/actualites\/homme-city-blessury-news-concernant-rodri-retrait-confirme-par-pep-guardiola-apres-la-sortie-de-la-coupe-du-monde-du-club\/"},"author":{"name":"Cl\u00e9ment","@id":"https:\/\/footdavant.fr\/actualites\/#\/schema\/person\/bc222566d95871b37e597b3ed3ba5e1d"},"headline":"Homme City Blessury News: Concernant Rodri Retrait confirm\u00e9 par Pep Guardiola apr\u00e8s la sortie de la Coupe du Monde du Club","datePublished":"2025-07-05T21:48:09+00:00","dateModified":"2025-07-05T21:48:10+00:00","mainEntityOfPage":{"@id":"https:\/\/footdavant.fr\/actualites\/homme-city-blessury-news-concernant-rodri-retrait-confirme-par-pep-guardiola-apres-la-sortie-de-la-coupe-du-monde-du-club\/"},"wordCount":587,"publisher":{"@id":"https:\/\/footdavant.fr\/actualites\/#organization"},"keywords":["apr\u00e8s","Blessury","City","club","concernant","confirme","Coupe","Guardiola","homme","monde","News","par","Pep","retrait","Rodri","sortie"],"articleSection":["Premier League"],"inLanguage":"fr-FR"},{"@type":"WebPage","@id":"https:\/\/footdavant.fr\/actualites\/homme-city-blessury-news-concernant-rodri-retrait-confirme-par-pep-guardiola-apres-la-sortie-de-la-coupe-du-monde-du-club\/","url":"https:\/\/footdavant.fr\/actualites\/homme-city-blessury-news-concernant-rodri-retrait-confirme-par-pep-guardiola-apres-la-sortie-de-la-coupe-du-monde-du-club\/","name":"Homme City Blessury News: Concernant Rodri Retrait confirm\u00e9 par Pep Guardiola apr\u00e8s la sortie de la Coupe du Monde du Club","isPartOf":{"@id":"https:\/\/footdavant.fr\/actualites\/#website"},"datePublished":"2025-07-05T21:48:09+00:00","dateModified":"2025-07-05T21:48:10+00:00","breadcrumb":{"@id":"https:\/\/footdavant.fr\/actualites\/homme-city-blessury-news-concernant-rodri-retrait-confirme-par-pep-guardiola-apres-la-sortie-de-la-coupe-du-monde-du-club\/#breadcrumb"},"inLanguage":"fr-FR","potentialAction":[{"@type":"ReadAction","target":["https:\/\/footdavant.fr\/actualites\/homme-city-blessury-news-concernant-rodri-retrait-confirme-par-pep-guardiola-apres-la-sortie-de-la-coupe-du-monde-du-club\/"]}]},{"@type":"BreadcrumbList","@id":"https:\/\/footdavant.fr\/actualites\/homme-city-blessury-news-concernant-rodri-retrait-confirme-par-pep-guardiola-apres-la-sortie-de-la-coupe-du-monde-du-club\/#breadcrumb","itemListElement":[{"@type":"ListItem","position":1,"name":"Accueil","item":"https:\/\/footdavant.fr\/actualites\/"},{"@type":"ListItem","position":2,"name":"Homme City Blessury News: Concernant Rodri Retrait confirm\u00e9 par Pep Guardiola apr\u00e8s la sortie de la Coupe du Monde du Club"}]},{"@type":"WebSite","@id":"https:\/\/footdavant.fr\/actualites\/#website","url":"https:\/\/footdavant.fr\/actualites\/","name":"Foot d'avant","description":"","publisher":{"@id":"https:\/\/footdavant.fr\/actualites\/#organization"},"potentialAction":[{"@type":"SearchAction","target":{"@type":"EntryPoint","urlTemplate":"https:\/\/footdavant.fr\/actualites\/?s={search_term_string}"},"query-input":"required name=search_term_string"}],"inLanguage":"fr-FR"},{"@type":"Organization","@id":"https:\/\/footdavant.fr\/actualites\/#organization","name":"Foot d'avant","url":"https:\/\/footdavant.fr\/actualites\/","logo":{"@type":"ImageObject","inLanguage":"fr-FR","@id":"https:\/\/footdavant.fr\/actualites\/#\/schema\/logo\/image\/","url":"https:\/\/footdavant.fr\/actualites\/wp-content\/uploads\/2023\/09\/Copy-of-FootDavant-Logo.png","contentUrl":"https:\/\/footdavant.fr\/actualites\/wp-content\/uploads\/2023\/09\/Copy-of-FootDavant-Logo.png","width":936,"height":549,"caption":"Foot d'avant"},"image":{"@id":"https:\/\/footdavant.fr\/actualites\/#\/schema\/logo\/image\/"},"sameAs":["https:\/\/www.facebook.com\/Footdavant\/","https:\/\/twitter.com\/FootdavantFr","https:\/\/www.instagram.com\/footdavant.fr\/"]},{"@type":"Person","@id":"https:\/\/footdavant.fr\/actualites\/#\/schema\/person\/bc222566d95871b37e597b3ed3ba5e1d","name":"Cl\u00e9ment","image":{"@type":"ImageObject","inLanguage":"fr-FR","@id":"https:\/\/footdavant.fr\/actualites\/#\/schema\/person\/image\/","url":"https:\/\/secure.gravatar.com\/avatar\/7728b29aac2719421e1a9159b2254c44?s=96&d=mm&r=g","contentUrl":"https:\/\/secure.gravatar.com\/avatar\/7728b29aac2719421e1a9159b2254c44?s=96&d=mm&r=g","caption":"Cl\u00e9ment"},"sameAs":["https:\/\/footdavant.fr\/"]}]}},"_links":{"self":[{"href":"https:\/\/footdavant.fr\/actualites\/wp-json\/wp\/v2\/posts\/25788"}],"collection":[{"href":"https:\/\/footdavant.fr\/actualites\/wp-json\/wp\/v2\/posts"}],"about":[{"href":"https:\/\/footdavant.fr\/actualites\/wp-json\/wp\/v2\/types\/post"}],"author":[{"embeddable":true,"href":"https:\/\/footdavant.fr\/actualites\/wp-json\/wp\/v2\/users\/1"}],"replies":[{"embeddable":true,"href":"https:\/\/footdavant.fr\/actualites\/wp-json\/wp\/v2\/comments?post=25788"}],"version-history":[{"count":1,"href":"https:\/\/footdavant.fr\/actualites\/wp-json\/wp\/v2\/posts\/25788\/revisions"}],"predecessor-version":[{"id":25790,"href":"https:\/\/footdavant.fr\/actualites\/wp-json\/wp\/v2\/posts\/25788\/revisions\/25790"}],"wp:featuredmedia":[{"embeddable":true,"href":"https:\/\/footdavant.fr\/actualites\/wp-json\/wp\/v2\/media\/25789"}],"wp:attachment":[{"href":"https:\/\/footdavant.fr\/actualites\/wp-json\/wp\/v2\/media?parent=25788"}],"wp:term":[{"taxonomy":"category","embeddable":true,"href":"https:\/\/footdavant.fr\/actualites\/wp-json\/wp\/v2\/categories?post=25788"},{"taxonomy":"post_tag","embeddable":true,"href":"https:\/\/footdavant.fr\/actualites\/wp-json\/wp\/v2\/tags?post=25788"}],"curies":[{"name":"wp","href":"https:\/\/api.w.org\/{rel}","templated":true}]}}