{"id":25791,"date":"2025-07-06T01:48:07","date_gmt":"2025-07-05T23:48:07","guid":{"rendered":"https:\/\/footdavant.fr\/actualites\/jadon-sancho-la-juventus-accelerer-pour-the-man-united-star-decisive-contacts-planned-man-united-news-and-transfer-news\/"},"modified":"2025-07-06T01:48:08","modified_gmt":"2025-07-05T23:48:08","slug":"jadon-sancho-la-juventus-accelerer-pour-the-man-united-star-decisive-contacts-planned-man-united-news-and-transfer-news","status":"publish","type":"post","link":"https:\/\/footdavant.fr\/actualites\/jadon-sancho-la-juventus-accelerer-pour-the-man-united-star-decisive-contacts-planned-man-united-news-and-transfer-news\/","title":{"rendered":"Jadon Sancho: la Juventus \u00ab\u00a0Acc\u00e9l\u00e9rer\u00a0\u00bb pour The Man United Star, \u00ab\u00a0Decisive\u00a0\u00bb Contacts Planned &#8211; Man United News and Transfer News"},"content":{"rendered":"<div id=\"penci-post-entry-inner\">\n<p>\t\t\t<i class=\"penci-post-countview-number-check\" style=\"display:none\">2<\/i><\/p>\n<p><!--Article Start--><br \/>Jadon Sancho \u00e0 la Juventus est un sujet br\u00fblant dans les m\u00e9dias de football italien.<\/p>\n<p>L&#39;homme de 25 ans quittera Manchester United d&#39;une mani\u00e8re ou d&#39;une autre cet \u00e9t\u00e9, apr\u00e8s avoir pass\u00e9 la saison derni\u00e8re en pr\u00eat \u00e0 Chelsea.<\/p>\n<p>Malgr\u00e9 ses quatre derni\u00e8res ann\u00e9es dans le football, ce qui n&#39;a donn\u00e9 que de brefs aper\u00e7us du talent qu&#39;il avait montr\u00e9 au Borussia Dortmund qui a conduit United \u00e0 l&#39;acheter, la vieille dame s&#39;est convaincue qu&#39;elle voulait la chappie effront\u00e9e \u00e0 l&#39;Allianz Arena.<\/p>\n<p>L&#39;international anglais est passionn\u00e9. Il y a eu une mouche dans la pommade, cependant, et c&#39;est Francisco Concei\u00e7\u00e3o. Juive esp\u00e9rait que FC Porto r\u00e9duise son option d&#39;achat de 30 millions d&#39;euros sur le Portugal International et Sancho n&#39;\u00e9tait qu&#39;un plan B si cette transaction est tomb\u00e9e.<\/p>\n<h3>Lumi\u00e8re \u00e0 la fin d&#39;un tunnel de quatre ans<\/h3>\n<p>Cependant, ce matin, comme relay\u00e9 ici, Corriere Dello Sport a rapport\u00e9 que United et Juve avaient convenu de mani\u00e8re informelle un accord qui emm\u00e8nerait Sancho \u00e0 Turin.<\/p>\n<p>Ce rapport indique que les deux clubs seraient soit d&#39;accord sur un accord en esp\u00e8ces, avec 25 millions d&#39;euros demand\u00e9s par United, soit sur un \u00e9change de joueur avec le milieu de terrain Douglas Luiz.<\/p>\n<p>Les CDS ont \u00e9galement affirm\u00e9 que les Bianconeri \u00e9taient pr\u00eats \u00e0 offrir \u00e0 Sancho 7 millions d&#39;euros par an en salaire, mais que le joueur se tenait pour 8 millions d&#39;euros. Ce serait l&#39;\u00e9quivalent de 132 000 \u00a3 par semaine, une r\u00e9duction de salaire importante de son salaire uni, qui approche de 200 000 \u00a3 PW.<\/p>\n<p>Mais dans une nouvelle mise \u00e0 jour ce soir, les vieux rivaux de CDS, Gazzetta Dello Sport, ont livr\u00e9 une version l\u00e9g\u00e8rement diff\u00e9rente des \u00e9v\u00e9nements.<\/p>\n<h3>Donner un coup de pied uni quand ils sont en bas<\/h3>\n<p>Il faut d&#39;abord dire que GDS est tout aussi excit\u00e9 que les CD \u00e0 propos de la perspective d&#39;un accord. Ils affirment que la Juventus \u00abacc\u00e9l\u00e8re\u00bb pour Sancho et que, surtout, ils ont l&#39;intention de conclure l&#39;accord, qu&#39;ils concluent un accord avec Porto pour rendre le pr\u00eat de Confeic\u00e3o permanent.<\/p>\n<p>Le GDS affirme que \u00abmaintenant la distance entre l&#39;offre de la Juve et la demande de salaire est minime (quelques millions \u00e0 r\u00e9partir sur toute la dur\u00e9e de la relation sont en question).\u00bb<\/p>\n<p>Mais vient ensuite le botteur. <\/p>\n<p>La Juventus peut voir que \u00abSancho n&#39;est qu&#39;\u00e0 un an de l&#39;expiration, Juve est en pole position et veut exploiter l&#39;avantage en tirant parti de la n\u00e9cessit\u00e9 de Manchester d&#39;\u00e9liminer le co\u00fbt d&#39;un joueur en dehors de l&#39;\u00e9quipe.<\/p>\n<p>\u00abUn \u00e9ventuel confinement des co\u00fbts dans l&#39;op\u00e9ration Sancho permettrait au dialogue avec Manchester United de continuer et de garder les espoirs en vie pour Concepao.\u00bb<\/p>\n<p>En termes simples, Jadon est vendu sur l&#39;accord et United doit le vendre \u00e0 tout prix. La Juventus fera donc pression pour une r\u00e9duction des prix afin qu&#39;ils puissent \u00e9galement acheter Chico lorsque Porto arrivera enfin \u00e0 la table.<\/p>\n<p>C&#39;est un probl\u00e8me pour INEOS, mais ce que United a en leur faveur, c&#39;est le temps. GDS admet que \u00abSancho veut conna\u00eetre son avenir rapidement et veut des garanties, avant de refuser d&#39;autres offres\u00bb.<\/p>\n<p>Pour cette raison, le point de vente affirme que les contacts auront lieu cette semaine qui devraient \u00eatre \u00abd\u00e9cisifs dans la mise en place de la question dans sa phase finale\u00bb.<\/p>\n<\/p>\n<hr>\n<p>Suivez-nous sur bluesky: @ PeopleSerson.bsky.social<br \/><!--Article End--><\/p>\n<p><!-- CONTENT END 2 --><\/p><\/div>\n","protected":false},"excerpt":{"rendered":"<p>2 Jadon Sancho \u00e0 la Juventus est un sujet br\u00fblant dans les m\u00e9dias de football italien. L&#39;homme de 25 ans quittera Manchester United d&#39;une mani\u00e8re<\/p>\n","protected":false},"author":1,"featured_media":22143,"comment_status":"closed","ping_status":"","sticky":false,"template":"","format":"standard","meta":{"footnotes":""},"categories":[3],"tags":[6678,9774,6283,353,711,24,409,9775,51,354,1621,2732,13],"yoast_head":"<!-- This site is optimized with the Yoast SEO plugin v21.0 - https:\/\/yoast.com\/wordpress\/plugins\/seo\/ -->\n<title>Jadon Sancho: la Juventus &quot;Acc\u00e9l\u00e9rer&quot; pour The Man United Star, &quot;Decisive&quot; Contacts Planned - Man United News and Transfer News<\/title>\n<meta name=\"robots\" content=\"index, follow, max-snippet:-1, max-image-preview:large, max-video-preview:-1\" \/>\n<link rel=\"canonical\" href=\"https:\/\/footdavant.fr\/actualites\/jadon-sancho-la-juventus-accelerer-pour-the-man-united-star-decisive-contacts-planned-man-united-news-and-transfer-news\/\" \/>\n<meta property=\"og:locale\" content=\"fr_FR\" \/>\n<meta property=\"og:type\" content=\"article\" \/>\n<meta property=\"og:title\" content=\"Jadon Sancho: la Juventus &quot;Acc\u00e9l\u00e9rer&quot; pour The Man United Star, &quot;Decisive&quot; Contacts Planned - Man United News and Transfer News\" \/>\n<meta property=\"og:description\" content=\"2 Jadon Sancho \u00e0 la Juventus est un sujet br\u00fblant dans les m\u00e9dias de football italien. L&#039;homme de 25 ans quittera Manchester United d&#039;une mani\u00e8re\" \/>\n<meta property=\"og:url\" content=\"https:\/\/footdavant.fr\/actualites\/jadon-sancho-la-juventus-accelerer-pour-the-man-united-star-decisive-contacts-planned-man-united-news-and-transfer-news\/\" \/>\n<meta property=\"og:site_name\" content=\"Foot d&#039;avant\" \/>\n<meta property=\"article:publisher\" content=\"https:\/\/www.facebook.com\/Footdavant\/\" \/>\n<meta property=\"article:published_time\" content=\"2025-07-05T23:48:07+00:00\" \/>\n<meta property=\"article:modified_time\" content=\"2025-07-05T23:48:08+00:00\" \/>\n<meta property=\"og:image\" content=\"https:\/\/footdavant.fr\/actualites\/wp-content\/uploads\/2025\/04\/Les-Wolves-complotent-un-demenagement-pour-l39attaquant-de-Manchester-United.jpg\" \/>\n\t<meta property=\"og:image:width\" content=\"1600\" \/>\n\t<meta property=\"og:image:height\" content=\"719\" \/>\n\t<meta property=\"og:image:type\" content=\"image\/jpeg\" \/>\n<meta name=\"author\" content=\"Cl\u00e9ment\" \/>\n<meta name=\"twitter:card\" content=\"summary_large_image\" \/>\n<meta name=\"twitter:creator\" content=\"@FootdavantFr\" \/>\n<meta name=\"twitter:site\" content=\"@FootdavantFr\" \/>\n<meta name=\"twitter:label1\" content=\"\u00c9crit par\" \/>\n\t<meta name=\"twitter:data1\" content=\"Cl\u00e9ment\" \/>\n\t<meta name=\"twitter:label2\" content=\"Dur\u00e9e de lecture estim\u00e9e\" \/>\n\t<meta name=\"twitter:data2\" content=\"3 minutes\" \/>\n<script type=\"application\/ld+json\" class=\"yoast-schema-graph\">{\"@context\":\"https:\/\/schema.org\",\"@graph\":[{\"@type\":\"Article\",\"@id\":\"https:\/\/footdavant.fr\/actualites\/jadon-sancho-la-juventus-accelerer-pour-the-man-united-star-decisive-contacts-planned-man-united-news-and-transfer-news\/#article\",\"isPartOf\":{\"@id\":\"https:\/\/footdavant.fr\/actualites\/jadon-sancho-la-juventus-accelerer-pour-the-man-united-star-decisive-contacts-planned-man-united-news-and-transfer-news\/\"},\"author\":{\"name\":\"Cl\u00e9ment\",\"@id\":\"https:\/\/footdavant.fr\/actualites\/#\/schema\/person\/bc222566d95871b37e597b3ed3ba5e1d\"},\"headline\":\"Jadon Sancho: la Juventus \u00ab\u00a0Acc\u00e9l\u00e9rer\u00a0\u00bb pour The Man United Star, \u00ab\u00a0Decisive\u00a0\u00bb Contacts Planned &#8211; Man United News and Transfer News\",\"datePublished\":\"2025-07-05T23:48:07+00:00\",\"dateModified\":\"2025-07-05T23:48:08+00:00\",\"mainEntityOfPage\":{\"@id\":\"https:\/\/footdavant.fr\/actualites\/jadon-sancho-la-juventus-accelerer-pour-the-man-united-star-decisive-contacts-planned-man-united-news-and-transfer-news\/\"},\"wordCount\":628,\"publisher\":{\"@id\":\"https:\/\/footdavant.fr\/actualites\/#organization\"},\"keywords\":[\"acc\u00e9l\u00e9rer\",\"Contacts\",\"d\u00e9cisive\",\"Jadon\",\"Juventus\",\"Man\",\"News\",\"Planned\",\"pour\",\"Sancho\",\"Star\",\"Transfer\",\"United\"],\"articleSection\":[\"Football\"],\"inLanguage\":\"fr-FR\"},{\"@type\":\"WebPage\",\"@id\":\"https:\/\/footdavant.fr\/actualites\/jadon-sancho-la-juventus-accelerer-pour-the-man-united-star-decisive-contacts-planned-man-united-news-and-transfer-news\/\",\"url\":\"https:\/\/footdavant.fr\/actualites\/jadon-sancho-la-juventus-accelerer-pour-the-man-united-star-decisive-contacts-planned-man-united-news-and-transfer-news\/\",\"name\":\"Jadon Sancho: la Juventus \\\"Acc\u00e9l\u00e9rer\\\" pour The Man United Star, \\\"Decisive\\\" Contacts Planned - Man United News and Transfer News\",\"isPartOf\":{\"@id\":\"https:\/\/footdavant.fr\/actualites\/#website\"},\"datePublished\":\"2025-07-05T23:48:07+00:00\",\"dateModified\":\"2025-07-05T23:48:08+00:00\",\"breadcrumb\":{\"@id\":\"https:\/\/footdavant.fr\/actualites\/jadon-sancho-la-juventus-accelerer-pour-the-man-united-star-decisive-contacts-planned-man-united-news-and-transfer-news\/#breadcrumb\"},\"inLanguage\":\"fr-FR\",\"potentialAction\":[{\"@type\":\"ReadAction\",\"target\":[\"https:\/\/footdavant.fr\/actualites\/jadon-sancho-la-juventus-accelerer-pour-the-man-united-star-decisive-contacts-planned-man-united-news-and-transfer-news\/\"]}]},{\"@type\":\"BreadcrumbList\",\"@id\":\"https:\/\/footdavant.fr\/actualites\/jadon-sancho-la-juventus-accelerer-pour-the-man-united-star-decisive-contacts-planned-man-united-news-and-transfer-news\/#breadcrumb\",\"itemListElement\":[{\"@type\":\"ListItem\",\"position\":1,\"name\":\"Accueil\",\"item\":\"https:\/\/footdavant.fr\/actualites\/\"},{\"@type\":\"ListItem\",\"position\":2,\"name\":\"Jadon Sancho: la Juventus \u00ab\u00a0Acc\u00e9l\u00e9rer\u00a0\u00bb pour The Man United Star, \u00ab\u00a0Decisive\u00a0\u00bb Contacts Planned &#8211; Man United News and Transfer News\"}]},{\"@type\":\"WebSite\",\"@id\":\"https:\/\/footdavant.fr\/actualites\/#website\",\"url\":\"https:\/\/footdavant.fr\/actualites\/\",\"name\":\"Foot d'avant\",\"description\":\"\",\"publisher\":{\"@id\":\"https:\/\/footdavant.fr\/actualites\/#organization\"},\"potentialAction\":[{\"@type\":\"SearchAction\",\"target\":{\"@type\":\"EntryPoint\",\"urlTemplate\":\"https:\/\/footdavant.fr\/actualites\/?s={search_term_string}\"},\"query-input\":\"required name=search_term_string\"}],\"inLanguage\":\"fr-FR\"},{\"@type\":\"Organization\",\"@id\":\"https:\/\/footdavant.fr\/actualites\/#organization\",\"name\":\"Foot d'avant\",\"url\":\"https:\/\/footdavant.fr\/actualites\/\",\"logo\":{\"@type\":\"ImageObject\",\"inLanguage\":\"fr-FR\",\"@id\":\"https:\/\/footdavant.fr\/actualites\/#\/schema\/logo\/image\/\",\"url\":\"https:\/\/footdavant.fr\/actualites\/wp-content\/uploads\/2023\/09\/Copy-of-FootDavant-Logo.png\",\"contentUrl\":\"https:\/\/footdavant.fr\/actualites\/wp-content\/uploads\/2023\/09\/Copy-of-FootDavant-Logo.png\",\"width\":936,\"height\":549,\"caption\":\"Foot d'avant\"},\"image\":{\"@id\":\"https:\/\/footdavant.fr\/actualites\/#\/schema\/logo\/image\/\"},\"sameAs\":[\"https:\/\/www.facebook.com\/Footdavant\/\",\"https:\/\/twitter.com\/FootdavantFr\",\"https:\/\/www.instagram.com\/footdavant.fr\/\"]},{\"@type\":\"Person\",\"@id\":\"https:\/\/footdavant.fr\/actualites\/#\/schema\/person\/bc222566d95871b37e597b3ed3ba5e1d\",\"name\":\"Cl\u00e9ment\",\"image\":{\"@type\":\"ImageObject\",\"inLanguage\":\"fr-FR\",\"@id\":\"https:\/\/footdavant.fr\/actualites\/#\/schema\/person\/image\/\",\"url\":\"https:\/\/secure.gravatar.com\/avatar\/7728b29aac2719421e1a9159b2254c44?s=96&d=mm&r=g\",\"contentUrl\":\"https:\/\/secure.gravatar.com\/avatar\/7728b29aac2719421e1a9159b2254c44?s=96&d=mm&r=g\",\"caption\":\"Cl\u00e9ment\"},\"sameAs\":[\"https:\/\/footdavant.fr\/\"]}]}<\/script>\n<!-- \/ Yoast SEO plugin. -->","yoast_head_json":{"title":"Jadon Sancho: la Juventus \"Acc\u00e9l\u00e9rer\" pour The Man United Star, \"Decisive\" Contacts Planned - Man United News and Transfer News","robots":{"index":"index","follow":"follow","max-snippet":"max-snippet:-1","max-image-preview":"max-image-preview:large","max-video-preview":"max-video-preview:-1"},"canonical":"https:\/\/footdavant.fr\/actualites\/jadon-sancho-la-juventus-accelerer-pour-the-man-united-star-decisive-contacts-planned-man-united-news-and-transfer-news\/","og_locale":"fr_FR","og_type":"article","og_title":"Jadon Sancho: la Juventus \"Acc\u00e9l\u00e9rer\" pour The Man United Star, \"Decisive\" Contacts Planned - Man United News and Transfer News","og_description":"2 Jadon Sancho \u00e0 la Juventus est un sujet br\u00fblant dans les m\u00e9dias de football italien. L&#39;homme de 25 ans quittera Manchester United d&#39;une mani\u00e8re","og_url":"https:\/\/footdavant.fr\/actualites\/jadon-sancho-la-juventus-accelerer-pour-the-man-united-star-decisive-contacts-planned-man-united-news-and-transfer-news\/","og_site_name":"Foot d&#039;avant","article_publisher":"https:\/\/www.facebook.com\/Footdavant\/","article_published_time":"2025-07-05T23:48:07+00:00","article_modified_time":"2025-07-05T23:48:08+00:00","og_image":[{"width":1600,"height":719,"url":"https:\/\/footdavant.fr\/actualites\/wp-content\/uploads\/2025\/04\/Les-Wolves-complotent-un-demenagement-pour-l39attaquant-de-Manchester-United.jpg","type":"image\/jpeg"}],"author":"Cl\u00e9ment","twitter_card":"summary_large_image","twitter_creator":"@FootdavantFr","twitter_site":"@FootdavantFr","twitter_misc":{"\u00c9crit par":"Cl\u00e9ment","Dur\u00e9e de lecture estim\u00e9e":"3 minutes"},"schema":{"@context":"https:\/\/schema.org","@graph":[{"@type":"Article","@id":"https:\/\/footdavant.fr\/actualites\/jadon-sancho-la-juventus-accelerer-pour-the-man-united-star-decisive-contacts-planned-man-united-news-and-transfer-news\/#article","isPartOf":{"@id":"https:\/\/footdavant.fr\/actualites\/jadon-sancho-la-juventus-accelerer-pour-the-man-united-star-decisive-contacts-planned-man-united-news-and-transfer-news\/"},"author":{"name":"Cl\u00e9ment","@id":"https:\/\/footdavant.fr\/actualites\/#\/schema\/person\/bc222566d95871b37e597b3ed3ba5e1d"},"headline":"Jadon Sancho: la Juventus \u00ab\u00a0Acc\u00e9l\u00e9rer\u00a0\u00bb pour The Man United Star, \u00ab\u00a0Decisive\u00a0\u00bb Contacts Planned &#8211; Man United News and Transfer News","datePublished":"2025-07-05T23:48:07+00:00","dateModified":"2025-07-05T23:48:08+00:00","mainEntityOfPage":{"@id":"https:\/\/footdavant.fr\/actualites\/jadon-sancho-la-juventus-accelerer-pour-the-man-united-star-decisive-contacts-planned-man-united-news-and-transfer-news\/"},"wordCount":628,"publisher":{"@id":"https:\/\/footdavant.fr\/actualites\/#organization"},"keywords":["acc\u00e9l\u00e9rer","Contacts","d\u00e9cisive","Jadon","Juventus","Man","News","Planned","pour","Sancho","Star","Transfer","United"],"articleSection":["Football"],"inLanguage":"fr-FR"},{"@type":"WebPage","@id":"https:\/\/footdavant.fr\/actualites\/jadon-sancho-la-juventus-accelerer-pour-the-man-united-star-decisive-contacts-planned-man-united-news-and-transfer-news\/","url":"https:\/\/footdavant.fr\/actualites\/jadon-sancho-la-juventus-accelerer-pour-the-man-united-star-decisive-contacts-planned-man-united-news-and-transfer-news\/","name":"Jadon Sancho: la Juventus \"Acc\u00e9l\u00e9rer\" pour The Man United Star, \"Decisive\" Contacts Planned - Man United News and Transfer News","isPartOf":{"@id":"https:\/\/footdavant.fr\/actualites\/#website"},"datePublished":"2025-07-05T23:48:07+00:00","dateModified":"2025-07-05T23:48:08+00:00","breadcrumb":{"@id":"https:\/\/footdavant.fr\/actualites\/jadon-sancho-la-juventus-accelerer-pour-the-man-united-star-decisive-contacts-planned-man-united-news-and-transfer-news\/#breadcrumb"},"inLanguage":"fr-FR","potentialAction":[{"@type":"ReadAction","target":["https:\/\/footdavant.fr\/actualites\/jadon-sancho-la-juventus-accelerer-pour-the-man-united-star-decisive-contacts-planned-man-united-news-and-transfer-news\/"]}]},{"@type":"BreadcrumbList","@id":"https:\/\/footdavant.fr\/actualites\/jadon-sancho-la-juventus-accelerer-pour-the-man-united-star-decisive-contacts-planned-man-united-news-and-transfer-news\/#breadcrumb","itemListElement":[{"@type":"ListItem","position":1,"name":"Accueil","item":"https:\/\/footdavant.fr\/actualites\/"},{"@type":"ListItem","position":2,"name":"Jadon Sancho: la Juventus \u00ab\u00a0Acc\u00e9l\u00e9rer\u00a0\u00bb pour The Man United Star, \u00ab\u00a0Decisive\u00a0\u00bb Contacts Planned &#8211; Man United News and Transfer News"}]},{"@type":"WebSite","@id":"https:\/\/footdavant.fr\/actualites\/#website","url":"https:\/\/footdavant.fr\/actualites\/","name":"Foot d'avant","description":"","publisher":{"@id":"https:\/\/footdavant.fr\/actualites\/#organization"},"potentialAction":[{"@type":"SearchAction","target":{"@type":"EntryPoint","urlTemplate":"https:\/\/footdavant.fr\/actualites\/?s={search_term_string}"},"query-input":"required name=search_term_string"}],"inLanguage":"fr-FR"},{"@type":"Organization","@id":"https:\/\/footdavant.fr\/actualites\/#organization","name":"Foot d'avant","url":"https:\/\/footdavant.fr\/actualites\/","logo":{"@type":"ImageObject","inLanguage":"fr-FR","@id":"https:\/\/footdavant.fr\/actualites\/#\/schema\/logo\/image\/","url":"https:\/\/footdavant.fr\/actualites\/wp-content\/uploads\/2023\/09\/Copy-of-FootDavant-Logo.png","contentUrl":"https:\/\/footdavant.fr\/actualites\/wp-content\/uploads\/2023\/09\/Copy-of-FootDavant-Logo.png","width":936,"height":549,"caption":"Foot d'avant"},"image":{"@id":"https:\/\/footdavant.fr\/actualites\/#\/schema\/logo\/image\/"},"sameAs":["https:\/\/www.facebook.com\/Footdavant\/","https:\/\/twitter.com\/FootdavantFr","https:\/\/www.instagram.com\/footdavant.fr\/"]},{"@type":"Person","@id":"https:\/\/footdavant.fr\/actualites\/#\/schema\/person\/bc222566d95871b37e597b3ed3ba5e1d","name":"Cl\u00e9ment","image":{"@type":"ImageObject","inLanguage":"fr-FR","@id":"https:\/\/footdavant.fr\/actualites\/#\/schema\/person\/image\/","url":"https:\/\/secure.gravatar.com\/avatar\/7728b29aac2719421e1a9159b2254c44?s=96&d=mm&r=g","contentUrl":"https:\/\/secure.gravatar.com\/avatar\/7728b29aac2719421e1a9159b2254c44?s=96&d=mm&r=g","caption":"Cl\u00e9ment"},"sameAs":["https:\/\/footdavant.fr\/"]}]}},"_links":{"self":[{"href":"https:\/\/footdavant.fr\/actualites\/wp-json\/wp\/v2\/posts\/25791"}],"collection":[{"href":"https:\/\/footdavant.fr\/actualites\/wp-json\/wp\/v2\/posts"}],"about":[{"href":"https:\/\/footdavant.fr\/actualites\/wp-json\/wp\/v2\/types\/post"}],"author":[{"embeddable":true,"href":"https:\/\/footdavant.fr\/actualites\/wp-json\/wp\/v2\/users\/1"}],"replies":[{"embeddable":true,"href":"https:\/\/footdavant.fr\/actualites\/wp-json\/wp\/v2\/comments?post=25791"}],"version-history":[{"count":1,"href":"https:\/\/footdavant.fr\/actualites\/wp-json\/wp\/v2\/posts\/25791\/revisions"}],"predecessor-version":[{"id":25792,"href":"https:\/\/footdavant.fr\/actualites\/wp-json\/wp\/v2\/posts\/25791\/revisions\/25792"}],"wp:featuredmedia":[{"embeddable":true,"href":"https:\/\/footdavant.fr\/actualites\/wp-json\/wp\/v2\/media\/22143"}],"wp:attachment":[{"href":"https:\/\/footdavant.fr\/actualites\/wp-json\/wp\/v2\/media?parent=25791"}],"wp:term":[{"taxonomy":"category","embeddable":true,"href":"https:\/\/footdavant.fr\/actualites\/wp-json\/wp\/v2\/categories?post=25791"},{"taxonomy":"post_tag","embeddable":true,"href":"https:\/\/footdavant.fr\/actualites\/wp-json\/wp\/v2\/tags?post=25791"}],"curies":[{"name":"wp","href":"https:\/\/api.w.org\/{rel}","templated":true}]}}