{"id":25796,"date":"2025-07-06T05:48:15","date_gmt":"2025-07-06T03:48:15","guid":{"rendered":"https:\/\/footdavant.fr\/actualites\/sur-diogo-jota-un-blog-arsenal\/"},"modified":"2025-07-06T05:48:17","modified_gmt":"2025-07-06T03:48:17","slug":"sur-diogo-jota-un-blog-arsenal","status":"publish","type":"post","link":"https:\/\/footdavant.fr\/actualites\/sur-diogo-jota-un-blog-arsenal\/","title":{"rendered":"Sur Diogo Jota |   &#8230; un blog Arsenal"},"content":{"rendered":"<div>\n<p>Matin.<\/p>\n<p>Un blog rapide, t\u00f4t le vendredi pour vous. Lorsque, dans le blog d&#39;hier, j&#39;ai pos\u00e9 une raison pour laquelle le transfert de Martin Zubimendi pourrait ne pas \u00eatre annonc\u00e9 jeudi, je ne m&#39;attendais pas \u00e0 quelque chose d&#39;aussi tragique que la mort d&#39;un autre joueur. Malheureusement, hier matin, des nouvelles ont \u00e9merg\u00e9 que l&#39;attaquant de Liverpool Diogo Jota et son fr\u00e8re Andre avaient perdu la vie dans un accident de voiture en Espagne.<\/p>\n<p>Si Arsenal avait pr\u00e9vu une annonce (ce qui, je pense, est le cas), ils ont fait la bonne chose en le reportant. Pas seulement par respect de base, mais aussi parce que vous pouvez imaginer que Zubimendi lui-m\u00eame n&#39;aurait pas voulu passer avec lui hier. Le club a envoy\u00e9 des condol\u00e9ances une minute, puis paradant une nouvelle signature la suivante. La vie continue, bien s\u00fbr, mais parfois vous devez lire la pi\u00e8ce. Il n&#39;\u00e9tait tout simplement pas n\u00e9cessaire de cr\u00e9er une sorte d&#39;association entre Zubimendi et une trag\u00e9die comme celle-ci en labourant quelque chose qui pourrait facilement \u00eatre reprogramm\u00e9.<\/p>\n<p>Et c&#39;est une trag\u00e9die. Deux fr\u00e8res, 28 et 26 respectivement, ce n&#39;est pas un \u00e2ge. Diogo Jota a eu trois petits enfants et vient de se marier il y a quelques jours. La vie, comme nous le savons, peut parfois \u00eatre insupportablement cruelle, et bien que ce soit un accident qui sera le plus profond\u00e9ment ressenti par sa famille et ses amis, et par le Liverpool Football Club et leurs fans, c&#39;est celui que je pense que nous, en tant que fans d&#39;Arsenal, pouvons comprendre.<\/p>\n<p>Quand j&#39;ai entendu les nouvelles, j&#39;ai imm\u00e9diatement pens\u00e9 \u00e0 Jose Antonio Reyes, notre ancien joueur, d\u00e9c\u00e9d\u00e9 dans des circonstances similaires en juin 2019. Il est difficile de croire qu&#39;il y a six ans d\u00e9j\u00e0. Nous avons perdu un h\u00e9ros \u00e0 David Rocastle trop jeune dans sa maladie. Nous avons eu un jeune joueur de 17 ans, Niccolo Galli, d\u00e9c\u00e9d\u00e9 dans un accident de cyclomoteur en Italie en 2001. Il y a quelque chose de assez profond ou visc\u00e9ral, quand un footballeur d\u00e9c\u00e8de \u00e0 un \u00e2ge pr\u00e9coce, en partie parce qu&#39;il est si rare (heureusement).<\/p>\n<p>De mauvaises choses se produisent tout le temps, bien s\u00fbr, mais le football est notre monde. Si un boxeur ou un conducteur ou un autre sportif d\u00e9c\u00e8de Young, je peux reconna\u00eetre \u00e0 quel point c&#39;est terrible, mais il ne se connectera pas de la m\u00eame mani\u00e8re. Jota a marqu\u00e9 des buts contre nous, trop de buts parce qu&#39;il \u00e9tait un tr\u00e8s bon joueur, mais il \u00e9tait &#8211; comme ou non (et je n&#39;ai pas aim\u00e9 quand il a marqu\u00e9) &#8211; une partie de notre exp\u00e9rience d&#39;Arsenal. Pas dans notre cercle imm\u00e9diat, mais il \u00e9tait sur notre orbite. Sur le bord de la bo\u00eete, peut-\u00eatre. Et avec cela, en plus des exp\u00e9riences pr\u00e9c\u00e9dentes que nous avons eues, vient la capacit\u00e9 de comprendre ce que nous pourrions ressentir si c&#39;\u00e9tait l&#39;une des n\u00f4tres. Comme c&#39;est aigu \u00e0 ceux qui le ressentent vraiment.<\/p>\n<p>Il semble banal d&#39;offrir des condol\u00e9ances ou de la sympathie \u00e0 la famille ou aux amis ou aux fans de Liverpool, car ils ne le verront pas. Mais n&#39;est-ce pas ce que nous faisons dans des circonstances comme celle-ci? N&#39;est-ce pas ce que nous devons faire? Notre monde n&#39;est pas bris\u00e9, nous n&#39;allons pas avoir \u00e0 vivre avec la perte et le chagrin comme ils le feront, mais le moins que nous pouvons faire est de reconna\u00eetre que c&#39;est quelque chose qu&#39;ils vont vivre. Malgr\u00e9 son omnipr\u00e9sence et son in\u00e9vitabilit\u00e9 dans toutes nos vies, les conventions de la mort nous mettent mal \u00e0 l&#39;aise avec les vivants. Les gens s&#39;en occupent de diff\u00e9rentes mani\u00e8res, et c&#39;est juste la nature humaine, mais le respect fondamental d&#39;une perte comme celui-ci est le strict minimum, et si ce n&#39;est pas quelque chose que vous pouvez faire, le silence est parfaitement acceptable aussi.<\/p>\n<p>Que les fr\u00e8res reposent ensemble en paix.<\/p>\n<p>&#8211;<\/p>\n<p>Quant \u00e0 Arsenal, Zubimendi, si cela se produit aujourd&#39;hui, cela se produit aujourd&#39;hui. Vous obtenez une dose de perspective lorsque des choses comme celle-ci se produisent. Nous savons tous que c&#39;est fait, nous savons tous qu&#39;il va \u00eatre en rouge et blanc la saison prochaine. Si c&#39;est demain, si c&#39;est la semaine prochaine, tant pis. Un peu d&#39;attente n&#39;a jamais fait de mal \u00e0 personne.<\/p>\n<p>D&#39;accord, je vais le laisser l\u00e0 pour ce matin. Il y a un arscast ci-dessous dans lequel Tim et moi commencez par Diogo Jota, avant un pivot de discussion sur l&#39;arsenal, des transferts et bien plus encore. Appr\u00e9cier.<\/p>\n<p><iframe loading=\"lazy\" src=\"https:\/\/embed.acast.com\/a1a58121-6fb4-43cf-8156-8d6df6fc312f\/686688efc5e2437fab1ed9af\" width=\"100%\" height=\"300px\" frameborder=\"0\"><span style=\"display: inline-block; width: 0px; overflow: hidden; line-height: 0;\" data-mce-type=\"bookmark\" class=\"mce_SELRES_start\">\ufeff<\/span><\/iframe><\/p>\n<\/div>\n","protected":false},"excerpt":{"rendered":"<p>Matin. Un blog rapide, t\u00f4t le vendredi pour vous. Lorsque, dans le blog d&#39;hier, j&#39;ai pos\u00e9 une raison pour laquelle le transfert de Martin Zubimendi<\/p>\n","protected":false},"author":1,"featured_media":25797,"comment_status":"closed","ping_status":"","sticky":false,"template":"","format":"standard","meta":{"footnotes":""},"categories":[3],"tags":[67,58,1355,1590,103],"yoast_head":"<!-- This site is optimized with the Yoast SEO plugin v21.0 - https:\/\/yoast.com\/wordpress\/plugins\/seo\/ -->\n<title>Sur Diogo Jota |  ... un blog Arsenal<\/title>\n<meta name=\"robots\" content=\"index, follow, max-snippet:-1, max-image-preview:large, max-video-preview:-1\" \/>\n<link rel=\"canonical\" href=\"https:\/\/footdavant.fr\/actualites\/sur-diogo-jota-un-blog-arsenal\/\" \/>\n<meta property=\"og:locale\" content=\"fr_FR\" \/>\n<meta property=\"og:type\" content=\"article\" \/>\n<meta property=\"og:title\" content=\"Sur Diogo Jota |  ... un blog Arsenal\" \/>\n<meta property=\"og:description\" content=\"Matin. Un blog rapide, t\u00f4t le vendredi pour vous. Lorsque, dans le blog d&#039;hier, j&#039;ai pos\u00e9 une raison pour laquelle le transfert de Martin Zubimendi\" \/>\n<meta property=\"og:url\" content=\"https:\/\/footdavant.fr\/actualites\/sur-diogo-jota-un-blog-arsenal\/\" \/>\n<meta property=\"og:site_name\" content=\"Foot d&#039;avant\" \/>\n<meta property=\"article:publisher\" content=\"https:\/\/www.facebook.com\/Footdavant\/\" \/>\n<meta property=\"article:published_time\" content=\"2025-07-06T03:48:15+00:00\" \/>\n<meta property=\"article:modified_time\" content=\"2025-07-06T03:48:17+00:00\" \/>\n<meta property=\"og:image\" content=\"https:\/\/footdavant.fr\/actualites\/wp-content\/uploads\/2025\/07\/Sur-Diogo-Jota-un-blog-Arsenal.jpg\" \/>\n\t<meta property=\"og:image:width\" content=\"1500\" \/>\n\t<meta property=\"og:image:height\" content=\"750\" \/>\n\t<meta property=\"og:image:type\" content=\"image\/jpeg\" \/>\n<meta name=\"author\" content=\"Cl\u00e9ment\" \/>\n<meta name=\"twitter:card\" content=\"summary_large_image\" \/>\n<meta name=\"twitter:creator\" content=\"@FootdavantFr\" \/>\n<meta name=\"twitter:site\" content=\"@FootdavantFr\" \/>\n<meta name=\"twitter:label1\" content=\"\u00c9crit par\" \/>\n\t<meta name=\"twitter:data1\" content=\"Cl\u00e9ment\" \/>\n\t<meta name=\"twitter:label2\" content=\"Dur\u00e9e de lecture estim\u00e9e\" \/>\n\t<meta name=\"twitter:data2\" content=\"4 minutes\" \/>\n<script type=\"application\/ld+json\" class=\"yoast-schema-graph\">{\"@context\":\"https:\/\/schema.org\",\"@graph\":[{\"@type\":\"Article\",\"@id\":\"https:\/\/footdavant.fr\/actualites\/sur-diogo-jota-un-blog-arsenal\/#article\",\"isPartOf\":{\"@id\":\"https:\/\/footdavant.fr\/actualites\/sur-diogo-jota-un-blog-arsenal\/\"},\"author\":{\"name\":\"Cl\u00e9ment\",\"@id\":\"https:\/\/footdavant.fr\/actualites\/#\/schema\/person\/bc222566d95871b37e597b3ed3ba5e1d\"},\"headline\":\"Sur Diogo Jota | &#8230; un blog Arsenal\",\"datePublished\":\"2025-07-06T03:48:15+00:00\",\"dateModified\":\"2025-07-06T03:48:17+00:00\",\"mainEntityOfPage\":{\"@id\":\"https:\/\/footdavant.fr\/actualites\/sur-diogo-jota-un-blog-arsenal\/\"},\"wordCount\":835,\"publisher\":{\"@id\":\"https:\/\/footdavant.fr\/actualites\/#organization\"},\"keywords\":[\"Arsenal\",\"blog\",\"Diogo\",\"Jota\",\"sur\"],\"articleSection\":[\"Football\"],\"inLanguage\":\"fr-FR\"},{\"@type\":\"WebPage\",\"@id\":\"https:\/\/footdavant.fr\/actualites\/sur-diogo-jota-un-blog-arsenal\/\",\"url\":\"https:\/\/footdavant.fr\/actualites\/sur-diogo-jota-un-blog-arsenal\/\",\"name\":\"Sur Diogo Jota | ... un blog Arsenal\",\"isPartOf\":{\"@id\":\"https:\/\/footdavant.fr\/actualites\/#website\"},\"datePublished\":\"2025-07-06T03:48:15+00:00\",\"dateModified\":\"2025-07-06T03:48:17+00:00\",\"breadcrumb\":{\"@id\":\"https:\/\/footdavant.fr\/actualites\/sur-diogo-jota-un-blog-arsenal\/#breadcrumb\"},\"inLanguage\":\"fr-FR\",\"potentialAction\":[{\"@type\":\"ReadAction\",\"target\":[\"https:\/\/footdavant.fr\/actualites\/sur-diogo-jota-un-blog-arsenal\/\"]}]},{\"@type\":\"BreadcrumbList\",\"@id\":\"https:\/\/footdavant.fr\/actualites\/sur-diogo-jota-un-blog-arsenal\/#breadcrumb\",\"itemListElement\":[{\"@type\":\"ListItem\",\"position\":1,\"name\":\"Accueil\",\"item\":\"https:\/\/footdavant.fr\/actualites\/\"},{\"@type\":\"ListItem\",\"position\":2,\"name\":\"Sur Diogo Jota | &#8230; un blog Arsenal\"}]},{\"@type\":\"WebSite\",\"@id\":\"https:\/\/footdavant.fr\/actualites\/#website\",\"url\":\"https:\/\/footdavant.fr\/actualites\/\",\"name\":\"Foot d'avant\",\"description\":\"\",\"publisher\":{\"@id\":\"https:\/\/footdavant.fr\/actualites\/#organization\"},\"potentialAction\":[{\"@type\":\"SearchAction\",\"target\":{\"@type\":\"EntryPoint\",\"urlTemplate\":\"https:\/\/footdavant.fr\/actualites\/?s={search_term_string}\"},\"query-input\":\"required name=search_term_string\"}],\"inLanguage\":\"fr-FR\"},{\"@type\":\"Organization\",\"@id\":\"https:\/\/footdavant.fr\/actualites\/#organization\",\"name\":\"Foot d'avant\",\"url\":\"https:\/\/footdavant.fr\/actualites\/\",\"logo\":{\"@type\":\"ImageObject\",\"inLanguage\":\"fr-FR\",\"@id\":\"https:\/\/footdavant.fr\/actualites\/#\/schema\/logo\/image\/\",\"url\":\"https:\/\/footdavant.fr\/actualites\/wp-content\/uploads\/2023\/09\/Copy-of-FootDavant-Logo.png\",\"contentUrl\":\"https:\/\/footdavant.fr\/actualites\/wp-content\/uploads\/2023\/09\/Copy-of-FootDavant-Logo.png\",\"width\":936,\"height\":549,\"caption\":\"Foot d'avant\"},\"image\":{\"@id\":\"https:\/\/footdavant.fr\/actualites\/#\/schema\/logo\/image\/\"},\"sameAs\":[\"https:\/\/www.facebook.com\/Footdavant\/\",\"https:\/\/twitter.com\/FootdavantFr\",\"https:\/\/www.instagram.com\/footdavant.fr\/\"]},{\"@type\":\"Person\",\"@id\":\"https:\/\/footdavant.fr\/actualites\/#\/schema\/person\/bc222566d95871b37e597b3ed3ba5e1d\",\"name\":\"Cl\u00e9ment\",\"image\":{\"@type\":\"ImageObject\",\"inLanguage\":\"fr-FR\",\"@id\":\"https:\/\/footdavant.fr\/actualites\/#\/schema\/person\/image\/\",\"url\":\"https:\/\/secure.gravatar.com\/avatar\/7728b29aac2719421e1a9159b2254c44?s=96&d=mm&r=g\",\"contentUrl\":\"https:\/\/secure.gravatar.com\/avatar\/7728b29aac2719421e1a9159b2254c44?s=96&d=mm&r=g\",\"caption\":\"Cl\u00e9ment\"},\"sameAs\":[\"https:\/\/footdavant.fr\/\"]}]}<\/script>\n<!-- \/ Yoast SEO plugin. -->","yoast_head_json":{"title":"Sur Diogo Jota |  ... un blog Arsenal","robots":{"index":"index","follow":"follow","max-snippet":"max-snippet:-1","max-image-preview":"max-image-preview:large","max-video-preview":"max-video-preview:-1"},"canonical":"https:\/\/footdavant.fr\/actualites\/sur-diogo-jota-un-blog-arsenal\/","og_locale":"fr_FR","og_type":"article","og_title":"Sur Diogo Jota |  ... un blog Arsenal","og_description":"Matin. Un blog rapide, t\u00f4t le vendredi pour vous. Lorsque, dans le blog d&#39;hier, j&#39;ai pos\u00e9 une raison pour laquelle le transfert de Martin Zubimendi","og_url":"https:\/\/footdavant.fr\/actualites\/sur-diogo-jota-un-blog-arsenal\/","og_site_name":"Foot d&#039;avant","article_publisher":"https:\/\/www.facebook.com\/Footdavant\/","article_published_time":"2025-07-06T03:48:15+00:00","article_modified_time":"2025-07-06T03:48:17+00:00","og_image":[{"width":1500,"height":750,"url":"https:\/\/footdavant.fr\/actualites\/wp-content\/uploads\/2025\/07\/Sur-Diogo-Jota-un-blog-Arsenal.jpg","type":"image\/jpeg"}],"author":"Cl\u00e9ment","twitter_card":"summary_large_image","twitter_creator":"@FootdavantFr","twitter_site":"@FootdavantFr","twitter_misc":{"\u00c9crit par":"Cl\u00e9ment","Dur\u00e9e de lecture estim\u00e9e":"4 minutes"},"schema":{"@context":"https:\/\/schema.org","@graph":[{"@type":"Article","@id":"https:\/\/footdavant.fr\/actualites\/sur-diogo-jota-un-blog-arsenal\/#article","isPartOf":{"@id":"https:\/\/footdavant.fr\/actualites\/sur-diogo-jota-un-blog-arsenal\/"},"author":{"name":"Cl\u00e9ment","@id":"https:\/\/footdavant.fr\/actualites\/#\/schema\/person\/bc222566d95871b37e597b3ed3ba5e1d"},"headline":"Sur Diogo Jota | &#8230; un blog Arsenal","datePublished":"2025-07-06T03:48:15+00:00","dateModified":"2025-07-06T03:48:17+00:00","mainEntityOfPage":{"@id":"https:\/\/footdavant.fr\/actualites\/sur-diogo-jota-un-blog-arsenal\/"},"wordCount":835,"publisher":{"@id":"https:\/\/footdavant.fr\/actualites\/#organization"},"keywords":["Arsenal","blog","Diogo","Jota","sur"],"articleSection":["Football"],"inLanguage":"fr-FR"},{"@type":"WebPage","@id":"https:\/\/footdavant.fr\/actualites\/sur-diogo-jota-un-blog-arsenal\/","url":"https:\/\/footdavant.fr\/actualites\/sur-diogo-jota-un-blog-arsenal\/","name":"Sur Diogo Jota | ... un blog Arsenal","isPartOf":{"@id":"https:\/\/footdavant.fr\/actualites\/#website"},"datePublished":"2025-07-06T03:48:15+00:00","dateModified":"2025-07-06T03:48:17+00:00","breadcrumb":{"@id":"https:\/\/footdavant.fr\/actualites\/sur-diogo-jota-un-blog-arsenal\/#breadcrumb"},"inLanguage":"fr-FR","potentialAction":[{"@type":"ReadAction","target":["https:\/\/footdavant.fr\/actualites\/sur-diogo-jota-un-blog-arsenal\/"]}]},{"@type":"BreadcrumbList","@id":"https:\/\/footdavant.fr\/actualites\/sur-diogo-jota-un-blog-arsenal\/#breadcrumb","itemListElement":[{"@type":"ListItem","position":1,"name":"Accueil","item":"https:\/\/footdavant.fr\/actualites\/"},{"@type":"ListItem","position":2,"name":"Sur Diogo Jota | &#8230; un blog Arsenal"}]},{"@type":"WebSite","@id":"https:\/\/footdavant.fr\/actualites\/#website","url":"https:\/\/footdavant.fr\/actualites\/","name":"Foot d'avant","description":"","publisher":{"@id":"https:\/\/footdavant.fr\/actualites\/#organization"},"potentialAction":[{"@type":"SearchAction","target":{"@type":"EntryPoint","urlTemplate":"https:\/\/footdavant.fr\/actualites\/?s={search_term_string}"},"query-input":"required name=search_term_string"}],"inLanguage":"fr-FR"},{"@type":"Organization","@id":"https:\/\/footdavant.fr\/actualites\/#organization","name":"Foot d'avant","url":"https:\/\/footdavant.fr\/actualites\/","logo":{"@type":"ImageObject","inLanguage":"fr-FR","@id":"https:\/\/footdavant.fr\/actualites\/#\/schema\/logo\/image\/","url":"https:\/\/footdavant.fr\/actualites\/wp-content\/uploads\/2023\/09\/Copy-of-FootDavant-Logo.png","contentUrl":"https:\/\/footdavant.fr\/actualites\/wp-content\/uploads\/2023\/09\/Copy-of-FootDavant-Logo.png","width":936,"height":549,"caption":"Foot d'avant"},"image":{"@id":"https:\/\/footdavant.fr\/actualites\/#\/schema\/logo\/image\/"},"sameAs":["https:\/\/www.facebook.com\/Footdavant\/","https:\/\/twitter.com\/FootdavantFr","https:\/\/www.instagram.com\/footdavant.fr\/"]},{"@type":"Person","@id":"https:\/\/footdavant.fr\/actualites\/#\/schema\/person\/bc222566d95871b37e597b3ed3ba5e1d","name":"Cl\u00e9ment","image":{"@type":"ImageObject","inLanguage":"fr-FR","@id":"https:\/\/footdavant.fr\/actualites\/#\/schema\/person\/image\/","url":"https:\/\/secure.gravatar.com\/avatar\/7728b29aac2719421e1a9159b2254c44?s=96&d=mm&r=g","contentUrl":"https:\/\/secure.gravatar.com\/avatar\/7728b29aac2719421e1a9159b2254c44?s=96&d=mm&r=g","caption":"Cl\u00e9ment"},"sameAs":["https:\/\/footdavant.fr\/"]}]}},"_links":{"self":[{"href":"https:\/\/footdavant.fr\/actualites\/wp-json\/wp\/v2\/posts\/25796"}],"collection":[{"href":"https:\/\/footdavant.fr\/actualites\/wp-json\/wp\/v2\/posts"}],"about":[{"href":"https:\/\/footdavant.fr\/actualites\/wp-json\/wp\/v2\/types\/post"}],"author":[{"embeddable":true,"href":"https:\/\/footdavant.fr\/actualites\/wp-json\/wp\/v2\/users\/1"}],"replies":[{"embeddable":true,"href":"https:\/\/footdavant.fr\/actualites\/wp-json\/wp\/v2\/comments?post=25796"}],"version-history":[{"count":1,"href":"https:\/\/footdavant.fr\/actualites\/wp-json\/wp\/v2\/posts\/25796\/revisions"}],"predecessor-version":[{"id":25798,"href":"https:\/\/footdavant.fr\/actualites\/wp-json\/wp\/v2\/posts\/25796\/revisions\/25798"}],"wp:featuredmedia":[{"embeddable":true,"href":"https:\/\/footdavant.fr\/actualites\/wp-json\/wp\/v2\/media\/25797"}],"wp:attachment":[{"href":"https:\/\/footdavant.fr\/actualites\/wp-json\/wp\/v2\/media?parent=25796"}],"wp:term":[{"taxonomy":"category","embeddable":true,"href":"https:\/\/footdavant.fr\/actualites\/wp-json\/wp\/v2\/categories?post=25796"},{"taxonomy":"post_tag","embeddable":true,"href":"https:\/\/footdavant.fr\/actualites\/wp-json\/wp\/v2\/tags?post=25796"}],"curies":[{"name":"wp","href":"https:\/\/api.w.org\/{rel}","templated":true}]}}