{"id":25799,"date":"2025-07-06T07:48:05","date_gmt":"2025-07-06T05:48:05","guid":{"rendered":"https:\/\/footdavant.fr\/actualites\/marcus-rashford-le-geant-europeen-pourrait-soumissionner-pour-man-united-outcast-priorization-move-abroad-apres-le-rejet-daston-villa\/"},"modified":"2025-07-06T07:48:06","modified_gmt":"2025-07-06T05:48:06","slug":"marcus-rashford-le-geant-europeen-pourrait-soumissionner-pour-man-united-outcast-priorization-move-abroad-apres-le-rejet-daston-villa","status":"publish","type":"post","link":"https:\/\/footdavant.fr\/actualites\/marcus-rashford-le-geant-europeen-pourrait-soumissionner-pour-man-united-outcast-priorization-move-abroad-apres-le-rejet-daston-villa\/","title":{"rendered":"Marcus Rashford: le g\u00e9ant europ\u00e9en \u00abpourrait soumissionner\u00bb pour Man United Outcast \u00ab\u00a0 Priorization Move Abroad &#39;&#39; apr\u00e8s le rejet d&#39;Aston Villa"},"content":{"rendered":"<p>Marcus Rashford pourrait faire l&#39;objet d&#39;une offre de Bundesliga Champions Bayern Munich cet \u00e9t\u00e9, selon un rapport.<\/p>\n<div id=\"article_body\" itemprop=\"articleBody\">\n<h3 class=\"firstPara\"><\/h3>\n<p style=\"margin-bottom:11px\"><strong class=\"autotag\">Marcus Rashford<\/strong> Cela pourrait faire l&#39;objet d&#39;une offre de Bundesliga Champions <strong class=\"autotag\">Bayern Munich<\/strong> cet \u00e9t\u00e9, selon un rapport.<\/p>\n<p>L&#39;attaquant de 27 ans a pass\u00e9 la seconde moiti\u00e9 de la saison derni\u00e8re <strong class=\"autotag\">Aston Villa<\/strong>r\u00e9primande avec quatre buts et six passes d\u00e9cisives en 17 apparitions toutes les comp\u00e9titions.<\/p>\n<p>Bien que Rashford ait fait un aper\u00e7u de sa qualit\u00e9 sous l&#39;entra\u00eeneur-chef <strong class=\"autotag\">Unai Emery<\/strong>Aston Villa aurait d\u00e9cid\u00e9 de ne pas activer la clause d&#39;option d&#39;achat de 40 millions de livres sterling pour le <strong class=\"autotag\">Manchester United<\/strong> homme.<\/p>\n<p><strong><em>Le Daily Mail<\/em><\/strong>  affirme que Rashford devrait retourner \u00e0 Man United pour une formation de pr\u00e9-saison la semaine prochaine avec son avenir \u00e0 Old Trafford toujours en l&#39;air, six semaines seulement avant le d\u00e9but de la campagne 2025-26.<\/p>\n<p>L&#39;international anglais a encore trois ans \u00e0 jouer sur son contrat de Red Devils, mais il ne semble pas faire partie de <strong class=\"autotag\">Ruben Amorim<\/strong>les plans \u00e0 l&#39;avenir.<\/p>\n<p class=\"imgI\">\n<h2>Rashford \u00ab\u00a0 Priorization se d\u00e9placer \u00e0 l&#39;\u00e9tranger &#39;&#39; au milieu du Bayern, Bar\u00e7a int\u00e9r\u00eat<\/h2>\n<p>Selon <em><strong>L&#39;athl\u00e9tisme<\/strong><\/em>Rashford privil\u00e9gie maintenant un d\u00e9m\u00e9nagement \u00e0 l&#39;\u00e9tranger s&#39;il quitte Man United cet \u00e9t\u00e9 et qu&#39;il souhaite rejoindre un club qui lui permettrait de concourir pour les titres.<\/p>\n<p>Le rapport ajoute que m\u00eame si Man United pr\u00e9f\u00e9rerait vendre l&#39;attaquant class\u00e9 de 40 millions de livres sterling cet \u00e9t\u00e9, Rashford est \u00e9galement ouvert \u00e0 partir en pr\u00eat, ou dans le cadre d&#39;un \u00e9change si des \u00abopportunit\u00e9s appropri\u00e9es se pr\u00e9sentent\u00bb.<\/p>\n<p>Il a d\u00e9j\u00e0 \u00e9t\u00e9 sugg\u00e9r\u00e9 que La Liga champions <strong class=\"autotag\">Barcelone<\/strong> serait la destination de r\u00eave de Rashford, et les g\u00e9ants catalans <strong>explor\u00e9 la possibilit\u00e9<\/strong> de le signer en pr\u00eat avant la saison prochaine.<\/p>\n<p>Cependant, le m\u00e9dia allemand <strong><em>Bille<\/em><\/strong>  affirme que le Bayern Munich est \u00e9galement int\u00e9ress\u00e9 par l&#39;Anglais et qu&#39;ils envisagent une offre pour l&#39;attaquant cet \u00e9t\u00e9.<\/p>\n<p>Rashford n&#39;est pas la cible num\u00e9ro un du Bayern, cependant, car il est actuellement derri\u00e8re des go\u00fbts <strong class=\"autotag\">Nico Williams<\/strong>, <strong class=\"autotag\">Luis Diaz<\/strong> &#8211; tous deux recherch\u00e9s par Barcelone &#8211; Bradly Barcola et <strong class=\"autotag\">Rafael Leao<\/strong> sur la \u00ablongue liste\u00bb du club.<\/p>\n<p class=\"imgI\"><img decoding=\"async\" alt=\"Marcus Rashford \u00e0 Manchester United Training le 22 janvier 2025\" class=\"vanilla-lazyload article-image\" src=\"https:\/\/footdavant.fr\/actualites\/wp-content\/uploads\/2025\/07\/Marcus-Rashford-le-geant-europeen-pourrait-soumissionner-pour-Man-United.jpg\"><\/p>\n<h2>Qu&#39;est-ce que l&#39;avenir contient pour Rashford?<\/h2>\n<p>Rashford repr\u00e9senterait une alternative beaucoup moins ch\u00e8re aux cibles d&#39;attaque susmentionn\u00e9es du Bayern qui sont toutes consid\u00e9r\u00e9es comme une valeur sup\u00e9rieure \u00e0 60 millions d&#39;euros.<\/p>\n<p>Le Bayern est connu pour \u00eatre sur le march\u00e9 pour un nouvel attaquant gauche apr\u00e8s le d\u00e9part de <strong class=\"autotag\">Leroy Sane<\/strong> \u00e0 Galatasaray sur un transfert gratuit.<\/p>\n<p>Comme les choses se tiennent, le Bayern est actuellement <strong>ax\u00e9 sur un accord<\/strong> Signer l&#39;attaquant de Stuttgart <strong class=\"autotag\">Nick Woltemade<\/strong>cependant, qui est \u00e9valu\u00e9 dans la r\u00e9gion de 60 millions d&#39;euros \u00e0 70 millions d&#39;euros.<\/p>\n<p>Si un d\u00e9m\u00e9nagement au Bayern ou \u00e0 Barcelone ne se mat\u00e9rialise pas pour Rashford, alors un passage \u00e0 l&#39;Italie pourrait se pr\u00e9senter \u00e0 l&#39;attaquant, en tant que finalistes de Serie A de la saison derni\u00e8re <strong class=\"autotag\">Inter Milan<\/strong> sont <strong>aurait envisag\u00e9 un d\u00e9m\u00e9nagement de pr\u00eat<\/strong>.<\/p>\n<div class=\"author_box\">\n<div class=\"author_box_banner\"> <img decoding=\"async\" class=\"author_img\" src=\"https:\/\/footdavant.fr\/actualites\/wp-content\/uploads\/2025\/06\/Modric-Carvajal-Ronaldo-Quels-joueurs-ont-remporte-le-plus-de.jpg\"><\/div>\n<\/div>\n<\/div>\n","protected":false},"excerpt":{"rendered":"<p>Marcus Rashford pourrait faire l&#39;objet d&#39;une offre de Bundesliga Champions Bayern Munich cet \u00e9t\u00e9, selon un rapport. Marcus Rashford Cela pourrait faire l&#39;objet d&#39;une offre<\/p>\n","protected":false},"author":1,"featured_media":25800,"comment_status":"closed","ping_status":"","sticky":false,"template":"","format":"standard","meta":{"footnotes":""},"categories":[5],"tags":[25,4823,940,4345,24,422,2735,8117,51,269,9776,423,5654,9673,13,370],"yoast_head":"<!-- This site is optimized with the Yoast SEO plugin v21.0 - https:\/\/yoast.com\/wordpress\/plugins\/seo\/ -->\n<title>Marcus Rashford: le g\u00e9ant europ\u00e9en \u00abpourrait soumissionner\u00bb pour Man United Outcast `` Priorization Move Abroad &#039;&#039; apr\u00e8s le rejet d&#039;Aston Villa<\/title>\n<meta name=\"robots\" content=\"index, follow, max-snippet:-1, max-image-preview:large, max-video-preview:-1\" \/>\n<link rel=\"canonical\" href=\"https:\/\/footdavant.fr\/actualites\/marcus-rashford-le-geant-europeen-pourrait-soumissionner-pour-man-united-outcast-priorization-move-abroad-apres-le-rejet-daston-villa\/\" \/>\n<meta property=\"og:locale\" content=\"fr_FR\" \/>\n<meta property=\"og:type\" content=\"article\" \/>\n<meta property=\"og:title\" content=\"Marcus Rashford: le g\u00e9ant europ\u00e9en \u00abpourrait soumissionner\u00bb pour Man United Outcast `` Priorization Move Abroad &#039;&#039; apr\u00e8s le rejet d&#039;Aston Villa\" \/>\n<meta property=\"og:description\" content=\"Marcus Rashford pourrait faire l&#039;objet d&#039;une offre de Bundesliga Champions Bayern Munich cet \u00e9t\u00e9, selon un rapport. Marcus Rashford Cela pourrait faire l&#039;objet d&#039;une offre\" \/>\n<meta property=\"og:url\" content=\"https:\/\/footdavant.fr\/actualites\/marcus-rashford-le-geant-europeen-pourrait-soumissionner-pour-man-united-outcast-priorization-move-abroad-apres-le-rejet-daston-villa\/\" \/>\n<meta property=\"og:site_name\" content=\"Foot d&#039;avant\" \/>\n<meta property=\"article:publisher\" content=\"https:\/\/www.facebook.com\/Footdavant\/\" \/>\n<meta property=\"article:published_time\" content=\"2025-07-06T05:48:05+00:00\" \/>\n<meta property=\"article:modified_time\" content=\"2025-07-06T05:48:06+00:00\" \/>\n<meta property=\"og:image\" content=\"https:\/\/footdavant.fr\/actualites\/wp-content\/uploads\/2025\/07\/1751780886_Marcus-Rashford-le-geant-europeen-pourrait-soumissionner-pour-Man-United.jpg\" \/>\n\t<meta property=\"og:image:width\" content=\"640\" \/>\n\t<meta property=\"og:image:height\" content=\"480\" \/>\n\t<meta property=\"og:image:type\" content=\"image\/jpeg\" \/>\n<meta name=\"author\" content=\"Cl\u00e9ment\" \/>\n<meta name=\"twitter:card\" content=\"summary_large_image\" \/>\n<meta name=\"twitter:creator\" content=\"@FootdavantFr\" \/>\n<meta name=\"twitter:site\" content=\"@FootdavantFr\" \/>\n<meta name=\"twitter:label1\" content=\"\u00c9crit par\" \/>\n\t<meta name=\"twitter:data1\" content=\"Cl\u00e9ment\" \/>\n\t<meta name=\"twitter:label2\" content=\"Dur\u00e9e de lecture estim\u00e9e\" \/>\n\t<meta name=\"twitter:data2\" content=\"3 minutes\" \/>\n<script type=\"application\/ld+json\" class=\"yoast-schema-graph\">{\"@context\":\"https:\/\/schema.org\",\"@graph\":[{\"@type\":\"Article\",\"@id\":\"https:\/\/footdavant.fr\/actualites\/marcus-rashford-le-geant-europeen-pourrait-soumissionner-pour-man-united-outcast-priorization-move-abroad-apres-le-rejet-daston-villa\/#article\",\"isPartOf\":{\"@id\":\"https:\/\/footdavant.fr\/actualites\/marcus-rashford-le-geant-europeen-pourrait-soumissionner-pour-man-united-outcast-priorization-move-abroad-apres-le-rejet-daston-villa\/\"},\"author\":{\"name\":\"Cl\u00e9ment\",\"@id\":\"https:\/\/footdavant.fr\/actualites\/#\/schema\/person\/bc222566d95871b37e597b3ed3ba5e1d\"},\"headline\":\"Marcus Rashford: le g\u00e9ant europ\u00e9en \u00abpourrait soumissionner\u00bb pour Man United Outcast \u00ab\u00a0 Priorization Move Abroad &#39;&#39; apr\u00e8s le rejet d&#39;Aston Villa\",\"datePublished\":\"2025-07-06T05:48:05+00:00\",\"dateModified\":\"2025-07-06T05:48:06+00:00\",\"mainEntityOfPage\":{\"@id\":\"https:\/\/footdavant.fr\/actualites\/marcus-rashford-le-geant-europeen-pourrait-soumissionner-pour-man-united-outcast-priorization-move-abroad-apres-le-rejet-daston-villa\/\"},\"wordCount\":561,\"publisher\":{\"@id\":\"https:\/\/footdavant.fr\/actualites\/#organization\"},\"keywords\":[\"apr\u00e8s\",\"d39Aston\",\"europ\u00e9en\",\"g\u00e9ant\",\"Man\",\"Marcus\",\"move\",\"Outcast\",\"pour\",\"pourrait\",\"Priorization\",\"Rashford\",\"rejet\",\"soumissionner\",\"United\",\"Villa\"],\"articleSection\":[\"Premier League\"],\"inLanguage\":\"fr-FR\"},{\"@type\":\"WebPage\",\"@id\":\"https:\/\/footdavant.fr\/actualites\/marcus-rashford-le-geant-europeen-pourrait-soumissionner-pour-man-united-outcast-priorization-move-abroad-apres-le-rejet-daston-villa\/\",\"url\":\"https:\/\/footdavant.fr\/actualites\/marcus-rashford-le-geant-europeen-pourrait-soumissionner-pour-man-united-outcast-priorization-move-abroad-apres-le-rejet-daston-villa\/\",\"name\":\"Marcus Rashford: le g\u00e9ant europ\u00e9en \u00abpourrait soumissionner\u00bb pour Man United Outcast `` Priorization Move Abroad &#39;&#39; apr\u00e8s le rejet d&#39;Aston Villa\",\"isPartOf\":{\"@id\":\"https:\/\/footdavant.fr\/actualites\/#website\"},\"datePublished\":\"2025-07-06T05:48:05+00:00\",\"dateModified\":\"2025-07-06T05:48:06+00:00\",\"breadcrumb\":{\"@id\":\"https:\/\/footdavant.fr\/actualites\/marcus-rashford-le-geant-europeen-pourrait-soumissionner-pour-man-united-outcast-priorization-move-abroad-apres-le-rejet-daston-villa\/#breadcrumb\"},\"inLanguage\":\"fr-FR\",\"potentialAction\":[{\"@type\":\"ReadAction\",\"target\":[\"https:\/\/footdavant.fr\/actualites\/marcus-rashford-le-geant-europeen-pourrait-soumissionner-pour-man-united-outcast-priorization-move-abroad-apres-le-rejet-daston-villa\/\"]}]},{\"@type\":\"BreadcrumbList\",\"@id\":\"https:\/\/footdavant.fr\/actualites\/marcus-rashford-le-geant-europeen-pourrait-soumissionner-pour-man-united-outcast-priorization-move-abroad-apres-le-rejet-daston-villa\/#breadcrumb\",\"itemListElement\":[{\"@type\":\"ListItem\",\"position\":1,\"name\":\"Accueil\",\"item\":\"https:\/\/footdavant.fr\/actualites\/\"},{\"@type\":\"ListItem\",\"position\":2,\"name\":\"Marcus Rashford: le g\u00e9ant europ\u00e9en \u00abpourrait soumissionner\u00bb pour Man United Outcast \u00ab\u00a0 Priorization Move Abroad &#39;&#39; apr\u00e8s le rejet d&#39;Aston Villa\"}]},{\"@type\":\"WebSite\",\"@id\":\"https:\/\/footdavant.fr\/actualites\/#website\",\"url\":\"https:\/\/footdavant.fr\/actualites\/\",\"name\":\"Foot d'avant\",\"description\":\"\",\"publisher\":{\"@id\":\"https:\/\/footdavant.fr\/actualites\/#organization\"},\"potentialAction\":[{\"@type\":\"SearchAction\",\"target\":{\"@type\":\"EntryPoint\",\"urlTemplate\":\"https:\/\/footdavant.fr\/actualites\/?s={search_term_string}\"},\"query-input\":\"required name=search_term_string\"}],\"inLanguage\":\"fr-FR\"},{\"@type\":\"Organization\",\"@id\":\"https:\/\/footdavant.fr\/actualites\/#organization\",\"name\":\"Foot d'avant\",\"url\":\"https:\/\/footdavant.fr\/actualites\/\",\"logo\":{\"@type\":\"ImageObject\",\"inLanguage\":\"fr-FR\",\"@id\":\"https:\/\/footdavant.fr\/actualites\/#\/schema\/logo\/image\/\",\"url\":\"https:\/\/footdavant.fr\/actualites\/wp-content\/uploads\/2023\/09\/Copy-of-FootDavant-Logo.png\",\"contentUrl\":\"https:\/\/footdavant.fr\/actualites\/wp-content\/uploads\/2023\/09\/Copy-of-FootDavant-Logo.png\",\"width\":936,\"height\":549,\"caption\":\"Foot d'avant\"},\"image\":{\"@id\":\"https:\/\/footdavant.fr\/actualites\/#\/schema\/logo\/image\/\"},\"sameAs\":[\"https:\/\/www.facebook.com\/Footdavant\/\",\"https:\/\/twitter.com\/FootdavantFr\",\"https:\/\/www.instagram.com\/footdavant.fr\/\"]},{\"@type\":\"Person\",\"@id\":\"https:\/\/footdavant.fr\/actualites\/#\/schema\/person\/bc222566d95871b37e597b3ed3ba5e1d\",\"name\":\"Cl\u00e9ment\",\"image\":{\"@type\":\"ImageObject\",\"inLanguage\":\"fr-FR\",\"@id\":\"https:\/\/footdavant.fr\/actualites\/#\/schema\/person\/image\/\",\"url\":\"https:\/\/secure.gravatar.com\/avatar\/7728b29aac2719421e1a9159b2254c44?s=96&d=mm&r=g\",\"contentUrl\":\"https:\/\/secure.gravatar.com\/avatar\/7728b29aac2719421e1a9159b2254c44?s=96&d=mm&r=g\",\"caption\":\"Cl\u00e9ment\"},\"sameAs\":[\"https:\/\/footdavant.fr\/\"]}]}<\/script>\n<!-- \/ Yoast SEO plugin. -->","yoast_head_json":{"title":"Marcus Rashford: le g\u00e9ant europ\u00e9en \u00abpourrait soumissionner\u00bb pour Man United Outcast `` Priorization Move Abroad &#39;&#39; apr\u00e8s le rejet d&#39;Aston Villa","robots":{"index":"index","follow":"follow","max-snippet":"max-snippet:-1","max-image-preview":"max-image-preview:large","max-video-preview":"max-video-preview:-1"},"canonical":"https:\/\/footdavant.fr\/actualites\/marcus-rashford-le-geant-europeen-pourrait-soumissionner-pour-man-united-outcast-priorization-move-abroad-apres-le-rejet-daston-villa\/","og_locale":"fr_FR","og_type":"article","og_title":"Marcus Rashford: le g\u00e9ant europ\u00e9en \u00abpourrait soumissionner\u00bb pour Man United Outcast `` Priorization Move Abroad &#39;&#39; apr\u00e8s le rejet d&#39;Aston Villa","og_description":"Marcus Rashford pourrait faire l&#39;objet d&#39;une offre de Bundesliga Champions Bayern Munich cet \u00e9t\u00e9, selon un rapport. Marcus Rashford Cela pourrait faire l&#39;objet d&#39;une offre","og_url":"https:\/\/footdavant.fr\/actualites\/marcus-rashford-le-geant-europeen-pourrait-soumissionner-pour-man-united-outcast-priorization-move-abroad-apres-le-rejet-daston-villa\/","og_site_name":"Foot d&#039;avant","article_publisher":"https:\/\/www.facebook.com\/Footdavant\/","article_published_time":"2025-07-06T05:48:05+00:00","article_modified_time":"2025-07-06T05:48:06+00:00","og_image":[{"width":640,"height":480,"url":"https:\/\/footdavant.fr\/actualites\/wp-content\/uploads\/2025\/07\/1751780886_Marcus-Rashford-le-geant-europeen-pourrait-soumissionner-pour-Man-United.jpg","type":"image\/jpeg"}],"author":"Cl\u00e9ment","twitter_card":"summary_large_image","twitter_creator":"@FootdavantFr","twitter_site":"@FootdavantFr","twitter_misc":{"\u00c9crit par":"Cl\u00e9ment","Dur\u00e9e de lecture estim\u00e9e":"3 minutes"},"schema":{"@context":"https:\/\/schema.org","@graph":[{"@type":"Article","@id":"https:\/\/footdavant.fr\/actualites\/marcus-rashford-le-geant-europeen-pourrait-soumissionner-pour-man-united-outcast-priorization-move-abroad-apres-le-rejet-daston-villa\/#article","isPartOf":{"@id":"https:\/\/footdavant.fr\/actualites\/marcus-rashford-le-geant-europeen-pourrait-soumissionner-pour-man-united-outcast-priorization-move-abroad-apres-le-rejet-daston-villa\/"},"author":{"name":"Cl\u00e9ment","@id":"https:\/\/footdavant.fr\/actualites\/#\/schema\/person\/bc222566d95871b37e597b3ed3ba5e1d"},"headline":"Marcus Rashford: le g\u00e9ant europ\u00e9en \u00abpourrait soumissionner\u00bb pour Man United Outcast \u00ab\u00a0 Priorization Move Abroad &#39;&#39; apr\u00e8s le rejet d&#39;Aston Villa","datePublished":"2025-07-06T05:48:05+00:00","dateModified":"2025-07-06T05:48:06+00:00","mainEntityOfPage":{"@id":"https:\/\/footdavant.fr\/actualites\/marcus-rashford-le-geant-europeen-pourrait-soumissionner-pour-man-united-outcast-priorization-move-abroad-apres-le-rejet-daston-villa\/"},"wordCount":561,"publisher":{"@id":"https:\/\/footdavant.fr\/actualites\/#organization"},"keywords":["apr\u00e8s","d39Aston","europ\u00e9en","g\u00e9ant","Man","Marcus","move","Outcast","pour","pourrait","Priorization","Rashford","rejet","soumissionner","United","Villa"],"articleSection":["Premier League"],"inLanguage":"fr-FR"},{"@type":"WebPage","@id":"https:\/\/footdavant.fr\/actualites\/marcus-rashford-le-geant-europeen-pourrait-soumissionner-pour-man-united-outcast-priorization-move-abroad-apres-le-rejet-daston-villa\/","url":"https:\/\/footdavant.fr\/actualites\/marcus-rashford-le-geant-europeen-pourrait-soumissionner-pour-man-united-outcast-priorization-move-abroad-apres-le-rejet-daston-villa\/","name":"Marcus Rashford: le g\u00e9ant europ\u00e9en \u00abpourrait soumissionner\u00bb pour Man United Outcast `` Priorization Move Abroad &#39;&#39; apr\u00e8s le rejet d&#39;Aston Villa","isPartOf":{"@id":"https:\/\/footdavant.fr\/actualites\/#website"},"datePublished":"2025-07-06T05:48:05+00:00","dateModified":"2025-07-06T05:48:06+00:00","breadcrumb":{"@id":"https:\/\/footdavant.fr\/actualites\/marcus-rashford-le-geant-europeen-pourrait-soumissionner-pour-man-united-outcast-priorization-move-abroad-apres-le-rejet-daston-villa\/#breadcrumb"},"inLanguage":"fr-FR","potentialAction":[{"@type":"ReadAction","target":["https:\/\/footdavant.fr\/actualites\/marcus-rashford-le-geant-europeen-pourrait-soumissionner-pour-man-united-outcast-priorization-move-abroad-apres-le-rejet-daston-villa\/"]}]},{"@type":"BreadcrumbList","@id":"https:\/\/footdavant.fr\/actualites\/marcus-rashford-le-geant-europeen-pourrait-soumissionner-pour-man-united-outcast-priorization-move-abroad-apres-le-rejet-daston-villa\/#breadcrumb","itemListElement":[{"@type":"ListItem","position":1,"name":"Accueil","item":"https:\/\/footdavant.fr\/actualites\/"},{"@type":"ListItem","position":2,"name":"Marcus Rashford: le g\u00e9ant europ\u00e9en \u00abpourrait soumissionner\u00bb pour Man United Outcast \u00ab\u00a0 Priorization Move Abroad &#39;&#39; apr\u00e8s le rejet d&#39;Aston Villa"}]},{"@type":"WebSite","@id":"https:\/\/footdavant.fr\/actualites\/#website","url":"https:\/\/footdavant.fr\/actualites\/","name":"Foot d'avant","description":"","publisher":{"@id":"https:\/\/footdavant.fr\/actualites\/#organization"},"potentialAction":[{"@type":"SearchAction","target":{"@type":"EntryPoint","urlTemplate":"https:\/\/footdavant.fr\/actualites\/?s={search_term_string}"},"query-input":"required name=search_term_string"}],"inLanguage":"fr-FR"},{"@type":"Organization","@id":"https:\/\/footdavant.fr\/actualites\/#organization","name":"Foot d'avant","url":"https:\/\/footdavant.fr\/actualites\/","logo":{"@type":"ImageObject","inLanguage":"fr-FR","@id":"https:\/\/footdavant.fr\/actualites\/#\/schema\/logo\/image\/","url":"https:\/\/footdavant.fr\/actualites\/wp-content\/uploads\/2023\/09\/Copy-of-FootDavant-Logo.png","contentUrl":"https:\/\/footdavant.fr\/actualites\/wp-content\/uploads\/2023\/09\/Copy-of-FootDavant-Logo.png","width":936,"height":549,"caption":"Foot d'avant"},"image":{"@id":"https:\/\/footdavant.fr\/actualites\/#\/schema\/logo\/image\/"},"sameAs":["https:\/\/www.facebook.com\/Footdavant\/","https:\/\/twitter.com\/FootdavantFr","https:\/\/www.instagram.com\/footdavant.fr\/"]},{"@type":"Person","@id":"https:\/\/footdavant.fr\/actualites\/#\/schema\/person\/bc222566d95871b37e597b3ed3ba5e1d","name":"Cl\u00e9ment","image":{"@type":"ImageObject","inLanguage":"fr-FR","@id":"https:\/\/footdavant.fr\/actualites\/#\/schema\/person\/image\/","url":"https:\/\/secure.gravatar.com\/avatar\/7728b29aac2719421e1a9159b2254c44?s=96&d=mm&r=g","contentUrl":"https:\/\/secure.gravatar.com\/avatar\/7728b29aac2719421e1a9159b2254c44?s=96&d=mm&r=g","caption":"Cl\u00e9ment"},"sameAs":["https:\/\/footdavant.fr\/"]}]}},"_links":{"self":[{"href":"https:\/\/footdavant.fr\/actualites\/wp-json\/wp\/v2\/posts\/25799"}],"collection":[{"href":"https:\/\/footdavant.fr\/actualites\/wp-json\/wp\/v2\/posts"}],"about":[{"href":"https:\/\/footdavant.fr\/actualites\/wp-json\/wp\/v2\/types\/post"}],"author":[{"embeddable":true,"href":"https:\/\/footdavant.fr\/actualites\/wp-json\/wp\/v2\/users\/1"}],"replies":[{"embeddable":true,"href":"https:\/\/footdavant.fr\/actualites\/wp-json\/wp\/v2\/comments?post=25799"}],"version-history":[{"count":1,"href":"https:\/\/footdavant.fr\/actualites\/wp-json\/wp\/v2\/posts\/25799\/revisions"}],"predecessor-version":[{"id":25801,"href":"https:\/\/footdavant.fr\/actualites\/wp-json\/wp\/v2\/posts\/25799\/revisions\/25801"}],"wp:featuredmedia":[{"embeddable":true,"href":"https:\/\/footdavant.fr\/actualites\/wp-json\/wp\/v2\/media\/25800"}],"wp:attachment":[{"href":"https:\/\/footdavant.fr\/actualites\/wp-json\/wp\/v2\/media?parent=25799"}],"wp:term":[{"taxonomy":"category","embeddable":true,"href":"https:\/\/footdavant.fr\/actualites\/wp-json\/wp\/v2\/categories?post=25799"},{"taxonomy":"post_tag","embeddable":true,"href":"https:\/\/footdavant.fr\/actualites\/wp-json\/wp\/v2\/tags?post=25799"}],"curies":[{"name":"wp","href":"https:\/\/api.w.org\/{rel}","templated":true}]}}