{"id":2580,"date":"2023-12-16T05:58:50","date_gmt":"2023-12-16T04:58:50","guid":{"rendered":"https:\/\/footdavant.fr\/actualites\/laccusation-de-mikel-arteta-par-la-fa-jugee-non-prouvee\/"},"modified":"2023-12-16T05:58:52","modified_gmt":"2023-12-16T04:58:52","slug":"laccusation-de-mikel-arteta-par-la-fa-jugee-non-prouvee","status":"publish","type":"post","link":"https:\/\/footdavant.fr\/actualites\/laccusation-de-mikel-arteta-par-la-fa-jugee-non-prouvee\/","title":{"rendered":"L&rsquo;accusation de Mikel Arteta par la FA jug\u00e9e \u00ab\u00a0non prouv\u00e9e\u00a0\u00bb"},"content":{"rendered":"<div>\n<p>Lorsque Mikel Arteta rencontrera la presse aujourd&rsquo;hui avant notre match contre Brighton, il le fera apr\u00e8s que les accusations port\u00e9es contre lui par la FA suite \u00e0 ses commentaires apr\u00e8s notre d\u00e9faite contre Newcastle se sont r\u00e9v\u00e9l\u00e9es \u00ab\u00a0non prouv\u00e9es\u00a0\u00bb.<\/p>\n<p>La Commission de r\u00e9gulation ind\u00e9pendante a finalement rendu son verdict hier, et je me suis demand\u00e9 pourquoi cela prenait autant de temps.  Le document de 37 pages ressemble plus \u00e0 un proc\u00e8s qu&rsquo;\u00e0 une audience disciplinaire de football, et il regorge de choses.  Certaines sont assez complexes, d\u2019autres tr\u00e8s simplistes.<\/p>\n<p>Par exemple, la FA a fait valoir que la notori\u00e9t\u00e9 de Mikel Arteta dans le jeu \u00e9tait pertinente pour l&rsquo;accusation, en d\u00e9clarant\u00a0:<\/p>\n<p><em>La FA a soutenu que le statut de MA \u00e9tait pertinent pour le fond de l&rsquo;accusation \u2013 en d&rsquo;autres termes, que les mots prononc\u00e9s ou le comportement commis par un individu tel que MA pouvaient enfreindre la r\u00e8gle E3 de la FA m\u00eame si les m\u00eames mots ou le m\u00eame comportement, commis par un individu de moindre notori\u00e9t\u00e9. , pourrait ne pas constituer une violation de la r\u00e8gle E3 de la FA.<\/em><\/p>\n<p>Arsenal, via son repr\u00e9sentant l\u00e9gal, a fait valoir que le profil n&rsquo;\u00e9tait pas pertinent, en d\u00e9clarant\u00a0:<\/p>\n<p><em>Les propos ou le comportement enfreignent ou non la r\u00e8gle E3 de la FA, quel que soit le statut de la personne dont les propos ou le comportement sont soumis \u00e0 un examen minutieux.<\/em><\/p>\n<p>C&rsquo;est une chose sur laquelle la commission \u00e9tait d&rsquo;accord.  Il y a eu des disputes linguistiques, et le mot espagnol \u00ab desgracia \u00bb deviendra d\u00e9sormais un m\u00e8me pour toujours.  Dans sa lettre initiale expliquant ses propos, Arteta avait dit \u00e0 propos du mot anglais \u00ab honte \u00bb :<\/p>\n<p><em>[It]  a une orthographe et une prononciation tr\u00e8s similaires \u00e0 celles du mot espagnol \u00ab desgracia \u00bb\u2026 le mot espagnol a des connotations de malheur, de trag\u00e9die ou de malchance plut\u00f4t que les connotations de son \u00e9quivalent anglais qui sugg\u00e8rent le m\u00e9pris, le d\u00e9shonneur ou le manque de respect.  Bien que le sens anglais puisse conduire \u00e0 des interpr\u00e9tations d&rsquo;abus ou d&rsquo;insulte, ce n&rsquo;\u00e9tait pas le sens voulu des commentaires.<\/em><\/p>\n<p>Cependant, lors de l&rsquo;audience elle-m\u00eame, il a imput\u00e9 cela \u00e0 un probl\u00e8me de communication interne, affirmant qu&rsquo;il comprenait parfaitement les diff\u00e9rences entre les mots et qu&rsquo;il utilisait le mot anglais en sachant tr\u00e8s bien ce qu&rsquo;il signifiait.  La Commission a d\u00e9clar\u00e9 :<\/p>\n<p><em>Nous avons accept\u00e9 cette explication.<\/em><\/p>\n<p>Je ne sais pas pourquoi \u00e7a m&rsquo;a fait autant rire, mais voil\u00e0.<\/p>\n<blockquote class=\"twitter-tweet\" data-width=\"550\" data-dnt=\"true\">\n<p lang=\"en\" dir=\"ltr\">Je viens de commander mon nouveau maillot Arsenal. <a rel=\"nofollow\" href=\"https:\/\/t.co\/j5GksolNPT\">pic.twitter.com\/j5GksolNPT<\/a><\/p>\n<p>\u2013 Andrew Allen (@AAllenSport) <a rel=\"nofollow\" href=\"https:\/\/twitter.com\/AAllenSport\/status\/1735341532138394082?ref_src=twsrc%5Etfw\">14 d\u00e9cembre 2023<\/a><\/p>\n<\/blockquote>\n<p>Ensuite, il y a le moment o\u00f9 l&rsquo;\u00e9tat \u00e9motionnel d&rsquo;Arteta apr\u00e8s le match n&rsquo;est pas am\u00e9lior\u00e9 par le fait que Joe Willock, ancien de cette paroisse, a apparemment dit aux joueurs d&rsquo;Arsenal que le ballon \u00e9tait sorti avant de le croiser pour que Joelinton pousse Gabriel hors du chemin. dirigez-vous vers Anthony Gordon pour marquer le but.<\/p>\n<p><em>Ces probl\u00e8mes ont accru ce que MA a d\u00e9crit comme son \u00ab sentiment d&rsquo;injustice et de frustration \u00bb face au fait que l&rsquo;objectif ait \u00e9t\u00e9 maintenu.<\/em><\/p>\n<p>Vous comprendrez facilement pourquoi !  Il y a \u00e9videmment beaucoup plus dans un document de 37 pages (que vous pouvez trouver ici si vous avez le temps ou le courage de le parcourir).  Il y a des choses vraiment int\u00e9ressantes sur les processus VAR, les commentaires pr\u00e9c\u00e9dents des managers, la frustration d&rsquo;Arteta apr\u00e8s une r\u00e9union PGMOL\/managers qui a eu lieu deux jours seulement avant le match de Newcastle, et bien plus encore.  La commission dit :<\/p>\n<p><em>Nous avons trouv\u00e9 que MA \u00e9tait un t\u00e9moin impressionnant.  Bien qu\u2019il ait parfois omis d\u2019aborder directement le sujet des questions qui lui \u00e9taient pos\u00e9es \u2013 un trait fr\u00e9quemment observ\u00e9 chez les t\u00e9moins \u2013 nous avons consid\u00e9r\u00e9 qu\u2019il avait t\u00e9moign\u00e9 avec soin et honn\u00eatet\u00e9, et nous avons accept\u00e9 le t\u00e9moignage qu\u2019il a pr\u00e9sent\u00e9 devant nous. <\/em><\/p>\n<p><em>Il comprenait clairement non seulement la n\u00e9cessit\u00e9 de faire preuve de respect envers les arbitres, mais aussi les raisons pour lesquelles ce respect est essentiel \u00e0 tous les niveaux du jeu, et en particulier pourquoi le respect doit \u00eatre manifest\u00e9 par des individus qui sont des mod\u00e8les. aux autres dans le jeu.<\/em><\/p>\n<p>Je suis s\u00fbr que certains auront l&rsquo;impression qu&rsquo;il s&rsquo;en est tir\u00e9 avec quelque chose, d&rsquo;autres auront l&rsquo;impression que justice a \u00e9t\u00e9 rendue.  Encore une fois, je soulignerai que lorsqu&rsquo;un manager comme Mikel Arteta parle de mani\u00e8re constructive d&rsquo;arbitrer, d&rsquo;\u00e9lever les normes et de les am\u00e9liorer pour le b\u00e9n\u00e9fice du jeu, il est absolument n\u00e9cessaire qu&rsquo;il donne suite \u00e0 cela s&rsquo;il est vraiment s\u00e9rieux.  Cela signifie reconna\u00eetre une \u00ab erreur \u00bb lorsqu\u2019une d\u00e9cision nous convient (m\u00eame si personne ne peut deviner quand cela pourrait se produire).<\/p>\n<p>Si vous \u00eates vraiment s\u00e9rieux, vous ne pouvez pas vous pr\u00e9occuper uniquement des normes d&rsquo;arbitrage lorsque vous sentez que les d\u00e9cisions vont \u00e0 votre encontre.  Je sais que les gens en ont assez des discussions entre arbitres, mais je pense honn\u00eatement qu&rsquo;il y a une discussion importante \u00e0 avoir \u00e0 ce sujet, mais elle est trop souvent obscurcie par l&rsquo;\u00e9motion, le tribalisme et l&rsquo;int\u00e9r\u00eat personnel.  Si les managers pouvaient \u00eatre un peu plus honn\u00eates apr\u00e8s le match, cela aiderait.  Par exemple, si Eddie Howe avait dit apr\u00e8s le match de Newcastle : \u00ab Je comprends pourquoi Mikel pourrait \u00eatre frustr\u00e9 par \u00e7a \u00bb (car il doit absolument le comprendre), plut\u00f4t que \u00ab Peut-\u00eatre qu&rsquo;il a vu quelque chose que je n&rsquo;ai pas vu \u00bb, ce serait \u00eatre plus b\u00e9n\u00e9fique.  Personne ne retirera les arguments de Newcastle, mais le discours ult\u00e9rieur serait nettement diff\u00e9rent et presque certainement plus utile.  L\u00e0 encore, si Arteta \u00e9tait dans une phase \u00e9motive et n\u2019a pas choisi ses mots aussi bien qu\u2019il aurait pu le faire, la m\u00eame chose doit s\u2019appliquer \u00e0 un manager adverse.<\/p>\n<p>Comme je l\u2019ai dit, Mikel Arteta est au premier plan avec ce genre de choses.  Je suis heureux qu&rsquo;il ait \u00e9t\u00e9 innocent\u00e9, je pense que ce sera quelque chose dont il apprendra m\u00eame si peut-\u00eatre le r\u00e9sultat sera simplement fade, des r\u00e9ponses anodines aux questions qui nous int\u00e9ressent en fait.  J&rsquo;esp\u00e8re que non.  Et j&rsquo;esp\u00e8re que lorsque cette conversation reviendra et qu&rsquo;il sera sous les projecteurs, il sera assez honn\u00eate pour reconna\u00eetre publiquement qu&rsquo;Arsenal en profite aux d\u00e9pens de l&rsquo;opposition.  Voyons.<\/p>\n<p>\u2014<\/p>\n<p>Nous vous proposerons une couverture de la conf\u00e9rence de presse du manager un peu plus tard sur Arseblog News, et nous rejoindrons plus tard sur Patreon pour un aper\u00e7u du match de Brighton dimanche.  Pour l&rsquo;instant, je vous laisse avec un nouvel Arsecast, enregistr\u00e9 hier soir juste apr\u00e8s la diffusion de la nouvelle d&rsquo;Arteta.<\/p>\n<p>Passez un bon vendredi les amis.<\/p>\n<p><iframe loading=\"lazy\" src=\"https:\/\/embed.acast.com\/a1a58121-6fb4-43cf-8156-8d6df6fc312f\/657b438218fa3b0016379fc3\" width=\"100%\" height=\"300px\" frameborder=\"0\"><\/iframe><\/p>\n<\/div>\n<p><script async src=\"https:\/\/platform.twitter.com\/widgets.js\" charset=\"utf-8\"><\/script><\/p>\n","protected":false},"excerpt":{"rendered":"<p>Lorsque Mikel Arteta rencontrera la presse aujourd&rsquo;hui avant notre match contre Brighton, il le fera apr\u00e8s que les accusations port\u00e9es contre lui par la FA<\/p>\n","protected":false},"author":1,"featured_media":2581,"comment_status":"closed","ping_status":"","sticky":false,"template":"","format":"standard","meta":{"footnotes":""},"categories":[3],"tags":[211,2266,2265,210,75,2267],"yoast_head":"<!-- This site is optimized with the Yoast SEO plugin v21.0 - https:\/\/yoast.com\/wordpress\/plugins\/seo\/ -->\n<title>L&#039;accusation de Mikel Arteta par la FA jug\u00e9e &quot;non prouv\u00e9e&quot;<\/title>\n<meta name=\"robots\" content=\"index, follow, max-snippet:-1, max-image-preview:large, max-video-preview:-1\" \/>\n<link rel=\"canonical\" href=\"https:\/\/footdavant.fr\/actualites\/laccusation-de-mikel-arteta-par-la-fa-jugee-non-prouvee\/\" \/>\n<meta property=\"og:locale\" content=\"fr_FR\" \/>\n<meta property=\"og:type\" content=\"article\" \/>\n<meta property=\"og:title\" content=\"L&#039;accusation de Mikel Arteta par la FA jug\u00e9e &quot;non prouv\u00e9e&quot;\" \/>\n<meta property=\"og:description\" content=\"Lorsque Mikel Arteta rencontrera la presse aujourd&rsquo;hui avant notre match contre Brighton, il le fera apr\u00e8s que les accusations port\u00e9es contre lui par la FA\" \/>\n<meta property=\"og:url\" content=\"https:\/\/footdavant.fr\/actualites\/laccusation-de-mikel-arteta-par-la-fa-jugee-non-prouvee\/\" \/>\n<meta property=\"og:site_name\" content=\"Foot d&#039;avant\" \/>\n<meta property=\"article:publisher\" content=\"https:\/\/www.facebook.com\/Footdavant\/\" \/>\n<meta property=\"article:published_time\" content=\"2023-12-16T04:58:50+00:00\" \/>\n<meta property=\"article:modified_time\" content=\"2023-12-16T04:58:52+00:00\" \/>\n<meta property=\"og:image\" content=\"https:\/\/footdavant.fr\/actualites\/wp-content\/uploads\/2023\/12\/Laccusation-de-Mikel-Arteta-par-la-FA-jugee-non-prouvee.jpg\" \/>\n\t<meta property=\"og:image:width\" content=\"1500\" \/>\n\t<meta property=\"og:image:height\" content=\"750\" \/>\n\t<meta property=\"og:image:type\" content=\"image\/jpeg\" \/>\n<meta name=\"author\" content=\"Cl\u00e9ment\" \/>\n<meta name=\"twitter:card\" content=\"summary_large_image\" \/>\n<meta name=\"twitter:creator\" content=\"@FootdavantFr\" \/>\n<meta name=\"twitter:site\" content=\"@FootdavantFr\" \/>\n<meta name=\"twitter:label1\" content=\"\u00c9crit par\" \/>\n\t<meta name=\"twitter:data1\" content=\"Cl\u00e9ment\" \/>\n\t<meta name=\"twitter:label2\" content=\"Dur\u00e9e de lecture estim\u00e9e\" \/>\n\t<meta name=\"twitter:data2\" content=\"6 minutes\" \/>\n<script type=\"application\/ld+json\" class=\"yoast-schema-graph\">{\"@context\":\"https:\/\/schema.org\",\"@graph\":[{\"@type\":\"Article\",\"@id\":\"https:\/\/footdavant.fr\/actualites\/laccusation-de-mikel-arteta-par-la-fa-jugee-non-prouvee\/#article\",\"isPartOf\":{\"@id\":\"https:\/\/footdavant.fr\/actualites\/laccusation-de-mikel-arteta-par-la-fa-jugee-non-prouvee\/\"},\"author\":{\"name\":\"Cl\u00e9ment\",\"@id\":\"https:\/\/footdavant.fr\/actualites\/#\/schema\/person\/bc222566d95871b37e597b3ed3ba5e1d\"},\"headline\":\"L&rsquo;accusation de Mikel Arteta par la FA jug\u00e9e \u00ab\u00a0non prouv\u00e9e\u00a0\u00bb\",\"datePublished\":\"2023-12-16T04:58:50+00:00\",\"dateModified\":\"2023-12-16T04:58:52+00:00\",\"mainEntityOfPage\":{\"@id\":\"https:\/\/footdavant.fr\/actualites\/laccusation-de-mikel-arteta-par-la-fa-jugee-non-prouvee\/\"},\"wordCount\":1186,\"publisher\":{\"@id\":\"https:\/\/footdavant.fr\/actualites\/#organization\"},\"keywords\":[\"Arteta\",\"jug\u00e9e\",\"Laccusation\",\"Mikel\",\"par\",\"prouv\u00e9e\"],\"articleSection\":[\"Football\"],\"inLanguage\":\"fr-FR\"},{\"@type\":\"WebPage\",\"@id\":\"https:\/\/footdavant.fr\/actualites\/laccusation-de-mikel-arteta-par-la-fa-jugee-non-prouvee\/\",\"url\":\"https:\/\/footdavant.fr\/actualites\/laccusation-de-mikel-arteta-par-la-fa-jugee-non-prouvee\/\",\"name\":\"L'accusation de Mikel Arteta par la FA jug\u00e9e \\\"non prouv\u00e9e\\\"\",\"isPartOf\":{\"@id\":\"https:\/\/footdavant.fr\/actualites\/#website\"},\"datePublished\":\"2023-12-16T04:58:50+00:00\",\"dateModified\":\"2023-12-16T04:58:52+00:00\",\"breadcrumb\":{\"@id\":\"https:\/\/footdavant.fr\/actualites\/laccusation-de-mikel-arteta-par-la-fa-jugee-non-prouvee\/#breadcrumb\"},\"inLanguage\":\"fr-FR\",\"potentialAction\":[{\"@type\":\"ReadAction\",\"target\":[\"https:\/\/footdavant.fr\/actualites\/laccusation-de-mikel-arteta-par-la-fa-jugee-non-prouvee\/\"]}]},{\"@type\":\"BreadcrumbList\",\"@id\":\"https:\/\/footdavant.fr\/actualites\/laccusation-de-mikel-arteta-par-la-fa-jugee-non-prouvee\/#breadcrumb\",\"itemListElement\":[{\"@type\":\"ListItem\",\"position\":1,\"name\":\"Accueil\",\"item\":\"https:\/\/footdavant.fr\/actualites\/\"},{\"@type\":\"ListItem\",\"position\":2,\"name\":\"L&rsquo;accusation de Mikel Arteta par la FA jug\u00e9e \u00ab\u00a0non prouv\u00e9e\u00a0\u00bb\"}]},{\"@type\":\"WebSite\",\"@id\":\"https:\/\/footdavant.fr\/actualites\/#website\",\"url\":\"https:\/\/footdavant.fr\/actualites\/\",\"name\":\"Foot d'avant\",\"description\":\"\",\"publisher\":{\"@id\":\"https:\/\/footdavant.fr\/actualites\/#organization\"},\"potentialAction\":[{\"@type\":\"SearchAction\",\"target\":{\"@type\":\"EntryPoint\",\"urlTemplate\":\"https:\/\/footdavant.fr\/actualites\/?s={search_term_string}\"},\"query-input\":\"required name=search_term_string\"}],\"inLanguage\":\"fr-FR\"},{\"@type\":\"Organization\",\"@id\":\"https:\/\/footdavant.fr\/actualites\/#organization\",\"name\":\"Foot d'avant\",\"url\":\"https:\/\/footdavant.fr\/actualites\/\",\"logo\":{\"@type\":\"ImageObject\",\"inLanguage\":\"fr-FR\",\"@id\":\"https:\/\/footdavant.fr\/actualites\/#\/schema\/logo\/image\/\",\"url\":\"https:\/\/footdavant.fr\/actualites\/wp-content\/uploads\/2023\/09\/Copy-of-FootDavant-Logo.png\",\"contentUrl\":\"https:\/\/footdavant.fr\/actualites\/wp-content\/uploads\/2023\/09\/Copy-of-FootDavant-Logo.png\",\"width\":936,\"height\":549,\"caption\":\"Foot d'avant\"},\"image\":{\"@id\":\"https:\/\/footdavant.fr\/actualites\/#\/schema\/logo\/image\/\"},\"sameAs\":[\"https:\/\/www.facebook.com\/Footdavant\/\",\"https:\/\/twitter.com\/FootdavantFr\",\"https:\/\/www.instagram.com\/footdavant.fr\/\"]},{\"@type\":\"Person\",\"@id\":\"https:\/\/footdavant.fr\/actualites\/#\/schema\/person\/bc222566d95871b37e597b3ed3ba5e1d\",\"name\":\"Cl\u00e9ment\",\"image\":{\"@type\":\"ImageObject\",\"inLanguage\":\"fr-FR\",\"@id\":\"https:\/\/footdavant.fr\/actualites\/#\/schema\/person\/image\/\",\"url\":\"https:\/\/secure.gravatar.com\/avatar\/7728b29aac2719421e1a9159b2254c44?s=96&d=mm&r=g\",\"contentUrl\":\"https:\/\/secure.gravatar.com\/avatar\/7728b29aac2719421e1a9159b2254c44?s=96&d=mm&r=g\",\"caption\":\"Cl\u00e9ment\"},\"sameAs\":[\"https:\/\/footdavant.fr\/\"]}]}<\/script>\n<!-- \/ Yoast SEO plugin. -->","yoast_head_json":{"title":"L'accusation de Mikel Arteta par la FA jug\u00e9e \"non prouv\u00e9e\"","robots":{"index":"index","follow":"follow","max-snippet":"max-snippet:-1","max-image-preview":"max-image-preview:large","max-video-preview":"max-video-preview:-1"},"canonical":"https:\/\/footdavant.fr\/actualites\/laccusation-de-mikel-arteta-par-la-fa-jugee-non-prouvee\/","og_locale":"fr_FR","og_type":"article","og_title":"L'accusation de Mikel Arteta par la FA jug\u00e9e \"non prouv\u00e9e\"","og_description":"Lorsque Mikel Arteta rencontrera la presse aujourd&rsquo;hui avant notre match contre Brighton, il le fera apr\u00e8s que les accusations port\u00e9es contre lui par la FA","og_url":"https:\/\/footdavant.fr\/actualites\/laccusation-de-mikel-arteta-par-la-fa-jugee-non-prouvee\/","og_site_name":"Foot d&#039;avant","article_publisher":"https:\/\/www.facebook.com\/Footdavant\/","article_published_time":"2023-12-16T04:58:50+00:00","article_modified_time":"2023-12-16T04:58:52+00:00","og_image":[{"width":1500,"height":750,"url":"https:\/\/footdavant.fr\/actualites\/wp-content\/uploads\/2023\/12\/Laccusation-de-Mikel-Arteta-par-la-FA-jugee-non-prouvee.jpg","type":"image\/jpeg"}],"author":"Cl\u00e9ment","twitter_card":"summary_large_image","twitter_creator":"@FootdavantFr","twitter_site":"@FootdavantFr","twitter_misc":{"\u00c9crit par":"Cl\u00e9ment","Dur\u00e9e de lecture estim\u00e9e":"6 minutes"},"schema":{"@context":"https:\/\/schema.org","@graph":[{"@type":"Article","@id":"https:\/\/footdavant.fr\/actualites\/laccusation-de-mikel-arteta-par-la-fa-jugee-non-prouvee\/#article","isPartOf":{"@id":"https:\/\/footdavant.fr\/actualites\/laccusation-de-mikel-arteta-par-la-fa-jugee-non-prouvee\/"},"author":{"name":"Cl\u00e9ment","@id":"https:\/\/footdavant.fr\/actualites\/#\/schema\/person\/bc222566d95871b37e597b3ed3ba5e1d"},"headline":"L&rsquo;accusation de Mikel Arteta par la FA jug\u00e9e \u00ab\u00a0non prouv\u00e9e\u00a0\u00bb","datePublished":"2023-12-16T04:58:50+00:00","dateModified":"2023-12-16T04:58:52+00:00","mainEntityOfPage":{"@id":"https:\/\/footdavant.fr\/actualites\/laccusation-de-mikel-arteta-par-la-fa-jugee-non-prouvee\/"},"wordCount":1186,"publisher":{"@id":"https:\/\/footdavant.fr\/actualites\/#organization"},"keywords":["Arteta","jug\u00e9e","Laccusation","Mikel","par","prouv\u00e9e"],"articleSection":["Football"],"inLanguage":"fr-FR"},{"@type":"WebPage","@id":"https:\/\/footdavant.fr\/actualites\/laccusation-de-mikel-arteta-par-la-fa-jugee-non-prouvee\/","url":"https:\/\/footdavant.fr\/actualites\/laccusation-de-mikel-arteta-par-la-fa-jugee-non-prouvee\/","name":"L'accusation de Mikel Arteta par la FA jug\u00e9e \"non prouv\u00e9e\"","isPartOf":{"@id":"https:\/\/footdavant.fr\/actualites\/#website"},"datePublished":"2023-12-16T04:58:50+00:00","dateModified":"2023-12-16T04:58:52+00:00","breadcrumb":{"@id":"https:\/\/footdavant.fr\/actualites\/laccusation-de-mikel-arteta-par-la-fa-jugee-non-prouvee\/#breadcrumb"},"inLanguage":"fr-FR","potentialAction":[{"@type":"ReadAction","target":["https:\/\/footdavant.fr\/actualites\/laccusation-de-mikel-arteta-par-la-fa-jugee-non-prouvee\/"]}]},{"@type":"BreadcrumbList","@id":"https:\/\/footdavant.fr\/actualites\/laccusation-de-mikel-arteta-par-la-fa-jugee-non-prouvee\/#breadcrumb","itemListElement":[{"@type":"ListItem","position":1,"name":"Accueil","item":"https:\/\/footdavant.fr\/actualites\/"},{"@type":"ListItem","position":2,"name":"L&rsquo;accusation de Mikel Arteta par la FA jug\u00e9e \u00ab\u00a0non prouv\u00e9e\u00a0\u00bb"}]},{"@type":"WebSite","@id":"https:\/\/footdavant.fr\/actualites\/#website","url":"https:\/\/footdavant.fr\/actualites\/","name":"Foot d'avant","description":"","publisher":{"@id":"https:\/\/footdavant.fr\/actualites\/#organization"},"potentialAction":[{"@type":"SearchAction","target":{"@type":"EntryPoint","urlTemplate":"https:\/\/footdavant.fr\/actualites\/?s={search_term_string}"},"query-input":"required name=search_term_string"}],"inLanguage":"fr-FR"},{"@type":"Organization","@id":"https:\/\/footdavant.fr\/actualites\/#organization","name":"Foot d'avant","url":"https:\/\/footdavant.fr\/actualites\/","logo":{"@type":"ImageObject","inLanguage":"fr-FR","@id":"https:\/\/footdavant.fr\/actualites\/#\/schema\/logo\/image\/","url":"https:\/\/footdavant.fr\/actualites\/wp-content\/uploads\/2023\/09\/Copy-of-FootDavant-Logo.png","contentUrl":"https:\/\/footdavant.fr\/actualites\/wp-content\/uploads\/2023\/09\/Copy-of-FootDavant-Logo.png","width":936,"height":549,"caption":"Foot d'avant"},"image":{"@id":"https:\/\/footdavant.fr\/actualites\/#\/schema\/logo\/image\/"},"sameAs":["https:\/\/www.facebook.com\/Footdavant\/","https:\/\/twitter.com\/FootdavantFr","https:\/\/www.instagram.com\/footdavant.fr\/"]},{"@type":"Person","@id":"https:\/\/footdavant.fr\/actualites\/#\/schema\/person\/bc222566d95871b37e597b3ed3ba5e1d","name":"Cl\u00e9ment","image":{"@type":"ImageObject","inLanguage":"fr-FR","@id":"https:\/\/footdavant.fr\/actualites\/#\/schema\/person\/image\/","url":"https:\/\/secure.gravatar.com\/avatar\/7728b29aac2719421e1a9159b2254c44?s=96&d=mm&r=g","contentUrl":"https:\/\/secure.gravatar.com\/avatar\/7728b29aac2719421e1a9159b2254c44?s=96&d=mm&r=g","caption":"Cl\u00e9ment"},"sameAs":["https:\/\/footdavant.fr\/"]}]}},"_links":{"self":[{"href":"https:\/\/footdavant.fr\/actualites\/wp-json\/wp\/v2\/posts\/2580"}],"collection":[{"href":"https:\/\/footdavant.fr\/actualites\/wp-json\/wp\/v2\/posts"}],"about":[{"href":"https:\/\/footdavant.fr\/actualites\/wp-json\/wp\/v2\/types\/post"}],"author":[{"embeddable":true,"href":"https:\/\/footdavant.fr\/actualites\/wp-json\/wp\/v2\/users\/1"}],"replies":[{"embeddable":true,"href":"https:\/\/footdavant.fr\/actualites\/wp-json\/wp\/v2\/comments?post=2580"}],"version-history":[{"count":1,"href":"https:\/\/footdavant.fr\/actualites\/wp-json\/wp\/v2\/posts\/2580\/revisions"}],"predecessor-version":[{"id":2582,"href":"https:\/\/footdavant.fr\/actualites\/wp-json\/wp\/v2\/posts\/2580\/revisions\/2582"}],"wp:featuredmedia":[{"embeddable":true,"href":"https:\/\/footdavant.fr\/actualites\/wp-json\/wp\/v2\/media\/2581"}],"wp:attachment":[{"href":"https:\/\/footdavant.fr\/actualites\/wp-json\/wp\/v2\/media?parent=2580"}],"wp:term":[{"taxonomy":"category","embeddable":true,"href":"https:\/\/footdavant.fr\/actualites\/wp-json\/wp\/v2\/categories?post=2580"},{"taxonomy":"post_tag","embeddable":true,"href":"https:\/\/footdavant.fr\/actualites\/wp-json\/wp\/v2\/tags?post=2580"}],"curies":[{"name":"wp","href":"https:\/\/api.w.org\/{rel}","templated":true}]}}