{"id":25857,"date":"2025-07-07T15:48:13","date_gmt":"2025-07-07T13:48:13","guid":{"rendered":"https:\/\/footdavant.fr\/actualites\/chelsea-signe-50-m-joao-pedro-que-peut-il-apporter-a-lequipe-denzo-maresca\/"},"modified":"2025-07-07T15:48:14","modified_gmt":"2025-07-07T13:48:14","slug":"chelsea-signe-50-m-joao-pedro-que-peut-il-apporter-a-lequipe-denzo-maresca","status":"publish","type":"post","link":"https:\/\/footdavant.fr\/actualites\/chelsea-signe-50-m-joao-pedro-que-peut-il-apporter-a-lequipe-denzo-maresca\/","title":{"rendered":"Chelsea Signe 50 M \u00a3 Joao Pedro: Que peut-il apporter \u00e0 l&#39;\u00e9quipe d&#39;Enzo Maresca?"},"content":{"rendered":"<p>Chelsea compl\u00e8te la signature de 50 millions de livres sterling de Joao Pedro de Brighton. Le milieu de terrain offensif br\u00e9silien est pr\u00e9vu pour jouer un r\u00f4le tactique cl\u00e9 sous Enzo Maresca.<\/p>\n<div id=\"article_body\" itemprop=\"articleBody\">\n<p><strong class=\"autotag\">Ch\u00e9lat<\/strong> ont termin\u00e9 la signature de 50 millions de livres sterling de <strong class=\"autotag\">Joao Pedro<\/strong> de Brighton. Le milieu de terrain attaquant br\u00e9silien pourrait figurer dans la Coupe du monde des clubs, o\u00f9 ils sont confront\u00e9s <strong class=\"autotag\">Palmeiras<\/strong> en quart de finale, et est bascul\u00e9 pour jouer un r\u00f4le tactique cl\u00e9 sous <strong class=\"autotag\">Enzo Maresca<\/strong>.<\/p>\n<p>Vous avez clign\u00e9 des yeux, et Chelsea a sign\u00e9 un autre renforcement &#8211; cette fois, c&#39;est Joao Pedro, fra\u00eechement sorti des saisons impressionnantes \u00e0 Brighton. Selon <em>L&#39;athl\u00e9tisme<\/em>Chelsea paiera un peu plus de 50 millions de livres sterling pour signer Joao Pedro des Seagulls. Les 23 ans devraient arriver sur un accord qui se d\u00e9roule jusqu&#39;\u00e0 sept saisons.<\/p>\n<p>Depuis la prise de contr\u00f4le de Todd Boehly, Chelsea a poursuivi une strat\u00e9gie de signature de nombreux jeunes talents \u00e0 chaque fen\u00eatre de transfert &#8211; des joueurs avec de la place pour cro\u00eetre et revendre la valeur. Joao Pedro coche ces bo\u00eetes, et il apporte \u00e9galement quelque chose de nouveau \u00e0 l&#39;\u00e9quipe d&#39;Enzo Maresca. <\/p>\n<p class=\"imgI\">\n<hr>\n<p><\/p>\n<h2>Pourquoi Joao Pedro pourrait changer le jeu \u00e0 Chelsea<\/h2>\n<p>\u00c0 premi\u00e8re vue, il pourrait ressembler \u00e0 un autre attaquant amen\u00e9 pour s&#39;adresser aux luttes attaqu\u00e9es de Chelsea. Mais les comp\u00e9tences de Joao Pedro se d\u00e9marquent. Il peut jouer en haut comme un n \u00b0 9 traditionnel ou tomber plus profond\u00e9ment en tant que deuxi\u00e8me attaquant ou un milieu de terrain attaquant, d\u00e9rivant dans des espaces derri\u00e8re l&#39;attaquant.<\/p>\n<p>\u00c0 Brighton, il a fait sa marque avec un mouvement \u00e9teint intelligent, cr\u00e9ant des options de passage et tirant des d\u00e9fenseurs dans une salle ouverte pour ses co\u00e9quipiers. Outre Cole Palmer, personne dans l&#39;\u00e9quipe de Maresca n&#39;offre ce m\u00e9lange de vision, de passage, de dribble et d&#39;intelligence tactique.<\/p>\n<blockquote class=\"twitter-tweet\">\n<p dir=\"ltr\" lang=\"en\">Joao Pedro &#8211; Capacit\u00e9 1v1, duels, cr\u00e9ativit\u00e9, tir, dribble et jeu de liaison.<\/p>\n<p><a rel=\"nofollow\" href=\"https:\/\/t.co\/l8eP8NL4rL\">pic.twitter.com\/l8ep8nl4rl<\/a><\/p>\n<p>&#8211; Shayee? (@tier_first) <a rel=\"nofollow\" href=\"https:\/\/twitter.com\/tier_first\/status\/1939399939554980036?ref_src=twsrc%5Etfw\">29 juin 2025<\/a><\/p>\n<\/blockquote>\n<p>Cela refl\u00e8te le r\u00f4le que Firmino a jou\u00e9 \u00e0 Liverpool sous J\u00fcrgen Klopp &#8211; portant le n \u00b0 9 mais fonctionnant davantage comme un faux neuf, retirant les d\u00e9fenseurs de la position et permettant \u00e0 Salah ou \u00e0 Mane de prosp\u00e9rer. L&#39;objectif n&#39;est pas de qualifier Joao Pedro de mieux que Firmino, mais plut\u00f4t de mettre en \u00e9vidence le type de r\u00f4le similaire qu&#39;il pourrait jouer \u00e0 Stamford Bridge.<\/p>\n<hr>\n<p><\/p>\n<h2>Comment Marsca pourrait l&#39;int\u00e9grer<\/h2>\n<p>Il est peu probable que Joao Pedro ait \u00e9t\u00e9 sign\u00e9 pour \u00eatre le point focal de Chelsea \u00e0 l&#39;avant. Au lieu de cela, attendez-vous \u00e0 ce qu&#39;il fonctionne derri\u00e8re un centre-centre, d\u00e9rivant large ou central pour connecter le jeu. \u00c0 Brighton, il se d\u00e9pla\u00e7ait souvent sur le canal gauche pour cr\u00e9er des surcharges.<\/p>\n<p>Maresca favorise la possession prolong\u00e9e pour d\u00e9composer les \u00e9quipes, et le positionnement et le mouvement de Joao Pedro aideraient \u00e0 cr\u00e9er ces passages &#8211; permettant aux joueurs de profond\u00e9ment, comme des arri\u00e8res complets ou des milieux de terrain, \u00e0 avancer. Il ne sera pas le principal coup d&#39;attaque mais, strat\u00e9giquement, il pourrait \u00eatre l&#39;arc qui lance la fl\u00e8che.<\/p>\n<p>Et, bien s\u00fbr, il peut terminer, apportant \u00e9galement une menace de but directe.<\/p>\n<p data-end=\"3141\" data-start=\"2762\"><em>Cet article a \u00e9t\u00e9 initialement publi\u00e9 sur Trivela.<\/em><\/p>\n<\/div>\n<p><script async src=\"https:\/\/platform.twitter.com\/widgets.js\" charset=\"utf-8\"><\/script><\/p>\n","protected":false},"excerpt":{"rendered":"<p>Chelsea compl\u00e8te la signature de 50 millions de livres sterling de Joao Pedro de Brighton. Le milieu de terrain offensif br\u00e9silien est pr\u00e9vu pour jouer<\/p>\n","protected":false},"author":1,"featured_media":25858,"comment_status":"closed","ping_status":"","sticky":false,"template":"","format":"standard","meta":{"footnotes":""},"categories":[5],"tags":[2909,171,4631,150,4219,5107,396,1498,515],"yoast_head":"<!-- This site is optimized with the Yoast SEO plugin v21.0 - https:\/\/yoast.com\/wordpress\/plugins\/seo\/ -->\n<title>Chelsea Signe 50 M \u00a3 Joao Pedro: Que peut-il apporter \u00e0 l&#039;\u00e9quipe d&#039;Enzo Maresca?<\/title>\n<meta name=\"robots\" content=\"index, follow, max-snippet:-1, max-image-preview:large, max-video-preview:-1\" \/>\n<link rel=\"canonical\" href=\"https:\/\/footdavant.fr\/actualites\/chelsea-signe-50-m-joao-pedro-que-peut-il-apporter-a-lequipe-denzo-maresca\/\" \/>\n<meta property=\"og:locale\" content=\"fr_FR\" \/>\n<meta property=\"og:type\" content=\"article\" \/>\n<meta property=\"og:title\" content=\"Chelsea Signe 50 M \u00a3 Joao Pedro: Que peut-il apporter \u00e0 l&#039;\u00e9quipe d&#039;Enzo Maresca?\" \/>\n<meta property=\"og:description\" content=\"Chelsea compl\u00e8te la signature de 50 millions de livres sterling de Joao Pedro de Brighton. Le milieu de terrain offensif br\u00e9silien est pr\u00e9vu pour jouer\" \/>\n<meta property=\"og:url\" content=\"https:\/\/footdavant.fr\/actualites\/chelsea-signe-50-m-joao-pedro-que-peut-il-apporter-a-lequipe-denzo-maresca\/\" \/>\n<meta property=\"og:site_name\" content=\"Foot d&#039;avant\" \/>\n<meta property=\"article:publisher\" content=\"https:\/\/www.facebook.com\/Footdavant\/\" \/>\n<meta property=\"article:published_time\" content=\"2025-07-07T13:48:13+00:00\" \/>\n<meta property=\"article:modified_time\" content=\"2025-07-07T13:48:14+00:00\" \/>\n<meta property=\"og:image\" content=\"https:\/\/footdavant.fr\/actualites\/wp-content\/uploads\/2025\/07\/1751896094_Chelsea-Signe-50-M-Joao-Pedro-Que-peut-il-apporter-a.jpg\" \/>\n\t<meta property=\"og:image:width\" content=\"640\" \/>\n\t<meta property=\"og:image:height\" content=\"480\" \/>\n\t<meta property=\"og:image:type\" content=\"image\/jpeg\" \/>\n<meta name=\"author\" content=\"Cl\u00e9ment\" \/>\n<meta name=\"twitter:card\" content=\"summary_large_image\" \/>\n<meta name=\"twitter:creator\" content=\"@FootdavantFr\" \/>\n<meta name=\"twitter:site\" content=\"@FootdavantFr\" \/>\n<meta name=\"twitter:label1\" content=\"\u00c9crit par\" \/>\n\t<meta name=\"twitter:data1\" content=\"Cl\u00e9ment\" \/>\n\t<meta name=\"twitter:label2\" content=\"Dur\u00e9e de lecture estim\u00e9e\" \/>\n\t<meta name=\"twitter:data2\" content=\"3 minutes\" \/>\n<script type=\"application\/ld+json\" class=\"yoast-schema-graph\">{\"@context\":\"https:\/\/schema.org\",\"@graph\":[{\"@type\":\"Article\",\"@id\":\"https:\/\/footdavant.fr\/actualites\/chelsea-signe-50-m-joao-pedro-que-peut-il-apporter-a-lequipe-denzo-maresca\/#article\",\"isPartOf\":{\"@id\":\"https:\/\/footdavant.fr\/actualites\/chelsea-signe-50-m-joao-pedro-que-peut-il-apporter-a-lequipe-denzo-maresca\/\"},\"author\":{\"name\":\"Cl\u00e9ment\",\"@id\":\"https:\/\/footdavant.fr\/actualites\/#\/schema\/person\/bc222566d95871b37e597b3ed3ba5e1d\"},\"headline\":\"Chelsea Signe 50 M \u00a3 Joao Pedro: Que peut-il apporter \u00e0 l&#39;\u00e9quipe d&#39;Enzo Maresca?\",\"datePublished\":\"2025-07-07T13:48:13+00:00\",\"dateModified\":\"2025-07-07T13:48:14+00:00\",\"mainEntityOfPage\":{\"@id\":\"https:\/\/footdavant.fr\/actualites\/chelsea-signe-50-m-joao-pedro-que-peut-il-apporter-a-lequipe-denzo-maresca\/\"},\"wordCount\":596,\"publisher\":{\"@id\":\"https:\/\/footdavant.fr\/actualites\/#organization\"},\"keywords\":[\"apporter\",\"Chelsea\",\"d39Enzo\",\"Joao\",\"l39\u00e9quipe\",\"Maresca\",\"Pedro\",\"peutil\",\"signe\"],\"articleSection\":[\"Premier League\"],\"inLanguage\":\"fr-FR\"},{\"@type\":\"WebPage\",\"@id\":\"https:\/\/footdavant.fr\/actualites\/chelsea-signe-50-m-joao-pedro-que-peut-il-apporter-a-lequipe-denzo-maresca\/\",\"url\":\"https:\/\/footdavant.fr\/actualites\/chelsea-signe-50-m-joao-pedro-que-peut-il-apporter-a-lequipe-denzo-maresca\/\",\"name\":\"Chelsea Signe 50 M \u00a3 Joao Pedro: Que peut-il apporter \u00e0 l&#39;\u00e9quipe d&#39;Enzo Maresca?\",\"isPartOf\":{\"@id\":\"https:\/\/footdavant.fr\/actualites\/#website\"},\"datePublished\":\"2025-07-07T13:48:13+00:00\",\"dateModified\":\"2025-07-07T13:48:14+00:00\",\"breadcrumb\":{\"@id\":\"https:\/\/footdavant.fr\/actualites\/chelsea-signe-50-m-joao-pedro-que-peut-il-apporter-a-lequipe-denzo-maresca\/#breadcrumb\"},\"inLanguage\":\"fr-FR\",\"potentialAction\":[{\"@type\":\"ReadAction\",\"target\":[\"https:\/\/footdavant.fr\/actualites\/chelsea-signe-50-m-joao-pedro-que-peut-il-apporter-a-lequipe-denzo-maresca\/\"]}]},{\"@type\":\"BreadcrumbList\",\"@id\":\"https:\/\/footdavant.fr\/actualites\/chelsea-signe-50-m-joao-pedro-que-peut-il-apporter-a-lequipe-denzo-maresca\/#breadcrumb\",\"itemListElement\":[{\"@type\":\"ListItem\",\"position\":1,\"name\":\"Accueil\",\"item\":\"https:\/\/footdavant.fr\/actualites\/\"},{\"@type\":\"ListItem\",\"position\":2,\"name\":\"Chelsea Signe 50 M \u00a3 Joao Pedro: Que peut-il apporter \u00e0 l&#39;\u00e9quipe d&#39;Enzo Maresca?\"}]},{\"@type\":\"WebSite\",\"@id\":\"https:\/\/footdavant.fr\/actualites\/#website\",\"url\":\"https:\/\/footdavant.fr\/actualites\/\",\"name\":\"Foot d'avant\",\"description\":\"\",\"publisher\":{\"@id\":\"https:\/\/footdavant.fr\/actualites\/#organization\"},\"potentialAction\":[{\"@type\":\"SearchAction\",\"target\":{\"@type\":\"EntryPoint\",\"urlTemplate\":\"https:\/\/footdavant.fr\/actualites\/?s={search_term_string}\"},\"query-input\":\"required name=search_term_string\"}],\"inLanguage\":\"fr-FR\"},{\"@type\":\"Organization\",\"@id\":\"https:\/\/footdavant.fr\/actualites\/#organization\",\"name\":\"Foot d'avant\",\"url\":\"https:\/\/footdavant.fr\/actualites\/\",\"logo\":{\"@type\":\"ImageObject\",\"inLanguage\":\"fr-FR\",\"@id\":\"https:\/\/footdavant.fr\/actualites\/#\/schema\/logo\/image\/\",\"url\":\"https:\/\/footdavant.fr\/actualites\/wp-content\/uploads\/2023\/09\/Copy-of-FootDavant-Logo.png\",\"contentUrl\":\"https:\/\/footdavant.fr\/actualites\/wp-content\/uploads\/2023\/09\/Copy-of-FootDavant-Logo.png\",\"width\":936,\"height\":549,\"caption\":\"Foot d'avant\"},\"image\":{\"@id\":\"https:\/\/footdavant.fr\/actualites\/#\/schema\/logo\/image\/\"},\"sameAs\":[\"https:\/\/www.facebook.com\/Footdavant\/\",\"https:\/\/twitter.com\/FootdavantFr\",\"https:\/\/www.instagram.com\/footdavant.fr\/\"]},{\"@type\":\"Person\",\"@id\":\"https:\/\/footdavant.fr\/actualites\/#\/schema\/person\/bc222566d95871b37e597b3ed3ba5e1d\",\"name\":\"Cl\u00e9ment\",\"image\":{\"@type\":\"ImageObject\",\"inLanguage\":\"fr-FR\",\"@id\":\"https:\/\/footdavant.fr\/actualites\/#\/schema\/person\/image\/\",\"url\":\"https:\/\/secure.gravatar.com\/avatar\/7728b29aac2719421e1a9159b2254c44?s=96&d=mm&r=g\",\"contentUrl\":\"https:\/\/secure.gravatar.com\/avatar\/7728b29aac2719421e1a9159b2254c44?s=96&d=mm&r=g\",\"caption\":\"Cl\u00e9ment\"},\"sameAs\":[\"https:\/\/footdavant.fr\/\"]}]}<\/script>\n<!-- \/ Yoast SEO plugin. -->","yoast_head_json":{"title":"Chelsea Signe 50 M \u00a3 Joao Pedro: Que peut-il apporter \u00e0 l&#39;\u00e9quipe d&#39;Enzo Maresca?","robots":{"index":"index","follow":"follow","max-snippet":"max-snippet:-1","max-image-preview":"max-image-preview:large","max-video-preview":"max-video-preview:-1"},"canonical":"https:\/\/footdavant.fr\/actualites\/chelsea-signe-50-m-joao-pedro-que-peut-il-apporter-a-lequipe-denzo-maresca\/","og_locale":"fr_FR","og_type":"article","og_title":"Chelsea Signe 50 M \u00a3 Joao Pedro: Que peut-il apporter \u00e0 l&#39;\u00e9quipe d&#39;Enzo Maresca?","og_description":"Chelsea compl\u00e8te la signature de 50 millions de livres sterling de Joao Pedro de Brighton. Le milieu de terrain offensif br\u00e9silien est pr\u00e9vu pour jouer","og_url":"https:\/\/footdavant.fr\/actualites\/chelsea-signe-50-m-joao-pedro-que-peut-il-apporter-a-lequipe-denzo-maresca\/","og_site_name":"Foot d&#039;avant","article_publisher":"https:\/\/www.facebook.com\/Footdavant\/","article_published_time":"2025-07-07T13:48:13+00:00","article_modified_time":"2025-07-07T13:48:14+00:00","og_image":[{"width":640,"height":480,"url":"https:\/\/footdavant.fr\/actualites\/wp-content\/uploads\/2025\/07\/1751896094_Chelsea-Signe-50-M-Joao-Pedro-Que-peut-il-apporter-a.jpg","type":"image\/jpeg"}],"author":"Cl\u00e9ment","twitter_card":"summary_large_image","twitter_creator":"@FootdavantFr","twitter_site":"@FootdavantFr","twitter_misc":{"\u00c9crit par":"Cl\u00e9ment","Dur\u00e9e de lecture estim\u00e9e":"3 minutes"},"schema":{"@context":"https:\/\/schema.org","@graph":[{"@type":"Article","@id":"https:\/\/footdavant.fr\/actualites\/chelsea-signe-50-m-joao-pedro-que-peut-il-apporter-a-lequipe-denzo-maresca\/#article","isPartOf":{"@id":"https:\/\/footdavant.fr\/actualites\/chelsea-signe-50-m-joao-pedro-que-peut-il-apporter-a-lequipe-denzo-maresca\/"},"author":{"name":"Cl\u00e9ment","@id":"https:\/\/footdavant.fr\/actualites\/#\/schema\/person\/bc222566d95871b37e597b3ed3ba5e1d"},"headline":"Chelsea Signe 50 M \u00a3 Joao Pedro: Que peut-il apporter \u00e0 l&#39;\u00e9quipe d&#39;Enzo Maresca?","datePublished":"2025-07-07T13:48:13+00:00","dateModified":"2025-07-07T13:48:14+00:00","mainEntityOfPage":{"@id":"https:\/\/footdavant.fr\/actualites\/chelsea-signe-50-m-joao-pedro-que-peut-il-apporter-a-lequipe-denzo-maresca\/"},"wordCount":596,"publisher":{"@id":"https:\/\/footdavant.fr\/actualites\/#organization"},"keywords":["apporter","Chelsea","d39Enzo","Joao","l39\u00e9quipe","Maresca","Pedro","peutil","signe"],"articleSection":["Premier League"],"inLanguage":"fr-FR"},{"@type":"WebPage","@id":"https:\/\/footdavant.fr\/actualites\/chelsea-signe-50-m-joao-pedro-que-peut-il-apporter-a-lequipe-denzo-maresca\/","url":"https:\/\/footdavant.fr\/actualites\/chelsea-signe-50-m-joao-pedro-que-peut-il-apporter-a-lequipe-denzo-maresca\/","name":"Chelsea Signe 50 M \u00a3 Joao Pedro: Que peut-il apporter \u00e0 l&#39;\u00e9quipe d&#39;Enzo Maresca?","isPartOf":{"@id":"https:\/\/footdavant.fr\/actualites\/#website"},"datePublished":"2025-07-07T13:48:13+00:00","dateModified":"2025-07-07T13:48:14+00:00","breadcrumb":{"@id":"https:\/\/footdavant.fr\/actualites\/chelsea-signe-50-m-joao-pedro-que-peut-il-apporter-a-lequipe-denzo-maresca\/#breadcrumb"},"inLanguage":"fr-FR","potentialAction":[{"@type":"ReadAction","target":["https:\/\/footdavant.fr\/actualites\/chelsea-signe-50-m-joao-pedro-que-peut-il-apporter-a-lequipe-denzo-maresca\/"]}]},{"@type":"BreadcrumbList","@id":"https:\/\/footdavant.fr\/actualites\/chelsea-signe-50-m-joao-pedro-que-peut-il-apporter-a-lequipe-denzo-maresca\/#breadcrumb","itemListElement":[{"@type":"ListItem","position":1,"name":"Accueil","item":"https:\/\/footdavant.fr\/actualites\/"},{"@type":"ListItem","position":2,"name":"Chelsea Signe 50 M \u00a3 Joao Pedro: Que peut-il apporter \u00e0 l&#39;\u00e9quipe d&#39;Enzo Maresca?"}]},{"@type":"WebSite","@id":"https:\/\/footdavant.fr\/actualites\/#website","url":"https:\/\/footdavant.fr\/actualites\/","name":"Foot d'avant","description":"","publisher":{"@id":"https:\/\/footdavant.fr\/actualites\/#organization"},"potentialAction":[{"@type":"SearchAction","target":{"@type":"EntryPoint","urlTemplate":"https:\/\/footdavant.fr\/actualites\/?s={search_term_string}"},"query-input":"required name=search_term_string"}],"inLanguage":"fr-FR"},{"@type":"Organization","@id":"https:\/\/footdavant.fr\/actualites\/#organization","name":"Foot d'avant","url":"https:\/\/footdavant.fr\/actualites\/","logo":{"@type":"ImageObject","inLanguage":"fr-FR","@id":"https:\/\/footdavant.fr\/actualites\/#\/schema\/logo\/image\/","url":"https:\/\/footdavant.fr\/actualites\/wp-content\/uploads\/2023\/09\/Copy-of-FootDavant-Logo.png","contentUrl":"https:\/\/footdavant.fr\/actualites\/wp-content\/uploads\/2023\/09\/Copy-of-FootDavant-Logo.png","width":936,"height":549,"caption":"Foot d'avant"},"image":{"@id":"https:\/\/footdavant.fr\/actualites\/#\/schema\/logo\/image\/"},"sameAs":["https:\/\/www.facebook.com\/Footdavant\/","https:\/\/twitter.com\/FootdavantFr","https:\/\/www.instagram.com\/footdavant.fr\/"]},{"@type":"Person","@id":"https:\/\/footdavant.fr\/actualites\/#\/schema\/person\/bc222566d95871b37e597b3ed3ba5e1d","name":"Cl\u00e9ment","image":{"@type":"ImageObject","inLanguage":"fr-FR","@id":"https:\/\/footdavant.fr\/actualites\/#\/schema\/person\/image\/","url":"https:\/\/secure.gravatar.com\/avatar\/7728b29aac2719421e1a9159b2254c44?s=96&d=mm&r=g","contentUrl":"https:\/\/secure.gravatar.com\/avatar\/7728b29aac2719421e1a9159b2254c44?s=96&d=mm&r=g","caption":"Cl\u00e9ment"},"sameAs":["https:\/\/footdavant.fr\/"]}]}},"_links":{"self":[{"href":"https:\/\/footdavant.fr\/actualites\/wp-json\/wp\/v2\/posts\/25857"}],"collection":[{"href":"https:\/\/footdavant.fr\/actualites\/wp-json\/wp\/v2\/posts"}],"about":[{"href":"https:\/\/footdavant.fr\/actualites\/wp-json\/wp\/v2\/types\/post"}],"author":[{"embeddable":true,"href":"https:\/\/footdavant.fr\/actualites\/wp-json\/wp\/v2\/users\/1"}],"replies":[{"embeddable":true,"href":"https:\/\/footdavant.fr\/actualites\/wp-json\/wp\/v2\/comments?post=25857"}],"version-history":[{"count":1,"href":"https:\/\/footdavant.fr\/actualites\/wp-json\/wp\/v2\/posts\/25857\/revisions"}],"predecessor-version":[{"id":25859,"href":"https:\/\/footdavant.fr\/actualites\/wp-json\/wp\/v2\/posts\/25857\/revisions\/25859"}],"wp:featuredmedia":[{"embeddable":true,"href":"https:\/\/footdavant.fr\/actualites\/wp-json\/wp\/v2\/media\/25858"}],"wp:attachment":[{"href":"https:\/\/footdavant.fr\/actualites\/wp-json\/wp\/v2\/media?parent=25857"}],"wp:term":[{"taxonomy":"category","embeddable":true,"href":"https:\/\/footdavant.fr\/actualites\/wp-json\/wp\/v2\/categories?post=25857"},{"taxonomy":"post_tag","embeddable":true,"href":"https:\/\/footdavant.fr\/actualites\/wp-json\/wp\/v2\/tags?post=25857"}],"curies":[{"name":"wp","href":"https:\/\/api.w.org\/{rel}","templated":true}]}}