{"id":25866,"date":"2025-07-07T21:48:05","date_gmt":"2025-07-07T19:48:05","guid":{"rendered":"https:\/\/footdavant.fr\/actualites\/le-real-madrid-voir-des-appels-contre-les-sanctions-de-mbappe-et-rudiger-rejetees-par-luefa\/"},"modified":"2025-07-07T21:48:07","modified_gmt":"2025-07-07T19:48:07","slug":"le-real-madrid-voir-des-appels-contre-les-sanctions-de-mbappe-et-rudiger-rejetees-par-luefa","status":"publish","type":"post","link":"https:\/\/footdavant.fr\/actualites\/le-real-madrid-voir-des-appels-contre-les-sanctions-de-mbappe-et-rudiger-rejetees-par-luefa\/","title":{"rendered":"Le Real Madrid voir des appels contre les sanctions de Mbappe et Rudiger rejet\u00e9es par l&#39;UEFA"},"content":{"rendered":"<div>\n<p>L&#39;UEFA a rejet\u00e9 un appel du Real Madrid contre les amendes pour Kylian Mbappe, Antonio Rudiger et Dani Ceballos pour leur conduite \u00e0 la fin de leur lien de la Ligue des champions en dernier 16e rang avec l&#39;Atletico Madrid.<\/p>\n<p>Madrid a battu l&#39;Atletico dans une fusillade de p\u00e9nalit\u00e9 dramatique en mars, qui a vu Julian Alvarez avoir sa p\u00e9nalit\u00e9 r\u00e9ussie controvers\u00e9e controvers\u00e9e.<\/p>\n<p>L&#39;UEFA a ensuite confirm\u00e9 qu&#39;elle enqu\u00eatait sur MBAPPE, VINICIUS Junior, Rudiger et Ceballos et, en avril, a annonc\u00e9 des sanctions pour tous sauf Vinicius.<\/p>\n<p>Mbappe a \u00e9t\u00e9 vu pour saisir son entrejambe dans un geste destin\u00e9 aux fans de l&#39;Atletico apr\u00e8s la victoire, tandis que les photos t\u00e9l\u00e9vis\u00e9es semblaient montrer \u00e0 Rudiger faire un mouvement de gorge.<\/p>\n<p>La star de la France Mbappe a \u00e9t\u00e9 condamn\u00e9e \u00e0 une amende de 30 000 \u20ac par le contr\u00f4le, l&#39;\u00e9thique et le corps disciplinaire de l&#39;UEFA (CEDB), le d\u00e9fenseur allemand Rudiger recevant une amende de 40 000 \u20ac. Les deux joueurs ont re\u00e7u une interdiction suspendue d&#39;un match, sous r\u00e9serve d&#39;une p\u00e9riode probatoire d&#39;un an. Ceballos a \u00e9t\u00e9 condamn\u00e9 \u00e0 une amende de 20 000 \u20ac.<\/p>\n<p>L&#39;UEFA a statu\u00e9 lundi sur l&#39;appel, le rejetant et maintenant ces sanctions en place.<\/p>\n<p>En outre, l&#39;organe directeur du football europ\u00e9en a \u00e9galement rejet\u00e9 un appel de Madrid contre une amende de 15 000 \u20ac pr\u00e9lev\u00e9e par le CEDB pour un salut nazi effectu\u00e9 par un partisan lors de leur d\u00e9faite en quart de finale \u00e0 la premi\u00e8re \u00e9tape contre Arsenal \u00e0 l&#39;Emirates Stadium.<\/p>\n<p>Madrid a \u00e9t\u00e9 interdit de vendre des billets aux supporters pour leur prochain match de l&#39;UEFA, bien que cette punition ait \u00e9galement \u00e9t\u00e9 suspendue, sous r\u00e9serve d&#39;une p\u00e9riode de probation d&#39;un an.<\/p>\n<p>Pendant ce temps, Slavia Prague aura sa maison Fortuna Arena partiellement cl\u00f4tur\u00e9e pour le premier match de Ligue des champions qu&#39;ils accueillent en phase de la ligue 2025-26.<\/p>\n<p>Slavia, qui s&#39;est qualifi\u00e9e pour la phase de la ligue apr\u00e8s avoir remport\u00e9 le titre tch\u00e8que en 2024-25, a fait un appel contre leurs punitions pour le comportement raciste des fans lors d&#39;un match nul de la Ligue Europa avec Anderlecht en d\u00e9cembre.<\/p>\n<p>Une amende initiale de 35 000 \u20ac a \u00e9t\u00e9 r\u00e9duite \u00e0 20 000 \u20ac, bien qu&#39;une fermeture partielle du stade pour leur prochain match UEFA reste en place.<\/p>\n<\/div>\n","protected":false},"excerpt":{"rendered":"<p>L&#39;UEFA a rejet\u00e9 un appel du Real Madrid contre les amendes pour Kylian Mbappe, Antonio Rudiger et Dani Ceballos pour leur conduite \u00e0 la fin<\/p>\n","protected":false},"author":1,"featured_media":25867,"comment_status":"closed","ping_status":"","sticky":false,"template":"","format":"standard","meta":{"footnotes":""},"categories":[3],"tags":[2886,20,12,4458,93,303,63,75,302,6274,7931,312,308],"yoast_head":"<!-- This site is optimized with the Yoast SEO plugin v21.0 - https:\/\/yoast.com\/wordpress\/plugins\/seo\/ -->\n<title>Le Real Madrid voir des appels contre les sanctions de Mbappe et Rudiger rejet\u00e9es par l&#039;UEFA<\/title>\n<meta name=\"robots\" content=\"index, follow, max-snippet:-1, max-image-preview:large, max-video-preview:-1\" \/>\n<link rel=\"canonical\" href=\"https:\/\/footdavant.fr\/actualites\/le-real-madrid-voir-des-appels-contre-les-sanctions-de-mbappe-et-rudiger-rejetees-par-luefa\/\" \/>\n<meta property=\"og:locale\" content=\"fr_FR\" \/>\n<meta property=\"og:type\" content=\"article\" \/>\n<meta property=\"og:title\" content=\"Le Real Madrid voir des appels contre les sanctions de Mbappe et Rudiger rejet\u00e9es par l&#039;UEFA\" \/>\n<meta property=\"og:description\" content=\"L&#039;UEFA a rejet\u00e9 un appel du Real Madrid contre les amendes pour Kylian Mbappe, Antonio Rudiger et Dani Ceballos pour leur conduite \u00e0 la fin\" \/>\n<meta property=\"og:url\" content=\"https:\/\/footdavant.fr\/actualites\/le-real-madrid-voir-des-appels-contre-les-sanctions-de-mbappe-et-rudiger-rejetees-par-luefa\/\" \/>\n<meta property=\"og:site_name\" content=\"Foot d&#039;avant\" \/>\n<meta property=\"article:publisher\" content=\"https:\/\/www.facebook.com\/Footdavant\/\" \/>\n<meta property=\"article:published_time\" content=\"2025-07-07T19:48:05+00:00\" \/>\n<meta property=\"article:modified_time\" content=\"2025-07-07T19:48:07+00:00\" \/>\n<meta property=\"og:image\" content=\"https:\/\/footdavant.fr\/actualites\/wp-content\/uploads\/2025\/07\/Le-Real-Madrid-voir-des-appels-contre-les-sanctions-de.jpg\" \/>\n\t<meta property=\"og:image:width\" content=\"1200\" \/>\n\t<meta property=\"og:image:height\" content=\"800\" \/>\n\t<meta property=\"og:image:type\" content=\"image\/jpeg\" \/>\n<meta name=\"author\" content=\"Cl\u00e9ment\" \/>\n<meta name=\"twitter:card\" content=\"summary_large_image\" \/>\n<meta name=\"twitter:creator\" content=\"@FootdavantFr\" \/>\n<meta name=\"twitter:site\" content=\"@FootdavantFr\" \/>\n<meta name=\"twitter:label1\" content=\"\u00c9crit par\" \/>\n\t<meta name=\"twitter:data1\" content=\"Cl\u00e9ment\" \/>\n\t<meta name=\"twitter:label2\" content=\"Dur\u00e9e de lecture estim\u00e9e\" \/>\n\t<meta name=\"twitter:data2\" content=\"2 minutes\" \/>\n<script type=\"application\/ld+json\" class=\"yoast-schema-graph\">{\"@context\":\"https:\/\/schema.org\",\"@graph\":[{\"@type\":\"Article\",\"@id\":\"https:\/\/footdavant.fr\/actualites\/le-real-madrid-voir-des-appels-contre-les-sanctions-de-mbappe-et-rudiger-rejetees-par-luefa\/#article\",\"isPartOf\":{\"@id\":\"https:\/\/footdavant.fr\/actualites\/le-real-madrid-voir-des-appels-contre-les-sanctions-de-mbappe-et-rudiger-rejetees-par-luefa\/\"},\"author\":{\"name\":\"Cl\u00e9ment\",\"@id\":\"https:\/\/footdavant.fr\/actualites\/#\/schema\/person\/bc222566d95871b37e597b3ed3ba5e1d\"},\"headline\":\"Le Real Madrid voir des appels contre les sanctions de Mbappe et Rudiger rejet\u00e9es par l&#39;UEFA\",\"datePublished\":\"2025-07-07T19:48:05+00:00\",\"dateModified\":\"2025-07-07T19:48:07+00:00\",\"mainEntityOfPage\":{\"@id\":\"https:\/\/footdavant.fr\/actualites\/le-real-madrid-voir-des-appels-contre-les-sanctions-de-mbappe-et-rudiger-rejetees-par-luefa\/\"},\"wordCount\":426,\"publisher\":{\"@id\":\"https:\/\/footdavant.fr\/actualites\/#organization\"},\"keywords\":[\"appels\",\"contre\",\"des\",\"L39UEFA\",\"les\",\"Madrid\",\"Mbappe\",\"par\",\"Real\",\"rejet\u00e9es\",\"Rudiger\",\"sanctions\",\"voir\"],\"articleSection\":[\"Football\"],\"inLanguage\":\"fr-FR\"},{\"@type\":\"WebPage\",\"@id\":\"https:\/\/footdavant.fr\/actualites\/le-real-madrid-voir-des-appels-contre-les-sanctions-de-mbappe-et-rudiger-rejetees-par-luefa\/\",\"url\":\"https:\/\/footdavant.fr\/actualites\/le-real-madrid-voir-des-appels-contre-les-sanctions-de-mbappe-et-rudiger-rejetees-par-luefa\/\",\"name\":\"Le Real Madrid voir des appels contre les sanctions de Mbappe et Rudiger rejet\u00e9es par l&#39;UEFA\",\"isPartOf\":{\"@id\":\"https:\/\/footdavant.fr\/actualites\/#website\"},\"datePublished\":\"2025-07-07T19:48:05+00:00\",\"dateModified\":\"2025-07-07T19:48:07+00:00\",\"breadcrumb\":{\"@id\":\"https:\/\/footdavant.fr\/actualites\/le-real-madrid-voir-des-appels-contre-les-sanctions-de-mbappe-et-rudiger-rejetees-par-luefa\/#breadcrumb\"},\"inLanguage\":\"fr-FR\",\"potentialAction\":[{\"@type\":\"ReadAction\",\"target\":[\"https:\/\/footdavant.fr\/actualites\/le-real-madrid-voir-des-appels-contre-les-sanctions-de-mbappe-et-rudiger-rejetees-par-luefa\/\"]}]},{\"@type\":\"BreadcrumbList\",\"@id\":\"https:\/\/footdavant.fr\/actualites\/le-real-madrid-voir-des-appels-contre-les-sanctions-de-mbappe-et-rudiger-rejetees-par-luefa\/#breadcrumb\",\"itemListElement\":[{\"@type\":\"ListItem\",\"position\":1,\"name\":\"Accueil\",\"item\":\"https:\/\/footdavant.fr\/actualites\/\"},{\"@type\":\"ListItem\",\"position\":2,\"name\":\"Le Real Madrid voir des appels contre les sanctions de Mbappe et Rudiger rejet\u00e9es par l&#39;UEFA\"}]},{\"@type\":\"WebSite\",\"@id\":\"https:\/\/footdavant.fr\/actualites\/#website\",\"url\":\"https:\/\/footdavant.fr\/actualites\/\",\"name\":\"Foot d'avant\",\"description\":\"\",\"publisher\":{\"@id\":\"https:\/\/footdavant.fr\/actualites\/#organization\"},\"potentialAction\":[{\"@type\":\"SearchAction\",\"target\":{\"@type\":\"EntryPoint\",\"urlTemplate\":\"https:\/\/footdavant.fr\/actualites\/?s={search_term_string}\"},\"query-input\":\"required name=search_term_string\"}],\"inLanguage\":\"fr-FR\"},{\"@type\":\"Organization\",\"@id\":\"https:\/\/footdavant.fr\/actualites\/#organization\",\"name\":\"Foot d'avant\",\"url\":\"https:\/\/footdavant.fr\/actualites\/\",\"logo\":{\"@type\":\"ImageObject\",\"inLanguage\":\"fr-FR\",\"@id\":\"https:\/\/footdavant.fr\/actualites\/#\/schema\/logo\/image\/\",\"url\":\"https:\/\/footdavant.fr\/actualites\/wp-content\/uploads\/2023\/09\/Copy-of-FootDavant-Logo.png\",\"contentUrl\":\"https:\/\/footdavant.fr\/actualites\/wp-content\/uploads\/2023\/09\/Copy-of-FootDavant-Logo.png\",\"width\":936,\"height\":549,\"caption\":\"Foot d'avant\"},\"image\":{\"@id\":\"https:\/\/footdavant.fr\/actualites\/#\/schema\/logo\/image\/\"},\"sameAs\":[\"https:\/\/www.facebook.com\/Footdavant\/\",\"https:\/\/twitter.com\/FootdavantFr\",\"https:\/\/www.instagram.com\/footdavant.fr\/\"]},{\"@type\":\"Person\",\"@id\":\"https:\/\/footdavant.fr\/actualites\/#\/schema\/person\/bc222566d95871b37e597b3ed3ba5e1d\",\"name\":\"Cl\u00e9ment\",\"image\":{\"@type\":\"ImageObject\",\"inLanguage\":\"fr-FR\",\"@id\":\"https:\/\/footdavant.fr\/actualites\/#\/schema\/person\/image\/\",\"url\":\"https:\/\/secure.gravatar.com\/avatar\/7728b29aac2719421e1a9159b2254c44?s=96&d=mm&r=g\",\"contentUrl\":\"https:\/\/secure.gravatar.com\/avatar\/7728b29aac2719421e1a9159b2254c44?s=96&d=mm&r=g\",\"caption\":\"Cl\u00e9ment\"},\"sameAs\":[\"https:\/\/footdavant.fr\/\"]}]}<\/script>\n<!-- \/ Yoast SEO plugin. -->","yoast_head_json":{"title":"Le Real Madrid voir des appels contre les sanctions de Mbappe et Rudiger rejet\u00e9es par l&#39;UEFA","robots":{"index":"index","follow":"follow","max-snippet":"max-snippet:-1","max-image-preview":"max-image-preview:large","max-video-preview":"max-video-preview:-1"},"canonical":"https:\/\/footdavant.fr\/actualites\/le-real-madrid-voir-des-appels-contre-les-sanctions-de-mbappe-et-rudiger-rejetees-par-luefa\/","og_locale":"fr_FR","og_type":"article","og_title":"Le Real Madrid voir des appels contre les sanctions de Mbappe et Rudiger rejet\u00e9es par l&#39;UEFA","og_description":"L&#39;UEFA a rejet\u00e9 un appel du Real Madrid contre les amendes pour Kylian Mbappe, Antonio Rudiger et Dani Ceballos pour leur conduite \u00e0 la fin","og_url":"https:\/\/footdavant.fr\/actualites\/le-real-madrid-voir-des-appels-contre-les-sanctions-de-mbappe-et-rudiger-rejetees-par-luefa\/","og_site_name":"Foot d&#039;avant","article_publisher":"https:\/\/www.facebook.com\/Footdavant\/","article_published_time":"2025-07-07T19:48:05+00:00","article_modified_time":"2025-07-07T19:48:07+00:00","og_image":[{"width":1200,"height":800,"url":"https:\/\/footdavant.fr\/actualites\/wp-content\/uploads\/2025\/07\/Le-Real-Madrid-voir-des-appels-contre-les-sanctions-de.jpg","type":"image\/jpeg"}],"author":"Cl\u00e9ment","twitter_card":"summary_large_image","twitter_creator":"@FootdavantFr","twitter_site":"@FootdavantFr","twitter_misc":{"\u00c9crit par":"Cl\u00e9ment","Dur\u00e9e de lecture estim\u00e9e":"2 minutes"},"schema":{"@context":"https:\/\/schema.org","@graph":[{"@type":"Article","@id":"https:\/\/footdavant.fr\/actualites\/le-real-madrid-voir-des-appels-contre-les-sanctions-de-mbappe-et-rudiger-rejetees-par-luefa\/#article","isPartOf":{"@id":"https:\/\/footdavant.fr\/actualites\/le-real-madrid-voir-des-appels-contre-les-sanctions-de-mbappe-et-rudiger-rejetees-par-luefa\/"},"author":{"name":"Cl\u00e9ment","@id":"https:\/\/footdavant.fr\/actualites\/#\/schema\/person\/bc222566d95871b37e597b3ed3ba5e1d"},"headline":"Le Real Madrid voir des appels contre les sanctions de Mbappe et Rudiger rejet\u00e9es par l&#39;UEFA","datePublished":"2025-07-07T19:48:05+00:00","dateModified":"2025-07-07T19:48:07+00:00","mainEntityOfPage":{"@id":"https:\/\/footdavant.fr\/actualites\/le-real-madrid-voir-des-appels-contre-les-sanctions-de-mbappe-et-rudiger-rejetees-par-luefa\/"},"wordCount":426,"publisher":{"@id":"https:\/\/footdavant.fr\/actualites\/#organization"},"keywords":["appels","contre","des","L39UEFA","les","Madrid","Mbappe","par","Real","rejet\u00e9es","Rudiger","sanctions","voir"],"articleSection":["Football"],"inLanguage":"fr-FR"},{"@type":"WebPage","@id":"https:\/\/footdavant.fr\/actualites\/le-real-madrid-voir-des-appels-contre-les-sanctions-de-mbappe-et-rudiger-rejetees-par-luefa\/","url":"https:\/\/footdavant.fr\/actualites\/le-real-madrid-voir-des-appels-contre-les-sanctions-de-mbappe-et-rudiger-rejetees-par-luefa\/","name":"Le Real Madrid voir des appels contre les sanctions de Mbappe et Rudiger rejet\u00e9es par l&#39;UEFA","isPartOf":{"@id":"https:\/\/footdavant.fr\/actualites\/#website"},"datePublished":"2025-07-07T19:48:05+00:00","dateModified":"2025-07-07T19:48:07+00:00","breadcrumb":{"@id":"https:\/\/footdavant.fr\/actualites\/le-real-madrid-voir-des-appels-contre-les-sanctions-de-mbappe-et-rudiger-rejetees-par-luefa\/#breadcrumb"},"inLanguage":"fr-FR","potentialAction":[{"@type":"ReadAction","target":["https:\/\/footdavant.fr\/actualites\/le-real-madrid-voir-des-appels-contre-les-sanctions-de-mbappe-et-rudiger-rejetees-par-luefa\/"]}]},{"@type":"BreadcrumbList","@id":"https:\/\/footdavant.fr\/actualites\/le-real-madrid-voir-des-appels-contre-les-sanctions-de-mbappe-et-rudiger-rejetees-par-luefa\/#breadcrumb","itemListElement":[{"@type":"ListItem","position":1,"name":"Accueil","item":"https:\/\/footdavant.fr\/actualites\/"},{"@type":"ListItem","position":2,"name":"Le Real Madrid voir des appels contre les sanctions de Mbappe et Rudiger rejet\u00e9es par l&#39;UEFA"}]},{"@type":"WebSite","@id":"https:\/\/footdavant.fr\/actualites\/#website","url":"https:\/\/footdavant.fr\/actualites\/","name":"Foot d'avant","description":"","publisher":{"@id":"https:\/\/footdavant.fr\/actualites\/#organization"},"potentialAction":[{"@type":"SearchAction","target":{"@type":"EntryPoint","urlTemplate":"https:\/\/footdavant.fr\/actualites\/?s={search_term_string}"},"query-input":"required name=search_term_string"}],"inLanguage":"fr-FR"},{"@type":"Organization","@id":"https:\/\/footdavant.fr\/actualites\/#organization","name":"Foot d'avant","url":"https:\/\/footdavant.fr\/actualites\/","logo":{"@type":"ImageObject","inLanguage":"fr-FR","@id":"https:\/\/footdavant.fr\/actualites\/#\/schema\/logo\/image\/","url":"https:\/\/footdavant.fr\/actualites\/wp-content\/uploads\/2023\/09\/Copy-of-FootDavant-Logo.png","contentUrl":"https:\/\/footdavant.fr\/actualites\/wp-content\/uploads\/2023\/09\/Copy-of-FootDavant-Logo.png","width":936,"height":549,"caption":"Foot d'avant"},"image":{"@id":"https:\/\/footdavant.fr\/actualites\/#\/schema\/logo\/image\/"},"sameAs":["https:\/\/www.facebook.com\/Footdavant\/","https:\/\/twitter.com\/FootdavantFr","https:\/\/www.instagram.com\/footdavant.fr\/"]},{"@type":"Person","@id":"https:\/\/footdavant.fr\/actualites\/#\/schema\/person\/bc222566d95871b37e597b3ed3ba5e1d","name":"Cl\u00e9ment","image":{"@type":"ImageObject","inLanguage":"fr-FR","@id":"https:\/\/footdavant.fr\/actualites\/#\/schema\/person\/image\/","url":"https:\/\/secure.gravatar.com\/avatar\/7728b29aac2719421e1a9159b2254c44?s=96&d=mm&r=g","contentUrl":"https:\/\/secure.gravatar.com\/avatar\/7728b29aac2719421e1a9159b2254c44?s=96&d=mm&r=g","caption":"Cl\u00e9ment"},"sameAs":["https:\/\/footdavant.fr\/"]}]}},"_links":{"self":[{"href":"https:\/\/footdavant.fr\/actualites\/wp-json\/wp\/v2\/posts\/25866"}],"collection":[{"href":"https:\/\/footdavant.fr\/actualites\/wp-json\/wp\/v2\/posts"}],"about":[{"href":"https:\/\/footdavant.fr\/actualites\/wp-json\/wp\/v2\/types\/post"}],"author":[{"embeddable":true,"href":"https:\/\/footdavant.fr\/actualites\/wp-json\/wp\/v2\/users\/1"}],"replies":[{"embeddable":true,"href":"https:\/\/footdavant.fr\/actualites\/wp-json\/wp\/v2\/comments?post=25866"}],"version-history":[{"count":1,"href":"https:\/\/footdavant.fr\/actualites\/wp-json\/wp\/v2\/posts\/25866\/revisions"}],"predecessor-version":[{"id":25868,"href":"https:\/\/footdavant.fr\/actualites\/wp-json\/wp\/v2\/posts\/25866\/revisions\/25868"}],"wp:featuredmedia":[{"embeddable":true,"href":"https:\/\/footdavant.fr\/actualites\/wp-json\/wp\/v2\/media\/25867"}],"wp:attachment":[{"href":"https:\/\/footdavant.fr\/actualites\/wp-json\/wp\/v2\/media?parent=25866"}],"wp:term":[{"taxonomy":"category","embeddable":true,"href":"https:\/\/footdavant.fr\/actualites\/wp-json\/wp\/v2\/categories?post=25866"},{"taxonomy":"post_tag","embeddable":true,"href":"https:\/\/footdavant.fr\/actualites\/wp-json\/wp\/v2\/tags?post=25866"}],"curies":[{"name":"wp","href":"https:\/\/api.w.org\/{rel}","templated":true}]}}