{"id":25889,"date":"2025-07-08T09:48:04","date_gmt":"2025-07-08T07:48:04","guid":{"rendered":"https:\/\/footdavant.fr\/actualites\/john-aldridge-setouffe-sur-jota-alors-que-lfctv-diffuse-un-special-emotionnel\/"},"modified":"2025-07-08T09:48:06","modified_gmt":"2025-07-08T07:48:06","slug":"john-aldridge-setouffe-sur-jota-alors-que-lfctv-diffuse-un-special-emotionnel","status":"publish","type":"post","link":"https:\/\/footdavant.fr\/actualites\/john-aldridge-setouffe-sur-jota-alors-que-lfctv-diffuse-un-special-emotionnel\/","title":{"rendered":"John Aldridge s&#39;\u00e9touffe sur Jota alors que LFCTV diffuse un sp\u00e9cial \u00e9motionnel"},"content":{"rendered":"<div id=\"article-body\">\n<!-- Article Start --><\/p>\n<p>LFCTV a fait un retour \u00e9motionnel \u00e0 la diffusion lundi soir avec une \u00e9mission sp\u00e9ciale intitul\u00e9e, mettant en vedette des hommages \u00e0 Diogo Jota et son fr\u00e8re Andre Silva.<\/p>\n<p>Parmi les personnes interrog\u00e9es figurait le pr\u00e9sident de Forever Reds, John Aldridge, qui a pos\u00e9 des fleurs \u00e0 Anfield au nom de l&#39;ancienne association des joueurs de Liverpool et a d\u00e9crit toute la famille de football comme par la perte inimaginable.<\/p>\n<h2>Aldridge: \u00ab\u00a0Nous sommes juste engourdis &#8211; vous ne pouvez pas vous mettre la t\u00eate\u00a0\u00bb<\/h2>\n<figure class=\"wp-caption alignnone\"><picture><source type=\"image\/webp\" data- data-><\/source><\/picture><\/figure>\n<p>S&#39;exprimant devant la mer croissante d&#39;hommages \u00e0 l&#39;ext\u00e9rieur du Kop, Aldridge a eu du mal \u00e0 contenir son chagrin:<\/p>\n<p>L&#39;ex-attaquant, qui a marqu\u00e9 63 buts en 104 matchs pour nous \u00e0 la fin des ann\u00e9es 1980, a d\u00e9clar\u00e9 que Forever Reds avait \u00e9t\u00e9 particuli\u00e8rement touch\u00e9: <\/p>\n<\/p>\n<h2>Jota Trag\u00e9die par rapport aux suites de la catastrophe de Hillsborough<\/h2>\n<figure class=\"wp-caption alignnone\"><picture><source type=\"image\/webp\" data- data-><img decoding=\"async\" loading=\"lazy\" width=\"1500\" height=\"1000\" src=\"https:\/\/footdavant.fr\/actualites\/wp-content\/uploads\/2025\/07\/John-Aldridge-s39etouffe-sur-Jota-alors-que-LFCTV-diffuse-un.jpg\" class=\"lazyload wp-image-275224 has-webp\" alt=\"Fleurs pos\u00e9es \u00e0 Anfield apr\u00e8s la catastrophe de Hillsborough en 1989\"  data- style=\"aspect-ratio:1500\/1000;max-width:1500px\"><\/source><\/picture><\/figure>\n<p>Aldridge a r\u00e9fl\u00e9chi \u00e0 la douleur de regarder le club se r\u00e9unir dans des moments de trag\u00e9die auparavant &#8211; en comparant l&#39;ambiance actuelle autour d&#39;Anfield \u00e0 cela apr\u00e8s Hillsborough: <\/p>\n<\/p>\n<p>Avec des milliers de fans rendant hommage en personne et des millions de deuil suppl\u00e9mentaires de loin, Aldridge a offert un aper\u00e7u brut de la difficult\u00e9 des semaines \u00e0 venir pour l&#39;\u00e9quipe.<\/p>\n<\/p>\n<p>Il a fait \u00e9cho au message de Mo Salah de plus t\u00f4t cette semaine, appelant l&#39;id\u00e9e de s&#39;entra\u00eener sans Jota, mais a reconnu que la routine du football pourrait \u00e9ventuellement fournir un chemin vers la gu\u00e9rison.<\/p>\n<p>Pourtant, Aldridge a admis que Jota reste constamment en t\u00eate &#8211; avec son chant embl\u00e9matique Anfield jamais loin: <\/p>\n<\/p>\n<p><span class=\"embed-youtube\" style=\"text-align:center; display: block;\"><\/span><\/p>\n<p><!-- Article End -->\t\t\t\t<\/div>\n<p><script async src=\"\/\/www.instagram.com\/embed.js\"><\/script><\/p>\n","protected":false},"excerpt":{"rendered":"<p>LFCTV a fait un retour \u00e9motionnel \u00e0 la diffusion lundi soir avec une \u00e9mission sp\u00e9ciale intitul\u00e9e, mettant en vedette des hommages \u00e0 Diogo Jota et<\/p>\n","protected":false},"author":1,"featured_media":25890,"comment_status":"closed","ping_status":"","sticky":false,"template":"","format":"standard","meta":{"footnotes":""},"categories":[3],"tags":[2512,318,9808,9209,501,1590,9807,9806,1513,103],"yoast_head":"<!-- This site is optimized with the Yoast SEO plugin v21.0 - https:\/\/yoast.com\/wordpress\/plugins\/seo\/ -->\n<title>John Aldridge s&#039;\u00e9touffe sur Jota alors que LFCTV diffuse un sp\u00e9cial \u00e9motionnel<\/title>\n<meta name=\"robots\" content=\"index, follow, max-snippet:-1, max-image-preview:large, max-video-preview:-1\" \/>\n<link rel=\"canonical\" href=\"https:\/\/footdavant.fr\/actualites\/john-aldridge-setouffe-sur-jota-alors-que-lfctv-diffuse-un-special-emotionnel\/\" \/>\n<meta property=\"og:locale\" content=\"fr_FR\" \/>\n<meta property=\"og:type\" content=\"article\" \/>\n<meta property=\"og:title\" content=\"John Aldridge s&#039;\u00e9touffe sur Jota alors que LFCTV diffuse un sp\u00e9cial \u00e9motionnel\" \/>\n<meta property=\"og:description\" content=\"LFCTV a fait un retour \u00e9motionnel \u00e0 la diffusion lundi soir avec une \u00e9mission sp\u00e9ciale intitul\u00e9e, mettant en vedette des hommages \u00e0 Diogo Jota et\" \/>\n<meta property=\"og:url\" content=\"https:\/\/footdavant.fr\/actualites\/john-aldridge-setouffe-sur-jota-alors-que-lfctv-diffuse-un-special-emotionnel\/\" \/>\n<meta property=\"og:site_name\" content=\"Foot d&#039;avant\" \/>\n<meta property=\"article:publisher\" content=\"https:\/\/www.facebook.com\/Footdavant\/\" \/>\n<meta property=\"article:published_time\" content=\"2025-07-08T07:48:04+00:00\" \/>\n<meta property=\"article:modified_time\" content=\"2025-07-08T07:48:06+00:00\" \/>\n<meta property=\"og:image\" content=\"https:\/\/footdavant.fr\/actualites\/wp-content\/uploads\/2025\/07\/1751960885_John-Aldridge-s39etouffe-sur-Jota-alors-que-LFCTV-diffuse-un.jpg\" \/>\n\t<meta property=\"og:image:width\" content=\"1200\" \/>\n\t<meta property=\"og:image:height\" content=\"675\" \/>\n\t<meta property=\"og:image:type\" content=\"image\/jpeg\" \/>\n<meta name=\"author\" content=\"Cl\u00e9ment\" \/>\n<meta name=\"twitter:card\" content=\"summary_large_image\" \/>\n<meta name=\"twitter:creator\" content=\"@FootdavantFr\" \/>\n<meta name=\"twitter:site\" content=\"@FootdavantFr\" \/>\n<meta name=\"twitter:label1\" content=\"\u00c9crit par\" \/>\n\t<meta name=\"twitter:data1\" content=\"Cl\u00e9ment\" \/>\n\t<meta name=\"twitter:label2\" content=\"Dur\u00e9e de lecture estim\u00e9e\" \/>\n\t<meta name=\"twitter:data2\" content=\"1 minute\" \/>\n<script type=\"application\/ld+json\" class=\"yoast-schema-graph\">{\"@context\":\"https:\/\/schema.org\",\"@graph\":[{\"@type\":\"Article\",\"@id\":\"https:\/\/footdavant.fr\/actualites\/john-aldridge-setouffe-sur-jota-alors-que-lfctv-diffuse-un-special-emotionnel\/#article\",\"isPartOf\":{\"@id\":\"https:\/\/footdavant.fr\/actualites\/john-aldridge-setouffe-sur-jota-alors-que-lfctv-diffuse-un-special-emotionnel\/\"},\"author\":{\"name\":\"Cl\u00e9ment\",\"@id\":\"https:\/\/footdavant.fr\/actualites\/#\/schema\/person\/bc222566d95871b37e597b3ed3ba5e1d\"},\"headline\":\"John Aldridge s&#39;\u00e9touffe sur Jota alors que LFCTV diffuse un sp\u00e9cial \u00e9motionnel\",\"datePublished\":\"2025-07-08T07:48:04+00:00\",\"dateModified\":\"2025-07-08T07:48:06+00:00\",\"mainEntityOfPage\":{\"@id\":\"https:\/\/footdavant.fr\/actualites\/john-aldridge-setouffe-sur-jota-alors-que-lfctv-diffuse-un-special-emotionnel\/\"},\"wordCount\":292,\"publisher\":{\"@id\":\"https:\/\/footdavant.fr\/actualites\/#organization\"},\"keywords\":[\"Aldridge\",\"alors\",\"diffuse\",\"\u00e9motionnel\",\"John\",\"Jota\",\"LFCTV\",\"s39\u00e9touffe\",\"sp\u00e9cial\",\"sur\"],\"articleSection\":[\"Football\"],\"inLanguage\":\"fr-FR\"},{\"@type\":\"WebPage\",\"@id\":\"https:\/\/footdavant.fr\/actualites\/john-aldridge-setouffe-sur-jota-alors-que-lfctv-diffuse-un-special-emotionnel\/\",\"url\":\"https:\/\/footdavant.fr\/actualites\/john-aldridge-setouffe-sur-jota-alors-que-lfctv-diffuse-un-special-emotionnel\/\",\"name\":\"John Aldridge s&#39;\u00e9touffe sur Jota alors que LFCTV diffuse un sp\u00e9cial \u00e9motionnel\",\"isPartOf\":{\"@id\":\"https:\/\/footdavant.fr\/actualites\/#website\"},\"datePublished\":\"2025-07-08T07:48:04+00:00\",\"dateModified\":\"2025-07-08T07:48:06+00:00\",\"breadcrumb\":{\"@id\":\"https:\/\/footdavant.fr\/actualites\/john-aldridge-setouffe-sur-jota-alors-que-lfctv-diffuse-un-special-emotionnel\/#breadcrumb\"},\"inLanguage\":\"fr-FR\",\"potentialAction\":[{\"@type\":\"ReadAction\",\"target\":[\"https:\/\/footdavant.fr\/actualites\/john-aldridge-setouffe-sur-jota-alors-que-lfctv-diffuse-un-special-emotionnel\/\"]}]},{\"@type\":\"BreadcrumbList\",\"@id\":\"https:\/\/footdavant.fr\/actualites\/john-aldridge-setouffe-sur-jota-alors-que-lfctv-diffuse-un-special-emotionnel\/#breadcrumb\",\"itemListElement\":[{\"@type\":\"ListItem\",\"position\":1,\"name\":\"Accueil\",\"item\":\"https:\/\/footdavant.fr\/actualites\/\"},{\"@type\":\"ListItem\",\"position\":2,\"name\":\"John Aldridge s&#39;\u00e9touffe sur Jota alors que LFCTV diffuse un sp\u00e9cial \u00e9motionnel\"}]},{\"@type\":\"WebSite\",\"@id\":\"https:\/\/footdavant.fr\/actualites\/#website\",\"url\":\"https:\/\/footdavant.fr\/actualites\/\",\"name\":\"Foot d'avant\",\"description\":\"\",\"publisher\":{\"@id\":\"https:\/\/footdavant.fr\/actualites\/#organization\"},\"potentialAction\":[{\"@type\":\"SearchAction\",\"target\":{\"@type\":\"EntryPoint\",\"urlTemplate\":\"https:\/\/footdavant.fr\/actualites\/?s={search_term_string}\"},\"query-input\":\"required name=search_term_string\"}],\"inLanguage\":\"fr-FR\"},{\"@type\":\"Organization\",\"@id\":\"https:\/\/footdavant.fr\/actualites\/#organization\",\"name\":\"Foot d'avant\",\"url\":\"https:\/\/footdavant.fr\/actualites\/\",\"logo\":{\"@type\":\"ImageObject\",\"inLanguage\":\"fr-FR\",\"@id\":\"https:\/\/footdavant.fr\/actualites\/#\/schema\/logo\/image\/\",\"url\":\"https:\/\/footdavant.fr\/actualites\/wp-content\/uploads\/2023\/09\/Copy-of-FootDavant-Logo.png\",\"contentUrl\":\"https:\/\/footdavant.fr\/actualites\/wp-content\/uploads\/2023\/09\/Copy-of-FootDavant-Logo.png\",\"width\":936,\"height\":549,\"caption\":\"Foot d'avant\"},\"image\":{\"@id\":\"https:\/\/footdavant.fr\/actualites\/#\/schema\/logo\/image\/\"},\"sameAs\":[\"https:\/\/www.facebook.com\/Footdavant\/\",\"https:\/\/twitter.com\/FootdavantFr\",\"https:\/\/www.instagram.com\/footdavant.fr\/\"]},{\"@type\":\"Person\",\"@id\":\"https:\/\/footdavant.fr\/actualites\/#\/schema\/person\/bc222566d95871b37e597b3ed3ba5e1d\",\"name\":\"Cl\u00e9ment\",\"image\":{\"@type\":\"ImageObject\",\"inLanguage\":\"fr-FR\",\"@id\":\"https:\/\/footdavant.fr\/actualites\/#\/schema\/person\/image\/\",\"url\":\"https:\/\/secure.gravatar.com\/avatar\/7728b29aac2719421e1a9159b2254c44?s=96&d=mm&r=g\",\"contentUrl\":\"https:\/\/secure.gravatar.com\/avatar\/7728b29aac2719421e1a9159b2254c44?s=96&d=mm&r=g\",\"caption\":\"Cl\u00e9ment\"},\"sameAs\":[\"https:\/\/footdavant.fr\/\"]}]}<\/script>\n<!-- \/ Yoast SEO plugin. -->","yoast_head_json":{"title":"John Aldridge s&#39;\u00e9touffe sur Jota alors que LFCTV diffuse un sp\u00e9cial \u00e9motionnel","robots":{"index":"index","follow":"follow","max-snippet":"max-snippet:-1","max-image-preview":"max-image-preview:large","max-video-preview":"max-video-preview:-1"},"canonical":"https:\/\/footdavant.fr\/actualites\/john-aldridge-setouffe-sur-jota-alors-que-lfctv-diffuse-un-special-emotionnel\/","og_locale":"fr_FR","og_type":"article","og_title":"John Aldridge s&#39;\u00e9touffe sur Jota alors que LFCTV diffuse un sp\u00e9cial \u00e9motionnel","og_description":"LFCTV a fait un retour \u00e9motionnel \u00e0 la diffusion lundi soir avec une \u00e9mission sp\u00e9ciale intitul\u00e9e, mettant en vedette des hommages \u00e0 Diogo Jota et","og_url":"https:\/\/footdavant.fr\/actualites\/john-aldridge-setouffe-sur-jota-alors-que-lfctv-diffuse-un-special-emotionnel\/","og_site_name":"Foot d&#039;avant","article_publisher":"https:\/\/www.facebook.com\/Footdavant\/","article_published_time":"2025-07-08T07:48:04+00:00","article_modified_time":"2025-07-08T07:48:06+00:00","og_image":[{"width":1200,"height":675,"url":"https:\/\/footdavant.fr\/actualites\/wp-content\/uploads\/2025\/07\/1751960885_John-Aldridge-s39etouffe-sur-Jota-alors-que-LFCTV-diffuse-un.jpg","type":"image\/jpeg"}],"author":"Cl\u00e9ment","twitter_card":"summary_large_image","twitter_creator":"@FootdavantFr","twitter_site":"@FootdavantFr","twitter_misc":{"\u00c9crit par":"Cl\u00e9ment","Dur\u00e9e de lecture estim\u00e9e":"1 minute"},"schema":{"@context":"https:\/\/schema.org","@graph":[{"@type":"Article","@id":"https:\/\/footdavant.fr\/actualites\/john-aldridge-setouffe-sur-jota-alors-que-lfctv-diffuse-un-special-emotionnel\/#article","isPartOf":{"@id":"https:\/\/footdavant.fr\/actualites\/john-aldridge-setouffe-sur-jota-alors-que-lfctv-diffuse-un-special-emotionnel\/"},"author":{"name":"Cl\u00e9ment","@id":"https:\/\/footdavant.fr\/actualites\/#\/schema\/person\/bc222566d95871b37e597b3ed3ba5e1d"},"headline":"John Aldridge s&#39;\u00e9touffe sur Jota alors que LFCTV diffuse un sp\u00e9cial \u00e9motionnel","datePublished":"2025-07-08T07:48:04+00:00","dateModified":"2025-07-08T07:48:06+00:00","mainEntityOfPage":{"@id":"https:\/\/footdavant.fr\/actualites\/john-aldridge-setouffe-sur-jota-alors-que-lfctv-diffuse-un-special-emotionnel\/"},"wordCount":292,"publisher":{"@id":"https:\/\/footdavant.fr\/actualites\/#organization"},"keywords":["Aldridge","alors","diffuse","\u00e9motionnel","John","Jota","LFCTV","s39\u00e9touffe","sp\u00e9cial","sur"],"articleSection":["Football"],"inLanguage":"fr-FR"},{"@type":"WebPage","@id":"https:\/\/footdavant.fr\/actualites\/john-aldridge-setouffe-sur-jota-alors-que-lfctv-diffuse-un-special-emotionnel\/","url":"https:\/\/footdavant.fr\/actualites\/john-aldridge-setouffe-sur-jota-alors-que-lfctv-diffuse-un-special-emotionnel\/","name":"John Aldridge s&#39;\u00e9touffe sur Jota alors que LFCTV diffuse un sp\u00e9cial \u00e9motionnel","isPartOf":{"@id":"https:\/\/footdavant.fr\/actualites\/#website"},"datePublished":"2025-07-08T07:48:04+00:00","dateModified":"2025-07-08T07:48:06+00:00","breadcrumb":{"@id":"https:\/\/footdavant.fr\/actualites\/john-aldridge-setouffe-sur-jota-alors-que-lfctv-diffuse-un-special-emotionnel\/#breadcrumb"},"inLanguage":"fr-FR","potentialAction":[{"@type":"ReadAction","target":["https:\/\/footdavant.fr\/actualites\/john-aldridge-setouffe-sur-jota-alors-que-lfctv-diffuse-un-special-emotionnel\/"]}]},{"@type":"BreadcrumbList","@id":"https:\/\/footdavant.fr\/actualites\/john-aldridge-setouffe-sur-jota-alors-que-lfctv-diffuse-un-special-emotionnel\/#breadcrumb","itemListElement":[{"@type":"ListItem","position":1,"name":"Accueil","item":"https:\/\/footdavant.fr\/actualites\/"},{"@type":"ListItem","position":2,"name":"John Aldridge s&#39;\u00e9touffe sur Jota alors que LFCTV diffuse un sp\u00e9cial \u00e9motionnel"}]},{"@type":"WebSite","@id":"https:\/\/footdavant.fr\/actualites\/#website","url":"https:\/\/footdavant.fr\/actualites\/","name":"Foot d'avant","description":"","publisher":{"@id":"https:\/\/footdavant.fr\/actualites\/#organization"},"potentialAction":[{"@type":"SearchAction","target":{"@type":"EntryPoint","urlTemplate":"https:\/\/footdavant.fr\/actualites\/?s={search_term_string}"},"query-input":"required name=search_term_string"}],"inLanguage":"fr-FR"},{"@type":"Organization","@id":"https:\/\/footdavant.fr\/actualites\/#organization","name":"Foot d'avant","url":"https:\/\/footdavant.fr\/actualites\/","logo":{"@type":"ImageObject","inLanguage":"fr-FR","@id":"https:\/\/footdavant.fr\/actualites\/#\/schema\/logo\/image\/","url":"https:\/\/footdavant.fr\/actualites\/wp-content\/uploads\/2023\/09\/Copy-of-FootDavant-Logo.png","contentUrl":"https:\/\/footdavant.fr\/actualites\/wp-content\/uploads\/2023\/09\/Copy-of-FootDavant-Logo.png","width":936,"height":549,"caption":"Foot d'avant"},"image":{"@id":"https:\/\/footdavant.fr\/actualites\/#\/schema\/logo\/image\/"},"sameAs":["https:\/\/www.facebook.com\/Footdavant\/","https:\/\/twitter.com\/FootdavantFr","https:\/\/www.instagram.com\/footdavant.fr\/"]},{"@type":"Person","@id":"https:\/\/footdavant.fr\/actualites\/#\/schema\/person\/bc222566d95871b37e597b3ed3ba5e1d","name":"Cl\u00e9ment","image":{"@type":"ImageObject","inLanguage":"fr-FR","@id":"https:\/\/footdavant.fr\/actualites\/#\/schema\/person\/image\/","url":"https:\/\/secure.gravatar.com\/avatar\/7728b29aac2719421e1a9159b2254c44?s=96&d=mm&r=g","contentUrl":"https:\/\/secure.gravatar.com\/avatar\/7728b29aac2719421e1a9159b2254c44?s=96&d=mm&r=g","caption":"Cl\u00e9ment"},"sameAs":["https:\/\/footdavant.fr\/"]}]}},"_links":{"self":[{"href":"https:\/\/footdavant.fr\/actualites\/wp-json\/wp\/v2\/posts\/25889"}],"collection":[{"href":"https:\/\/footdavant.fr\/actualites\/wp-json\/wp\/v2\/posts"}],"about":[{"href":"https:\/\/footdavant.fr\/actualites\/wp-json\/wp\/v2\/types\/post"}],"author":[{"embeddable":true,"href":"https:\/\/footdavant.fr\/actualites\/wp-json\/wp\/v2\/users\/1"}],"replies":[{"embeddable":true,"href":"https:\/\/footdavant.fr\/actualites\/wp-json\/wp\/v2\/comments?post=25889"}],"version-history":[{"count":1,"href":"https:\/\/footdavant.fr\/actualites\/wp-json\/wp\/v2\/posts\/25889\/revisions"}],"predecessor-version":[{"id":25891,"href":"https:\/\/footdavant.fr\/actualites\/wp-json\/wp\/v2\/posts\/25889\/revisions\/25891"}],"wp:featuredmedia":[{"embeddable":true,"href":"https:\/\/footdavant.fr\/actualites\/wp-json\/wp\/v2\/media\/25890"}],"wp:attachment":[{"href":"https:\/\/footdavant.fr\/actualites\/wp-json\/wp\/v2\/media?parent=25889"}],"wp:term":[{"taxonomy":"category","embeddable":true,"href":"https:\/\/footdavant.fr\/actualites\/wp-json\/wp\/v2\/categories?post=25889"},{"taxonomy":"post_tag","embeddable":true,"href":"https:\/\/footdavant.fr\/actualites\/wp-json\/wp\/v2\/tags?post=25889"}],"curies":[{"name":"wp","href":"https:\/\/api.w.org\/{rel}","templated":true}]}}