{"id":2589,"date":"2023-12-16T09:00:51","date_gmt":"2023-12-16T08:00:51","guid":{"rendered":"https:\/\/footdavant.fr\/actualites\/las-de-liverpool-est-determine-a-repousser-linteret-saoudien-et-a-se-battre-pour-lavenir-danfield\/"},"modified":"2023-12-16T09:00:59","modified_gmt":"2023-12-16T08:00:59","slug":"las-de-liverpool-est-determine-a-repousser-linteret-saoudien-et-a-se-battre-pour-lavenir-danfield","status":"publish","type":"post","link":"https:\/\/footdavant.fr\/actualites\/las-de-liverpool-est-determine-a-repousser-linteret-saoudien-et-a-se-battre-pour-lavenir-danfield\/","title":{"rendered":"L&rsquo;as de Liverpool est d\u00e9termin\u00e9 \u00e0 repousser l&rsquo;int\u00e9r\u00eat saoudien et \u00e0 se battre pour l&rsquo;avenir d&rsquo;Anfield"},"content":{"rendered":"<p><\/p>\n<div id=\"article-body\">\n<!-- Article Start --><\/p>\n<p>Bien qu&rsquo;il n&rsquo;ait pas jou\u00e9 pour Liverpool depuis pr\u00e8s de huit mois, Thiago Alcantara est apparemment d\u00e9termin\u00e9 \u00e0 se battre pour son avenir au club.<\/p>\n<p>Le joueur de 32 ans est absent en raison d&rsquo;un probl\u00e8me \u00e0 la hanche depuis fin avril, et avec son contrat \u00e0 Anfield expirant l&rsquo;\u00e9t\u00e9 prochain, il semble tr\u00e8s possible que ce soit sa derni\u00e8re saison avec les Reds.<\/p>\n<p>Cependant, selon 90min, le milieu de terrain estime qu&rsquo;il peut encore jouer un grand r\u00f4le pour l&rsquo;\u00e9quipe de Jurgen Klopp avant la fin de la campagne et convaincre la hi\u00e9rarchie de lui proposer un nouveau contrat.<\/p>\n<p>Malgr\u00e9 des liens avec un d\u00e9m\u00e9nagement en Arabie Saoudite, Thiago a montr\u00e9 \u00ab peu ou pas d&rsquo;int\u00e9r\u00eat \u00bb \u00e0 suivre les anciens co\u00e9quipiers de Liverpool Jordan Henderson, Fabinho, Gini Wijnaldum et Bobby Firmino au Moyen-Orient, et il est peu probable qu&rsquo;il change d&rsquo;avis \u00e0 moins de devenir libre. agent dans six mois.<\/p>\n<\/p>\n<p>Il a \u00e9t\u00e9 mentionn\u00e9 dans le reportage de 90 minutes que le joueur de 32 ans devrait \u00eatre suffisamment en forme pour revenir jouer en janvier, il pourrait donc avoir un grand mot \u00e0 dire sur la fortune de Liverpool cette saison, s&rsquo;il parvient \u00e0 \u00e9viter les blessures une fois de retour. en action.<\/p>\n<p>Il lui faudra du temps pour retrouver son rythme, n&rsquo;ayant pas jou\u00e9 depuis si longtemps, mais un homme de sa qualit\u00e9 et de son exp\u00e9rience pourrait certainement \u00eatre un \u00e9norme atout pour l&rsquo;\u00e9quipe de Klopp dans la seconde moiti\u00e9 de la campagne, surtout si nous nous battons \u00e0 quatre. fa\u00e7ades.<\/p>\n<p>Qu&rsquo;il obtienne ou non une prolongation de contrat d\u00e9pendra de l&rsquo;ampleur de sa contribution \u00e0 son retour et du r\u00f4le qu&rsquo;il est susceptible de jouer au-del\u00e0 de l&rsquo;\u00e9t\u00e9 prochain.<\/p>\n<p>En r\u00e8gle g\u00e9n\u00e9rale, cela n&rsquo;a peut-\u00eatre pas beaucoup de sens d&rsquo;attribuer de nouveaux mandats \u00e0 un joueur qui aura 33 ans en avril prochain et qui gagne d\u00e9j\u00e0 200 000 \u00a3 par semaine, la troisi\u00e8me somme la plus \u00e9lev\u00e9e \u00e0 Liverpool (Capology).<\/p>\n<p>Cependant, quelqu&rsquo;un d&rsquo;aussi bon que Thiago m\u00e9rite au moins d&rsquo;avoir une chance de convaincre la hi\u00e9rarchie d&rsquo;Anfield qu&rsquo;il a peut-\u00eatre encore un avenir au club au-del\u00e0 de la fin de cette saison.  Son retour \u00e0 l&rsquo;action ne peut pas arriver assez t\u00f4t.<\/p>\n<\/p>\n<p><span class=\"embed-youtube\" style=\"text-align:center; display: block;\"><\/span><\/p>\n<p><!-- Article End -->\t\t\t\t<\/div>\n","protected":false},"excerpt":{"rendered":"<p>Bien qu&rsquo;il n&rsquo;ait pas jou\u00e9 pour Liverpool depuis pr\u00e8s de huit mois, Thiago Alcantara est apparemment d\u00e9termin\u00e9 \u00e0 se battre pour son avenir au club.<\/p>\n","protected":false},"author":1,"featured_media":2590,"comment_status":"closed","ping_status":"","sticky":false,"template":"","format":"standard","meta":{"footnotes":""},"categories":[3],"tags":[540,2272,2269,217,848,307,609,53,51,2270,2271],"yoast_head":"<!-- This site is optimized with the Yoast SEO plugin v21.0 - https:\/\/yoast.com\/wordpress\/plugins\/seo\/ -->\n<title>L&#039;as de Liverpool est d\u00e9termin\u00e9 \u00e0 repousser l&#039;int\u00e9r\u00eat saoudien et \u00e0 se battre pour l&#039;avenir d&#039;Anfield<\/title>\n<meta name=\"robots\" content=\"index, follow, max-snippet:-1, max-image-preview:large, max-video-preview:-1\" \/>\n<link rel=\"canonical\" href=\"https:\/\/footdavant.fr\/actualites\/las-de-liverpool-est-determine-a-repousser-linteret-saoudien-et-a-se-battre-pour-lavenir-danfield\/\" \/>\n<meta property=\"og:locale\" content=\"fr_FR\" \/>\n<meta property=\"og:type\" content=\"article\" \/>\n<meta property=\"og:title\" content=\"L&#039;as de Liverpool est d\u00e9termin\u00e9 \u00e0 repousser l&#039;int\u00e9r\u00eat saoudien et \u00e0 se battre pour l&#039;avenir d&#039;Anfield\" \/>\n<meta property=\"og:description\" content=\"Bien qu&rsquo;il n&rsquo;ait pas jou\u00e9 pour Liverpool depuis pr\u00e8s de huit mois, Thiago Alcantara est apparemment d\u00e9termin\u00e9 \u00e0 se battre pour son avenir au club.\" \/>\n<meta property=\"og:url\" content=\"https:\/\/footdavant.fr\/actualites\/las-de-liverpool-est-determine-a-repousser-linteret-saoudien-et-a-se-battre-pour-lavenir-danfield\/\" \/>\n<meta property=\"og:site_name\" content=\"Foot d&#039;avant\" \/>\n<meta property=\"article:publisher\" content=\"https:\/\/www.facebook.com\/Footdavant\/\" \/>\n<meta property=\"article:published_time\" content=\"2023-12-16T08:00:51+00:00\" \/>\n<meta property=\"article:modified_time\" content=\"2023-12-16T08:00:59+00:00\" \/>\n<meta property=\"og:image\" content=\"https:\/\/footdavant.fr\/actualites\/wp-content\/uploads\/2023\/12\/Las-de-Liverpool-est-determine-a-repousser-linteret-saoudien-et-scaled.jpg\" \/>\n\t<meta property=\"og:image:width\" content=\"2560\" \/>\n\t<meta property=\"og:image:height\" content=\"1707\" \/>\n\t<meta property=\"og:image:type\" content=\"image\/jpeg\" \/>\n<meta name=\"author\" content=\"Cl\u00e9ment\" \/>\n<meta name=\"twitter:card\" content=\"summary_large_image\" \/>\n<meta name=\"twitter:creator\" content=\"@FootdavantFr\" \/>\n<meta name=\"twitter:site\" content=\"@FootdavantFr\" \/>\n<meta name=\"twitter:label1\" content=\"\u00c9crit par\" \/>\n\t<meta name=\"twitter:data1\" content=\"Cl\u00e9ment\" \/>\n\t<meta name=\"twitter:label2\" content=\"Dur\u00e9e de lecture estim\u00e9e\" \/>\n\t<meta name=\"twitter:data2\" content=\"2 minutes\" \/>\n<script type=\"application\/ld+json\" class=\"yoast-schema-graph\">{\"@context\":\"https:\/\/schema.org\",\"@graph\":[{\"@type\":\"Article\",\"@id\":\"https:\/\/footdavant.fr\/actualites\/las-de-liverpool-est-determine-a-repousser-linteret-saoudien-et-a-se-battre-pour-lavenir-danfield\/#article\",\"isPartOf\":{\"@id\":\"https:\/\/footdavant.fr\/actualites\/las-de-liverpool-est-determine-a-repousser-linteret-saoudien-et-a-se-battre-pour-lavenir-danfield\/\"},\"author\":{\"name\":\"Cl\u00e9ment\",\"@id\":\"https:\/\/footdavant.fr\/actualites\/#\/schema\/person\/bc222566d95871b37e597b3ed3ba5e1d\"},\"headline\":\"L&rsquo;as de Liverpool est d\u00e9termin\u00e9 \u00e0 repousser l&rsquo;int\u00e9r\u00eat saoudien et \u00e0 se battre pour l&rsquo;avenir d&rsquo;Anfield\",\"datePublished\":\"2023-12-16T08:00:51+00:00\",\"dateModified\":\"2023-12-16T08:00:59+00:00\",\"mainEntityOfPage\":{\"@id\":\"https:\/\/footdavant.fr\/actualites\/las-de-liverpool-est-determine-a-repousser-linteret-saoudien-et-a-se-battre-pour-lavenir-danfield\/\"},\"wordCount\":396,\"publisher\":{\"@id\":\"https:\/\/footdavant.fr\/actualites\/#organization\"},\"keywords\":[\"battre\",\"dAnfield\",\"d\u00e9termin\u00e9\",\"est\",\"las\",\"lavenir\",\"lint\u00e9r\u00eat\",\"Liverpool\",\"pour\",\"repousser\",\"saoudien\"],\"articleSection\":[\"Football\"],\"inLanguage\":\"fr-FR\"},{\"@type\":\"WebPage\",\"@id\":\"https:\/\/footdavant.fr\/actualites\/las-de-liverpool-est-determine-a-repousser-linteret-saoudien-et-a-se-battre-pour-lavenir-danfield\/\",\"url\":\"https:\/\/footdavant.fr\/actualites\/las-de-liverpool-est-determine-a-repousser-linteret-saoudien-et-a-se-battre-pour-lavenir-danfield\/\",\"name\":\"L'as de Liverpool est d\u00e9termin\u00e9 \u00e0 repousser l'int\u00e9r\u00eat saoudien et \u00e0 se battre pour l'avenir d'Anfield\",\"isPartOf\":{\"@id\":\"https:\/\/footdavant.fr\/actualites\/#website\"},\"datePublished\":\"2023-12-16T08:00:51+00:00\",\"dateModified\":\"2023-12-16T08:00:59+00:00\",\"breadcrumb\":{\"@id\":\"https:\/\/footdavant.fr\/actualites\/las-de-liverpool-est-determine-a-repousser-linteret-saoudien-et-a-se-battre-pour-lavenir-danfield\/#breadcrumb\"},\"inLanguage\":\"fr-FR\",\"potentialAction\":[{\"@type\":\"ReadAction\",\"target\":[\"https:\/\/footdavant.fr\/actualites\/las-de-liverpool-est-determine-a-repousser-linteret-saoudien-et-a-se-battre-pour-lavenir-danfield\/\"]}]},{\"@type\":\"BreadcrumbList\",\"@id\":\"https:\/\/footdavant.fr\/actualites\/las-de-liverpool-est-determine-a-repousser-linteret-saoudien-et-a-se-battre-pour-lavenir-danfield\/#breadcrumb\",\"itemListElement\":[{\"@type\":\"ListItem\",\"position\":1,\"name\":\"Accueil\",\"item\":\"https:\/\/footdavant.fr\/actualites\/\"},{\"@type\":\"ListItem\",\"position\":2,\"name\":\"L&rsquo;as de Liverpool est d\u00e9termin\u00e9 \u00e0 repousser l&rsquo;int\u00e9r\u00eat saoudien et \u00e0 se battre pour l&rsquo;avenir d&rsquo;Anfield\"}]},{\"@type\":\"WebSite\",\"@id\":\"https:\/\/footdavant.fr\/actualites\/#website\",\"url\":\"https:\/\/footdavant.fr\/actualites\/\",\"name\":\"Foot d'avant\",\"description\":\"\",\"publisher\":{\"@id\":\"https:\/\/footdavant.fr\/actualites\/#organization\"},\"potentialAction\":[{\"@type\":\"SearchAction\",\"target\":{\"@type\":\"EntryPoint\",\"urlTemplate\":\"https:\/\/footdavant.fr\/actualites\/?s={search_term_string}\"},\"query-input\":\"required name=search_term_string\"}],\"inLanguage\":\"fr-FR\"},{\"@type\":\"Organization\",\"@id\":\"https:\/\/footdavant.fr\/actualites\/#organization\",\"name\":\"Foot d'avant\",\"url\":\"https:\/\/footdavant.fr\/actualites\/\",\"logo\":{\"@type\":\"ImageObject\",\"inLanguage\":\"fr-FR\",\"@id\":\"https:\/\/footdavant.fr\/actualites\/#\/schema\/logo\/image\/\",\"url\":\"https:\/\/footdavant.fr\/actualites\/wp-content\/uploads\/2023\/09\/Copy-of-FootDavant-Logo.png\",\"contentUrl\":\"https:\/\/footdavant.fr\/actualites\/wp-content\/uploads\/2023\/09\/Copy-of-FootDavant-Logo.png\",\"width\":936,\"height\":549,\"caption\":\"Foot d'avant\"},\"image\":{\"@id\":\"https:\/\/footdavant.fr\/actualites\/#\/schema\/logo\/image\/\"},\"sameAs\":[\"https:\/\/www.facebook.com\/Footdavant\/\",\"https:\/\/twitter.com\/FootdavantFr\",\"https:\/\/www.instagram.com\/footdavant.fr\/\"]},{\"@type\":\"Person\",\"@id\":\"https:\/\/footdavant.fr\/actualites\/#\/schema\/person\/bc222566d95871b37e597b3ed3ba5e1d\",\"name\":\"Cl\u00e9ment\",\"image\":{\"@type\":\"ImageObject\",\"inLanguage\":\"fr-FR\",\"@id\":\"https:\/\/footdavant.fr\/actualites\/#\/schema\/person\/image\/\",\"url\":\"https:\/\/secure.gravatar.com\/avatar\/7728b29aac2719421e1a9159b2254c44?s=96&d=mm&r=g\",\"contentUrl\":\"https:\/\/secure.gravatar.com\/avatar\/7728b29aac2719421e1a9159b2254c44?s=96&d=mm&r=g\",\"caption\":\"Cl\u00e9ment\"},\"sameAs\":[\"https:\/\/footdavant.fr\/\"]}]}<\/script>\n<!-- \/ Yoast SEO plugin. -->","yoast_head_json":{"title":"L'as de Liverpool est d\u00e9termin\u00e9 \u00e0 repousser l'int\u00e9r\u00eat saoudien et \u00e0 se battre pour l'avenir d'Anfield","robots":{"index":"index","follow":"follow","max-snippet":"max-snippet:-1","max-image-preview":"max-image-preview:large","max-video-preview":"max-video-preview:-1"},"canonical":"https:\/\/footdavant.fr\/actualites\/las-de-liverpool-est-determine-a-repousser-linteret-saoudien-et-a-se-battre-pour-lavenir-danfield\/","og_locale":"fr_FR","og_type":"article","og_title":"L'as de Liverpool est d\u00e9termin\u00e9 \u00e0 repousser l'int\u00e9r\u00eat saoudien et \u00e0 se battre pour l'avenir d'Anfield","og_description":"Bien qu&rsquo;il n&rsquo;ait pas jou\u00e9 pour Liverpool depuis pr\u00e8s de huit mois, Thiago Alcantara est apparemment d\u00e9termin\u00e9 \u00e0 se battre pour son avenir au club.","og_url":"https:\/\/footdavant.fr\/actualites\/las-de-liverpool-est-determine-a-repousser-linteret-saoudien-et-a-se-battre-pour-lavenir-danfield\/","og_site_name":"Foot d&#039;avant","article_publisher":"https:\/\/www.facebook.com\/Footdavant\/","article_published_time":"2023-12-16T08:00:51+00:00","article_modified_time":"2023-12-16T08:00:59+00:00","og_image":[{"width":2560,"height":1707,"url":"https:\/\/footdavant.fr\/actualites\/wp-content\/uploads\/2023\/12\/Las-de-Liverpool-est-determine-a-repousser-linteret-saoudien-et-scaled.jpg","type":"image\/jpeg"}],"author":"Cl\u00e9ment","twitter_card":"summary_large_image","twitter_creator":"@FootdavantFr","twitter_site":"@FootdavantFr","twitter_misc":{"\u00c9crit par":"Cl\u00e9ment","Dur\u00e9e de lecture estim\u00e9e":"2 minutes"},"schema":{"@context":"https:\/\/schema.org","@graph":[{"@type":"Article","@id":"https:\/\/footdavant.fr\/actualites\/las-de-liverpool-est-determine-a-repousser-linteret-saoudien-et-a-se-battre-pour-lavenir-danfield\/#article","isPartOf":{"@id":"https:\/\/footdavant.fr\/actualites\/las-de-liverpool-est-determine-a-repousser-linteret-saoudien-et-a-se-battre-pour-lavenir-danfield\/"},"author":{"name":"Cl\u00e9ment","@id":"https:\/\/footdavant.fr\/actualites\/#\/schema\/person\/bc222566d95871b37e597b3ed3ba5e1d"},"headline":"L&rsquo;as de Liverpool est d\u00e9termin\u00e9 \u00e0 repousser l&rsquo;int\u00e9r\u00eat saoudien et \u00e0 se battre pour l&rsquo;avenir d&rsquo;Anfield","datePublished":"2023-12-16T08:00:51+00:00","dateModified":"2023-12-16T08:00:59+00:00","mainEntityOfPage":{"@id":"https:\/\/footdavant.fr\/actualites\/las-de-liverpool-est-determine-a-repousser-linteret-saoudien-et-a-se-battre-pour-lavenir-danfield\/"},"wordCount":396,"publisher":{"@id":"https:\/\/footdavant.fr\/actualites\/#organization"},"keywords":["battre","dAnfield","d\u00e9termin\u00e9","est","las","lavenir","lint\u00e9r\u00eat","Liverpool","pour","repousser","saoudien"],"articleSection":["Football"],"inLanguage":"fr-FR"},{"@type":"WebPage","@id":"https:\/\/footdavant.fr\/actualites\/las-de-liverpool-est-determine-a-repousser-linteret-saoudien-et-a-se-battre-pour-lavenir-danfield\/","url":"https:\/\/footdavant.fr\/actualites\/las-de-liverpool-est-determine-a-repousser-linteret-saoudien-et-a-se-battre-pour-lavenir-danfield\/","name":"L'as de Liverpool est d\u00e9termin\u00e9 \u00e0 repousser l'int\u00e9r\u00eat saoudien et \u00e0 se battre pour l'avenir d'Anfield","isPartOf":{"@id":"https:\/\/footdavant.fr\/actualites\/#website"},"datePublished":"2023-12-16T08:00:51+00:00","dateModified":"2023-12-16T08:00:59+00:00","breadcrumb":{"@id":"https:\/\/footdavant.fr\/actualites\/las-de-liverpool-est-determine-a-repousser-linteret-saoudien-et-a-se-battre-pour-lavenir-danfield\/#breadcrumb"},"inLanguage":"fr-FR","potentialAction":[{"@type":"ReadAction","target":["https:\/\/footdavant.fr\/actualites\/las-de-liverpool-est-determine-a-repousser-linteret-saoudien-et-a-se-battre-pour-lavenir-danfield\/"]}]},{"@type":"BreadcrumbList","@id":"https:\/\/footdavant.fr\/actualites\/las-de-liverpool-est-determine-a-repousser-linteret-saoudien-et-a-se-battre-pour-lavenir-danfield\/#breadcrumb","itemListElement":[{"@type":"ListItem","position":1,"name":"Accueil","item":"https:\/\/footdavant.fr\/actualites\/"},{"@type":"ListItem","position":2,"name":"L&rsquo;as de Liverpool est d\u00e9termin\u00e9 \u00e0 repousser l&rsquo;int\u00e9r\u00eat saoudien et \u00e0 se battre pour l&rsquo;avenir d&rsquo;Anfield"}]},{"@type":"WebSite","@id":"https:\/\/footdavant.fr\/actualites\/#website","url":"https:\/\/footdavant.fr\/actualites\/","name":"Foot d'avant","description":"","publisher":{"@id":"https:\/\/footdavant.fr\/actualites\/#organization"},"potentialAction":[{"@type":"SearchAction","target":{"@type":"EntryPoint","urlTemplate":"https:\/\/footdavant.fr\/actualites\/?s={search_term_string}"},"query-input":"required name=search_term_string"}],"inLanguage":"fr-FR"},{"@type":"Organization","@id":"https:\/\/footdavant.fr\/actualites\/#organization","name":"Foot d'avant","url":"https:\/\/footdavant.fr\/actualites\/","logo":{"@type":"ImageObject","inLanguage":"fr-FR","@id":"https:\/\/footdavant.fr\/actualites\/#\/schema\/logo\/image\/","url":"https:\/\/footdavant.fr\/actualites\/wp-content\/uploads\/2023\/09\/Copy-of-FootDavant-Logo.png","contentUrl":"https:\/\/footdavant.fr\/actualites\/wp-content\/uploads\/2023\/09\/Copy-of-FootDavant-Logo.png","width":936,"height":549,"caption":"Foot d'avant"},"image":{"@id":"https:\/\/footdavant.fr\/actualites\/#\/schema\/logo\/image\/"},"sameAs":["https:\/\/www.facebook.com\/Footdavant\/","https:\/\/twitter.com\/FootdavantFr","https:\/\/www.instagram.com\/footdavant.fr\/"]},{"@type":"Person","@id":"https:\/\/footdavant.fr\/actualites\/#\/schema\/person\/bc222566d95871b37e597b3ed3ba5e1d","name":"Cl\u00e9ment","image":{"@type":"ImageObject","inLanguage":"fr-FR","@id":"https:\/\/footdavant.fr\/actualites\/#\/schema\/person\/image\/","url":"https:\/\/secure.gravatar.com\/avatar\/7728b29aac2719421e1a9159b2254c44?s=96&d=mm&r=g","contentUrl":"https:\/\/secure.gravatar.com\/avatar\/7728b29aac2719421e1a9159b2254c44?s=96&d=mm&r=g","caption":"Cl\u00e9ment"},"sameAs":["https:\/\/footdavant.fr\/"]}]}},"_links":{"self":[{"href":"https:\/\/footdavant.fr\/actualites\/wp-json\/wp\/v2\/posts\/2589"}],"collection":[{"href":"https:\/\/footdavant.fr\/actualites\/wp-json\/wp\/v2\/posts"}],"about":[{"href":"https:\/\/footdavant.fr\/actualites\/wp-json\/wp\/v2\/types\/post"}],"author":[{"embeddable":true,"href":"https:\/\/footdavant.fr\/actualites\/wp-json\/wp\/v2\/users\/1"}],"replies":[{"embeddable":true,"href":"https:\/\/footdavant.fr\/actualites\/wp-json\/wp\/v2\/comments?post=2589"}],"version-history":[{"count":1,"href":"https:\/\/footdavant.fr\/actualites\/wp-json\/wp\/v2\/posts\/2589\/revisions"}],"predecessor-version":[{"id":2591,"href":"https:\/\/footdavant.fr\/actualites\/wp-json\/wp\/v2\/posts\/2589\/revisions\/2591"}],"wp:featuredmedia":[{"embeddable":true,"href":"https:\/\/footdavant.fr\/actualites\/wp-json\/wp\/v2\/media\/2590"}],"wp:attachment":[{"href":"https:\/\/footdavant.fr\/actualites\/wp-json\/wp\/v2\/media?parent=2589"}],"wp:term":[{"taxonomy":"category","embeddable":true,"href":"https:\/\/footdavant.fr\/actualites\/wp-json\/wp\/v2\/categories?post=2589"},{"taxonomy":"post_tag","embeddable":true,"href":"https:\/\/footdavant.fr\/actualites\/wp-json\/wp\/v2\/tags?post=2589"}],"curies":[{"name":"wp","href":"https:\/\/api.w.org\/{rel}","templated":true}]}}