{"id":25898,"date":"2025-07-08T13:48:56","date_gmt":"2025-07-08T11:48:56","guid":{"rendered":"https:\/\/footdavant.fr\/actualites\/les-joueurs-de-liverpool-reviennent-pour-lentrainement-pre-saison-apres-les-funerailles-de-jota\/"},"modified":"2025-07-08T13:48:58","modified_gmt":"2025-07-08T11:48:58","slug":"les-joueurs-de-liverpool-reviennent-pour-lentrainement-pre-saison-apres-les-funerailles-de-jota","status":"publish","type":"post","link":"https:\/\/footdavant.fr\/actualites\/les-joueurs-de-liverpool-reviennent-pour-lentrainement-pre-saison-apres-les-funerailles-de-jota\/","title":{"rendered":"Les joueurs de Liverpool reviennent pour l&#39;entra\u00eenement pr\u00e9-saison apr\u00e8s les fun\u00e9railles de Jota"},"content":{"rendered":"<div>\n<p>Les joueurs de Liverpool sont revenus pour l&#39;entra\u00eenement de pr\u00e9-saison ce matin, trois jours seulement apr\u00e8s les fun\u00e9railles du co\u00e9quipier Diogo Jota.<\/p>\n<p>Jota a \u00e9t\u00e9 mis au repos, aux c\u00f4t\u00e9s de son fr\u00e8re Andre Silva, dans la ville portugaise de Gondomar samedi.<\/p>\n<p>La paire a \u00e9t\u00e9 tu\u00e9e lorsque la Lamborghini dans laquelle ils voyageaient est sortie de la route dans la province de Zamora, dans le nord-ouest de l&#39;Espagne, aux premi\u00e8res heures de jeudi matin.<\/p>\n<p>Jota, 28 ans, a \u00e9pous\u00e9 le partenaire de longue date Rute Cardoso il y a deux semaines et a eu trois enfants. Silva avait 25 ans.<\/p>\n<blockquote class=\"twitter-tweet\">\n<p dir=\"ltr\" lang=\"en\">Diogoal \u2764\ufe0f<\/p>\n<p>Se souvenir de notre num\u00e9ro 20 avec chaque objectif de Diogo Jota pour les Reds. <a rel=\"nofollow\" href=\"https:\/\/t.co\/xGzeAJiXkK\" rel=\"nofollow\">pic.twitter.com\/xgzeajixkk<\/a><\/p>\n<p>&#8211; Liverpool FC (@LFC) <a rel=\"nofollow\" href=\"https:\/\/twitter.com\/LFC\/status\/1942297566395392358?ref_src=twsrc%5Etfw\" rel=\"nofollow noopener\">7 juillet 2025<\/a><\/p>\n<\/blockquote>\n<p>La majorit\u00e9 de l&#39;\u00e9quipe et du personnel de Liverpool ont assist\u00e9 aux fun\u00e9railles &#8211; y compris le patron Arne Slot &#8211; mais ils \u00e9taient de retour sur le Merseyside ce matin.<\/p>\n<h3><span id=\"Fearful_Salah_back_at_Liverpool\">Salah effrayante \u00e0 Liverpool<\/span><\/h3>\n<p>Parmi les joueurs vus arriver au centre de formation de l&#39;AXA, l&#39;attaquant \u00e9gyptien Mohamed Salah, qui a admis la semaine derni\u00e8re, il craignait de revenir avec l&#39;accident tragique ayant un impact profond sur tout le monde au club.<\/p>\n<p>Il a \u00e9crit sur X: \u00abJusqu&#39;\u00e0 hier, je n&#39;ai jamais pens\u00e9 qu&#39;il y aurait quelque chose qui me ferait peur de retourner \u00e0 Liverpool apr\u00e8s la pause. Les co\u00e9quipiers vont et pas comme \u00e7a.<\/p>\n<p>\u00ab\u00a0Il va \u00eatre extr\u00eamement difficile d&#39;accepter que Diogo ne sera pas l\u00e0 quand nous reviendrons.\u00a0\u00bb<\/p>\n<h3><span id=\"Liverpool_face_hectic_pre-season_schedule\">Liverpool Face Horaire de pr\u00e9-saison charg\u00e9<\/span><\/h3>\n<p>Liverpool doit ouvrir son programme de pr\u00e9-saison \u00e0 Preston dimanche, bien que ce match puisse encore \u00eatre annul\u00e9.<\/p>\n<p>Ils se rendent ensuite en Asie pour des matchs contre l&#39;AC Milan et le Yokohama FM avant un double t\u00eate contre le sport Bilbao \u00e0 Anfield le lundi 4 ao\u00fbt.<\/p>\n<p>Les hommes de Slot affrontent Crystal Palace \u00e0 Wembley le 10 ao\u00fbt dans le bouclier communautaire et commencent la d\u00e9fense de leur titre de Premier League \u00e0 domicile contre Bournemouth lors de l&#39;ouverture vendredi de la saison.<\/p>\n<\/div>\n<p><script async src=\"https:\/\/platform.twitter.com\/widgets.js\" charset=\"utf-8\"><\/script><\/p>\n","protected":false},"excerpt":{"rendered":"<p>Les joueurs de Liverpool sont revenus pour l&#39;entra\u00eenement de pr\u00e9-saison ce matin, trois jours seulement apr\u00e8s les fun\u00e9railles du co\u00e9quipier Diogo Jota. Jota a \u00e9t\u00e9<\/p>\n","protected":false},"author":1,"featured_media":25899,"comment_status":"closed","ping_status":"","sticky":false,"template":"","format":"standard","meta":{"footnotes":""},"categories":[3],"tags":[25,958,1590,220,4531,93,53,51,1517,3305],"yoast_head":"<!-- This site is optimized with the Yoast SEO plugin v21.0 - https:\/\/yoast.com\/wordpress\/plugins\/seo\/ -->\n<title>Les joueurs de Liverpool reviennent pour l&#039;entra\u00eenement pr\u00e9-saison apr\u00e8s les fun\u00e9railles de Jota<\/title>\n<meta name=\"robots\" content=\"index, follow, max-snippet:-1, max-image-preview:large, max-video-preview:-1\" \/>\n<link rel=\"canonical\" href=\"https:\/\/footdavant.fr\/actualites\/les-joueurs-de-liverpool-reviennent-pour-lentrainement-pre-saison-apres-les-funerailles-de-jota\/\" \/>\n<meta property=\"og:locale\" content=\"fr_FR\" \/>\n<meta property=\"og:type\" content=\"article\" \/>\n<meta property=\"og:title\" content=\"Les joueurs de Liverpool reviennent pour l&#039;entra\u00eenement pr\u00e9-saison apr\u00e8s les fun\u00e9railles de Jota\" \/>\n<meta property=\"og:description\" content=\"Les joueurs de Liverpool sont revenus pour l&#039;entra\u00eenement de pr\u00e9-saison ce matin, trois jours seulement apr\u00e8s les fun\u00e9railles du co\u00e9quipier Diogo Jota. Jota a \u00e9t\u00e9\" \/>\n<meta property=\"og:url\" content=\"https:\/\/footdavant.fr\/actualites\/les-joueurs-de-liverpool-reviennent-pour-lentrainement-pre-saison-apres-les-funerailles-de-jota\/\" \/>\n<meta property=\"og:site_name\" content=\"Foot d&#039;avant\" \/>\n<meta property=\"article:publisher\" content=\"https:\/\/www.facebook.com\/Footdavant\/\" \/>\n<meta property=\"article:published_time\" content=\"2025-07-08T11:48:56+00:00\" \/>\n<meta property=\"article:modified_time\" content=\"2025-07-08T11:48:58+00:00\" \/>\n<meta property=\"og:image\" content=\"https:\/\/footdavant.fr\/actualites\/wp-content\/uploads\/2025\/07\/Les-joueurs-de-Liverpool-reviennent-pour-l39entrainement-pre-saison-apres-les.jpg\" \/>\n\t<meta property=\"og:image:width\" content=\"1200\" \/>\n\t<meta property=\"og:image:height\" content=\"842\" \/>\n\t<meta property=\"og:image:type\" content=\"image\/jpeg\" \/>\n<meta name=\"author\" content=\"Cl\u00e9ment\" \/>\n<meta name=\"twitter:card\" content=\"summary_large_image\" \/>\n<meta name=\"twitter:creator\" content=\"@FootdavantFr\" \/>\n<meta name=\"twitter:site\" content=\"@FootdavantFr\" \/>\n<meta name=\"twitter:label1\" content=\"\u00c9crit par\" \/>\n\t<meta name=\"twitter:data1\" content=\"Cl\u00e9ment\" \/>\n\t<meta name=\"twitter:label2\" content=\"Dur\u00e9e de lecture estim\u00e9e\" \/>\n\t<meta name=\"twitter:data2\" content=\"2 minutes\" \/>\n<script type=\"application\/ld+json\" class=\"yoast-schema-graph\">{\"@context\":\"https:\/\/schema.org\",\"@graph\":[{\"@type\":\"Article\",\"@id\":\"https:\/\/footdavant.fr\/actualites\/les-joueurs-de-liverpool-reviennent-pour-lentrainement-pre-saison-apres-les-funerailles-de-jota\/#article\",\"isPartOf\":{\"@id\":\"https:\/\/footdavant.fr\/actualites\/les-joueurs-de-liverpool-reviennent-pour-lentrainement-pre-saison-apres-les-funerailles-de-jota\/\"},\"author\":{\"name\":\"Cl\u00e9ment\",\"@id\":\"https:\/\/footdavant.fr\/actualites\/#\/schema\/person\/bc222566d95871b37e597b3ed3ba5e1d\"},\"headline\":\"Les joueurs de Liverpool reviennent pour l&#39;entra\u00eenement pr\u00e9-saison apr\u00e8s les fun\u00e9railles de Jota\",\"datePublished\":\"2025-07-08T11:48:56+00:00\",\"dateModified\":\"2025-07-08T11:48:58+00:00\",\"mainEntityOfPage\":{\"@id\":\"https:\/\/footdavant.fr\/actualites\/les-joueurs-de-liverpool-reviennent-pour-lentrainement-pre-saison-apres-les-funerailles-de-jota\/\"},\"wordCount\":379,\"publisher\":{\"@id\":\"https:\/\/footdavant.fr\/actualites\/#organization\"},\"keywords\":[\"apr\u00e8s\",\"fun\u00e9railles\",\"Jota\",\"joueurs\",\"l39entra\u00eenement\",\"les\",\"Liverpool\",\"pour\",\"pr\u00e9saison\",\"reviennent\"],\"articleSection\":[\"Football\"],\"inLanguage\":\"fr-FR\"},{\"@type\":\"WebPage\",\"@id\":\"https:\/\/footdavant.fr\/actualites\/les-joueurs-de-liverpool-reviennent-pour-lentrainement-pre-saison-apres-les-funerailles-de-jota\/\",\"url\":\"https:\/\/footdavant.fr\/actualites\/les-joueurs-de-liverpool-reviennent-pour-lentrainement-pre-saison-apres-les-funerailles-de-jota\/\",\"name\":\"Les joueurs de Liverpool reviennent pour l&#39;entra\u00eenement pr\u00e9-saison apr\u00e8s les fun\u00e9railles de Jota\",\"isPartOf\":{\"@id\":\"https:\/\/footdavant.fr\/actualites\/#website\"},\"datePublished\":\"2025-07-08T11:48:56+00:00\",\"dateModified\":\"2025-07-08T11:48:58+00:00\",\"breadcrumb\":{\"@id\":\"https:\/\/footdavant.fr\/actualites\/les-joueurs-de-liverpool-reviennent-pour-lentrainement-pre-saison-apres-les-funerailles-de-jota\/#breadcrumb\"},\"inLanguage\":\"fr-FR\",\"potentialAction\":[{\"@type\":\"ReadAction\",\"target\":[\"https:\/\/footdavant.fr\/actualites\/les-joueurs-de-liverpool-reviennent-pour-lentrainement-pre-saison-apres-les-funerailles-de-jota\/\"]}]},{\"@type\":\"BreadcrumbList\",\"@id\":\"https:\/\/footdavant.fr\/actualites\/les-joueurs-de-liverpool-reviennent-pour-lentrainement-pre-saison-apres-les-funerailles-de-jota\/#breadcrumb\",\"itemListElement\":[{\"@type\":\"ListItem\",\"position\":1,\"name\":\"Accueil\",\"item\":\"https:\/\/footdavant.fr\/actualites\/\"},{\"@type\":\"ListItem\",\"position\":2,\"name\":\"Les joueurs de Liverpool reviennent pour l&#39;entra\u00eenement pr\u00e9-saison apr\u00e8s les fun\u00e9railles de Jota\"}]},{\"@type\":\"WebSite\",\"@id\":\"https:\/\/footdavant.fr\/actualites\/#website\",\"url\":\"https:\/\/footdavant.fr\/actualites\/\",\"name\":\"Foot d'avant\",\"description\":\"\",\"publisher\":{\"@id\":\"https:\/\/footdavant.fr\/actualites\/#organization\"},\"potentialAction\":[{\"@type\":\"SearchAction\",\"target\":{\"@type\":\"EntryPoint\",\"urlTemplate\":\"https:\/\/footdavant.fr\/actualites\/?s={search_term_string}\"},\"query-input\":\"required name=search_term_string\"}],\"inLanguage\":\"fr-FR\"},{\"@type\":\"Organization\",\"@id\":\"https:\/\/footdavant.fr\/actualites\/#organization\",\"name\":\"Foot d'avant\",\"url\":\"https:\/\/footdavant.fr\/actualites\/\",\"logo\":{\"@type\":\"ImageObject\",\"inLanguage\":\"fr-FR\",\"@id\":\"https:\/\/footdavant.fr\/actualites\/#\/schema\/logo\/image\/\",\"url\":\"https:\/\/footdavant.fr\/actualites\/wp-content\/uploads\/2023\/09\/Copy-of-FootDavant-Logo.png\",\"contentUrl\":\"https:\/\/footdavant.fr\/actualites\/wp-content\/uploads\/2023\/09\/Copy-of-FootDavant-Logo.png\",\"width\":936,\"height\":549,\"caption\":\"Foot d'avant\"},\"image\":{\"@id\":\"https:\/\/footdavant.fr\/actualites\/#\/schema\/logo\/image\/\"},\"sameAs\":[\"https:\/\/www.facebook.com\/Footdavant\/\",\"https:\/\/twitter.com\/FootdavantFr\",\"https:\/\/www.instagram.com\/footdavant.fr\/\"]},{\"@type\":\"Person\",\"@id\":\"https:\/\/footdavant.fr\/actualites\/#\/schema\/person\/bc222566d95871b37e597b3ed3ba5e1d\",\"name\":\"Cl\u00e9ment\",\"image\":{\"@type\":\"ImageObject\",\"inLanguage\":\"fr-FR\",\"@id\":\"https:\/\/footdavant.fr\/actualites\/#\/schema\/person\/image\/\",\"url\":\"https:\/\/secure.gravatar.com\/avatar\/7728b29aac2719421e1a9159b2254c44?s=96&d=mm&r=g\",\"contentUrl\":\"https:\/\/secure.gravatar.com\/avatar\/7728b29aac2719421e1a9159b2254c44?s=96&d=mm&r=g\",\"caption\":\"Cl\u00e9ment\"},\"sameAs\":[\"https:\/\/footdavant.fr\/\"]}]}<\/script>\n<!-- \/ Yoast SEO plugin. -->","yoast_head_json":{"title":"Les joueurs de Liverpool reviennent pour l&#39;entra\u00eenement pr\u00e9-saison apr\u00e8s les fun\u00e9railles de Jota","robots":{"index":"index","follow":"follow","max-snippet":"max-snippet:-1","max-image-preview":"max-image-preview:large","max-video-preview":"max-video-preview:-1"},"canonical":"https:\/\/footdavant.fr\/actualites\/les-joueurs-de-liverpool-reviennent-pour-lentrainement-pre-saison-apres-les-funerailles-de-jota\/","og_locale":"fr_FR","og_type":"article","og_title":"Les joueurs de Liverpool reviennent pour l&#39;entra\u00eenement pr\u00e9-saison apr\u00e8s les fun\u00e9railles de Jota","og_description":"Les joueurs de Liverpool sont revenus pour l&#39;entra\u00eenement de pr\u00e9-saison ce matin, trois jours seulement apr\u00e8s les fun\u00e9railles du co\u00e9quipier Diogo Jota. Jota a \u00e9t\u00e9","og_url":"https:\/\/footdavant.fr\/actualites\/les-joueurs-de-liverpool-reviennent-pour-lentrainement-pre-saison-apres-les-funerailles-de-jota\/","og_site_name":"Foot d&#039;avant","article_publisher":"https:\/\/www.facebook.com\/Footdavant\/","article_published_time":"2025-07-08T11:48:56+00:00","article_modified_time":"2025-07-08T11:48:58+00:00","og_image":[{"width":1200,"height":842,"url":"https:\/\/footdavant.fr\/actualites\/wp-content\/uploads\/2025\/07\/Les-joueurs-de-Liverpool-reviennent-pour-l39entrainement-pre-saison-apres-les.jpg","type":"image\/jpeg"}],"author":"Cl\u00e9ment","twitter_card":"summary_large_image","twitter_creator":"@FootdavantFr","twitter_site":"@FootdavantFr","twitter_misc":{"\u00c9crit par":"Cl\u00e9ment","Dur\u00e9e de lecture estim\u00e9e":"2 minutes"},"schema":{"@context":"https:\/\/schema.org","@graph":[{"@type":"Article","@id":"https:\/\/footdavant.fr\/actualites\/les-joueurs-de-liverpool-reviennent-pour-lentrainement-pre-saison-apres-les-funerailles-de-jota\/#article","isPartOf":{"@id":"https:\/\/footdavant.fr\/actualites\/les-joueurs-de-liverpool-reviennent-pour-lentrainement-pre-saison-apres-les-funerailles-de-jota\/"},"author":{"name":"Cl\u00e9ment","@id":"https:\/\/footdavant.fr\/actualites\/#\/schema\/person\/bc222566d95871b37e597b3ed3ba5e1d"},"headline":"Les joueurs de Liverpool reviennent pour l&#39;entra\u00eenement pr\u00e9-saison apr\u00e8s les fun\u00e9railles de Jota","datePublished":"2025-07-08T11:48:56+00:00","dateModified":"2025-07-08T11:48:58+00:00","mainEntityOfPage":{"@id":"https:\/\/footdavant.fr\/actualites\/les-joueurs-de-liverpool-reviennent-pour-lentrainement-pre-saison-apres-les-funerailles-de-jota\/"},"wordCount":379,"publisher":{"@id":"https:\/\/footdavant.fr\/actualites\/#organization"},"keywords":["apr\u00e8s","fun\u00e9railles","Jota","joueurs","l39entra\u00eenement","les","Liverpool","pour","pr\u00e9saison","reviennent"],"articleSection":["Football"],"inLanguage":"fr-FR"},{"@type":"WebPage","@id":"https:\/\/footdavant.fr\/actualites\/les-joueurs-de-liverpool-reviennent-pour-lentrainement-pre-saison-apres-les-funerailles-de-jota\/","url":"https:\/\/footdavant.fr\/actualites\/les-joueurs-de-liverpool-reviennent-pour-lentrainement-pre-saison-apres-les-funerailles-de-jota\/","name":"Les joueurs de Liverpool reviennent pour l&#39;entra\u00eenement pr\u00e9-saison apr\u00e8s les fun\u00e9railles de Jota","isPartOf":{"@id":"https:\/\/footdavant.fr\/actualites\/#website"},"datePublished":"2025-07-08T11:48:56+00:00","dateModified":"2025-07-08T11:48:58+00:00","breadcrumb":{"@id":"https:\/\/footdavant.fr\/actualites\/les-joueurs-de-liverpool-reviennent-pour-lentrainement-pre-saison-apres-les-funerailles-de-jota\/#breadcrumb"},"inLanguage":"fr-FR","potentialAction":[{"@type":"ReadAction","target":["https:\/\/footdavant.fr\/actualites\/les-joueurs-de-liverpool-reviennent-pour-lentrainement-pre-saison-apres-les-funerailles-de-jota\/"]}]},{"@type":"BreadcrumbList","@id":"https:\/\/footdavant.fr\/actualites\/les-joueurs-de-liverpool-reviennent-pour-lentrainement-pre-saison-apres-les-funerailles-de-jota\/#breadcrumb","itemListElement":[{"@type":"ListItem","position":1,"name":"Accueil","item":"https:\/\/footdavant.fr\/actualites\/"},{"@type":"ListItem","position":2,"name":"Les joueurs de Liverpool reviennent pour l&#39;entra\u00eenement pr\u00e9-saison apr\u00e8s les fun\u00e9railles de Jota"}]},{"@type":"WebSite","@id":"https:\/\/footdavant.fr\/actualites\/#website","url":"https:\/\/footdavant.fr\/actualites\/","name":"Foot d'avant","description":"","publisher":{"@id":"https:\/\/footdavant.fr\/actualites\/#organization"},"potentialAction":[{"@type":"SearchAction","target":{"@type":"EntryPoint","urlTemplate":"https:\/\/footdavant.fr\/actualites\/?s={search_term_string}"},"query-input":"required name=search_term_string"}],"inLanguage":"fr-FR"},{"@type":"Organization","@id":"https:\/\/footdavant.fr\/actualites\/#organization","name":"Foot d'avant","url":"https:\/\/footdavant.fr\/actualites\/","logo":{"@type":"ImageObject","inLanguage":"fr-FR","@id":"https:\/\/footdavant.fr\/actualites\/#\/schema\/logo\/image\/","url":"https:\/\/footdavant.fr\/actualites\/wp-content\/uploads\/2023\/09\/Copy-of-FootDavant-Logo.png","contentUrl":"https:\/\/footdavant.fr\/actualites\/wp-content\/uploads\/2023\/09\/Copy-of-FootDavant-Logo.png","width":936,"height":549,"caption":"Foot d'avant"},"image":{"@id":"https:\/\/footdavant.fr\/actualites\/#\/schema\/logo\/image\/"},"sameAs":["https:\/\/www.facebook.com\/Footdavant\/","https:\/\/twitter.com\/FootdavantFr","https:\/\/www.instagram.com\/footdavant.fr\/"]},{"@type":"Person","@id":"https:\/\/footdavant.fr\/actualites\/#\/schema\/person\/bc222566d95871b37e597b3ed3ba5e1d","name":"Cl\u00e9ment","image":{"@type":"ImageObject","inLanguage":"fr-FR","@id":"https:\/\/footdavant.fr\/actualites\/#\/schema\/person\/image\/","url":"https:\/\/secure.gravatar.com\/avatar\/7728b29aac2719421e1a9159b2254c44?s=96&d=mm&r=g","contentUrl":"https:\/\/secure.gravatar.com\/avatar\/7728b29aac2719421e1a9159b2254c44?s=96&d=mm&r=g","caption":"Cl\u00e9ment"},"sameAs":["https:\/\/footdavant.fr\/"]}]}},"_links":{"self":[{"href":"https:\/\/footdavant.fr\/actualites\/wp-json\/wp\/v2\/posts\/25898"}],"collection":[{"href":"https:\/\/footdavant.fr\/actualites\/wp-json\/wp\/v2\/posts"}],"about":[{"href":"https:\/\/footdavant.fr\/actualites\/wp-json\/wp\/v2\/types\/post"}],"author":[{"embeddable":true,"href":"https:\/\/footdavant.fr\/actualites\/wp-json\/wp\/v2\/users\/1"}],"replies":[{"embeddable":true,"href":"https:\/\/footdavant.fr\/actualites\/wp-json\/wp\/v2\/comments?post=25898"}],"version-history":[{"count":1,"href":"https:\/\/footdavant.fr\/actualites\/wp-json\/wp\/v2\/posts\/25898\/revisions"}],"predecessor-version":[{"id":25900,"href":"https:\/\/footdavant.fr\/actualites\/wp-json\/wp\/v2\/posts\/25898\/revisions\/25900"}],"wp:featuredmedia":[{"embeddable":true,"href":"https:\/\/footdavant.fr\/actualites\/wp-json\/wp\/v2\/media\/25899"}],"wp:attachment":[{"href":"https:\/\/footdavant.fr\/actualites\/wp-json\/wp\/v2\/media?parent=25898"}],"wp:term":[{"taxonomy":"category","embeddable":true,"href":"https:\/\/footdavant.fr\/actualites\/wp-json\/wp\/v2\/categories?post=25898"},{"taxonomy":"post_tag","embeddable":true,"href":"https:\/\/footdavant.fr\/actualites\/wp-json\/wp\/v2\/tags?post=25898"}],"curies":[{"name":"wp","href":"https:\/\/api.w.org\/{rel}","templated":true}]}}