{"id":25908,"date":"2025-07-08T16:29:42","date_gmt":"2025-07-08T14:29:42","guid":{"rendered":"https:\/\/footdavant.fr\/actualites\/?p=25908"},"modified":"2025-07-08T16:29:44","modified_gmt":"2025-07-08T14:29:44","slug":"il-refuse-un-contrat-a-6-millions-par-an-pour-rester-proche-de-sa-mere-malade-la-decision-dun-joueur-saluee-par-tous","status":"publish","type":"post","link":"https:\/\/footdavant.fr\/actualites\/il-refuse-un-contrat-a-6-millions-par-an-pour-rester-proche-de-sa-mere-malade-la-decision-dun-joueur-saluee-par-tous\/","title":{"rendered":"Il refuse un contrat \u00e0 6 millions par an\u2026 pour rester proche de sa m\u00e8re malade : la d\u00e9cision d\u2019un joueur salu\u00e9e par tous"},"content":{"rendered":"\n<h2 class=\"wp-block-heading\">Un choix qui \u00e9meut le monde du football<\/h2>\n\n\n\n<p>\u00c0 une \u00e9poque o\u00f9 les salaires des footballeurs atteignent des sommets vertigineux, ce jeune joueur a pris une d\u00e9cision qui tranche radicalement avec les standards du milieu. Alors qu\u2019un club europ\u00e9en prestigieux lui proposait un contrat de 6 millions d\u2019euros par an, il a choisi de dire non.<\/p>\n\n\n\n<p>La raison ? Sa m\u00e8re, gravement malade, qu\u2019il refuse de quitter.<\/p>\n\n\n\n<h2 class=\"wp-block-heading\">Une offre exceptionnelle\u2026 d\u00e9clin\u00e9e<\/h2>\n\n\n\n<p>Le joueur, \u00e2g\u00e9 d\u2019\u00e0 peine 24 ans, \u00e9tait \u00e0 deux doigts de signer avec un club du top 5 europ\u00e9en. Salaire colossal, logement luxueux, statut de star internationale : tout \u00e9tait sur la table.<\/p>\n\n\n\n<p>Mais au dernier moment, il a pr\u00e9venu ses agents qu\u2019il ne partirait pas.<\/p>\n\n\n\n<blockquote class=\"wp-block-quote\">\n<p>\u00ab\u00a0Je ne pouvais pas m\u2019\u00e9loigner \u00e0 un moment aussi important pour elle\u00a0\u00bb, aurait-il confi\u00e9 \u00e0 un proche selon le journal <em>L\u2019\u00c9quipe<\/em>.<\/p>\n<\/blockquote>\n\n\n\n<h2 class=\"wp-block-heading\">Une vague de soutien inattendue<\/h2>\n\n\n\n<p>Depuis cette annonce, les r\u00e9actions ne cessent de pleuvoir. Sur les r\u00e9seaux sociaux, supporters, joueurs et entra\u00eeneurs saluent unanimement ce choix courageux.<\/p>\n\n\n\n<p>Certains co\u00e9quipiers parlent m\u00eame d\u2019un exemple de \u00ab loyaut\u00e9 familiale \u00bb, \u00e0 une \u00e9poque o\u00f9 les valeurs humaines sont souvent rel\u00e9gu\u00e9es au second plan dans le monde du sport professionnel.<\/p>\n\n\n\n<h2 class=\"wp-block-heading\">Pas la fin de sa carri\u00e8re\u2026 au contraire<\/h2>\n\n\n\n<p>Le joueur n\u2019a pas mis sa carri\u00e8re entre parenth\u00e8ses. Il continue de s\u2019entra\u00eener dans un club local, reste suivi par plusieurs recruteurs\u2026 et pourrait rebondir plus vite qu\u2019on ne le pense.<\/p>\n\n\n\n<p>Son image, renforc\u00e9e par ce geste fort, attire d\u00e9sormais des clubs qui misent sur la dimension humaine autant que sur la performance.<\/p>\n\n\n\n<h2 class=\"wp-block-heading\">Quand l\u2019amour vaut plus que l\u2019argent<\/h2>\n\n\n\n<p>Ce choix, s\u2019il en a surpris plus d\u2019un, rappelle une chose essentielle : parfois, l\u2019amour d\u2019un proche p\u00e8se plus lourd que n\u2019importe quel contrat.<\/p>\n\n\n\n<p>Et dans ce cas pr\u00e9cis, c\u2019est peut-\u00eatre ce geste, silencieux mais puissant, qui fera de lui une v\u00e9ritable l\u00e9gende.<\/p>\n","protected":false},"excerpt":{"rendered":"<p>Un choix qui \u00e9meut le monde du football \u00c0 une \u00e9poque o\u00f9 les salaires des footballeurs atteignent des sommets vertigineux, ce jeune joueur a pris<\/p>\n","protected":false},"author":1,"featured_media":25909,"comment_status":"closed","ping_status":"closed","sticky":false,"template":"","format":"standard","meta":{"footnotes":""},"categories":[3],"tags":[],"yoast_head":"<!-- This site is optimized with the Yoast SEO plugin v21.0 - https:\/\/yoast.com\/wordpress\/plugins\/seo\/ -->\n<title>Il refuse un contrat \u00e0 6 millions par an\u2026 pour rester proche de sa m\u00e8re malade : la d\u00e9cision d\u2019un joueur salu\u00e9e par tous<\/title>\n<meta name=\"robots\" content=\"index, follow, max-snippet:-1, max-image-preview:large, max-video-preview:-1\" \/>\n<link rel=\"canonical\" href=\"https:\/\/footdavant.fr\/actualites\/il-refuse-un-contrat-a-6-millions-par-an-pour-rester-proche-de-sa-mere-malade-la-decision-dun-joueur-saluee-par-tous\/\" \/>\n<meta property=\"og:locale\" content=\"fr_FR\" \/>\n<meta property=\"og:type\" content=\"article\" \/>\n<meta property=\"og:title\" content=\"Il refuse un contrat \u00e0 6 millions par an\u2026 pour rester proche de sa m\u00e8re malade : la d\u00e9cision d\u2019un joueur salu\u00e9e par tous\" \/>\n<meta property=\"og:description\" content=\"Un choix qui \u00e9meut le monde du football \u00c0 une \u00e9poque o\u00f9 les salaires des footballeurs atteignent des sommets vertigineux, ce jeune joueur a pris\" \/>\n<meta property=\"og:url\" content=\"https:\/\/footdavant.fr\/actualites\/il-refuse-un-contrat-a-6-millions-par-an-pour-rester-proche-de-sa-mere-malade-la-decision-dun-joueur-saluee-par-tous\/\" \/>\n<meta property=\"og:site_name\" content=\"Foot d&#039;avant\" \/>\n<meta property=\"article:publisher\" content=\"https:\/\/www.facebook.com\/Footdavant\/\" \/>\n<meta property=\"article:published_time\" content=\"2025-07-08T14:29:42+00:00\" \/>\n<meta property=\"article:modified_time\" content=\"2025-07-08T14:29:44+00:00\" \/>\n<meta property=\"og:image\" content=\"https:\/\/footdavant.fr\/actualites\/wp-content\/uploads\/2025\/07\/Il-refuse-un-contrat-a-6-million-1024x559.png\" \/>\n\t<meta property=\"og:image:width\" content=\"1024\" \/>\n\t<meta property=\"og:image:height\" content=\"559\" \/>\n\t<meta property=\"og:image:type\" content=\"image\/png\" \/>\n<meta name=\"author\" content=\"Cl\u00e9ment\" \/>\n<meta name=\"twitter:card\" content=\"summary_large_image\" \/>\n<meta name=\"twitter:creator\" content=\"@FootdavantFr\" \/>\n<meta name=\"twitter:site\" content=\"@FootdavantFr\" \/>\n<meta name=\"twitter:label1\" content=\"\u00c9crit par\" \/>\n\t<meta name=\"twitter:data1\" content=\"Cl\u00e9ment\" \/>\n\t<meta name=\"twitter:label2\" content=\"Dur\u00e9e de lecture estim\u00e9e\" \/>\n\t<meta name=\"twitter:data2\" content=\"2 minutes\" \/>\n<script type=\"application\/ld+json\" class=\"yoast-schema-graph\">{\"@context\":\"https:\/\/schema.org\",\"@graph\":[{\"@type\":\"Article\",\"@id\":\"https:\/\/footdavant.fr\/actualites\/il-refuse-un-contrat-a-6-millions-par-an-pour-rester-proche-de-sa-mere-malade-la-decision-dun-joueur-saluee-par-tous\/#article\",\"isPartOf\":{\"@id\":\"https:\/\/footdavant.fr\/actualites\/il-refuse-un-contrat-a-6-millions-par-an-pour-rester-proche-de-sa-mere-malade-la-decision-dun-joueur-saluee-par-tous\/\"},\"author\":{\"name\":\"Cl\u00e9ment\",\"@id\":\"https:\/\/footdavant.fr\/actualites\/#\/schema\/person\/bc222566d95871b37e597b3ed3ba5e1d\"},\"headline\":\"Il refuse un contrat \u00e0 6 millions par an\u2026 pour rester proche de sa m\u00e8re malade : la d\u00e9cision d\u2019un joueur salu\u00e9e par tous\",\"datePublished\":\"2025-07-08T14:29:42+00:00\",\"dateModified\":\"2025-07-08T14:29:44+00:00\",\"mainEntityOfPage\":{\"@id\":\"https:\/\/footdavant.fr\/actualites\/il-refuse-un-contrat-a-6-millions-par-an-pour-rester-proche-de-sa-mere-malade-la-decision-dun-joueur-saluee-par-tous\/\"},\"wordCount\":361,\"publisher\":{\"@id\":\"https:\/\/footdavant.fr\/actualites\/#organization\"},\"articleSection\":[\"Football\"],\"inLanguage\":\"fr-FR\"},{\"@type\":\"WebPage\",\"@id\":\"https:\/\/footdavant.fr\/actualites\/il-refuse-un-contrat-a-6-millions-par-an-pour-rester-proche-de-sa-mere-malade-la-decision-dun-joueur-saluee-par-tous\/\",\"url\":\"https:\/\/footdavant.fr\/actualites\/il-refuse-un-contrat-a-6-millions-par-an-pour-rester-proche-de-sa-mere-malade-la-decision-dun-joueur-saluee-par-tous\/\",\"name\":\"Il refuse un contrat \u00e0 6 millions par an\u2026 pour rester proche de sa m\u00e8re malade : la d\u00e9cision d\u2019un joueur salu\u00e9e par tous\",\"isPartOf\":{\"@id\":\"https:\/\/footdavant.fr\/actualites\/#website\"},\"datePublished\":\"2025-07-08T14:29:42+00:00\",\"dateModified\":\"2025-07-08T14:29:44+00:00\",\"breadcrumb\":{\"@id\":\"https:\/\/footdavant.fr\/actualites\/il-refuse-un-contrat-a-6-millions-par-an-pour-rester-proche-de-sa-mere-malade-la-decision-dun-joueur-saluee-par-tous\/#breadcrumb\"},\"inLanguage\":\"fr-FR\",\"potentialAction\":[{\"@type\":\"ReadAction\",\"target\":[\"https:\/\/footdavant.fr\/actualites\/il-refuse-un-contrat-a-6-millions-par-an-pour-rester-proche-de-sa-mere-malade-la-decision-dun-joueur-saluee-par-tous\/\"]}]},{\"@type\":\"BreadcrumbList\",\"@id\":\"https:\/\/footdavant.fr\/actualites\/il-refuse-un-contrat-a-6-millions-par-an-pour-rester-proche-de-sa-mere-malade-la-decision-dun-joueur-saluee-par-tous\/#breadcrumb\",\"itemListElement\":[{\"@type\":\"ListItem\",\"position\":1,\"name\":\"Accueil\",\"item\":\"https:\/\/footdavant.fr\/actualites\/\"},{\"@type\":\"ListItem\",\"position\":2,\"name\":\"Il refuse un contrat \u00e0 6 millions par an\u2026 pour rester proche de sa m\u00e8re malade : la d\u00e9cision d\u2019un joueur salu\u00e9e par tous\"}]},{\"@type\":\"WebSite\",\"@id\":\"https:\/\/footdavant.fr\/actualites\/#website\",\"url\":\"https:\/\/footdavant.fr\/actualites\/\",\"name\":\"Foot d'avant\",\"description\":\"\",\"publisher\":{\"@id\":\"https:\/\/footdavant.fr\/actualites\/#organization\"},\"potentialAction\":[{\"@type\":\"SearchAction\",\"target\":{\"@type\":\"EntryPoint\",\"urlTemplate\":\"https:\/\/footdavant.fr\/actualites\/?s={search_term_string}\"},\"query-input\":\"required name=search_term_string\"}],\"inLanguage\":\"fr-FR\"},{\"@type\":\"Organization\",\"@id\":\"https:\/\/footdavant.fr\/actualites\/#organization\",\"name\":\"Foot d'avant\",\"url\":\"https:\/\/footdavant.fr\/actualites\/\",\"logo\":{\"@type\":\"ImageObject\",\"inLanguage\":\"fr-FR\",\"@id\":\"https:\/\/footdavant.fr\/actualites\/#\/schema\/logo\/image\/\",\"url\":\"https:\/\/footdavant.fr\/actualites\/wp-content\/uploads\/2023\/09\/Copy-of-FootDavant-Logo.png\",\"contentUrl\":\"https:\/\/footdavant.fr\/actualites\/wp-content\/uploads\/2023\/09\/Copy-of-FootDavant-Logo.png\",\"width\":936,\"height\":549,\"caption\":\"Foot d'avant\"},\"image\":{\"@id\":\"https:\/\/footdavant.fr\/actualites\/#\/schema\/logo\/image\/\"},\"sameAs\":[\"https:\/\/www.facebook.com\/Footdavant\/\",\"https:\/\/twitter.com\/FootdavantFr\",\"https:\/\/www.instagram.com\/footdavant.fr\/\"]},{\"@type\":\"Person\",\"@id\":\"https:\/\/footdavant.fr\/actualites\/#\/schema\/person\/bc222566d95871b37e597b3ed3ba5e1d\",\"name\":\"Cl\u00e9ment\",\"image\":{\"@type\":\"ImageObject\",\"inLanguage\":\"fr-FR\",\"@id\":\"https:\/\/footdavant.fr\/actualites\/#\/schema\/person\/image\/\",\"url\":\"https:\/\/secure.gravatar.com\/avatar\/7728b29aac2719421e1a9159b2254c44?s=96&d=mm&r=g\",\"contentUrl\":\"https:\/\/secure.gravatar.com\/avatar\/7728b29aac2719421e1a9159b2254c44?s=96&d=mm&r=g\",\"caption\":\"Cl\u00e9ment\"},\"sameAs\":[\"https:\/\/footdavant.fr\/\"]}]}<\/script>\n<!-- \/ Yoast SEO plugin. -->","yoast_head_json":{"title":"Il refuse un contrat \u00e0 6 millions par an\u2026 pour rester proche de sa m\u00e8re malade : la d\u00e9cision d\u2019un joueur salu\u00e9e par tous","robots":{"index":"index","follow":"follow","max-snippet":"max-snippet:-1","max-image-preview":"max-image-preview:large","max-video-preview":"max-video-preview:-1"},"canonical":"https:\/\/footdavant.fr\/actualites\/il-refuse-un-contrat-a-6-millions-par-an-pour-rester-proche-de-sa-mere-malade-la-decision-dun-joueur-saluee-par-tous\/","og_locale":"fr_FR","og_type":"article","og_title":"Il refuse un contrat \u00e0 6 millions par an\u2026 pour rester proche de sa m\u00e8re malade : la d\u00e9cision d\u2019un joueur salu\u00e9e par tous","og_description":"Un choix qui \u00e9meut le monde du football \u00c0 une \u00e9poque o\u00f9 les salaires des footballeurs atteignent des sommets vertigineux, ce jeune joueur a pris","og_url":"https:\/\/footdavant.fr\/actualites\/il-refuse-un-contrat-a-6-millions-par-an-pour-rester-proche-de-sa-mere-malade-la-decision-dun-joueur-saluee-par-tous\/","og_site_name":"Foot d&#039;avant","article_publisher":"https:\/\/www.facebook.com\/Footdavant\/","article_published_time":"2025-07-08T14:29:42+00:00","article_modified_time":"2025-07-08T14:29:44+00:00","og_image":[{"width":1024,"height":559,"url":"https:\/\/footdavant.fr\/actualites\/wp-content\/uploads\/2025\/07\/Il-refuse-un-contrat-a-6-million-1024x559.png","type":"image\/png"}],"author":"Cl\u00e9ment","twitter_card":"summary_large_image","twitter_creator":"@FootdavantFr","twitter_site":"@FootdavantFr","twitter_misc":{"\u00c9crit par":"Cl\u00e9ment","Dur\u00e9e de lecture estim\u00e9e":"2 minutes"},"schema":{"@context":"https:\/\/schema.org","@graph":[{"@type":"Article","@id":"https:\/\/footdavant.fr\/actualites\/il-refuse-un-contrat-a-6-millions-par-an-pour-rester-proche-de-sa-mere-malade-la-decision-dun-joueur-saluee-par-tous\/#article","isPartOf":{"@id":"https:\/\/footdavant.fr\/actualites\/il-refuse-un-contrat-a-6-millions-par-an-pour-rester-proche-de-sa-mere-malade-la-decision-dun-joueur-saluee-par-tous\/"},"author":{"name":"Cl\u00e9ment","@id":"https:\/\/footdavant.fr\/actualites\/#\/schema\/person\/bc222566d95871b37e597b3ed3ba5e1d"},"headline":"Il refuse un contrat \u00e0 6 millions par an\u2026 pour rester proche de sa m\u00e8re malade : la d\u00e9cision d\u2019un joueur salu\u00e9e par tous","datePublished":"2025-07-08T14:29:42+00:00","dateModified":"2025-07-08T14:29:44+00:00","mainEntityOfPage":{"@id":"https:\/\/footdavant.fr\/actualites\/il-refuse-un-contrat-a-6-millions-par-an-pour-rester-proche-de-sa-mere-malade-la-decision-dun-joueur-saluee-par-tous\/"},"wordCount":361,"publisher":{"@id":"https:\/\/footdavant.fr\/actualites\/#organization"},"articleSection":["Football"],"inLanguage":"fr-FR"},{"@type":"WebPage","@id":"https:\/\/footdavant.fr\/actualites\/il-refuse-un-contrat-a-6-millions-par-an-pour-rester-proche-de-sa-mere-malade-la-decision-dun-joueur-saluee-par-tous\/","url":"https:\/\/footdavant.fr\/actualites\/il-refuse-un-contrat-a-6-millions-par-an-pour-rester-proche-de-sa-mere-malade-la-decision-dun-joueur-saluee-par-tous\/","name":"Il refuse un contrat \u00e0 6 millions par an\u2026 pour rester proche de sa m\u00e8re malade : la d\u00e9cision d\u2019un joueur salu\u00e9e par tous","isPartOf":{"@id":"https:\/\/footdavant.fr\/actualites\/#website"},"datePublished":"2025-07-08T14:29:42+00:00","dateModified":"2025-07-08T14:29:44+00:00","breadcrumb":{"@id":"https:\/\/footdavant.fr\/actualites\/il-refuse-un-contrat-a-6-millions-par-an-pour-rester-proche-de-sa-mere-malade-la-decision-dun-joueur-saluee-par-tous\/#breadcrumb"},"inLanguage":"fr-FR","potentialAction":[{"@type":"ReadAction","target":["https:\/\/footdavant.fr\/actualites\/il-refuse-un-contrat-a-6-millions-par-an-pour-rester-proche-de-sa-mere-malade-la-decision-dun-joueur-saluee-par-tous\/"]}]},{"@type":"BreadcrumbList","@id":"https:\/\/footdavant.fr\/actualites\/il-refuse-un-contrat-a-6-millions-par-an-pour-rester-proche-de-sa-mere-malade-la-decision-dun-joueur-saluee-par-tous\/#breadcrumb","itemListElement":[{"@type":"ListItem","position":1,"name":"Accueil","item":"https:\/\/footdavant.fr\/actualites\/"},{"@type":"ListItem","position":2,"name":"Il refuse un contrat \u00e0 6 millions par an\u2026 pour rester proche de sa m\u00e8re malade : la d\u00e9cision d\u2019un joueur salu\u00e9e par tous"}]},{"@type":"WebSite","@id":"https:\/\/footdavant.fr\/actualites\/#website","url":"https:\/\/footdavant.fr\/actualites\/","name":"Foot d'avant","description":"","publisher":{"@id":"https:\/\/footdavant.fr\/actualites\/#organization"},"potentialAction":[{"@type":"SearchAction","target":{"@type":"EntryPoint","urlTemplate":"https:\/\/footdavant.fr\/actualites\/?s={search_term_string}"},"query-input":"required name=search_term_string"}],"inLanguage":"fr-FR"},{"@type":"Organization","@id":"https:\/\/footdavant.fr\/actualites\/#organization","name":"Foot d'avant","url":"https:\/\/footdavant.fr\/actualites\/","logo":{"@type":"ImageObject","inLanguage":"fr-FR","@id":"https:\/\/footdavant.fr\/actualites\/#\/schema\/logo\/image\/","url":"https:\/\/footdavant.fr\/actualites\/wp-content\/uploads\/2023\/09\/Copy-of-FootDavant-Logo.png","contentUrl":"https:\/\/footdavant.fr\/actualites\/wp-content\/uploads\/2023\/09\/Copy-of-FootDavant-Logo.png","width":936,"height":549,"caption":"Foot d'avant"},"image":{"@id":"https:\/\/footdavant.fr\/actualites\/#\/schema\/logo\/image\/"},"sameAs":["https:\/\/www.facebook.com\/Footdavant\/","https:\/\/twitter.com\/FootdavantFr","https:\/\/www.instagram.com\/footdavant.fr\/"]},{"@type":"Person","@id":"https:\/\/footdavant.fr\/actualites\/#\/schema\/person\/bc222566d95871b37e597b3ed3ba5e1d","name":"Cl\u00e9ment","image":{"@type":"ImageObject","inLanguage":"fr-FR","@id":"https:\/\/footdavant.fr\/actualites\/#\/schema\/person\/image\/","url":"https:\/\/secure.gravatar.com\/avatar\/7728b29aac2719421e1a9159b2254c44?s=96&d=mm&r=g","contentUrl":"https:\/\/secure.gravatar.com\/avatar\/7728b29aac2719421e1a9159b2254c44?s=96&d=mm&r=g","caption":"Cl\u00e9ment"},"sameAs":["https:\/\/footdavant.fr\/"]}]}},"_links":{"self":[{"href":"https:\/\/footdavant.fr\/actualites\/wp-json\/wp\/v2\/posts\/25908"}],"collection":[{"href":"https:\/\/footdavant.fr\/actualites\/wp-json\/wp\/v2\/posts"}],"about":[{"href":"https:\/\/footdavant.fr\/actualites\/wp-json\/wp\/v2\/types\/post"}],"author":[{"embeddable":true,"href":"https:\/\/footdavant.fr\/actualites\/wp-json\/wp\/v2\/users\/1"}],"replies":[{"embeddable":true,"href":"https:\/\/footdavant.fr\/actualites\/wp-json\/wp\/v2\/comments?post=25908"}],"version-history":[{"count":1,"href":"https:\/\/footdavant.fr\/actualites\/wp-json\/wp\/v2\/posts\/25908\/revisions"}],"predecessor-version":[{"id":25910,"href":"https:\/\/footdavant.fr\/actualites\/wp-json\/wp\/v2\/posts\/25908\/revisions\/25910"}],"wp:featuredmedia":[{"embeddable":true,"href":"https:\/\/footdavant.fr\/actualites\/wp-json\/wp\/v2\/media\/25909"}],"wp:attachment":[{"href":"https:\/\/footdavant.fr\/actualites\/wp-json\/wp\/v2\/media?parent=25908"}],"wp:term":[{"taxonomy":"category","embeddable":true,"href":"https:\/\/footdavant.fr\/actualites\/wp-json\/wp\/v2\/categories?post=25908"},{"taxonomy":"post_tag","embeddable":true,"href":"https:\/\/footdavant.fr\/actualites\/wp-json\/wp\/v2\/tags?post=25908"}],"curies":[{"name":"wp","href":"https:\/\/api.w.org\/{rel}","templated":true}]}}