{"id":2592,"date":"2023-12-16T09:48:10","date_gmt":"2023-12-16T08:48:10","guid":{"rendered":"https:\/\/footdavant.fr\/actualites\/le-but-de-kingsley-coman-elimine-manchester-united-de-la-ligue-des-champions\/"},"modified":"2023-12-16T09:48:11","modified_gmt":"2023-12-16T08:48:11","slug":"le-but-de-kingsley-coman-elimine-manchester-united-de-la-ligue-des-champions","status":"publish","type":"post","link":"https:\/\/footdavant.fr\/actualites\/le-but-de-kingsley-coman-elimine-manchester-united-de-la-ligue-des-champions\/","title":{"rendered":"Le but de Kingsley Coman \u00e9limine Manchester United de la Ligue des champions"},"content":{"rendered":"<p>Manchester United s&rsquo;est retir\u00e9 de la Ligue des champions et a termin\u00e9 dernier du groupe A apr\u00e8s avoir perdu 1-0 contre le Bayern Munich \u00e0 Old Trafford.<\/p>\n<div id=\"article_body\" itemprop=\"articleBody\">\n<p class=\"firstPara\"><strong class=\"autotag\">Manchester United<\/strong> ont \u00e9t\u00e9 \u00e9limin\u00e9s du <strong class=\"autotag\">Ligue des champions<\/strong> et l&rsquo;Europe dans son ensemble apr\u00e8s avoir subi une courte d\u00e9faite 1-0 contre <strong class=\"autotag\">Bayern Munich<\/strong> lors de leur dernier match du Groupe A \u00e0 Old Trafford mardi soir.<\/p>\n<p>Les Diables Rouges ont particip\u00e9 \u00e0 cette comp\u00e9tition cruciale avec la n\u00e9cessit\u00e9 de battre les g\u00e9ants bavarois et d&rsquo;esp\u00e9rer que leurs rivaux du Groupe A <strong class=\"autotag\">Copenhague<\/strong> et <strong class=\"autotag\">Galatasaray<\/strong> a jou\u00e9 un match nul au Danemark pour avoir une chance de se qualifier pour les huiti\u00e8mes de finale.<\/p>\n<p>Cependant, <strong class=\"autotag\">Erik Ten Hag<\/strong>L&rsquo;\u00e9quipe de a termin\u00e9 une campagne de phase de groupes am\u00e8rement d\u00e9cevante sur un g\u00e9missement en se vantant d&rsquo;un seul tir cadr\u00e9 contre une \u00e9quipe du Bayern qui a remport\u00e9 le maximum de points gr\u00e2ce \u00e0 un but de 70e minute. <strong class=\"autotag\">Kingsley Coman<\/strong>.<\/p>\n<p>La d\u00e9faite de Man United coupl\u00e9e \u00e0 la victoire 1-0 de Copenhague sur Galatasaray signifie que les Diables Rouges terminent derniers du groupe pour la deuxi\u00e8me fois seulement en Ligue des Champions, apr\u00e8s l&rsquo;avoir d\u00e9j\u00e0 fait en 2005-06, apr\u00e8s avoir accumul\u00e9 seulement quatre points sur 18 possibles. disponible.<\/p>\n<p>Le Bayern s&rsquo;\u00e9tait d\u00e9j\u00e0 qualifi\u00e9 pour les huiti\u00e8mes de finale en tant que vainqueur du Groupe A, mais a n\u00e9anmoins renforc\u00e9 son avance au sommet avec une victoire \u00e0 Old Trafford \u2013 son premier succ\u00e8s du c\u00f4t\u00e9 rouge de Manchester depuis avril 2001, o\u00f9 il s&rsquo;\u00e9tait \u00e9galement impos\u00e9 sur le score de 1-0.<\/p>\n<p>Quant \u00e0 Copenhague, surprise de la phase de groupes de cette saison, ils rejoindront <strong class=\"autotag\">Thomas Tuchel<\/strong>de l&rsquo;\u00e9quipe en huiti\u00e8mes de finale apr\u00e8s avoir obtenu la deuxi\u00e8me place, ce qui signifie que Galatasaray terminera troisi\u00e8me et acc\u00e9dera aux \u00e9liminatoires de la Ligue Europa.<\/p>\n<p class=\"imgI\">\n<p>Ten Hag a apport\u00e9 deux changements \u00e0 l&rsquo;\u00e9quipe de Man United qui a subi une d\u00e9faite 3-0 en Premier League contre Bournemouth le week-end dernier, avec <strong class=\"autotag\">Rapha\u00ebl Varane<\/strong> et <strong class=\"autotag\">Rasmus Hojlund<\/strong> rappel\u00e9 aux frais de <strong class=\"autotag\">Sergio R\u00e9guilon<\/strong> et <strong class=\"autotag\">Antoine Martial<\/strong>ce dernier \u00e9tant absent pour cause de maladie avec <strong class=\"autotag\">Marcus Rashford<\/strong>.<\/p>\n<p>Pendant ce temps, Tuchel n&rsquo;a apport\u00e9 qu&rsquo;un seul changement \u00e0 l&rsquo;\u00e9quipe du Bayern qui a \u00e9tonnamment perdu 5-1 contre l&rsquo;Eintracht Francfort en Bundesliga la derni\u00e8re fois, avec <strong class=\"autotag\">\u00c9ric Maxim Choupo-Moting<\/strong> remplac\u00e9 par <strong class=\"autotag\">Jamal Musiala<\/strong>.<\/p>\n<p>Devant une foule enthousiaste d&rsquo;Old Trafford, Man United a re\u00e7u un signe avant-coureur de la menace du Bayern dans les deux premi\u00e8res minutes lorsque <strong class=\"autotag\">Harry Kane<\/strong> a fait irruption dans le canal droit et a lanc\u00e9 une livraison dangereuse \u00e0 travers la surface de r\u00e9paration que l&rsquo;ancien homme de Manchester City <strong class=\"autotag\">Leroy San\u00e9<\/strong> ne pouvait pas atteindre.<\/p>\n<p>Man United a fait un d\u00e9but de proc\u00e9dure prometteur, car le Bayern semblait initialement passif, mais les Red Devils n&rsquo;ont finalement pas r\u00e9ussi \u00e0 tester <strong class=\"autotag\">Manuel Neuer<\/strong> entre les b\u00e2tons jusqu&rsquo;\u00e0 la 23e minute o\u00f9 <strong class=\"autotag\">Luc Shaw<\/strong> \u00bb a d\u00e9coch\u00e9 un tir du pied gauche directement dans la gorge du n\u00b01 du Bayern, qui a d\u00fb frapper le ballon derri\u00e8re en corner.<\/p>\n<p>Les hommes de Ten Hag ont ensuite \u00e9t\u00e9 contraints de mettre leurs corps en danger \u00e0 l&rsquo;autre bout du terrain. <strong class=\"autotag\">Harry Maguire<\/strong> et <strong class=\"autotag\">Diogo Dalot<\/strong> tous deux ont bloqu\u00e9 les efforts de Sane et Musiala apr\u00e8s un brillant une-deux entre les habiles duo du Bayern \u00e0 l&rsquo;or\u00e9e de la surface de r\u00e9paration ;  Sane a ensuite rat\u00e9 une autre occasion d\u00e9cente quelques minutes plus tard \u00e0 bout portant, car il n&rsquo;a pas r\u00e9ussi \u00e0 se connecter avec un centre invitant de Coman.<\/p>\n<p class=\"imgI\"><img decoding=\"async\" loading=\"lazy\" class=\"l\" src=\"https:\/\/footdavant.fr\/actualites\/wp-content\/uploads\/2023\/12\/1702716490_196_Le-but-de-Kingsley-Coman-elimine-Manchester-United-de-la.jpg\" title=\"Harry Maguire de Manchester United re\u00e7oit des soins m\u00e9dicaux apr\u00e8s s'\u00eatre bless\u00e9 le 12 d\u00e9cembre 2023\" alt=\"Harry Maguire de Manchester United re\u00e7oit des soins m\u00e9dicaux apr\u00e8s s'\u00eatre bless\u00e9 le 12 d\u00e9cembre 2023\" width=\"640\" height=\"480\"><\/p>\n<p>Man United a subi un \u00e9norme coup dur peu avant la mi-temps alors que le d\u00e9fenseur central en forme Maguire a \u00e9t\u00e9 contraint de quitter le terrain en raison d&rsquo;un probl\u00e8me apparent \u00e0 l&rsquo;aine, avec un joueur de 35 ans. <strong class=\"autotag\">Jonny Evans<\/strong> amen\u00e9 \u00e0 son partenaire Varane au c\u0153ur de la d\u00e9fense.<\/p>\n<p>Ten Hag aura \u00e9t\u00e9 satisfait de la fa\u00e7on dont son \u00e9quipe de Man United a g\u00e9r\u00e9 le match et a sembl\u00e9 d\u00e9fensivement compacte dans les 45 premiers matchs, mais il leur manquait une v\u00e9ritable \u00e9tincelle dans le dernier tiers et ont eu du mal \u00e0 tirer le meilleur parti de Hojlund, qui a fait une figure isol\u00e9e. \u00e0 l&rsquo;avant.<\/p>\n<p>Luke Shaw semble s&rsquo;\u00eatre bless\u00e9 avant la fin de la premi\u00e8re mi-temps et il a ensuite \u00e9t\u00e9 remplac\u00e9 par l&rsquo;arri\u00e8re droit. <strong class=\"autotag\">Aaron Wan-Bissaka<\/strong> \u00e0 la pause, Dalot passant ainsi au poste d&rsquo;arri\u00e8re gauche ;  Le Bayern, quant \u00e0 lui, a remplac\u00e9 <strong class=\"autotag\">Noussair Mazraoui<\/strong> avec <strong class=\"autotag\">Konrad Laimer<\/strong>. <\/p>\n<p><strong class=\"autotag\">Bruno Fernandes<\/strong> s&rsquo;est vu offrir une bonne opportunit\u00e9 de tester Neuer \u00e0 peine trois minutes apr\u00e8s le d\u00e9but de la seconde p\u00e9riode, mais le skipper de United s&rsquo;est pench\u00e9 en arri\u00e8re et a d\u00e9coch\u00e9 une mauvaise premi\u00e8re frappe au-dessus de la barre transversale depuis le bord de la surface.<\/p>\n<p><strong class=\"autotag\">Alexandre Garnacho<\/strong> puis a p\u00e9till\u00e9 dans une livraison dangereuse de la gauche vers <strong class=\"autotag\">Scott McTominay<\/strong> et <strong class=\"autotag\">Antoine<\/strong> \u00e0 l&rsquo;int\u00e9rieur de la surface de r\u00e9paration, mais <strong class=\"autotag\">Kim Min Jae<\/strong> \u00e9tait l\u00e0 pour glisser et d\u00e9gager le ballon du danger.<\/p>\n<p class=\"imgI\"><img decoding=\"async\" loading=\"lazy\" class=\"l\" src=\"https:\/\/footdavant.fr\/actualites\/wp-content\/uploads\/2023\/12\/1702716490_3_Le-but-de-Kingsley-Coman-elimine-Manchester-United-de-la.jpg\" title=\"Kingsley Coman du Bayern Munich c\u00e9l\u00e8bre son premier but avec Harry Kane le 12 d\u00e9cembre 2023\" alt=\"Kingsley Coman du Bayern Munich c\u00e9l\u00e8bre son premier but avec Harry Kane le 12 d\u00e9cembre 2023\" width=\"640\" height=\"480\"><\/p>\n<p>Le Bayern n&rsquo;\u00e9tait pas tout \u00e0 fait \u00e0 son meilleur et rarement menac\u00e9 <strong class=\"autotag\">Andr\u00e9 Onana<\/strong> dans le but de Man United, mais ils ont finalement r\u00e9ussi \u00e0 sortir de l&rsquo;impasse \u00e0 20 minutes du terme gr\u00e2ce \u00e0 une arriv\u00e9e \u00e0 bout portant de Coman. <\/p>\n<p>Un coup fantastique de Kane avec l&rsquo;ext\u00e9rieur de son pied droit \u00e0 la limite de la surface a permis \u00e0 Coman de marquer au but, et l&rsquo;ailier fran\u00e7ais a gard\u00e9 son sang-froid pour \u00e9craser une frappe du pied droit au-del\u00e0 d&rsquo;Onana avec aplomb pour faire taire les fid\u00e8les d&rsquo;Old Trafford.<\/p>\n<p>Ten Hag manquait de v\u00e9ritables changeurs de jeu sur son banc et n&rsquo;avait que <strong class=\"autotag\">Hannibal Mejbri<\/strong>, <strong class=\"autotag\">Facundo Pellistri<\/strong> et <strong class=\"autotag\">Kobbie Mainoo<\/strong> pour tenter de r\u00e9tablir la parit\u00e9 dans les phases finales, mais les Diables Rouges n&rsquo;ont pas r\u00e9ussi \u00e0 constituer une menace dans le dernier tiers et ils ont finalement chut\u00e9 \u00e0 leur septi\u00e8me d\u00e9faite \u00e0 domicile de la saison toutes comp\u00e9titions confondues.<\/p>\n<p>Man United cherchera \u00e0 se d\u00e9poussi\u00e9rer rapidement alors qu&rsquo;il se pr\u00e9pare pour le redoutable voyage de dimanche \u00e0 Anfield pour affronter Liverpool, leader de la Premier League, tandis que le Bayern cherchera \u00e0 s&rsquo;appuyer sur son succ\u00e8s \u00e0 Old Trafford lorsqu&rsquo;il accueillera Stuttgart en Bundesliga.<\/p>\n<\/div>\n","protected":false},"excerpt":{"rendered":"<p>Manchester United s&rsquo;est retir\u00e9 de la Ligue des champions et a termin\u00e9 dernier du groupe A apr\u00e8s avoir perdu 1-0 contre le Bayern Munich \u00e0<\/p>\n","protected":false},"author":1,"featured_media":2593,"comment_status":"closed","ping_status":"","sticky":false,"template":"","format":"standard","meta":{"footnotes":""},"categories":[4],"tags":[31,2274,12,2275,2273,30,11,13],"yoast_head":"<!-- This site is optimized with the Yoast SEO plugin v21.0 - https:\/\/yoast.com\/wordpress\/plugins\/seo\/ -->\n<title>Le but de Kingsley Coman \u00e9limine Manchester United de la Ligue des champions<\/title>\n<meta name=\"robots\" content=\"index, follow, max-snippet:-1, max-image-preview:large, max-video-preview:-1\" \/>\n<link rel=\"canonical\" href=\"https:\/\/footdavant.fr\/actualites\/le-but-de-kingsley-coman-elimine-manchester-united-de-la-ligue-des-champions\/\" \/>\n<meta property=\"og:locale\" content=\"fr_FR\" \/>\n<meta property=\"og:type\" content=\"article\" \/>\n<meta property=\"og:title\" content=\"Le but de Kingsley Coman \u00e9limine Manchester United de la Ligue des champions\" \/>\n<meta property=\"og:description\" content=\"Manchester United s&rsquo;est retir\u00e9 de la Ligue des champions et a termin\u00e9 dernier du groupe A apr\u00e8s avoir perdu 1-0 contre le Bayern Munich \u00e0\" \/>\n<meta property=\"og:url\" content=\"https:\/\/footdavant.fr\/actualites\/le-but-de-kingsley-coman-elimine-manchester-united-de-la-ligue-des-champions\/\" \/>\n<meta property=\"og:site_name\" content=\"Foot d&#039;avant\" \/>\n<meta property=\"article:publisher\" content=\"https:\/\/www.facebook.com\/Footdavant\/\" \/>\n<meta property=\"article:published_time\" content=\"2023-12-16T08:48:10+00:00\" \/>\n<meta property=\"article:modified_time\" content=\"2023-12-16T08:48:11+00:00\" \/>\n<meta property=\"og:image\" content=\"https:\/\/footdavant.fr\/actualites\/wp-content\/uploads\/2023\/12\/Le-but-de-Kingsley-Coman-elimine-Manchester-United-de-la.jpg\" \/>\n\t<meta property=\"og:image:width\" content=\"640\" \/>\n\t<meta property=\"og:image:height\" content=\"480\" \/>\n\t<meta property=\"og:image:type\" content=\"image\/jpeg\" \/>\n<meta name=\"author\" content=\"Cl\u00e9ment\" \/>\n<meta name=\"twitter:card\" content=\"summary_large_image\" \/>\n<meta name=\"twitter:creator\" content=\"@FootdavantFr\" \/>\n<meta name=\"twitter:site\" content=\"@FootdavantFr\" \/>\n<meta name=\"twitter:label1\" content=\"\u00c9crit par\" \/>\n\t<meta name=\"twitter:data1\" content=\"Cl\u00e9ment\" \/>\n\t<meta name=\"twitter:label2\" content=\"Dur\u00e9e de lecture estim\u00e9e\" \/>\n\t<meta name=\"twitter:data2\" content=\"5 minutes\" \/>\n<script type=\"application\/ld+json\" class=\"yoast-schema-graph\">{\"@context\":\"https:\/\/schema.org\",\"@graph\":[{\"@type\":\"Article\",\"@id\":\"https:\/\/footdavant.fr\/actualites\/le-but-de-kingsley-coman-elimine-manchester-united-de-la-ligue-des-champions\/#article\",\"isPartOf\":{\"@id\":\"https:\/\/footdavant.fr\/actualites\/le-but-de-kingsley-coman-elimine-manchester-united-de-la-ligue-des-champions\/\"},\"author\":{\"name\":\"Cl\u00e9ment\",\"@id\":\"https:\/\/footdavant.fr\/actualites\/#\/schema\/person\/bc222566d95871b37e597b3ed3ba5e1d\"},\"headline\":\"Le but de Kingsley Coman \u00e9limine Manchester United de la Ligue des champions\",\"datePublished\":\"2023-12-16T08:48:10+00:00\",\"dateModified\":\"2023-12-16T08:48:11+00:00\",\"mainEntityOfPage\":{\"@id\":\"https:\/\/footdavant.fr\/actualites\/le-but-de-kingsley-coman-elimine-manchester-united-de-la-ligue-des-champions\/\"},\"wordCount\":1090,\"publisher\":{\"@id\":\"https:\/\/footdavant.fr\/actualites\/#organization\"},\"keywords\":[\"champions\",\"Coman\",\"des\",\"\u00e9limine\",\"Kingsley\",\"Ligue\",\"Manchester\",\"United\"],\"articleSection\":[\"Champions League\"],\"inLanguage\":\"fr-FR\"},{\"@type\":\"WebPage\",\"@id\":\"https:\/\/footdavant.fr\/actualites\/le-but-de-kingsley-coman-elimine-manchester-united-de-la-ligue-des-champions\/\",\"url\":\"https:\/\/footdavant.fr\/actualites\/le-but-de-kingsley-coman-elimine-manchester-united-de-la-ligue-des-champions\/\",\"name\":\"Le but de Kingsley Coman \u00e9limine Manchester United de la Ligue des champions\",\"isPartOf\":{\"@id\":\"https:\/\/footdavant.fr\/actualites\/#website\"},\"datePublished\":\"2023-12-16T08:48:10+00:00\",\"dateModified\":\"2023-12-16T08:48:11+00:00\",\"breadcrumb\":{\"@id\":\"https:\/\/footdavant.fr\/actualites\/le-but-de-kingsley-coman-elimine-manchester-united-de-la-ligue-des-champions\/#breadcrumb\"},\"inLanguage\":\"fr-FR\",\"potentialAction\":[{\"@type\":\"ReadAction\",\"target\":[\"https:\/\/footdavant.fr\/actualites\/le-but-de-kingsley-coman-elimine-manchester-united-de-la-ligue-des-champions\/\"]}]},{\"@type\":\"BreadcrumbList\",\"@id\":\"https:\/\/footdavant.fr\/actualites\/le-but-de-kingsley-coman-elimine-manchester-united-de-la-ligue-des-champions\/#breadcrumb\",\"itemListElement\":[{\"@type\":\"ListItem\",\"position\":1,\"name\":\"Accueil\",\"item\":\"https:\/\/footdavant.fr\/actualites\/\"},{\"@type\":\"ListItem\",\"position\":2,\"name\":\"Le but de Kingsley Coman \u00e9limine Manchester United de la Ligue des champions\"}]},{\"@type\":\"WebSite\",\"@id\":\"https:\/\/footdavant.fr\/actualites\/#website\",\"url\":\"https:\/\/footdavant.fr\/actualites\/\",\"name\":\"Foot d'avant\",\"description\":\"\",\"publisher\":{\"@id\":\"https:\/\/footdavant.fr\/actualites\/#organization\"},\"potentialAction\":[{\"@type\":\"SearchAction\",\"target\":{\"@type\":\"EntryPoint\",\"urlTemplate\":\"https:\/\/footdavant.fr\/actualites\/?s={search_term_string}\"},\"query-input\":\"required name=search_term_string\"}],\"inLanguage\":\"fr-FR\"},{\"@type\":\"Organization\",\"@id\":\"https:\/\/footdavant.fr\/actualites\/#organization\",\"name\":\"Foot d'avant\",\"url\":\"https:\/\/footdavant.fr\/actualites\/\",\"logo\":{\"@type\":\"ImageObject\",\"inLanguage\":\"fr-FR\",\"@id\":\"https:\/\/footdavant.fr\/actualites\/#\/schema\/logo\/image\/\",\"url\":\"https:\/\/footdavant.fr\/actualites\/wp-content\/uploads\/2023\/09\/Copy-of-FootDavant-Logo.png\",\"contentUrl\":\"https:\/\/footdavant.fr\/actualites\/wp-content\/uploads\/2023\/09\/Copy-of-FootDavant-Logo.png\",\"width\":936,\"height\":549,\"caption\":\"Foot d'avant\"},\"image\":{\"@id\":\"https:\/\/footdavant.fr\/actualites\/#\/schema\/logo\/image\/\"},\"sameAs\":[\"https:\/\/www.facebook.com\/Footdavant\/\",\"https:\/\/twitter.com\/FootdavantFr\",\"https:\/\/www.instagram.com\/footdavant.fr\/\"]},{\"@type\":\"Person\",\"@id\":\"https:\/\/footdavant.fr\/actualites\/#\/schema\/person\/bc222566d95871b37e597b3ed3ba5e1d\",\"name\":\"Cl\u00e9ment\",\"image\":{\"@type\":\"ImageObject\",\"inLanguage\":\"fr-FR\",\"@id\":\"https:\/\/footdavant.fr\/actualites\/#\/schema\/person\/image\/\",\"url\":\"https:\/\/secure.gravatar.com\/avatar\/7728b29aac2719421e1a9159b2254c44?s=96&d=mm&r=g\",\"contentUrl\":\"https:\/\/secure.gravatar.com\/avatar\/7728b29aac2719421e1a9159b2254c44?s=96&d=mm&r=g\",\"caption\":\"Cl\u00e9ment\"},\"sameAs\":[\"https:\/\/footdavant.fr\/\"]}]}<\/script>\n<!-- \/ Yoast SEO plugin. -->","yoast_head_json":{"title":"Le but de Kingsley Coman \u00e9limine Manchester United de la Ligue des champions","robots":{"index":"index","follow":"follow","max-snippet":"max-snippet:-1","max-image-preview":"max-image-preview:large","max-video-preview":"max-video-preview:-1"},"canonical":"https:\/\/footdavant.fr\/actualites\/le-but-de-kingsley-coman-elimine-manchester-united-de-la-ligue-des-champions\/","og_locale":"fr_FR","og_type":"article","og_title":"Le but de Kingsley Coman \u00e9limine Manchester United de la Ligue des champions","og_description":"Manchester United s&rsquo;est retir\u00e9 de la Ligue des champions et a termin\u00e9 dernier du groupe A apr\u00e8s avoir perdu 1-0 contre le Bayern Munich \u00e0","og_url":"https:\/\/footdavant.fr\/actualites\/le-but-de-kingsley-coman-elimine-manchester-united-de-la-ligue-des-champions\/","og_site_name":"Foot d&#039;avant","article_publisher":"https:\/\/www.facebook.com\/Footdavant\/","article_published_time":"2023-12-16T08:48:10+00:00","article_modified_time":"2023-12-16T08:48:11+00:00","og_image":[{"width":640,"height":480,"url":"https:\/\/footdavant.fr\/actualites\/wp-content\/uploads\/2023\/12\/Le-but-de-Kingsley-Coman-elimine-Manchester-United-de-la.jpg","type":"image\/jpeg"}],"author":"Cl\u00e9ment","twitter_card":"summary_large_image","twitter_creator":"@FootdavantFr","twitter_site":"@FootdavantFr","twitter_misc":{"\u00c9crit par":"Cl\u00e9ment","Dur\u00e9e de lecture estim\u00e9e":"5 minutes"},"schema":{"@context":"https:\/\/schema.org","@graph":[{"@type":"Article","@id":"https:\/\/footdavant.fr\/actualites\/le-but-de-kingsley-coman-elimine-manchester-united-de-la-ligue-des-champions\/#article","isPartOf":{"@id":"https:\/\/footdavant.fr\/actualites\/le-but-de-kingsley-coman-elimine-manchester-united-de-la-ligue-des-champions\/"},"author":{"name":"Cl\u00e9ment","@id":"https:\/\/footdavant.fr\/actualites\/#\/schema\/person\/bc222566d95871b37e597b3ed3ba5e1d"},"headline":"Le but de Kingsley Coman \u00e9limine Manchester United de la Ligue des champions","datePublished":"2023-12-16T08:48:10+00:00","dateModified":"2023-12-16T08:48:11+00:00","mainEntityOfPage":{"@id":"https:\/\/footdavant.fr\/actualites\/le-but-de-kingsley-coman-elimine-manchester-united-de-la-ligue-des-champions\/"},"wordCount":1090,"publisher":{"@id":"https:\/\/footdavant.fr\/actualites\/#organization"},"keywords":["champions","Coman","des","\u00e9limine","Kingsley","Ligue","Manchester","United"],"articleSection":["Champions League"],"inLanguage":"fr-FR"},{"@type":"WebPage","@id":"https:\/\/footdavant.fr\/actualites\/le-but-de-kingsley-coman-elimine-manchester-united-de-la-ligue-des-champions\/","url":"https:\/\/footdavant.fr\/actualites\/le-but-de-kingsley-coman-elimine-manchester-united-de-la-ligue-des-champions\/","name":"Le but de Kingsley Coman \u00e9limine Manchester United de la Ligue des champions","isPartOf":{"@id":"https:\/\/footdavant.fr\/actualites\/#website"},"datePublished":"2023-12-16T08:48:10+00:00","dateModified":"2023-12-16T08:48:11+00:00","breadcrumb":{"@id":"https:\/\/footdavant.fr\/actualites\/le-but-de-kingsley-coman-elimine-manchester-united-de-la-ligue-des-champions\/#breadcrumb"},"inLanguage":"fr-FR","potentialAction":[{"@type":"ReadAction","target":["https:\/\/footdavant.fr\/actualites\/le-but-de-kingsley-coman-elimine-manchester-united-de-la-ligue-des-champions\/"]}]},{"@type":"BreadcrumbList","@id":"https:\/\/footdavant.fr\/actualites\/le-but-de-kingsley-coman-elimine-manchester-united-de-la-ligue-des-champions\/#breadcrumb","itemListElement":[{"@type":"ListItem","position":1,"name":"Accueil","item":"https:\/\/footdavant.fr\/actualites\/"},{"@type":"ListItem","position":2,"name":"Le but de Kingsley Coman \u00e9limine Manchester United de la Ligue des champions"}]},{"@type":"WebSite","@id":"https:\/\/footdavant.fr\/actualites\/#website","url":"https:\/\/footdavant.fr\/actualites\/","name":"Foot d'avant","description":"","publisher":{"@id":"https:\/\/footdavant.fr\/actualites\/#organization"},"potentialAction":[{"@type":"SearchAction","target":{"@type":"EntryPoint","urlTemplate":"https:\/\/footdavant.fr\/actualites\/?s={search_term_string}"},"query-input":"required name=search_term_string"}],"inLanguage":"fr-FR"},{"@type":"Organization","@id":"https:\/\/footdavant.fr\/actualites\/#organization","name":"Foot d'avant","url":"https:\/\/footdavant.fr\/actualites\/","logo":{"@type":"ImageObject","inLanguage":"fr-FR","@id":"https:\/\/footdavant.fr\/actualites\/#\/schema\/logo\/image\/","url":"https:\/\/footdavant.fr\/actualites\/wp-content\/uploads\/2023\/09\/Copy-of-FootDavant-Logo.png","contentUrl":"https:\/\/footdavant.fr\/actualites\/wp-content\/uploads\/2023\/09\/Copy-of-FootDavant-Logo.png","width":936,"height":549,"caption":"Foot d'avant"},"image":{"@id":"https:\/\/footdavant.fr\/actualites\/#\/schema\/logo\/image\/"},"sameAs":["https:\/\/www.facebook.com\/Footdavant\/","https:\/\/twitter.com\/FootdavantFr","https:\/\/www.instagram.com\/footdavant.fr\/"]},{"@type":"Person","@id":"https:\/\/footdavant.fr\/actualites\/#\/schema\/person\/bc222566d95871b37e597b3ed3ba5e1d","name":"Cl\u00e9ment","image":{"@type":"ImageObject","inLanguage":"fr-FR","@id":"https:\/\/footdavant.fr\/actualites\/#\/schema\/person\/image\/","url":"https:\/\/secure.gravatar.com\/avatar\/7728b29aac2719421e1a9159b2254c44?s=96&d=mm&r=g","contentUrl":"https:\/\/secure.gravatar.com\/avatar\/7728b29aac2719421e1a9159b2254c44?s=96&d=mm&r=g","caption":"Cl\u00e9ment"},"sameAs":["https:\/\/footdavant.fr\/"]}]}},"_links":{"self":[{"href":"https:\/\/footdavant.fr\/actualites\/wp-json\/wp\/v2\/posts\/2592"}],"collection":[{"href":"https:\/\/footdavant.fr\/actualites\/wp-json\/wp\/v2\/posts"}],"about":[{"href":"https:\/\/footdavant.fr\/actualites\/wp-json\/wp\/v2\/types\/post"}],"author":[{"embeddable":true,"href":"https:\/\/footdavant.fr\/actualites\/wp-json\/wp\/v2\/users\/1"}],"replies":[{"embeddable":true,"href":"https:\/\/footdavant.fr\/actualites\/wp-json\/wp\/v2\/comments?post=2592"}],"version-history":[{"count":1,"href":"https:\/\/footdavant.fr\/actualites\/wp-json\/wp\/v2\/posts\/2592\/revisions"}],"predecessor-version":[{"id":2594,"href":"https:\/\/footdavant.fr\/actualites\/wp-json\/wp\/v2\/posts\/2592\/revisions\/2594"}],"wp:featuredmedia":[{"embeddable":true,"href":"https:\/\/footdavant.fr\/actualites\/wp-json\/wp\/v2\/media\/2593"}],"wp:attachment":[{"href":"https:\/\/footdavant.fr\/actualites\/wp-json\/wp\/v2\/media?parent=2592"}],"wp:term":[{"taxonomy":"category","embeddable":true,"href":"https:\/\/footdavant.fr\/actualites\/wp-json\/wp\/v2\/categories?post=2592"},{"taxonomy":"post_tag","embeddable":true,"href":"https:\/\/footdavant.fr\/actualites\/wp-json\/wp\/v2\/tags?post=2592"}],"curies":[{"name":"wp","href":"https:\/\/api.w.org\/{rel}","templated":true}]}}