{"id":25920,"date":"2025-07-08T21:48:17","date_gmt":"2025-07-08T19:48:17","guid":{"rendered":"https:\/\/footdavant.fr\/actualites\/un-choix-de-berta-un-choix-darteta\/"},"modified":"2025-07-08T21:48:19","modified_gmt":"2025-07-08T19:48:19","slug":"un-choix-de-berta-un-choix-darteta","status":"publish","type":"post","link":"https:\/\/footdavant.fr\/actualites\/un-choix-de-berta-un-choix-darteta\/","title":{"rendered":"Un choix de berta, un choix d&#39;Arteta"},"content":{"rendered":"<div>\n<p>Matin tout.<\/p>\n<p>Apr\u00e8s une rafale de nouvelles au cours des deux derniers jours, c&#39;\u00e9tait assez calme hier. La BBC rapporte qu&#39;Andrea Berta \u00e9tait \u00e0 Lisbonne \u00e0 la fin de la semaine derni\u00e8re, ce qui explique en quelque sorte pourquoi il y a eu des d\u00e9veloppements dans la situation de Viktor Gyokerres. De toute \u00e9vidence, une d\u00e9cision a d\u00fb \u00eatre prise \u00e0 un moment donn\u00e9, et je suppose qu&#39;au cours des derni\u00e8res semaines, Arsenal a trouv\u00e9 la position de RB Leipzig sur Benjamin Sesko essentiellement insoluble.<\/p>\n<p>Donc, si la n\u00e9gociation est \u00e0 l&#39;arr\u00eat, si la pr\u00e9-saison commence imminente, et que vous voulez des pi\u00e8ces cl\u00e9s de l&#39;\u00e9quipe en place pr\u00eate \u00e0 aller pour ce qui est une p\u00e9riode d&#39;ouverture difficile dans la nouvelle saison de Premier League, vous devez \u00eatre d\u00e9cisif. Cela semble \u00eatre le cas avec l&#39;international su\u00e9dois, et c&#39;est int\u00e9ressant \u00e0 consid\u00e9rer en ce qui concerne la dynamique de la prise de d\u00e9cision.<\/p>\n<p>Son nom avait \u00e9t\u00e9 mentionn\u00e9 par rapport \u00e0 Arsenal, mais &#8211; sans vouloir soulever des sourcils avec ma langue &#8211; il n&#39;y avait rien de vraiment concret (note: c&#39;est ainsi que ce mot devrait r\u00e9ellement \u00eatre utilis\u00e9). Lorsque Berta a \u00e9t\u00e9 nomm\u00e9e la nouvelle directrice sportive du club en mars, presque imm\u00e9diatement, il y a eu une histoire sur la fa\u00e7on dont il \u00e9tait \u00e0 la signature de Gyokerres. Je ne pense pas que ce soit un cas o\u00f9 il est entr\u00e9 et a commenc\u00e9 \u00e0 fuir des informations aux journalistes amicaux, mais c&#39;\u00e9tait n\u00e9anmoins int\u00e9ressant.<\/p>\n<p>Arsenal a gard\u00e9 l&#39;int\u00e9r\u00eat pour Sesko, mais a ajout\u00e9 l&#39;homme sportif au m\u00e9lange. Maintenant, quelques mois plus tard, il semble qu&#39;il sera le gars \u00e0 rejoindre. Je pense que c&#39;est beaucoup trop simpliste de dire que c&#39;est celui o\u00f9 Berta a obtenu son homme sur le candidat pr\u00e9f\u00e9r\u00e9 de Mikel Arteta. Des d\u00e9cisions comme celle-ci ne sont pas prises par un seul individu, et il y a toutes les autres consid\u00e9rations qui alimentent les plans mis en action. Je suppose qu&#39;il y a un monde o\u00f9 Arsenal tient la main pour voir si Leipzig clignote, mais peut-\u00eatre qu&#39;ils ne le font jamais, \u00e0 quel point Gyokerres est all\u00e9 ailleurs parce qu&#39;il est fatigu\u00e9 d&#39;attendre. Alors que faites-vous? Soit payer les chances, soit pivoter quelqu&#39;un d&#39;autre. Pendant tout ce temps, le d\u00e9but de la saison se rapproche.<\/p>\n<p>N\u00e9anmoins, comme James l&#39;a dit dans Arsecast Extra d&#39;hier, Arteta obtient g\u00e9n\u00e9ralement ce qu&#39;il veut en ce qui concerne les transferts. Ce qui ne veut pas dire qu&#39;il ne veut pas de Gyokerres. Je ne pense pas que nous signerions activement un joueur qu&#39;il n&#39;a pas \u00e9valu\u00e9 ou ne pensait pas faire un travail pour son \u00e9quipe. Il y a une pression sur le manager pour offrir un succ\u00e8s tangible, c&#39;est donc une d\u00e9cision dont il aura fait partie, mais en termes d&#39;optique, c&#39;est celle qui semble plus align\u00e9e sur Berta.<\/p>\n<p>Peut-\u00eatre que le revers de la revers est le fait que la signature de noni Madueke semble tr\u00e8s ax\u00e9e sur l&#39;Arteta. Encore une fois, je trouve celui-ci int\u00e9ressant parce que pour moi, il est un joueur d\u00e9cevant, venant d&#39;un club \u00e0 laquelle nous d\u00e9testions donner de l&#39;argent (\u00e0 moins que ce soit comme 5 millions de livres sterling pour un gardien de secours d\u00e9cent), dont le r\u00f4le semble \u00eatre principalement celui d&#39;une sauvegarde mais qui est livr\u00e9 avec un plateau de prix qui ne refl\u00e8te pas n\u00e9cessairement cela. \u00c9videmment &#8211; et \u00e7a va sans dire, mais nous vivons dans un monde o\u00f9 vous devez dire beaucoup de choses qui vont sans dire &#8211; s&#39;il signe, je veux qu&#39;il fasse bien \u00e0 Arsenal.<\/p>\n<p>Il a 23 ans, il y a la place pour qu&#39;un joueur se d\u00e9veloppe, et nous avons souvent entendu comment &#8211; quand il \u00e9tait \u00e0 Man City &#8211; l&#39;entra\u00eenement d&#39;Arteta \u00e9tait un \u00e9l\u00e9ment cl\u00e9 de la raison pour laquelle des joueurs comme Leroy Sane et Raheem Sterling \u00e9taient si efficaces. Les joueurs eux-m\u00eames en ont parl\u00e9. Par cons\u00e9quent, si Arteta veut Madueke, il est peut-\u00eatre une sorte de bijou, il peut polir de la m\u00eame mani\u00e8re. Ce qui est certainement le sc\u00e9nario id\u00e9al, mais vous regardez \u00e9galement le fait qu&#39;Arteta voulait que Mudryk (la plus grande balle esquive de notre histoire r\u00e9cente), et le fait que quelqu&#39;un comme Gabriel Martinelli &#8211; qui est clairement un joueur tr\u00e8s talentueux &#8211; ait lui-m\u00eame un plateau au cours des deux derni\u00e8res saisons.<\/p>\n<p>Vous pourriez contrer cela avec le nom de Bukayo Saka, mais ne rien enlevant du coaching d&#39;Arteta, je pense que la principale diff\u00e9rence il y a un niveau de talent naturel et de capacit\u00e9 qui est \u00e9lev\u00e9 au-del\u00e0 de la plupart des joueurs de notre \u00e9quipe, ou m\u00eame la plupart des joueurs d&#39;Europe. Je ne dis pas qu&#39;Arteta n&#39;a pas eu d&#39;impact, juste qu&#39;il serait difficile de ne pas retirer le produit final d&#39;un joueur qui est si naturellement pr\u00e9dispos\u00e9 \u00e0 cela.<\/p>\n<p>Quoi qu&#39;il en soit, nous avons eu une question sur la cosse hier sur le moment de tout accord Madueke qui, je pense, est int\u00e9ressant. Apr\u00e8s une longue saison, il est absent au non-sens de la Coupe du monde Grotesque Infantino Egotrip Club. Je pense que Chelsea y est toujours (je n&#39;ai pas regard\u00e9), donc \u00e0 un moment donn\u00e9, il aura besoin d&#39;une pause d\u00e9cente. Cela le exclut essentiellement de la majeure partie de la pr\u00e9-saison, et m\u00eame si je sais qu&#39;il n&#39;aurait pas besoin de s&#39;adapter \u00e0 la Premier League, il y a une diff\u00e9rence entre Arsenal et Chelsea dont les arriv\u00e9es pr\u00e9c\u00e9dentes ont parl\u00e9. Vous devez vous adapter \u00e0 un nouveau club.<\/p>\n<p>Donc, avec des discussions qui se poursuivent autour d&#39;Ebelechi Eze et de notre int\u00e9r\u00eat pour lui, je me demande si l&#39;homme de Crystal Palace pourrait \u00eatre le plus intelligent sur lequel se concentrer si nous voulons notre \u00e9quipe dans la meilleure forme possible pour le d\u00e9but de la saison. Si vous faites cela, si vous ajoutez \u00e9galement Gyokerres &#8211; en plus de Zubimenddi, Kepa, Norgaard et potentiellement le d\u00e9fenseur sous la forme de Cristhian Mosquera &#8211; alors une affaire de fen\u00eatre tardive pour Madueke semble un peu plus agr\u00e9able au go\u00fbt. Surtout compte tenu des prix qui sont en train de se d\u00e9barrasser de sa signature. Voyons ce qui se passe.<\/p>\n<p>D&#39;accord, je vais le laisser l\u00e0 pour le moment. Si vous n&#39;avez pas encore eu l&#39;occasion d&#39;\u00e9couter, l&#39;Arsecast EXTRA est ci-dessous. Jusqu&#39;\u00e0 demain.<\/p>\n<p><iframe loading=\"lazy\" src=\"https:\/\/embed.acast.com\/a1a58121-6fb4-43cf-8156-8d6df6fc312f\/686bb1ac3b5dc9fc22e7e83a\" width=\"100%\" height=\"300px\" frameborder=\"0\"><\/iframe><\/p>\n<h4>T\u00e9l\u00e9charger &#8211; iTunes &#8211; Spotify &#8211; ACast &#8211; RSS <\/h4>\n<\/div>\n","protected":false},"excerpt":{"rendered":"<p>Matin tout. Apr\u00e8s une rafale de nouvelles au cours des deux derniers jours, c&#39;\u00e9tait assez calme hier. La BBC rapporte qu&#39;Andrea Berta \u00e9tait \u00e0 Lisbonne<\/p>\n","protected":false},"author":1,"featured_media":25921,"comment_status":"closed","ping_status":"","sticky":false,"template":"","format":"standard","meta":{"footnotes":""},"categories":[3],"tags":[8405,404,5135],"yoast_head":"<!-- This site is optimized with the Yoast SEO plugin v21.0 - https:\/\/yoast.com\/wordpress\/plugins\/seo\/ -->\n<title>Un choix de berta, un choix d&#039;Arteta<\/title>\n<meta name=\"robots\" content=\"index, follow, max-snippet:-1, max-image-preview:large, max-video-preview:-1\" \/>\n<link rel=\"canonical\" href=\"https:\/\/footdavant.fr\/actualites\/un-choix-de-berta-un-choix-darteta\/\" \/>\n<meta property=\"og:locale\" content=\"fr_FR\" \/>\n<meta property=\"og:type\" content=\"article\" \/>\n<meta property=\"og:title\" content=\"Un choix de berta, un choix d&#039;Arteta\" \/>\n<meta property=\"og:description\" content=\"Matin tout. Apr\u00e8s une rafale de nouvelles au cours des deux derniers jours, c&#039;\u00e9tait assez calme hier. La BBC rapporte qu&#039;Andrea Berta \u00e9tait \u00e0 Lisbonne\" \/>\n<meta property=\"og:url\" content=\"https:\/\/footdavant.fr\/actualites\/un-choix-de-berta-un-choix-darteta\/\" \/>\n<meta property=\"og:site_name\" content=\"Foot d&#039;avant\" \/>\n<meta property=\"article:publisher\" content=\"https:\/\/www.facebook.com\/Footdavant\/\" \/>\n<meta property=\"article:published_time\" content=\"2025-07-08T19:48:17+00:00\" \/>\n<meta property=\"article:modified_time\" content=\"2025-07-08T19:48:19+00:00\" \/>\n<meta property=\"og:image\" content=\"https:\/\/footdavant.fr\/actualites\/wp-content\/uploads\/2025\/07\/Un-choix-de-berta-un-choix-d39Arteta.jpg\" \/>\n\t<meta property=\"og:image:width\" content=\"1500\" \/>\n\t<meta property=\"og:image:height\" content=\"750\" \/>\n\t<meta property=\"og:image:type\" content=\"image\/jpeg\" \/>\n<meta name=\"author\" content=\"Cl\u00e9ment\" \/>\n<meta name=\"twitter:card\" content=\"summary_large_image\" \/>\n<meta name=\"twitter:creator\" content=\"@FootdavantFr\" \/>\n<meta name=\"twitter:site\" content=\"@FootdavantFr\" \/>\n<meta name=\"twitter:label1\" content=\"\u00c9crit par\" \/>\n\t<meta name=\"twitter:data1\" content=\"Cl\u00e9ment\" \/>\n\t<meta name=\"twitter:label2\" content=\"Dur\u00e9e de lecture estim\u00e9e\" \/>\n\t<meta name=\"twitter:data2\" content=\"6 minutes\" \/>\n<script type=\"application\/ld+json\" class=\"yoast-schema-graph\">{\"@context\":\"https:\/\/schema.org\",\"@graph\":[{\"@type\":\"Article\",\"@id\":\"https:\/\/footdavant.fr\/actualites\/un-choix-de-berta-un-choix-darteta\/#article\",\"isPartOf\":{\"@id\":\"https:\/\/footdavant.fr\/actualites\/un-choix-de-berta-un-choix-darteta\/\"},\"author\":{\"name\":\"Cl\u00e9ment\",\"@id\":\"https:\/\/footdavant.fr\/actualites\/#\/schema\/person\/bc222566d95871b37e597b3ed3ba5e1d\"},\"headline\":\"Un choix de berta, un choix d&#39;Arteta\",\"datePublished\":\"2025-07-08T19:48:17+00:00\",\"dateModified\":\"2025-07-08T19:48:19+00:00\",\"mainEntityOfPage\":{\"@id\":\"https:\/\/footdavant.fr\/actualites\/un-choix-de-berta-un-choix-darteta\/\"},\"wordCount\":1200,\"publisher\":{\"@id\":\"https:\/\/footdavant.fr\/actualites\/#organization\"},\"keywords\":[\"Berta\",\"choix\",\"d39Arteta\"],\"articleSection\":[\"Football\"],\"inLanguage\":\"fr-FR\"},{\"@type\":\"WebPage\",\"@id\":\"https:\/\/footdavant.fr\/actualites\/un-choix-de-berta-un-choix-darteta\/\",\"url\":\"https:\/\/footdavant.fr\/actualites\/un-choix-de-berta-un-choix-darteta\/\",\"name\":\"Un choix de berta, un choix d&#39;Arteta\",\"isPartOf\":{\"@id\":\"https:\/\/footdavant.fr\/actualites\/#website\"},\"datePublished\":\"2025-07-08T19:48:17+00:00\",\"dateModified\":\"2025-07-08T19:48:19+00:00\",\"breadcrumb\":{\"@id\":\"https:\/\/footdavant.fr\/actualites\/un-choix-de-berta-un-choix-darteta\/#breadcrumb\"},\"inLanguage\":\"fr-FR\",\"potentialAction\":[{\"@type\":\"ReadAction\",\"target\":[\"https:\/\/footdavant.fr\/actualites\/un-choix-de-berta-un-choix-darteta\/\"]}]},{\"@type\":\"BreadcrumbList\",\"@id\":\"https:\/\/footdavant.fr\/actualites\/un-choix-de-berta-un-choix-darteta\/#breadcrumb\",\"itemListElement\":[{\"@type\":\"ListItem\",\"position\":1,\"name\":\"Accueil\",\"item\":\"https:\/\/footdavant.fr\/actualites\/\"},{\"@type\":\"ListItem\",\"position\":2,\"name\":\"Un choix de berta, un choix d&#39;Arteta\"}]},{\"@type\":\"WebSite\",\"@id\":\"https:\/\/footdavant.fr\/actualites\/#website\",\"url\":\"https:\/\/footdavant.fr\/actualites\/\",\"name\":\"Foot d'avant\",\"description\":\"\",\"publisher\":{\"@id\":\"https:\/\/footdavant.fr\/actualites\/#organization\"},\"potentialAction\":[{\"@type\":\"SearchAction\",\"target\":{\"@type\":\"EntryPoint\",\"urlTemplate\":\"https:\/\/footdavant.fr\/actualites\/?s={search_term_string}\"},\"query-input\":\"required name=search_term_string\"}],\"inLanguage\":\"fr-FR\"},{\"@type\":\"Organization\",\"@id\":\"https:\/\/footdavant.fr\/actualites\/#organization\",\"name\":\"Foot d'avant\",\"url\":\"https:\/\/footdavant.fr\/actualites\/\",\"logo\":{\"@type\":\"ImageObject\",\"inLanguage\":\"fr-FR\",\"@id\":\"https:\/\/footdavant.fr\/actualites\/#\/schema\/logo\/image\/\",\"url\":\"https:\/\/footdavant.fr\/actualites\/wp-content\/uploads\/2023\/09\/Copy-of-FootDavant-Logo.png\",\"contentUrl\":\"https:\/\/footdavant.fr\/actualites\/wp-content\/uploads\/2023\/09\/Copy-of-FootDavant-Logo.png\",\"width\":936,\"height\":549,\"caption\":\"Foot d'avant\"},\"image\":{\"@id\":\"https:\/\/footdavant.fr\/actualites\/#\/schema\/logo\/image\/\"},\"sameAs\":[\"https:\/\/www.facebook.com\/Footdavant\/\",\"https:\/\/twitter.com\/FootdavantFr\",\"https:\/\/www.instagram.com\/footdavant.fr\/\"]},{\"@type\":\"Person\",\"@id\":\"https:\/\/footdavant.fr\/actualites\/#\/schema\/person\/bc222566d95871b37e597b3ed3ba5e1d\",\"name\":\"Cl\u00e9ment\",\"image\":{\"@type\":\"ImageObject\",\"inLanguage\":\"fr-FR\",\"@id\":\"https:\/\/footdavant.fr\/actualites\/#\/schema\/person\/image\/\",\"url\":\"https:\/\/secure.gravatar.com\/avatar\/7728b29aac2719421e1a9159b2254c44?s=96&d=mm&r=g\",\"contentUrl\":\"https:\/\/secure.gravatar.com\/avatar\/7728b29aac2719421e1a9159b2254c44?s=96&d=mm&r=g\",\"caption\":\"Cl\u00e9ment\"},\"sameAs\":[\"https:\/\/footdavant.fr\/\"]}]}<\/script>\n<!-- \/ Yoast SEO plugin. -->","yoast_head_json":{"title":"Un choix de berta, un choix d&#39;Arteta","robots":{"index":"index","follow":"follow","max-snippet":"max-snippet:-1","max-image-preview":"max-image-preview:large","max-video-preview":"max-video-preview:-1"},"canonical":"https:\/\/footdavant.fr\/actualites\/un-choix-de-berta-un-choix-darteta\/","og_locale":"fr_FR","og_type":"article","og_title":"Un choix de berta, un choix d&#39;Arteta","og_description":"Matin tout. Apr\u00e8s une rafale de nouvelles au cours des deux derniers jours, c&#39;\u00e9tait assez calme hier. La BBC rapporte qu&#39;Andrea Berta \u00e9tait \u00e0 Lisbonne","og_url":"https:\/\/footdavant.fr\/actualites\/un-choix-de-berta-un-choix-darteta\/","og_site_name":"Foot d&#039;avant","article_publisher":"https:\/\/www.facebook.com\/Footdavant\/","article_published_time":"2025-07-08T19:48:17+00:00","article_modified_time":"2025-07-08T19:48:19+00:00","og_image":[{"width":1500,"height":750,"url":"https:\/\/footdavant.fr\/actualites\/wp-content\/uploads\/2025\/07\/Un-choix-de-berta-un-choix-d39Arteta.jpg","type":"image\/jpeg"}],"author":"Cl\u00e9ment","twitter_card":"summary_large_image","twitter_creator":"@FootdavantFr","twitter_site":"@FootdavantFr","twitter_misc":{"\u00c9crit par":"Cl\u00e9ment","Dur\u00e9e de lecture estim\u00e9e":"6 minutes"},"schema":{"@context":"https:\/\/schema.org","@graph":[{"@type":"Article","@id":"https:\/\/footdavant.fr\/actualites\/un-choix-de-berta-un-choix-darteta\/#article","isPartOf":{"@id":"https:\/\/footdavant.fr\/actualites\/un-choix-de-berta-un-choix-darteta\/"},"author":{"name":"Cl\u00e9ment","@id":"https:\/\/footdavant.fr\/actualites\/#\/schema\/person\/bc222566d95871b37e597b3ed3ba5e1d"},"headline":"Un choix de berta, un choix d&#39;Arteta","datePublished":"2025-07-08T19:48:17+00:00","dateModified":"2025-07-08T19:48:19+00:00","mainEntityOfPage":{"@id":"https:\/\/footdavant.fr\/actualites\/un-choix-de-berta-un-choix-darteta\/"},"wordCount":1200,"publisher":{"@id":"https:\/\/footdavant.fr\/actualites\/#organization"},"keywords":["Berta","choix","d39Arteta"],"articleSection":["Football"],"inLanguage":"fr-FR"},{"@type":"WebPage","@id":"https:\/\/footdavant.fr\/actualites\/un-choix-de-berta-un-choix-darteta\/","url":"https:\/\/footdavant.fr\/actualites\/un-choix-de-berta-un-choix-darteta\/","name":"Un choix de berta, un choix d&#39;Arteta","isPartOf":{"@id":"https:\/\/footdavant.fr\/actualites\/#website"},"datePublished":"2025-07-08T19:48:17+00:00","dateModified":"2025-07-08T19:48:19+00:00","breadcrumb":{"@id":"https:\/\/footdavant.fr\/actualites\/un-choix-de-berta-un-choix-darteta\/#breadcrumb"},"inLanguage":"fr-FR","potentialAction":[{"@type":"ReadAction","target":["https:\/\/footdavant.fr\/actualites\/un-choix-de-berta-un-choix-darteta\/"]}]},{"@type":"BreadcrumbList","@id":"https:\/\/footdavant.fr\/actualites\/un-choix-de-berta-un-choix-darteta\/#breadcrumb","itemListElement":[{"@type":"ListItem","position":1,"name":"Accueil","item":"https:\/\/footdavant.fr\/actualites\/"},{"@type":"ListItem","position":2,"name":"Un choix de berta, un choix d&#39;Arteta"}]},{"@type":"WebSite","@id":"https:\/\/footdavant.fr\/actualites\/#website","url":"https:\/\/footdavant.fr\/actualites\/","name":"Foot d'avant","description":"","publisher":{"@id":"https:\/\/footdavant.fr\/actualites\/#organization"},"potentialAction":[{"@type":"SearchAction","target":{"@type":"EntryPoint","urlTemplate":"https:\/\/footdavant.fr\/actualites\/?s={search_term_string}"},"query-input":"required name=search_term_string"}],"inLanguage":"fr-FR"},{"@type":"Organization","@id":"https:\/\/footdavant.fr\/actualites\/#organization","name":"Foot d'avant","url":"https:\/\/footdavant.fr\/actualites\/","logo":{"@type":"ImageObject","inLanguage":"fr-FR","@id":"https:\/\/footdavant.fr\/actualites\/#\/schema\/logo\/image\/","url":"https:\/\/footdavant.fr\/actualites\/wp-content\/uploads\/2023\/09\/Copy-of-FootDavant-Logo.png","contentUrl":"https:\/\/footdavant.fr\/actualites\/wp-content\/uploads\/2023\/09\/Copy-of-FootDavant-Logo.png","width":936,"height":549,"caption":"Foot d'avant"},"image":{"@id":"https:\/\/footdavant.fr\/actualites\/#\/schema\/logo\/image\/"},"sameAs":["https:\/\/www.facebook.com\/Footdavant\/","https:\/\/twitter.com\/FootdavantFr","https:\/\/www.instagram.com\/footdavant.fr\/"]},{"@type":"Person","@id":"https:\/\/footdavant.fr\/actualites\/#\/schema\/person\/bc222566d95871b37e597b3ed3ba5e1d","name":"Cl\u00e9ment","image":{"@type":"ImageObject","inLanguage":"fr-FR","@id":"https:\/\/footdavant.fr\/actualites\/#\/schema\/person\/image\/","url":"https:\/\/secure.gravatar.com\/avatar\/7728b29aac2719421e1a9159b2254c44?s=96&d=mm&r=g","contentUrl":"https:\/\/secure.gravatar.com\/avatar\/7728b29aac2719421e1a9159b2254c44?s=96&d=mm&r=g","caption":"Cl\u00e9ment"},"sameAs":["https:\/\/footdavant.fr\/"]}]}},"_links":{"self":[{"href":"https:\/\/footdavant.fr\/actualites\/wp-json\/wp\/v2\/posts\/25920"}],"collection":[{"href":"https:\/\/footdavant.fr\/actualites\/wp-json\/wp\/v2\/posts"}],"about":[{"href":"https:\/\/footdavant.fr\/actualites\/wp-json\/wp\/v2\/types\/post"}],"author":[{"embeddable":true,"href":"https:\/\/footdavant.fr\/actualites\/wp-json\/wp\/v2\/users\/1"}],"replies":[{"embeddable":true,"href":"https:\/\/footdavant.fr\/actualites\/wp-json\/wp\/v2\/comments?post=25920"}],"version-history":[{"count":1,"href":"https:\/\/footdavant.fr\/actualites\/wp-json\/wp\/v2\/posts\/25920\/revisions"}],"predecessor-version":[{"id":25922,"href":"https:\/\/footdavant.fr\/actualites\/wp-json\/wp\/v2\/posts\/25920\/revisions\/25922"}],"wp:featuredmedia":[{"embeddable":true,"href":"https:\/\/footdavant.fr\/actualites\/wp-json\/wp\/v2\/media\/25921"}],"wp:attachment":[{"href":"https:\/\/footdavant.fr\/actualites\/wp-json\/wp\/v2\/media?parent=25920"}],"wp:term":[{"taxonomy":"category","embeddable":true,"href":"https:\/\/footdavant.fr\/actualites\/wp-json\/wp\/v2\/categories?post=25920"},{"taxonomy":"post_tag","embeddable":true,"href":"https:\/\/footdavant.fr\/actualites\/wp-json\/wp\/v2\/tags?post=25920"}],"curies":[{"name":"wp","href":"https:\/\/api.w.org\/{rel}","templated":true}]}}