{"id":25929,"date":"2025-07-09T01:48:06","date_gmt":"2025-07-08T23:48:06","guid":{"rendered":"https:\/\/footdavant.fr\/actualites\/les-rouges-de-belfast-et-dublin-laissent-diogo-jota-hommage-a-lexterieur-des-magasins-du-club\/"},"modified":"2025-07-09T01:48:08","modified_gmt":"2025-07-08T23:48:08","slug":"les-rouges-de-belfast-et-dublin-laissent-diogo-jota-hommage-a-lexterieur-des-magasins-du-club","status":"publish","type":"post","link":"https:\/\/footdavant.fr\/actualites\/les-rouges-de-belfast-et-dublin-laissent-diogo-jota-hommage-a-lexterieur-des-magasins-du-club\/","title":{"rendered":"Les rouges de Belfast et Dublin laissent Diogo Jota hommage \u00e0 l&#39;ext\u00e9rieur des magasins du club"},"content":{"rendered":"<div id=\"article-body\">\n<!-- Article Start --><\/p>\n<p>L&#39;entr\u00e9e du magasin Dublin Club est devenue une autre toile touchante de Souvenir apr\u00e8s que les fans d&#39;Irlande ont fait \u00e9cho \u00e0 la mer des hommages vus \u00e0 Anfield et au-del\u00e0 de nos rives.<\/p>\n<p>Des fleurs et des cartes d\u00e9di\u00e9es \u00e0 Diogo Jota ont \u00e9t\u00e9 plac\u00e9es \u00e0 l&#39;ext\u00e9rieur du magasin officiel du Liverpool FC \u00e0 Dublin, comme indiqu\u00e9 sur @EmpireOfthekop sur X.<\/p>\n<p>Ces offres, parmi environ 30 articles, y compris un ballon en forme de c\u0153ur et des cartes manuscrites, ont \u00e9t\u00e9 boucl\u00e9es avec une barri\u00e8re de corde rouge &#8211; un symbole indubitable du deuil public.<\/p>\n<p>Pendant ce temps, \u00e0 Belfast, des sc\u00e8nes similaires se sont d\u00e9roul\u00e9es (via Glenn Nicholl), avec des fans assemblant des fleurs, des foulards et des kits \u00e0 l&#39;ext\u00e9rieur de leur sortie LFC locale.<\/p>\n<p>L&#39;apparition d&#39;un nombre 20 fabriqu\u00e9 \u00e0 partir de roses \u00e0 Belfast refl\u00e8te encore l&#39;\u00e9chelle de touche de l&#39;hommage.<\/p>\n<h2>Notre escouade revient au milieu des fleurs et de l&#39;incertitude<\/h2>\n<figure class=\"wp-caption alignnone\"><picture><source type=\"image\/webp\" data- data-><\/source><\/picture><\/figure>\n<p>De retour \u00e0 Kirkby, nos joueurs sont revenus pour la premi\u00e8re s\u00e9ance d&#39;entra\u00eenement de pr\u00e9-saison depuis la trag\u00e9die &#8211; se produisant de trouver des hommages floraux d\u00e9j\u00e0 laiss\u00e9s \u00e0 l&#39;ext\u00e9rieur du complexe d&#39;entra\u00eenement AXA.<\/p>\n<p>L&#39;atmosph\u00e8re est lourde; Il n&#39;y a pas encore de d\u00e9cision pour savoir si le match amical de dimanche contre Preston North End se d\u00e9roulera.<\/p>\n<p>La d\u00e9cision d\u00e9pend de la fa\u00e7on dont l&#39;\u00e9quipe s&#39;installe dans la formation ensemble et s&#39;ils veulent que le jeu se poursuive comme pr\u00e9vu.<\/p>\n<p>Le fait que nos fans irlandais &#8211; quelques centaines de kilom\u00e8tres d&#39;Anfield &#8211; posent des fleurs et des \u00e9charpes montrent \u00e0 quel point cette perte se rend dans notre communaut\u00e9 mondiale.<\/p>\n<h2>Le match de Preston se produira-t-il?<\/h2>\n<picture><source type=\"image\/webp\" data- data-><img decoding=\"async\" loading=\"lazy\" width=\"1306\" height=\"829\" src=\"https:\/\/footdavant.fr\/actualites\/wp-content\/uploads\/2025\/07\/1752018486_605_Les-rouges-de-Belfast-et-Dublin-laissent-Diogo-Jota-hommage.jpg\" class=\"lazyload wp-image-275187 has-webp\"  data- style=\"aspect-ratio:1306\/829;max-width:1306px\"><\/source><\/picture>\n<p>Les joueurs sont d\u00e9j\u00e0 revenus sur le terrain d&#39;entra\u00eenement au milieu des souvenirs \u00e9motionnels et un \u00e9l\u00e9ment cl\u00e9 des premiers stades de l&#39;\u00e9t\u00e9 est la pr\u00e9paration mentale, autant que physique.<\/p>\n<p>La formation a repris et les d\u00e9cisions sur le match amical sont attendues une fois qu&#39;ils ont eu le temps de se rassembler et de trouver leur pied collectif.<\/p>\n<p>Alors que l&#39;escouade entre dans cette pr\u00e9-saison la plus test\u00e9e, des hommages \u00e0 Dublin et \u00e0 Belfast nous rappellent que le lien que nous partageons s&#39;\u00e9tend bien au-del\u00e0 du Merseyside.<\/p>\n<p>Dans les magasins de clubs et les complexes de formation, l&#39;expression \u00abForever a Red\u00bb n&#39;a pas seulement \u00e9t\u00e9 parl\u00e9e &#8211; elle a \u00e9t\u00e9 affich\u00e9e, avec des p\u00e9tales, de l&#39;encre et des larmes.<\/p>\n<\/p>\n<blockquote class=\"twitter-lazy tweet-img lazyload\" data-width=\"500\" data-dnt=\"true\">\n<p lang=\"en\" dir=\"ltr\">Belfast <a rel=\"nofollow\" href=\"https:\/\/t.co\/zb1KsZQEZF\">pic.twitter.com\/zb1kszqezf<\/a><\/p>\n<p>&#8211; Glenn Nicholl (@glennnicholl) <a rel=\"nofollow\" href=\"https:\/\/twitter.com\/GlennNicholl\/status\/1942601893643182092?ref_src=twsrc%5Etfw\">8 juillet 2025<\/a><\/p>\n<\/blockquote>\n<p><!-- Article End -->\t\t\t\t<\/div>\n<p><script async src=\"https:\/\/platform.twitter.com\/widgets.js\" charset=\"utf-8\"><\/script><\/p>\n","protected":false},"excerpt":{"rendered":"<p>L&#39;entr\u00e9e du magasin Dublin Club est devenue une autre toile touchante de Souvenir apr\u00e8s que les fans d&#39;Irlande ont fait \u00e9cho \u00e0 la mer des<\/p>\n","protected":false},"author":1,"featured_media":25930,"comment_status":"closed","ping_status":"","sticky":false,"template":"","format":"standard","meta":{"footnotes":""},"categories":[3],"tags":[3414,333,12,1355,6344,6238,1590,6975,547,93,9816,325],"yoast_head":"<!-- This site is optimized with the Yoast SEO plugin v21.0 - https:\/\/yoast.com\/wordpress\/plugins\/seo\/ -->\n<title>Les rouges de Belfast et Dublin laissent Diogo Jota hommage \u00e0 l&#039;ext\u00e9rieur des magasins du club<\/title>\n<meta name=\"robots\" content=\"index, follow, max-snippet:-1, max-image-preview:large, max-video-preview:-1\" \/>\n<link rel=\"canonical\" href=\"https:\/\/footdavant.fr\/actualites\/les-rouges-de-belfast-et-dublin-laissent-diogo-jota-hommage-a-lexterieur-des-magasins-du-club\/\" \/>\n<meta property=\"og:locale\" content=\"fr_FR\" \/>\n<meta property=\"og:type\" content=\"article\" \/>\n<meta property=\"og:title\" content=\"Les rouges de Belfast et Dublin laissent Diogo Jota hommage \u00e0 l&#039;ext\u00e9rieur des magasins du club\" \/>\n<meta property=\"og:description\" content=\"L&#039;entr\u00e9e du magasin Dublin Club est devenue une autre toile touchante de Souvenir apr\u00e8s que les fans d&#039;Irlande ont fait \u00e9cho \u00e0 la mer des\" \/>\n<meta property=\"og:url\" content=\"https:\/\/footdavant.fr\/actualites\/les-rouges-de-belfast-et-dublin-laissent-diogo-jota-hommage-a-lexterieur-des-magasins-du-club\/\" \/>\n<meta property=\"og:site_name\" content=\"Foot d&#039;avant\" \/>\n<meta property=\"article:publisher\" content=\"https:\/\/www.facebook.com\/Footdavant\/\" \/>\n<meta property=\"article:published_time\" content=\"2025-07-08T23:48:06+00:00\" \/>\n<meta property=\"article:modified_time\" content=\"2025-07-08T23:48:08+00:00\" \/>\n<meta property=\"og:image\" content=\"https:\/\/footdavant.fr\/actualites\/wp-content\/uploads\/2025\/07\/1752018487_Les-rouges-de-Belfast-et-Dublin-laissent-Diogo-Jota-hommage.jpg\" \/>\n\t<meta property=\"og:image:width\" content=\"1200\" \/>\n\t<meta property=\"og:image:height\" content=\"675\" \/>\n\t<meta property=\"og:image:type\" content=\"image\/jpeg\" \/>\n<meta name=\"author\" content=\"Cl\u00e9ment\" \/>\n<meta name=\"twitter:card\" content=\"summary_large_image\" \/>\n<meta name=\"twitter:creator\" content=\"@FootdavantFr\" \/>\n<meta name=\"twitter:site\" content=\"@FootdavantFr\" \/>\n<meta name=\"twitter:label1\" content=\"\u00c9crit par\" \/>\n\t<meta name=\"twitter:data1\" content=\"Cl\u00e9ment\" \/>\n\t<meta name=\"twitter:label2\" content=\"Dur\u00e9e de lecture estim\u00e9e\" \/>\n\t<meta name=\"twitter:data2\" content=\"2 minutes\" \/>\n<script type=\"application\/ld+json\" class=\"yoast-schema-graph\">{\"@context\":\"https:\/\/schema.org\",\"@graph\":[{\"@type\":\"Article\",\"@id\":\"https:\/\/footdavant.fr\/actualites\/les-rouges-de-belfast-et-dublin-laissent-diogo-jota-hommage-a-lexterieur-des-magasins-du-club\/#article\",\"isPartOf\":{\"@id\":\"https:\/\/footdavant.fr\/actualites\/les-rouges-de-belfast-et-dublin-laissent-diogo-jota-hommage-a-lexterieur-des-magasins-du-club\/\"},\"author\":{\"name\":\"Cl\u00e9ment\",\"@id\":\"https:\/\/footdavant.fr\/actualites\/#\/schema\/person\/bc222566d95871b37e597b3ed3ba5e1d\"},\"headline\":\"Les rouges de Belfast et Dublin laissent Diogo Jota hommage \u00e0 l&#39;ext\u00e9rieur des magasins du club\",\"datePublished\":\"2025-07-08T23:48:06+00:00\",\"dateModified\":\"2025-07-08T23:48:08+00:00\",\"mainEntityOfPage\":{\"@id\":\"https:\/\/footdavant.fr\/actualites\/les-rouges-de-belfast-et-dublin-laissent-diogo-jota-hommage-a-lexterieur-des-magasins-du-club\/\"},\"wordCount\":474,\"publisher\":{\"@id\":\"https:\/\/footdavant.fr\/actualites\/#organization\"},\"keywords\":[\"Belfast\",\"club\",\"des\",\"Diogo\",\"Dublin\",\"hommage\",\"Jota\",\"l39ext\u00e9rieur\",\"laissent\",\"les\",\"magasins\",\"rouges\"],\"articleSection\":[\"Football\"],\"inLanguage\":\"fr-FR\"},{\"@type\":\"WebPage\",\"@id\":\"https:\/\/footdavant.fr\/actualites\/les-rouges-de-belfast-et-dublin-laissent-diogo-jota-hommage-a-lexterieur-des-magasins-du-club\/\",\"url\":\"https:\/\/footdavant.fr\/actualites\/les-rouges-de-belfast-et-dublin-laissent-diogo-jota-hommage-a-lexterieur-des-magasins-du-club\/\",\"name\":\"Les rouges de Belfast et Dublin laissent Diogo Jota hommage \u00e0 l&#39;ext\u00e9rieur des magasins du club\",\"isPartOf\":{\"@id\":\"https:\/\/footdavant.fr\/actualites\/#website\"},\"datePublished\":\"2025-07-08T23:48:06+00:00\",\"dateModified\":\"2025-07-08T23:48:08+00:00\",\"breadcrumb\":{\"@id\":\"https:\/\/footdavant.fr\/actualites\/les-rouges-de-belfast-et-dublin-laissent-diogo-jota-hommage-a-lexterieur-des-magasins-du-club\/#breadcrumb\"},\"inLanguage\":\"fr-FR\",\"potentialAction\":[{\"@type\":\"ReadAction\",\"target\":[\"https:\/\/footdavant.fr\/actualites\/les-rouges-de-belfast-et-dublin-laissent-diogo-jota-hommage-a-lexterieur-des-magasins-du-club\/\"]}]},{\"@type\":\"BreadcrumbList\",\"@id\":\"https:\/\/footdavant.fr\/actualites\/les-rouges-de-belfast-et-dublin-laissent-diogo-jota-hommage-a-lexterieur-des-magasins-du-club\/#breadcrumb\",\"itemListElement\":[{\"@type\":\"ListItem\",\"position\":1,\"name\":\"Accueil\",\"item\":\"https:\/\/footdavant.fr\/actualites\/\"},{\"@type\":\"ListItem\",\"position\":2,\"name\":\"Les rouges de Belfast et Dublin laissent Diogo Jota hommage \u00e0 l&#39;ext\u00e9rieur des magasins du club\"}]},{\"@type\":\"WebSite\",\"@id\":\"https:\/\/footdavant.fr\/actualites\/#website\",\"url\":\"https:\/\/footdavant.fr\/actualites\/\",\"name\":\"Foot d'avant\",\"description\":\"\",\"publisher\":{\"@id\":\"https:\/\/footdavant.fr\/actualites\/#organization\"},\"potentialAction\":[{\"@type\":\"SearchAction\",\"target\":{\"@type\":\"EntryPoint\",\"urlTemplate\":\"https:\/\/footdavant.fr\/actualites\/?s={search_term_string}\"},\"query-input\":\"required name=search_term_string\"}],\"inLanguage\":\"fr-FR\"},{\"@type\":\"Organization\",\"@id\":\"https:\/\/footdavant.fr\/actualites\/#organization\",\"name\":\"Foot d'avant\",\"url\":\"https:\/\/footdavant.fr\/actualites\/\",\"logo\":{\"@type\":\"ImageObject\",\"inLanguage\":\"fr-FR\",\"@id\":\"https:\/\/footdavant.fr\/actualites\/#\/schema\/logo\/image\/\",\"url\":\"https:\/\/footdavant.fr\/actualites\/wp-content\/uploads\/2023\/09\/Copy-of-FootDavant-Logo.png\",\"contentUrl\":\"https:\/\/footdavant.fr\/actualites\/wp-content\/uploads\/2023\/09\/Copy-of-FootDavant-Logo.png\",\"width\":936,\"height\":549,\"caption\":\"Foot d'avant\"},\"image\":{\"@id\":\"https:\/\/footdavant.fr\/actualites\/#\/schema\/logo\/image\/\"},\"sameAs\":[\"https:\/\/www.facebook.com\/Footdavant\/\",\"https:\/\/twitter.com\/FootdavantFr\",\"https:\/\/www.instagram.com\/footdavant.fr\/\"]},{\"@type\":\"Person\",\"@id\":\"https:\/\/footdavant.fr\/actualites\/#\/schema\/person\/bc222566d95871b37e597b3ed3ba5e1d\",\"name\":\"Cl\u00e9ment\",\"image\":{\"@type\":\"ImageObject\",\"inLanguage\":\"fr-FR\",\"@id\":\"https:\/\/footdavant.fr\/actualites\/#\/schema\/person\/image\/\",\"url\":\"https:\/\/secure.gravatar.com\/avatar\/7728b29aac2719421e1a9159b2254c44?s=96&d=mm&r=g\",\"contentUrl\":\"https:\/\/secure.gravatar.com\/avatar\/7728b29aac2719421e1a9159b2254c44?s=96&d=mm&r=g\",\"caption\":\"Cl\u00e9ment\"},\"sameAs\":[\"https:\/\/footdavant.fr\/\"]}]}<\/script>\n<!-- \/ Yoast SEO plugin. -->","yoast_head_json":{"title":"Les rouges de Belfast et Dublin laissent Diogo Jota hommage \u00e0 l&#39;ext\u00e9rieur des magasins du club","robots":{"index":"index","follow":"follow","max-snippet":"max-snippet:-1","max-image-preview":"max-image-preview:large","max-video-preview":"max-video-preview:-1"},"canonical":"https:\/\/footdavant.fr\/actualites\/les-rouges-de-belfast-et-dublin-laissent-diogo-jota-hommage-a-lexterieur-des-magasins-du-club\/","og_locale":"fr_FR","og_type":"article","og_title":"Les rouges de Belfast et Dublin laissent Diogo Jota hommage \u00e0 l&#39;ext\u00e9rieur des magasins du club","og_description":"L&#39;entr\u00e9e du magasin Dublin Club est devenue une autre toile touchante de Souvenir apr\u00e8s que les fans d&#39;Irlande ont fait \u00e9cho \u00e0 la mer des","og_url":"https:\/\/footdavant.fr\/actualites\/les-rouges-de-belfast-et-dublin-laissent-diogo-jota-hommage-a-lexterieur-des-magasins-du-club\/","og_site_name":"Foot d&#039;avant","article_publisher":"https:\/\/www.facebook.com\/Footdavant\/","article_published_time":"2025-07-08T23:48:06+00:00","article_modified_time":"2025-07-08T23:48:08+00:00","og_image":[{"width":1200,"height":675,"url":"https:\/\/footdavant.fr\/actualites\/wp-content\/uploads\/2025\/07\/1752018487_Les-rouges-de-Belfast-et-Dublin-laissent-Diogo-Jota-hommage.jpg","type":"image\/jpeg"}],"author":"Cl\u00e9ment","twitter_card":"summary_large_image","twitter_creator":"@FootdavantFr","twitter_site":"@FootdavantFr","twitter_misc":{"\u00c9crit par":"Cl\u00e9ment","Dur\u00e9e de lecture estim\u00e9e":"2 minutes"},"schema":{"@context":"https:\/\/schema.org","@graph":[{"@type":"Article","@id":"https:\/\/footdavant.fr\/actualites\/les-rouges-de-belfast-et-dublin-laissent-diogo-jota-hommage-a-lexterieur-des-magasins-du-club\/#article","isPartOf":{"@id":"https:\/\/footdavant.fr\/actualites\/les-rouges-de-belfast-et-dublin-laissent-diogo-jota-hommage-a-lexterieur-des-magasins-du-club\/"},"author":{"name":"Cl\u00e9ment","@id":"https:\/\/footdavant.fr\/actualites\/#\/schema\/person\/bc222566d95871b37e597b3ed3ba5e1d"},"headline":"Les rouges de Belfast et Dublin laissent Diogo Jota hommage \u00e0 l&#39;ext\u00e9rieur des magasins du club","datePublished":"2025-07-08T23:48:06+00:00","dateModified":"2025-07-08T23:48:08+00:00","mainEntityOfPage":{"@id":"https:\/\/footdavant.fr\/actualites\/les-rouges-de-belfast-et-dublin-laissent-diogo-jota-hommage-a-lexterieur-des-magasins-du-club\/"},"wordCount":474,"publisher":{"@id":"https:\/\/footdavant.fr\/actualites\/#organization"},"keywords":["Belfast","club","des","Diogo","Dublin","hommage","Jota","l39ext\u00e9rieur","laissent","les","magasins","rouges"],"articleSection":["Football"],"inLanguage":"fr-FR"},{"@type":"WebPage","@id":"https:\/\/footdavant.fr\/actualites\/les-rouges-de-belfast-et-dublin-laissent-diogo-jota-hommage-a-lexterieur-des-magasins-du-club\/","url":"https:\/\/footdavant.fr\/actualites\/les-rouges-de-belfast-et-dublin-laissent-diogo-jota-hommage-a-lexterieur-des-magasins-du-club\/","name":"Les rouges de Belfast et Dublin laissent Diogo Jota hommage \u00e0 l&#39;ext\u00e9rieur des magasins du club","isPartOf":{"@id":"https:\/\/footdavant.fr\/actualites\/#website"},"datePublished":"2025-07-08T23:48:06+00:00","dateModified":"2025-07-08T23:48:08+00:00","breadcrumb":{"@id":"https:\/\/footdavant.fr\/actualites\/les-rouges-de-belfast-et-dublin-laissent-diogo-jota-hommage-a-lexterieur-des-magasins-du-club\/#breadcrumb"},"inLanguage":"fr-FR","potentialAction":[{"@type":"ReadAction","target":["https:\/\/footdavant.fr\/actualites\/les-rouges-de-belfast-et-dublin-laissent-diogo-jota-hommage-a-lexterieur-des-magasins-du-club\/"]}]},{"@type":"BreadcrumbList","@id":"https:\/\/footdavant.fr\/actualites\/les-rouges-de-belfast-et-dublin-laissent-diogo-jota-hommage-a-lexterieur-des-magasins-du-club\/#breadcrumb","itemListElement":[{"@type":"ListItem","position":1,"name":"Accueil","item":"https:\/\/footdavant.fr\/actualites\/"},{"@type":"ListItem","position":2,"name":"Les rouges de Belfast et Dublin laissent Diogo Jota hommage \u00e0 l&#39;ext\u00e9rieur des magasins du club"}]},{"@type":"WebSite","@id":"https:\/\/footdavant.fr\/actualites\/#website","url":"https:\/\/footdavant.fr\/actualites\/","name":"Foot d'avant","description":"","publisher":{"@id":"https:\/\/footdavant.fr\/actualites\/#organization"},"potentialAction":[{"@type":"SearchAction","target":{"@type":"EntryPoint","urlTemplate":"https:\/\/footdavant.fr\/actualites\/?s={search_term_string}"},"query-input":"required name=search_term_string"}],"inLanguage":"fr-FR"},{"@type":"Organization","@id":"https:\/\/footdavant.fr\/actualites\/#organization","name":"Foot d'avant","url":"https:\/\/footdavant.fr\/actualites\/","logo":{"@type":"ImageObject","inLanguage":"fr-FR","@id":"https:\/\/footdavant.fr\/actualites\/#\/schema\/logo\/image\/","url":"https:\/\/footdavant.fr\/actualites\/wp-content\/uploads\/2023\/09\/Copy-of-FootDavant-Logo.png","contentUrl":"https:\/\/footdavant.fr\/actualites\/wp-content\/uploads\/2023\/09\/Copy-of-FootDavant-Logo.png","width":936,"height":549,"caption":"Foot d'avant"},"image":{"@id":"https:\/\/footdavant.fr\/actualites\/#\/schema\/logo\/image\/"},"sameAs":["https:\/\/www.facebook.com\/Footdavant\/","https:\/\/twitter.com\/FootdavantFr","https:\/\/www.instagram.com\/footdavant.fr\/"]},{"@type":"Person","@id":"https:\/\/footdavant.fr\/actualites\/#\/schema\/person\/bc222566d95871b37e597b3ed3ba5e1d","name":"Cl\u00e9ment","image":{"@type":"ImageObject","inLanguage":"fr-FR","@id":"https:\/\/footdavant.fr\/actualites\/#\/schema\/person\/image\/","url":"https:\/\/secure.gravatar.com\/avatar\/7728b29aac2719421e1a9159b2254c44?s=96&d=mm&r=g","contentUrl":"https:\/\/secure.gravatar.com\/avatar\/7728b29aac2719421e1a9159b2254c44?s=96&d=mm&r=g","caption":"Cl\u00e9ment"},"sameAs":["https:\/\/footdavant.fr\/"]}]}},"_links":{"self":[{"href":"https:\/\/footdavant.fr\/actualites\/wp-json\/wp\/v2\/posts\/25929"}],"collection":[{"href":"https:\/\/footdavant.fr\/actualites\/wp-json\/wp\/v2\/posts"}],"about":[{"href":"https:\/\/footdavant.fr\/actualites\/wp-json\/wp\/v2\/types\/post"}],"author":[{"embeddable":true,"href":"https:\/\/footdavant.fr\/actualites\/wp-json\/wp\/v2\/users\/1"}],"replies":[{"embeddable":true,"href":"https:\/\/footdavant.fr\/actualites\/wp-json\/wp\/v2\/comments?post=25929"}],"version-history":[{"count":1,"href":"https:\/\/footdavant.fr\/actualites\/wp-json\/wp\/v2\/posts\/25929\/revisions"}],"predecessor-version":[{"id":25931,"href":"https:\/\/footdavant.fr\/actualites\/wp-json\/wp\/v2\/posts\/25929\/revisions\/25931"}],"wp:featuredmedia":[{"embeddable":true,"href":"https:\/\/footdavant.fr\/actualites\/wp-json\/wp\/v2\/media\/25930"}],"wp:attachment":[{"href":"https:\/\/footdavant.fr\/actualites\/wp-json\/wp\/v2\/media?parent=25929"}],"wp:term":[{"taxonomy":"category","embeddable":true,"href":"https:\/\/footdavant.fr\/actualites\/wp-json\/wp\/v2\/categories?post=25929"},{"taxonomy":"post_tag","embeddable":true,"href":"https:\/\/footdavant.fr\/actualites\/wp-json\/wp\/v2\/tags?post=25929"}],"curies":[{"name":"wp","href":"https:\/\/api.w.org\/{rel}","templated":true}]}}