{"id":25932,"date":"2025-07-09T02:48:11","date_gmt":"2025-07-09T00:48:11","guid":{"rendered":"https:\/\/footdavant.fr\/actualites\/apercu-drita-vs-fc-diferdange-03-prediction-nouvelles-dequipe-alignements\/"},"modified":"2025-07-09T02:48:12","modified_gmt":"2025-07-09T00:48:12","slug":"apercu-drita-vs-fc-diferdange-03-prediction-nouvelles-dequipe-alignements","status":"publish","type":"post","link":"https:\/\/footdavant.fr\/actualites\/apercu-drita-vs-fc-diferdange-03-prediction-nouvelles-dequipe-alignements\/","title":{"rendered":"Aper\u00e7u: Drita vs FC DifERDange 03 &#8211; Pr\u00e9diction, nouvelles d&#39;\u00e9quipe, alignements"},"content":{"rendered":"<p>Sports Mole aper\u00e7oit le conflit de la Ligue des champions de mardi entre Drita et FC Diff\u00e9rentes 03, y compris les pr\u00e9dictions, les nouvelles de l&#39;\u00e9quipe et les alignements possibles.<\/p>\n<div id=\"article_body\" itemprop=\"articleBody\">\n<p>Comme le 2025-26 <strong class=\"autotag\">Ligue des champions<\/strong> Les qualifications commencent, Kosovan Superliga c\u00f4t\u00e9 <strong class=\"autotag\">Drita<\/strong> sont pr\u00eats \u00e0 accueillir la division nationale du Luxembourg <strong class=\"autotag\">FC DifERDange 03<\/strong> \u00e0 Stadiumi Fadil Vokrri pour la premi\u00e8re \u00e9tape de leur premi\u00e8re \u00e9galit\u00e9 de rond de qualification mardi.<\/p>\n<p>L&#39;Intelektualet cherchera \u00e0 rendre cinq matchs invaincus cette semaine, tandis que les visiteurs esp\u00e8rent s&#39;appuyer sur leur victoire en Coupe lors de leur dernier match de comp\u00e9tition.<\/p>\n<p><\/p>\n<h2>Aper\u00e7u de correspondance<\/h2>\n<p>Drita de Zekirija Ramdani est devenue le premier club de Kosovar \u00e0 remporter un match de la Ligue des champions en 2018, et ils sont entr\u00e9s dans le premier tour de qualification de la comp\u00e9tition pour la premi\u00e8re fois en cinq ans.<\/p>\n<p>L&#39;Intelektualet a atteint ce stade en remportant son quatri\u00e8me titre de haut vol en 2024-25, mettant fin \u00e0 la campagne \u00e0 12 points dominants de Ballkani.<\/p>\n<p>Depuis que la ligue s&#39;est termin\u00e9e en mai, l&#39;\u00e9quipe de Ramdani a fait une pause avant de revenir pour se pr\u00e9parer pour cette semaine en jouant un certain nombre de matchs amicaux, en dessinant 2-2 avec le FK Sileks de North Mac\u00e9doine et en battant la Roumanie Farul Constanta le plus r\u00e9cemment.<\/p>\n<p>Avec ces affrontements \u00e0 leur actif, les h\u00f4tes ont maintenant perdu deux de leurs huit derniers matchs dans un tron\u00e7on remontant \u00e0 avril, et ils prendront confiance au fait qu&#39;ils ont remport\u00e9 tous leurs matchs \u00e0 domicile sauf trois depuis l&#39;\u00e9t\u00e9 dernier.<\/p>\n<p>Cela \u00e9tant dit, Drita a perdu \u00e0 la maison et \u00e0 l&#39;ext\u00e9rieur lors de leur derni\u00e8re \u00e9galit\u00e9 europ\u00e9enne, une d\u00e9faite globale 3-0 contre Legia Varsovie lors de leur qu\u00eate de football de la ligue de conf\u00e9rence en ao\u00fbt 2024, et il reste \u00e0 voir comment ils peuvent s&#39;en tirer dans une comp\u00e9tition de niveau sup\u00e9rieur.<\/p>\n<p class=\"imgI\">\n<p>Entre-temps, <strong class=\"autotag\">Remaniement de Pedro<\/strong>&#39;s Differentdange r\u00eave d&#39;atteindre la phase de la ligue de la Ligue des champions, une r\u00e9alisation louable qui marquera le plus loin qu&#39;ils aient jamais fait dans toute comp\u00e9tition europ\u00e9enne.<\/p>\n<p>Les visiteurs se sont \u00e9galement qualifi\u00e9s pour cette \u00e9galit\u00e9 en remportant leur titre domestique, en conservant leur couronne et en soulevant le troph\u00e9e de la division nationale pour la deuxi\u00e8me fois depuis que Red Boys Diff\u00e9rent et comme Diff\u00e9rente a fusionn\u00e9 en 2003-2004.<\/p>\n<p>Ayant jou\u00e9 un match comp\u00e9titif pour la derni\u00e8re fois en mai lorsqu&#39;ils ont remport\u00e9 une sixi\u00e8me coupe de Luxembourg, les hommes de Resende ont cherch\u00e9 \u00e0 construire le fitness en participant \u00e0 trois matchs amicaux, y compris un triomphe 2-1 sur Una Strassen le 26 juin et un match nul 0-0 avec Raal La Louviere deux jours plus tard le 28 juin.<\/p>\n<p>Notamment, les visiteurs de mardi \u00e9taient l&#39;\u00e9cart dans ces deux affrontements, et ils pouvaient prendre c\u0153ur de leur record de voyage exceptionnel qui comprend neuf victoires, un match nul et une d\u00e9faite en 2025.<\/p>\n<p>Cependant, Diff\u00e9rendange a \u00e9t\u00e9 battu 2-0 par le club de Premier League des F\u00e9ro\u00e9 Klaksvikar Irrottarfelag lors du premier tour de qualification de 2024-25, et ils pourraient lutter contre les champions du Kosovar cette semaine.<\/p>\n<p class=\"bM8\">Drita Form (toutes les comp\u00e9titions):<\/p>\n<p class=\"bM8\">FC Diff\u00e9rendange 03 Form (toutes les comp\u00e9titions):<\/p>\n<p><\/p>\n<h2>Nouvelles de l&#39;\u00e9quipe<\/h2>\n<p class=\"imgI\">\n<p>Drita devrait \u00eatre sans gardien de but <strong class=\"autotag\">Eron Isusi<\/strong> en raison d&#39;une blessure au dos, alors attendez-vous \u00e0 voir <strong class=\"autotag\">Faton Maloku<\/strong> Alignez-vous entre les b\u00e2tons en milieu de semaine.<\/p>\n<p>Devant lui, les de centres centraux <strong class=\"autotag\">Egzon Bejtulai<\/strong> et Juan Camilo Mesa est susceptible d&#39;\u00eatre flanqu\u00e9 de <strong class=\"autotag\">Besnik Krasniqi<\/strong> \u00e0 l&#39;arri\u00e8re droit et <strong class=\"autotag\">Raddy ovouka<\/strong> \u00e0 l&#39;arri\u00e8re gauche.<\/p>\n<p>Quant \u00e0 Diff\u00e9rendange, Striker <strong class=\"autotag\">Andreas Buch<\/strong> esp\u00e8re donner \u00e0 son \u00e9quipe une avance pour prot\u00e9ger \u00e0 la deuxi\u00e8me \u00e9tape, et il pourrait \u00eatre soutenu par Rafael Ribeiro, Arthur Abreu et <strong class=\"autotag\">Adham El Idrissi<\/strong>.<\/p>\n<p>Dans la ligne arri\u00e8re, arri\u00e8re central <strong class=\"autotag\">Juan Bedouret<\/strong> a \u00e9t\u00e9 confront\u00e9 \u00e0 une blessure \u00e0 l&#39;adducteur, et il y a des doutes sur l&#39;aptitude de l&#39;arri\u00e8re gauche <strong class=\"autotag\">Dylan Lempeur<\/strong>donc Kevin d&#39;Anzico et <strong class=\"autotag\">Geoffrey Franzoni<\/strong> peut \u00eatre rejoint par <strong class=\"autotag\">Gianluca Bei<\/strong> mardi.<\/p>\n<p><strong>Drita possible de d\u00e9part:<\/strong><\/p>\n<p>Maloku; Krasniqi, Bejtulai, Mesa, Ovouka; Dabiqaj, R Broja; Zulfiu, Kostyshyn, Ajzeraj; Manaj<\/p>\n<p><strong>FC Diff\u00e9rendange 03 LIGNAGE DE D\u00c9MARRAGE POSSIBLE:<\/strong><\/p>\n<p>Felipe; Franzoni, Bei, d&#39;Anzico, Lempeur; Leandro, Silva; Ribeiro, Idrissi, Abreu; Bouche<\/p>\n<p class=\"sm_center\">\n<h2 class=\"sm_center\">Nous disons: Drita 2-1 FC DifERDange 03<\/h2>\n<p> <\/p>\n<p>Drita \u00e9tait dominante dans leur ligue nationale, et leur impressionnant record \u00e0 domicile pourrait leur donner un coup de pouce pour cet affrontement.<\/p>\n<p>Cela \u00e9tant dit, Diff\u00e9rendange a \u00e9galement remport\u00e9 son titre de ligue, et ayant \u00e9t\u00e9 forte sur la route en 2025, ils sont susceptibles de constituer une menace.<\/p>\n<p>Pour l&#39;analyse des donn\u00e9es des r\u00e9sultats les plus probables, les scores et plus encore pour cette correspondance, veuillez cliquer ici.<\/p>\n<p><\/p>\n<h2>Aper\u00e7u par e-mail<\/h2>\n<div>Cliquez ici pour obtenir <strong>Taupe de sport<\/strong>Email quotidien des aper\u00e7us et des pr\u00e9dictions pour chaque jeu majeur!<\/div>\n<p><\/div>\n","protected":false},"excerpt":{"rendered":"<p>Sports Mole aper\u00e7oit le conflit de la Ligue des champions de mardi entre Drita et FC Diff\u00e9rentes 03, y compris les pr\u00e9dictions, les nouvelles de<\/p>\n","protected":false},"author":1,"featured_media":25933,"comment_status":"closed","ping_status":"","sticky":false,"template":"","format":"standard","meta":{"footnotes":""},"categories":[4],"tags":[7750,284,4628,9818,9817,461,3917],"yoast_head":"<!-- This site is optimized with the Yoast SEO plugin v21.0 - https:\/\/yoast.com\/wordpress\/plugins\/seo\/ -->\n<title>Aper\u00e7u: Drita vs FC DifERDange 03 - Pr\u00e9diction, nouvelles d&#039;\u00e9quipe, alignements<\/title>\n<meta name=\"robots\" content=\"index, follow, max-snippet:-1, max-image-preview:large, max-video-preview:-1\" \/>\n<link rel=\"canonical\" href=\"https:\/\/footdavant.fr\/actualites\/apercu-drita-vs-fc-diferdange-03-prediction-nouvelles-dequipe-alignements\/\" \/>\n<meta property=\"og:locale\" content=\"fr_FR\" \/>\n<meta property=\"og:type\" content=\"article\" \/>\n<meta property=\"og:title\" content=\"Aper\u00e7u: Drita vs FC DifERDange 03 - Pr\u00e9diction, nouvelles d&#039;\u00e9quipe, alignements\" \/>\n<meta property=\"og:description\" content=\"Sports Mole aper\u00e7oit le conflit de la Ligue des champions de mardi entre Drita et FC Diff\u00e9rentes 03, y compris les pr\u00e9dictions, les nouvelles de\" \/>\n<meta property=\"og:url\" content=\"https:\/\/footdavant.fr\/actualites\/apercu-drita-vs-fc-diferdange-03-prediction-nouvelles-dequipe-alignements\/\" \/>\n<meta property=\"og:site_name\" content=\"Foot d&#039;avant\" \/>\n<meta property=\"article:publisher\" content=\"https:\/\/www.facebook.com\/Footdavant\/\" \/>\n<meta property=\"article:published_time\" content=\"2025-07-09T00:48:11+00:00\" \/>\n<meta property=\"article:modified_time\" content=\"2025-07-09T00:48:12+00:00\" \/>\n<meta property=\"og:image\" content=\"https:\/\/footdavant.fr\/actualites\/wp-content\/uploads\/2025\/07\/Apercu-Drita-vs-FC-DifERDange-03-Prediction-nouvelles-d39equipe.jpg\" \/>\n\t<meta property=\"og:image:width\" content=\"640\" \/>\n\t<meta property=\"og:image:height\" content=\"480\" \/>\n\t<meta property=\"og:image:type\" content=\"image\/jpeg\" \/>\n<meta name=\"author\" content=\"Cl\u00e9ment\" \/>\n<meta name=\"twitter:card\" content=\"summary_large_image\" \/>\n<meta name=\"twitter:creator\" content=\"@FootdavantFr\" \/>\n<meta name=\"twitter:site\" content=\"@FootdavantFr\" \/>\n<meta name=\"twitter:label1\" content=\"\u00c9crit par\" \/>\n\t<meta name=\"twitter:data1\" content=\"Cl\u00e9ment\" \/>\n\t<meta name=\"twitter:label2\" content=\"Dur\u00e9e de lecture estim\u00e9e\" \/>\n\t<meta name=\"twitter:data2\" content=\"4 minutes\" \/>\n<script type=\"application\/ld+json\" class=\"yoast-schema-graph\">{\"@context\":\"https:\/\/schema.org\",\"@graph\":[{\"@type\":\"Article\",\"@id\":\"https:\/\/footdavant.fr\/actualites\/apercu-drita-vs-fc-diferdange-03-prediction-nouvelles-dequipe-alignements\/#article\",\"isPartOf\":{\"@id\":\"https:\/\/footdavant.fr\/actualites\/apercu-drita-vs-fc-diferdange-03-prediction-nouvelles-dequipe-alignements\/\"},\"author\":{\"name\":\"Cl\u00e9ment\",\"@id\":\"https:\/\/footdavant.fr\/actualites\/#\/schema\/person\/bc222566d95871b37e597b3ed3ba5e1d\"},\"headline\":\"Aper\u00e7u: Drita vs FC DifERDange 03 &#8211; Pr\u00e9diction, nouvelles d&#39;\u00e9quipe, alignements\",\"datePublished\":\"2025-07-09T00:48:11+00:00\",\"dateModified\":\"2025-07-09T00:48:12+00:00\",\"mainEntityOfPage\":{\"@id\":\"https:\/\/footdavant.fr\/actualites\/apercu-drita-vs-fc-diferdange-03-prediction-nouvelles-dequipe-alignements\/\"},\"wordCount\":874,\"publisher\":{\"@id\":\"https:\/\/footdavant.fr\/actualites\/#organization\"},\"keywords\":[\"alignements\",\"Aper\u00e7u\",\"d39\u00e9quipe\",\"DifERDange\",\"Drita\",\"Nouvelles\",\"pr\u00e9diction\"],\"articleSection\":[\"Champions League\"],\"inLanguage\":\"fr-FR\"},{\"@type\":\"WebPage\",\"@id\":\"https:\/\/footdavant.fr\/actualites\/apercu-drita-vs-fc-diferdange-03-prediction-nouvelles-dequipe-alignements\/\",\"url\":\"https:\/\/footdavant.fr\/actualites\/apercu-drita-vs-fc-diferdange-03-prediction-nouvelles-dequipe-alignements\/\",\"name\":\"Aper\u00e7u: Drita vs FC DifERDange 03 - Pr\u00e9diction, nouvelles d&#39;\u00e9quipe, alignements\",\"isPartOf\":{\"@id\":\"https:\/\/footdavant.fr\/actualites\/#website\"},\"datePublished\":\"2025-07-09T00:48:11+00:00\",\"dateModified\":\"2025-07-09T00:48:12+00:00\",\"breadcrumb\":{\"@id\":\"https:\/\/footdavant.fr\/actualites\/apercu-drita-vs-fc-diferdange-03-prediction-nouvelles-dequipe-alignements\/#breadcrumb\"},\"inLanguage\":\"fr-FR\",\"potentialAction\":[{\"@type\":\"ReadAction\",\"target\":[\"https:\/\/footdavant.fr\/actualites\/apercu-drita-vs-fc-diferdange-03-prediction-nouvelles-dequipe-alignements\/\"]}]},{\"@type\":\"BreadcrumbList\",\"@id\":\"https:\/\/footdavant.fr\/actualites\/apercu-drita-vs-fc-diferdange-03-prediction-nouvelles-dequipe-alignements\/#breadcrumb\",\"itemListElement\":[{\"@type\":\"ListItem\",\"position\":1,\"name\":\"Accueil\",\"item\":\"https:\/\/footdavant.fr\/actualites\/\"},{\"@type\":\"ListItem\",\"position\":2,\"name\":\"Aper\u00e7u: Drita vs FC DifERDange 03 &#8211; Pr\u00e9diction, nouvelles d&#39;\u00e9quipe, alignements\"}]},{\"@type\":\"WebSite\",\"@id\":\"https:\/\/footdavant.fr\/actualites\/#website\",\"url\":\"https:\/\/footdavant.fr\/actualites\/\",\"name\":\"Foot d'avant\",\"description\":\"\",\"publisher\":{\"@id\":\"https:\/\/footdavant.fr\/actualites\/#organization\"},\"potentialAction\":[{\"@type\":\"SearchAction\",\"target\":{\"@type\":\"EntryPoint\",\"urlTemplate\":\"https:\/\/footdavant.fr\/actualites\/?s={search_term_string}\"},\"query-input\":\"required name=search_term_string\"}],\"inLanguage\":\"fr-FR\"},{\"@type\":\"Organization\",\"@id\":\"https:\/\/footdavant.fr\/actualites\/#organization\",\"name\":\"Foot d'avant\",\"url\":\"https:\/\/footdavant.fr\/actualites\/\",\"logo\":{\"@type\":\"ImageObject\",\"inLanguage\":\"fr-FR\",\"@id\":\"https:\/\/footdavant.fr\/actualites\/#\/schema\/logo\/image\/\",\"url\":\"https:\/\/footdavant.fr\/actualites\/wp-content\/uploads\/2023\/09\/Copy-of-FootDavant-Logo.png\",\"contentUrl\":\"https:\/\/footdavant.fr\/actualites\/wp-content\/uploads\/2023\/09\/Copy-of-FootDavant-Logo.png\",\"width\":936,\"height\":549,\"caption\":\"Foot d'avant\"},\"image\":{\"@id\":\"https:\/\/footdavant.fr\/actualites\/#\/schema\/logo\/image\/\"},\"sameAs\":[\"https:\/\/www.facebook.com\/Footdavant\/\",\"https:\/\/twitter.com\/FootdavantFr\",\"https:\/\/www.instagram.com\/footdavant.fr\/\"]},{\"@type\":\"Person\",\"@id\":\"https:\/\/footdavant.fr\/actualites\/#\/schema\/person\/bc222566d95871b37e597b3ed3ba5e1d\",\"name\":\"Cl\u00e9ment\",\"image\":{\"@type\":\"ImageObject\",\"inLanguage\":\"fr-FR\",\"@id\":\"https:\/\/footdavant.fr\/actualites\/#\/schema\/person\/image\/\",\"url\":\"https:\/\/secure.gravatar.com\/avatar\/7728b29aac2719421e1a9159b2254c44?s=96&d=mm&r=g\",\"contentUrl\":\"https:\/\/secure.gravatar.com\/avatar\/7728b29aac2719421e1a9159b2254c44?s=96&d=mm&r=g\",\"caption\":\"Cl\u00e9ment\"},\"sameAs\":[\"https:\/\/footdavant.fr\/\"]}]}<\/script>\n<!-- \/ Yoast SEO plugin. -->","yoast_head_json":{"title":"Aper\u00e7u: Drita vs FC DifERDange 03 - Pr\u00e9diction, nouvelles d&#39;\u00e9quipe, alignements","robots":{"index":"index","follow":"follow","max-snippet":"max-snippet:-1","max-image-preview":"max-image-preview:large","max-video-preview":"max-video-preview:-1"},"canonical":"https:\/\/footdavant.fr\/actualites\/apercu-drita-vs-fc-diferdange-03-prediction-nouvelles-dequipe-alignements\/","og_locale":"fr_FR","og_type":"article","og_title":"Aper\u00e7u: Drita vs FC DifERDange 03 - Pr\u00e9diction, nouvelles d&#39;\u00e9quipe, alignements","og_description":"Sports Mole aper\u00e7oit le conflit de la Ligue des champions de mardi entre Drita et FC Diff\u00e9rentes 03, y compris les pr\u00e9dictions, les nouvelles de","og_url":"https:\/\/footdavant.fr\/actualites\/apercu-drita-vs-fc-diferdange-03-prediction-nouvelles-dequipe-alignements\/","og_site_name":"Foot d&#039;avant","article_publisher":"https:\/\/www.facebook.com\/Footdavant\/","article_published_time":"2025-07-09T00:48:11+00:00","article_modified_time":"2025-07-09T00:48:12+00:00","og_image":[{"width":640,"height":480,"url":"https:\/\/footdavant.fr\/actualites\/wp-content\/uploads\/2025\/07\/Apercu-Drita-vs-FC-DifERDange-03-Prediction-nouvelles-d39equipe.jpg","type":"image\/jpeg"}],"author":"Cl\u00e9ment","twitter_card":"summary_large_image","twitter_creator":"@FootdavantFr","twitter_site":"@FootdavantFr","twitter_misc":{"\u00c9crit par":"Cl\u00e9ment","Dur\u00e9e de lecture estim\u00e9e":"4 minutes"},"schema":{"@context":"https:\/\/schema.org","@graph":[{"@type":"Article","@id":"https:\/\/footdavant.fr\/actualites\/apercu-drita-vs-fc-diferdange-03-prediction-nouvelles-dequipe-alignements\/#article","isPartOf":{"@id":"https:\/\/footdavant.fr\/actualites\/apercu-drita-vs-fc-diferdange-03-prediction-nouvelles-dequipe-alignements\/"},"author":{"name":"Cl\u00e9ment","@id":"https:\/\/footdavant.fr\/actualites\/#\/schema\/person\/bc222566d95871b37e597b3ed3ba5e1d"},"headline":"Aper\u00e7u: Drita vs FC DifERDange 03 &#8211; Pr\u00e9diction, nouvelles d&#39;\u00e9quipe, alignements","datePublished":"2025-07-09T00:48:11+00:00","dateModified":"2025-07-09T00:48:12+00:00","mainEntityOfPage":{"@id":"https:\/\/footdavant.fr\/actualites\/apercu-drita-vs-fc-diferdange-03-prediction-nouvelles-dequipe-alignements\/"},"wordCount":874,"publisher":{"@id":"https:\/\/footdavant.fr\/actualites\/#organization"},"keywords":["alignements","Aper\u00e7u","d39\u00e9quipe","DifERDange","Drita","Nouvelles","pr\u00e9diction"],"articleSection":["Champions League"],"inLanguage":"fr-FR"},{"@type":"WebPage","@id":"https:\/\/footdavant.fr\/actualites\/apercu-drita-vs-fc-diferdange-03-prediction-nouvelles-dequipe-alignements\/","url":"https:\/\/footdavant.fr\/actualites\/apercu-drita-vs-fc-diferdange-03-prediction-nouvelles-dequipe-alignements\/","name":"Aper\u00e7u: Drita vs FC DifERDange 03 - Pr\u00e9diction, nouvelles d&#39;\u00e9quipe, alignements","isPartOf":{"@id":"https:\/\/footdavant.fr\/actualites\/#website"},"datePublished":"2025-07-09T00:48:11+00:00","dateModified":"2025-07-09T00:48:12+00:00","breadcrumb":{"@id":"https:\/\/footdavant.fr\/actualites\/apercu-drita-vs-fc-diferdange-03-prediction-nouvelles-dequipe-alignements\/#breadcrumb"},"inLanguage":"fr-FR","potentialAction":[{"@type":"ReadAction","target":["https:\/\/footdavant.fr\/actualites\/apercu-drita-vs-fc-diferdange-03-prediction-nouvelles-dequipe-alignements\/"]}]},{"@type":"BreadcrumbList","@id":"https:\/\/footdavant.fr\/actualites\/apercu-drita-vs-fc-diferdange-03-prediction-nouvelles-dequipe-alignements\/#breadcrumb","itemListElement":[{"@type":"ListItem","position":1,"name":"Accueil","item":"https:\/\/footdavant.fr\/actualites\/"},{"@type":"ListItem","position":2,"name":"Aper\u00e7u: Drita vs FC DifERDange 03 &#8211; Pr\u00e9diction, nouvelles d&#39;\u00e9quipe, alignements"}]},{"@type":"WebSite","@id":"https:\/\/footdavant.fr\/actualites\/#website","url":"https:\/\/footdavant.fr\/actualites\/","name":"Foot d'avant","description":"","publisher":{"@id":"https:\/\/footdavant.fr\/actualites\/#organization"},"potentialAction":[{"@type":"SearchAction","target":{"@type":"EntryPoint","urlTemplate":"https:\/\/footdavant.fr\/actualites\/?s={search_term_string}"},"query-input":"required name=search_term_string"}],"inLanguage":"fr-FR"},{"@type":"Organization","@id":"https:\/\/footdavant.fr\/actualites\/#organization","name":"Foot d'avant","url":"https:\/\/footdavant.fr\/actualites\/","logo":{"@type":"ImageObject","inLanguage":"fr-FR","@id":"https:\/\/footdavant.fr\/actualites\/#\/schema\/logo\/image\/","url":"https:\/\/footdavant.fr\/actualites\/wp-content\/uploads\/2023\/09\/Copy-of-FootDavant-Logo.png","contentUrl":"https:\/\/footdavant.fr\/actualites\/wp-content\/uploads\/2023\/09\/Copy-of-FootDavant-Logo.png","width":936,"height":549,"caption":"Foot d'avant"},"image":{"@id":"https:\/\/footdavant.fr\/actualites\/#\/schema\/logo\/image\/"},"sameAs":["https:\/\/www.facebook.com\/Footdavant\/","https:\/\/twitter.com\/FootdavantFr","https:\/\/www.instagram.com\/footdavant.fr\/"]},{"@type":"Person","@id":"https:\/\/footdavant.fr\/actualites\/#\/schema\/person\/bc222566d95871b37e597b3ed3ba5e1d","name":"Cl\u00e9ment","image":{"@type":"ImageObject","inLanguage":"fr-FR","@id":"https:\/\/footdavant.fr\/actualites\/#\/schema\/person\/image\/","url":"https:\/\/secure.gravatar.com\/avatar\/7728b29aac2719421e1a9159b2254c44?s=96&d=mm&r=g","contentUrl":"https:\/\/secure.gravatar.com\/avatar\/7728b29aac2719421e1a9159b2254c44?s=96&d=mm&r=g","caption":"Cl\u00e9ment"},"sameAs":["https:\/\/footdavant.fr\/"]}]}},"_links":{"self":[{"href":"https:\/\/footdavant.fr\/actualites\/wp-json\/wp\/v2\/posts\/25932"}],"collection":[{"href":"https:\/\/footdavant.fr\/actualites\/wp-json\/wp\/v2\/posts"}],"about":[{"href":"https:\/\/footdavant.fr\/actualites\/wp-json\/wp\/v2\/types\/post"}],"author":[{"embeddable":true,"href":"https:\/\/footdavant.fr\/actualites\/wp-json\/wp\/v2\/users\/1"}],"replies":[{"embeddable":true,"href":"https:\/\/footdavant.fr\/actualites\/wp-json\/wp\/v2\/comments?post=25932"}],"version-history":[{"count":1,"href":"https:\/\/footdavant.fr\/actualites\/wp-json\/wp\/v2\/posts\/25932\/revisions"}],"predecessor-version":[{"id":25934,"href":"https:\/\/footdavant.fr\/actualites\/wp-json\/wp\/v2\/posts\/25932\/revisions\/25934"}],"wp:featuredmedia":[{"embeddable":true,"href":"https:\/\/footdavant.fr\/actualites\/wp-json\/wp\/v2\/media\/25933"}],"wp:attachment":[{"href":"https:\/\/footdavant.fr\/actualites\/wp-json\/wp\/v2\/media?parent=25932"}],"wp:term":[{"taxonomy":"category","embeddable":true,"href":"https:\/\/footdavant.fr\/actualites\/wp-json\/wp\/v2\/categories?post=25932"},{"taxonomy":"post_tag","embeddable":true,"href":"https:\/\/footdavant.fr\/actualites\/wp-json\/wp\/v2\/tags?post=25932"}],"curies":[{"name":"wp","href":"https:\/\/api.w.org\/{rel}","templated":true}]}}