{"id":25935,"date":"2025-07-09T03:48:09","date_gmt":"2025-07-09T01:48:09","guid":{"rendered":"https:\/\/footdavant.fr\/actualites\/la-foret-de-nottingham-confirme-larrivee-de-lancien-chef-darsenal-dans-le-role-nouvellement-etabli\/"},"modified":"2025-07-09T03:48:10","modified_gmt":"2025-07-09T01:48:10","slug":"la-foret-de-nottingham-confirme-larrivee-de-lancien-chef-darsenal-dans-le-role-nouvellement-etabli","status":"publish","type":"post","link":"https:\/\/footdavant.fr\/actualites\/la-foret-de-nottingham-confirme-larrivee-de-lancien-chef-darsenal-dans-le-role-nouvellement-etabli\/","title":{"rendered":"La for\u00eat de Nottingham confirme l&#39;arriv\u00e9e de l&#39;ancien chef d&#39;Arsenal dans le r\u00f4le \u00abnouvellement \u00e9tabli\u00bb"},"content":{"rendered":"<p>Nottingham Forest confirme que l&#39;ancien directeur du sportif d&#39;Arsenal, Edu, a finalement commenc\u00e9 \u00e0 travailler \u00e0 titre officiel au City Ground.<\/p>\n<div id=\"article_body\" itemprop=\"articleBody\">\n<h3 class=\"firstPara\"><\/h3>\n<p><strong class=\"autotag\">For\u00eat de Nottingham<\/strong> ont confirm\u00e9 que l&#39;EDU est arriv\u00e9 sur le terrain de la ville dans le r\u00f4le de chef du football mondial.<\/p>\n<p>Alors que Forest vient de profiter de leur meilleure campagne de m\u00e9moire r\u00e9cente, il a \u00e9t\u00e9 pr\u00e9vu de renforcer les coulisses depuis un certain temps.<\/p>\n<p>En novembre, Edu a fait le d\u00e9part surprise d&#39;Arsenal et il a depuis \u00e9t\u00e9 remplac\u00e9 par Andrea Berta en tant que directrice sportive.<\/p>\n<p>Cependant, l&#39;homme de 47 ans a d\u00fb attendre pour commencer sa nouvelle position avec Forest alors que la tenue d&#39;East Midlands cherche \u00e0 passer la prochaine \u00e9tape de leur d\u00e9veloppement.<\/p>\n<p class=\"imgI\">\n<h2>Edu, propri\u00e9taire de la for\u00eat r\u00e9agit pour bouger<\/h2>\n<p>Lundi, le Br\u00e9silien est maintenant pr\u00eat \u00e0 commencer officiellement les travaux \u00e0 Forest, sugg\u00e9rant qu&#39;il a \u00ab\u00a0l&#39;innovation\u00a0\u00bb comme objectif principal.<\/p>\n<p>Sur leur site officiel, Forest a d\u00e9clar\u00e9 que l&#39;EDU \u00ab\u00a0supervisera toutes les fonctions li\u00e9es au football, y compris le recrutement, la performance, la strat\u00e9gie de l&#39;\u00e9quipe et le d\u00e9veloppement des joueurs\u00a0\u00bb.<\/p>\n<p>Edu a d\u00e9clar\u00e9: \u00ab\u00a0Je suis vraiment enthousiasm\u00e9 par ce nouveau chapitre et honor\u00e9 par la confiance que je suis plac\u00e9e en moi.<\/p>\n<p>\u00ab\u00a0Ce projet se connecte profond\u00e9ment \u00e0 mes valeurs concernant l&#39;innovation et la planification \u00e0 long terme. J&#39;ai h\u00e2te de construire un mod\u00e8le de football mondial comp\u00e9titif, durable et align\u00e9 avec l&#39;ambition de notre pr\u00e9sident.\u00a0\u00bb<\/p>\n<p>Le pr\u00e9sident Evangelos Marinakis a ajout\u00e9: \u00ab\u00a0Nous sommes extr\u00eamement heureux d&#39;accueillir Edu dans notre famille de football. Son exp\u00e9rience mondiale, ses valeurs et son \u00e9tat d&#39;esprit gagnant s&#39;alignent parfaitement sur notre objectif de renforcer et d&#39;\u00e9largir notre plateforme de football internationale.\u00a0\u00bb<\/p>\n<p class=\"imgI\"><img decoding=\"async\" alt=\"Igor J\u00e9sus de Botafogo c\u00e9l\u00e8bre apr\u00e8s avoir marqu\u00e9 le 23 octobre 2024\" class=\"vanilla-lazyload article-image\" src=\"https:\/\/footdavant.fr\/actualites\/wp-content\/uploads\/2025\/07\/1752025688_265_La-foret-de-Nottingham-confirme-l39arrivee-de-l39ancien-chef-d39Arsenal.jpg\"><\/p>\n<h2>L&#39;influence d\u00e9j\u00e0 ressentie?<\/h2>\n<p>Depuis plus d&#39;un mois, la for\u00eat est r\u00e9guli\u00e8rement li\u00e9e aux joueurs br\u00e9siliens avec Igor Jesus \u00e9tant d\u00e9j\u00e0 arriv\u00e9 de Botafogo.<\/p>\n<p>Jair Cunha pourrait \u00e9galement suivre en temps voulu, l&#39;hypoth\u00e8se \u00e9tant Edu a jou\u00e9 un r\u00f4le dans cette strat\u00e9gie particuli\u00e8re.<\/p>\n<p>L&#39;objectif d&#39;Edu sera de s&#39;assurer que la for\u00eat reste en tant que club top-sept dans le tableau de la Premier League, que ce soit par des ajouts ou de l&#39;\u00e9tablissement de voies de pr\u00eat qui profiteront aux joueurs avant un retour au club.<\/p>\n<div class=\"author_box\">\n<div class=\"author_box_banner\"> <img decoding=\"async\" class=\"author_img\" src=\"https:\/\/footdavant.fr\/actualites\/wp-content\/uploads\/2025\/06\/1749318502_545_Chelsea-Transfer-News-Andrey-Santos-donne-une-baisse-sur-Blues.jpg\"><\/div>\n<\/div>\n<\/div>\n","protected":false},"excerpt":{"rendered":"<p>Nottingham Forest confirme que l&#39;ancien directeur du sportif d&#39;Arsenal, Edu, a finalement commenc\u00e9 \u00e0 travailler \u00e0 titre officiel au City Ground. For\u00eat de Nottingham ont<\/p>\n","protected":false},"author":1,"featured_media":25936,"comment_status":"closed","ping_status":"","sticky":false,"template":"","format":"standard","meta":{"footnotes":""},"categories":[5],"tags":[980,40,4221,19,939,7633,4404,4718,357,6158,831],"yoast_head":"<!-- This site is optimized with the Yoast SEO plugin v21.0 - https:\/\/yoast.com\/wordpress\/plugins\/seo\/ -->\n<title>La for\u00eat de Nottingham confirme l&#039;arriv\u00e9e de l&#039;ancien chef d&#039;Arsenal dans le r\u00f4le \u00abnouvellement \u00e9tabli\u00bb<\/title>\n<meta name=\"robots\" content=\"index, follow, max-snippet:-1, max-image-preview:large, max-video-preview:-1\" \/>\n<link rel=\"canonical\" href=\"https:\/\/footdavant.fr\/actualites\/la-foret-de-nottingham-confirme-larrivee-de-lancien-chef-darsenal-dans-le-role-nouvellement-etabli\/\" \/>\n<meta property=\"og:locale\" content=\"fr_FR\" \/>\n<meta property=\"og:type\" content=\"article\" \/>\n<meta property=\"og:title\" content=\"La for\u00eat de Nottingham confirme l&#039;arriv\u00e9e de l&#039;ancien chef d&#039;Arsenal dans le r\u00f4le \u00abnouvellement \u00e9tabli\u00bb\" \/>\n<meta property=\"og:description\" content=\"Nottingham Forest confirme que l&#039;ancien directeur du sportif d&#039;Arsenal, Edu, a finalement commenc\u00e9 \u00e0 travailler \u00e0 titre officiel au City Ground. For\u00eat de Nottingham ont\" \/>\n<meta property=\"og:url\" content=\"https:\/\/footdavant.fr\/actualites\/la-foret-de-nottingham-confirme-larrivee-de-lancien-chef-darsenal-dans-le-role-nouvellement-etabli\/\" \/>\n<meta property=\"og:site_name\" content=\"Foot d&#039;avant\" \/>\n<meta property=\"article:publisher\" content=\"https:\/\/www.facebook.com\/Footdavant\/\" \/>\n<meta property=\"article:published_time\" content=\"2025-07-09T01:48:09+00:00\" \/>\n<meta property=\"article:modified_time\" content=\"2025-07-09T01:48:10+00:00\" \/>\n<meta property=\"og:image\" content=\"https:\/\/footdavant.fr\/actualites\/wp-content\/uploads\/2025\/07\/1752025690_La-foret-de-Nottingham-confirme-l39arrivee-de-l39ancien-chef-d39Arsenal.jpg\" \/>\n\t<meta property=\"og:image:width\" content=\"640\" \/>\n\t<meta property=\"og:image:height\" content=\"480\" \/>\n\t<meta property=\"og:image:type\" content=\"image\/jpeg\" \/>\n<meta name=\"author\" content=\"Cl\u00e9ment\" \/>\n<meta name=\"twitter:card\" content=\"summary_large_image\" \/>\n<meta name=\"twitter:creator\" content=\"@FootdavantFr\" \/>\n<meta name=\"twitter:site\" content=\"@FootdavantFr\" \/>\n<meta name=\"twitter:label1\" content=\"\u00c9crit par\" \/>\n\t<meta name=\"twitter:data1\" content=\"Cl\u00e9ment\" \/>\n\t<meta name=\"twitter:label2\" content=\"Dur\u00e9e de lecture estim\u00e9e\" \/>\n\t<meta name=\"twitter:data2\" content=\"2 minutes\" \/>\n<script type=\"application\/ld+json\" class=\"yoast-schema-graph\">{\"@context\":\"https:\/\/schema.org\",\"@graph\":[{\"@type\":\"Article\",\"@id\":\"https:\/\/footdavant.fr\/actualites\/la-foret-de-nottingham-confirme-larrivee-de-lancien-chef-darsenal-dans-le-role-nouvellement-etabli\/#article\",\"isPartOf\":{\"@id\":\"https:\/\/footdavant.fr\/actualites\/la-foret-de-nottingham-confirme-larrivee-de-lancien-chef-darsenal-dans-le-role-nouvellement-etabli\/\"},\"author\":{\"name\":\"Cl\u00e9ment\",\"@id\":\"https:\/\/footdavant.fr\/actualites\/#\/schema\/person\/bc222566d95871b37e597b3ed3ba5e1d\"},\"headline\":\"La for\u00eat de Nottingham confirme l&#39;arriv\u00e9e de l&#39;ancien chef d&#39;Arsenal dans le r\u00f4le \u00abnouvellement \u00e9tabli\u00bb\",\"datePublished\":\"2025-07-09T01:48:09+00:00\",\"dateModified\":\"2025-07-09T01:48:10+00:00\",\"mainEntityOfPage\":{\"@id\":\"https:\/\/footdavant.fr\/actualites\/la-foret-de-nottingham-confirme-larrivee-de-lancien-chef-darsenal-dans-le-role-nouvellement-etabli\/\"},\"wordCount\":440,\"publisher\":{\"@id\":\"https:\/\/footdavant.fr\/actualites\/#organization\"},\"keywords\":[\"chef\",\"confirme\",\"d39Arsenal\",\"dans\",\"\u00e9tabli\",\"for\u00eat\",\"l39ancien\",\"l39arriv\u00e9e\",\"Nottingham\",\"nouvellement\",\"r\u00f4le\"],\"articleSection\":[\"Premier League\"],\"inLanguage\":\"fr-FR\"},{\"@type\":\"WebPage\",\"@id\":\"https:\/\/footdavant.fr\/actualites\/la-foret-de-nottingham-confirme-larrivee-de-lancien-chef-darsenal-dans-le-role-nouvellement-etabli\/\",\"url\":\"https:\/\/footdavant.fr\/actualites\/la-foret-de-nottingham-confirme-larrivee-de-lancien-chef-darsenal-dans-le-role-nouvellement-etabli\/\",\"name\":\"La for\u00eat de Nottingham confirme l&#39;arriv\u00e9e de l&#39;ancien chef d&#39;Arsenal dans le r\u00f4le \u00abnouvellement \u00e9tabli\u00bb\",\"isPartOf\":{\"@id\":\"https:\/\/footdavant.fr\/actualites\/#website\"},\"datePublished\":\"2025-07-09T01:48:09+00:00\",\"dateModified\":\"2025-07-09T01:48:10+00:00\",\"breadcrumb\":{\"@id\":\"https:\/\/footdavant.fr\/actualites\/la-foret-de-nottingham-confirme-larrivee-de-lancien-chef-darsenal-dans-le-role-nouvellement-etabli\/#breadcrumb\"},\"inLanguage\":\"fr-FR\",\"potentialAction\":[{\"@type\":\"ReadAction\",\"target\":[\"https:\/\/footdavant.fr\/actualites\/la-foret-de-nottingham-confirme-larrivee-de-lancien-chef-darsenal-dans-le-role-nouvellement-etabli\/\"]}]},{\"@type\":\"BreadcrumbList\",\"@id\":\"https:\/\/footdavant.fr\/actualites\/la-foret-de-nottingham-confirme-larrivee-de-lancien-chef-darsenal-dans-le-role-nouvellement-etabli\/#breadcrumb\",\"itemListElement\":[{\"@type\":\"ListItem\",\"position\":1,\"name\":\"Accueil\",\"item\":\"https:\/\/footdavant.fr\/actualites\/\"},{\"@type\":\"ListItem\",\"position\":2,\"name\":\"La for\u00eat de Nottingham confirme l&#39;arriv\u00e9e de l&#39;ancien chef d&#39;Arsenal dans le r\u00f4le \u00abnouvellement \u00e9tabli\u00bb\"}]},{\"@type\":\"WebSite\",\"@id\":\"https:\/\/footdavant.fr\/actualites\/#website\",\"url\":\"https:\/\/footdavant.fr\/actualites\/\",\"name\":\"Foot d'avant\",\"description\":\"\",\"publisher\":{\"@id\":\"https:\/\/footdavant.fr\/actualites\/#organization\"},\"potentialAction\":[{\"@type\":\"SearchAction\",\"target\":{\"@type\":\"EntryPoint\",\"urlTemplate\":\"https:\/\/footdavant.fr\/actualites\/?s={search_term_string}\"},\"query-input\":\"required name=search_term_string\"}],\"inLanguage\":\"fr-FR\"},{\"@type\":\"Organization\",\"@id\":\"https:\/\/footdavant.fr\/actualites\/#organization\",\"name\":\"Foot d'avant\",\"url\":\"https:\/\/footdavant.fr\/actualites\/\",\"logo\":{\"@type\":\"ImageObject\",\"inLanguage\":\"fr-FR\",\"@id\":\"https:\/\/footdavant.fr\/actualites\/#\/schema\/logo\/image\/\",\"url\":\"https:\/\/footdavant.fr\/actualites\/wp-content\/uploads\/2023\/09\/Copy-of-FootDavant-Logo.png\",\"contentUrl\":\"https:\/\/footdavant.fr\/actualites\/wp-content\/uploads\/2023\/09\/Copy-of-FootDavant-Logo.png\",\"width\":936,\"height\":549,\"caption\":\"Foot d'avant\"},\"image\":{\"@id\":\"https:\/\/footdavant.fr\/actualites\/#\/schema\/logo\/image\/\"},\"sameAs\":[\"https:\/\/www.facebook.com\/Footdavant\/\",\"https:\/\/twitter.com\/FootdavantFr\",\"https:\/\/www.instagram.com\/footdavant.fr\/\"]},{\"@type\":\"Person\",\"@id\":\"https:\/\/footdavant.fr\/actualites\/#\/schema\/person\/bc222566d95871b37e597b3ed3ba5e1d\",\"name\":\"Cl\u00e9ment\",\"image\":{\"@type\":\"ImageObject\",\"inLanguage\":\"fr-FR\",\"@id\":\"https:\/\/footdavant.fr\/actualites\/#\/schema\/person\/image\/\",\"url\":\"https:\/\/secure.gravatar.com\/avatar\/7728b29aac2719421e1a9159b2254c44?s=96&d=mm&r=g\",\"contentUrl\":\"https:\/\/secure.gravatar.com\/avatar\/7728b29aac2719421e1a9159b2254c44?s=96&d=mm&r=g\",\"caption\":\"Cl\u00e9ment\"},\"sameAs\":[\"https:\/\/footdavant.fr\/\"]}]}<\/script>\n<!-- \/ Yoast SEO plugin. -->","yoast_head_json":{"title":"La for\u00eat de Nottingham confirme l&#39;arriv\u00e9e de l&#39;ancien chef d&#39;Arsenal dans le r\u00f4le \u00abnouvellement \u00e9tabli\u00bb","robots":{"index":"index","follow":"follow","max-snippet":"max-snippet:-1","max-image-preview":"max-image-preview:large","max-video-preview":"max-video-preview:-1"},"canonical":"https:\/\/footdavant.fr\/actualites\/la-foret-de-nottingham-confirme-larrivee-de-lancien-chef-darsenal-dans-le-role-nouvellement-etabli\/","og_locale":"fr_FR","og_type":"article","og_title":"La for\u00eat de Nottingham confirme l&#39;arriv\u00e9e de l&#39;ancien chef d&#39;Arsenal dans le r\u00f4le \u00abnouvellement \u00e9tabli\u00bb","og_description":"Nottingham Forest confirme que l&#39;ancien directeur du sportif d&#39;Arsenal, Edu, a finalement commenc\u00e9 \u00e0 travailler \u00e0 titre officiel au City Ground. For\u00eat de Nottingham ont","og_url":"https:\/\/footdavant.fr\/actualites\/la-foret-de-nottingham-confirme-larrivee-de-lancien-chef-darsenal-dans-le-role-nouvellement-etabli\/","og_site_name":"Foot d&#039;avant","article_publisher":"https:\/\/www.facebook.com\/Footdavant\/","article_published_time":"2025-07-09T01:48:09+00:00","article_modified_time":"2025-07-09T01:48:10+00:00","og_image":[{"width":640,"height":480,"url":"https:\/\/footdavant.fr\/actualites\/wp-content\/uploads\/2025\/07\/1752025690_La-foret-de-Nottingham-confirme-l39arrivee-de-l39ancien-chef-d39Arsenal.jpg","type":"image\/jpeg"}],"author":"Cl\u00e9ment","twitter_card":"summary_large_image","twitter_creator":"@FootdavantFr","twitter_site":"@FootdavantFr","twitter_misc":{"\u00c9crit par":"Cl\u00e9ment","Dur\u00e9e de lecture estim\u00e9e":"2 minutes"},"schema":{"@context":"https:\/\/schema.org","@graph":[{"@type":"Article","@id":"https:\/\/footdavant.fr\/actualites\/la-foret-de-nottingham-confirme-larrivee-de-lancien-chef-darsenal-dans-le-role-nouvellement-etabli\/#article","isPartOf":{"@id":"https:\/\/footdavant.fr\/actualites\/la-foret-de-nottingham-confirme-larrivee-de-lancien-chef-darsenal-dans-le-role-nouvellement-etabli\/"},"author":{"name":"Cl\u00e9ment","@id":"https:\/\/footdavant.fr\/actualites\/#\/schema\/person\/bc222566d95871b37e597b3ed3ba5e1d"},"headline":"La for\u00eat de Nottingham confirme l&#39;arriv\u00e9e de l&#39;ancien chef d&#39;Arsenal dans le r\u00f4le \u00abnouvellement \u00e9tabli\u00bb","datePublished":"2025-07-09T01:48:09+00:00","dateModified":"2025-07-09T01:48:10+00:00","mainEntityOfPage":{"@id":"https:\/\/footdavant.fr\/actualites\/la-foret-de-nottingham-confirme-larrivee-de-lancien-chef-darsenal-dans-le-role-nouvellement-etabli\/"},"wordCount":440,"publisher":{"@id":"https:\/\/footdavant.fr\/actualites\/#organization"},"keywords":["chef","confirme","d39Arsenal","dans","\u00e9tabli","for\u00eat","l39ancien","l39arriv\u00e9e","Nottingham","nouvellement","r\u00f4le"],"articleSection":["Premier League"],"inLanguage":"fr-FR"},{"@type":"WebPage","@id":"https:\/\/footdavant.fr\/actualites\/la-foret-de-nottingham-confirme-larrivee-de-lancien-chef-darsenal-dans-le-role-nouvellement-etabli\/","url":"https:\/\/footdavant.fr\/actualites\/la-foret-de-nottingham-confirme-larrivee-de-lancien-chef-darsenal-dans-le-role-nouvellement-etabli\/","name":"La for\u00eat de Nottingham confirme l&#39;arriv\u00e9e de l&#39;ancien chef d&#39;Arsenal dans le r\u00f4le \u00abnouvellement \u00e9tabli\u00bb","isPartOf":{"@id":"https:\/\/footdavant.fr\/actualites\/#website"},"datePublished":"2025-07-09T01:48:09+00:00","dateModified":"2025-07-09T01:48:10+00:00","breadcrumb":{"@id":"https:\/\/footdavant.fr\/actualites\/la-foret-de-nottingham-confirme-larrivee-de-lancien-chef-darsenal-dans-le-role-nouvellement-etabli\/#breadcrumb"},"inLanguage":"fr-FR","potentialAction":[{"@type":"ReadAction","target":["https:\/\/footdavant.fr\/actualites\/la-foret-de-nottingham-confirme-larrivee-de-lancien-chef-darsenal-dans-le-role-nouvellement-etabli\/"]}]},{"@type":"BreadcrumbList","@id":"https:\/\/footdavant.fr\/actualites\/la-foret-de-nottingham-confirme-larrivee-de-lancien-chef-darsenal-dans-le-role-nouvellement-etabli\/#breadcrumb","itemListElement":[{"@type":"ListItem","position":1,"name":"Accueil","item":"https:\/\/footdavant.fr\/actualites\/"},{"@type":"ListItem","position":2,"name":"La for\u00eat de Nottingham confirme l&#39;arriv\u00e9e de l&#39;ancien chef d&#39;Arsenal dans le r\u00f4le \u00abnouvellement \u00e9tabli\u00bb"}]},{"@type":"WebSite","@id":"https:\/\/footdavant.fr\/actualites\/#website","url":"https:\/\/footdavant.fr\/actualites\/","name":"Foot d'avant","description":"","publisher":{"@id":"https:\/\/footdavant.fr\/actualites\/#organization"},"potentialAction":[{"@type":"SearchAction","target":{"@type":"EntryPoint","urlTemplate":"https:\/\/footdavant.fr\/actualites\/?s={search_term_string}"},"query-input":"required name=search_term_string"}],"inLanguage":"fr-FR"},{"@type":"Organization","@id":"https:\/\/footdavant.fr\/actualites\/#organization","name":"Foot d'avant","url":"https:\/\/footdavant.fr\/actualites\/","logo":{"@type":"ImageObject","inLanguage":"fr-FR","@id":"https:\/\/footdavant.fr\/actualites\/#\/schema\/logo\/image\/","url":"https:\/\/footdavant.fr\/actualites\/wp-content\/uploads\/2023\/09\/Copy-of-FootDavant-Logo.png","contentUrl":"https:\/\/footdavant.fr\/actualites\/wp-content\/uploads\/2023\/09\/Copy-of-FootDavant-Logo.png","width":936,"height":549,"caption":"Foot d'avant"},"image":{"@id":"https:\/\/footdavant.fr\/actualites\/#\/schema\/logo\/image\/"},"sameAs":["https:\/\/www.facebook.com\/Footdavant\/","https:\/\/twitter.com\/FootdavantFr","https:\/\/www.instagram.com\/footdavant.fr\/"]},{"@type":"Person","@id":"https:\/\/footdavant.fr\/actualites\/#\/schema\/person\/bc222566d95871b37e597b3ed3ba5e1d","name":"Cl\u00e9ment","image":{"@type":"ImageObject","inLanguage":"fr-FR","@id":"https:\/\/footdavant.fr\/actualites\/#\/schema\/person\/image\/","url":"https:\/\/secure.gravatar.com\/avatar\/7728b29aac2719421e1a9159b2254c44?s=96&d=mm&r=g","contentUrl":"https:\/\/secure.gravatar.com\/avatar\/7728b29aac2719421e1a9159b2254c44?s=96&d=mm&r=g","caption":"Cl\u00e9ment"},"sameAs":["https:\/\/footdavant.fr\/"]}]}},"_links":{"self":[{"href":"https:\/\/footdavant.fr\/actualites\/wp-json\/wp\/v2\/posts\/25935"}],"collection":[{"href":"https:\/\/footdavant.fr\/actualites\/wp-json\/wp\/v2\/posts"}],"about":[{"href":"https:\/\/footdavant.fr\/actualites\/wp-json\/wp\/v2\/types\/post"}],"author":[{"embeddable":true,"href":"https:\/\/footdavant.fr\/actualites\/wp-json\/wp\/v2\/users\/1"}],"replies":[{"embeddable":true,"href":"https:\/\/footdavant.fr\/actualites\/wp-json\/wp\/v2\/comments?post=25935"}],"version-history":[{"count":1,"href":"https:\/\/footdavant.fr\/actualites\/wp-json\/wp\/v2\/posts\/25935\/revisions"}],"predecessor-version":[{"id":25937,"href":"https:\/\/footdavant.fr\/actualites\/wp-json\/wp\/v2\/posts\/25935\/revisions\/25937"}],"wp:featuredmedia":[{"embeddable":true,"href":"https:\/\/footdavant.fr\/actualites\/wp-json\/wp\/v2\/media\/25936"}],"wp:attachment":[{"href":"https:\/\/footdavant.fr\/actualites\/wp-json\/wp\/v2\/media?parent=25935"}],"wp:term":[{"taxonomy":"category","embeddable":true,"href":"https:\/\/footdavant.fr\/actualites\/wp-json\/wp\/v2\/categories?post=25935"},{"taxonomy":"post_tag","embeddable":true,"href":"https:\/\/footdavant.fr\/actualites\/wp-json\/wp\/v2\/tags?post=25935"}],"curies":[{"name":"wp","href":"https:\/\/api.w.org\/{rel}","templated":true}]}}