{"id":25938,"date":"2025-07-09T05:48:05","date_gmt":"2025-07-09T03:48:05","guid":{"rendered":"https:\/\/footdavant.fr\/actualites\/cetait-un-reve-dit-pedro-apres-son-double-pour-chelsea\/"},"modified":"2025-07-09T05:48:07","modified_gmt":"2025-07-09T03:48:07","slug":"cetait-un-reve-dit-pedro-apres-son-double-pour-chelsea","status":"publish","type":"post","link":"https:\/\/footdavant.fr\/actualites\/cetait-un-reve-dit-pedro-apres-son-double-pour-chelsea\/","title":{"rendered":"\u00ab\u00a0 C&#39;\u00e9tait un r\u00eave &#39;&#39;, dit Pedro apr\u00e8s son double pour Chelsea"},"content":{"rendered":"<div>\n<p>Joao Pedro a appel\u00e9 son premier d\u00e9part pour Chelsea \u00ab\u00a0 A Dream &#39;&#39; apr\u00e8s avoir tir\u00e9 son nouveau club dans la finale de la Coupe du monde du club.<\/p>\n<p>Pedro n&#39;a termin\u00e9 son d\u00e9m\u00e9nagement de 60 millions de livres que la semaine derni\u00e8re la semaine derni\u00e8re, mais a marqu\u00e9 deux buts brillants pour voir Fluminense dans le New Jersey.<\/p>\n<p>L&#39;attaquant a commenc\u00e9 sa carri\u00e8re avec le club br\u00e9silien avant de d\u00e9m\u00e9nager \u00e0 Watford et n&#39;a c\u00e9l\u00e9br\u00e9 aucun but.<\/p>\n<blockquote class=\"twitter-tweet\" data-width=\"550\" data-dnt=\"true\">\n<p lang=\"en\" dir=\"ltr\">56 &#39;Jo\u00e3o Pedro l&#39;a recommenc\u00e9! \u26bd\ufe0f\u26bd\ufe0f<\/p>\n<p>Une attelle dans son premier <a rel=\"nofollow\" href=\"https:\/\/twitter.com\/ChelseaFC?ref_src=twsrc%5Etfw\" rel=\"nofollow noopener\">@ChelSEAFC<\/a> Commencez, deux bangers absolus. Le Wonderkid br\u00e9silien fait du bruit s\u00e9rieux. \ud83d\udcab\ud83c\udde7\ud83c\uddf7<\/p>\n<p>Regardez le <a rel=\"nofollow\" href=\"https:\/\/twitter.com\/FIFACWC?ref_src=twsrc%5Etfw\" rel=\"nofollow noopener\">@Fifacwc<\/a> | 14 juin &#8211; 13 juillet | Chaque jeu | GRATUIT | https:\/\/t.co\/i0k4eutwwb | <a rel=\"nofollow\" href=\"https:\/\/twitter.com\/hashtag\/FIFACWC?src=hash&amp;ref_src=twsrc%5Etfw\" rel=\"nofollow noopener\">#Fifacwc<\/a> <a rel=\"nofollow\" href=\"https:\/\/twitter.com\/hashtag\/TakeItToTheWorld?src=hash&amp;ref_src=twsrc%5Etfw\" rel=\"nofollow noopener\">#TakeitTotheworld<\/a> <a rel=\"nofollow\" href=\"https:\/\/twitter.com\/hashtag\/FLUCHE?src=hash&amp;ref_src=twsrc%5Etfw\" rel=\"nofollow noopener\">#Fluche<\/a> <a rel=\"nofollow\" href=\"https:\/\/t.co\/ornUPa0dUe\" rel=\"nofollow\">pic.twitter.com\/ornupa0due<\/a><\/p>\n<p>&#8211; Dazn Football (@daznfootball) <a rel=\"nofollow\" href=\"https:\/\/twitter.com\/DAZNFootball\/status\/1942681191770898584?ref_src=twsrc%5Etfw\" rel=\"nofollow noopener\">8 juillet 2025<\/a><\/p>\n<\/blockquote>\n<p>Il a d\u00e9clar\u00e9 \u00e0 Dazn: \u00abJe pense que c&#39;\u00e9tait un r\u00eave. Je ne pense pas que \u00e7a aurait pu \u00eatre mieux. Deux buts. Maintenant, nous devons penser \u00e0 la finale. Je suis tr\u00e8s heureux de marquer deux buts aujourd&#39;hui.<\/p>\n<p class=\"ssrcss-1q0x1qg-Paragraph e1jhz7w10\">\u00abJe suis heureux de marquer mon premier but pour Chelsea, mais je sais aussi que ce tournoi est tr\u00e8s important pour Fluminense. Je peux juste dire d\u00e9sol\u00e9 mais je dois \u00eatre professionnel. Je joue pour Chelsea. Ils me paient pour marquer des buts et aujourd&#39;hui j&#39;\u00e9tais heureux de marquer.\u00bb<\/p>\n<p class=\"ssrcss-1q0x1qg-Paragraph e1jhz7w10\">Chelsea jouera d\u00e9sormais le Real Madrid ou les vainqueurs de la Ligue des champions PSG lors de la finale de dimanche et Joao Pedro esp\u00e8re remporter son premier troph\u00e9e majeur avec les Blues.<\/p>\n<p>Il a d\u00e9clar\u00e9: \u00abCe serait aussi mon premier titre. Je pense que ce sera un jeu tr\u00e8s important, un jeu tr\u00e8s sp\u00e9cial. Je suis venu il y a une semaine et maintenant je vais jouer une finale.<\/p>\n<p>\u00abJe suis tr\u00e8s heureux. L&#39;\u00e9quipe m&#39;a tr\u00e8s accueilli et maintenant nous devons aller de l&#39;avant.\u00bb<\/p>\n<\/div>\n<p><script async src=\"https:\/\/platform.twitter.com\/widgets.js\" charset=\"utf-8\"><\/script><\/p>\n","protected":false},"excerpt":{"rendered":"<p>Joao Pedro a appel\u00e9 son premier d\u00e9part pour Chelsea \u00ab\u00a0 A Dream &#39;&#39; apr\u00e8s avoir tir\u00e9 son nouveau club dans la finale de la Coupe<\/p>\n","protected":false},"author":1,"featured_media":25939,"comment_status":"closed","ping_status":"","sticky":false,"template":"","format":"standard","meta":{"footnotes":""},"categories":[3],"tags":[25,5956,171,125,317,396,51,163,86],"yoast_head":"<!-- This site is optimized with the Yoast SEO plugin v21.0 - https:\/\/yoast.com\/wordpress\/plugins\/seo\/ -->\n<title>`` C&#039;\u00e9tait un r\u00eave &#039;&#039;, dit Pedro apr\u00e8s son double pour Chelsea<\/title>\n<meta name=\"robots\" content=\"index, follow, max-snippet:-1, max-image-preview:large, max-video-preview:-1\" \/>\n<link rel=\"canonical\" href=\"https:\/\/footdavant.fr\/actualites\/cetait-un-reve-dit-pedro-apres-son-double-pour-chelsea\/\" \/>\n<meta property=\"og:locale\" content=\"fr_FR\" \/>\n<meta property=\"og:type\" content=\"article\" \/>\n<meta property=\"og:title\" content=\"`` C&#039;\u00e9tait un r\u00eave &#039;&#039;, dit Pedro apr\u00e8s son double pour Chelsea\" \/>\n<meta property=\"og:description\" content=\"Joao Pedro a appel\u00e9 son premier d\u00e9part pour Chelsea \u00ab\u00a0 A Dream &#039;&#039; apr\u00e8s avoir tir\u00e9 son nouveau club dans la finale de la Coupe\" \/>\n<meta property=\"og:url\" content=\"https:\/\/footdavant.fr\/actualites\/cetait-un-reve-dit-pedro-apres-son-double-pour-chelsea\/\" \/>\n<meta property=\"og:site_name\" content=\"Foot d&#039;avant\" \/>\n<meta property=\"article:publisher\" content=\"https:\/\/www.facebook.com\/Footdavant\/\" \/>\n<meta property=\"article:published_time\" content=\"2025-07-09T03:48:05+00:00\" \/>\n<meta property=\"article:modified_time\" content=\"2025-07-09T03:48:07+00:00\" \/>\n<meta property=\"og:image\" content=\"https:\/\/footdavant.fr\/actualites\/wp-content\/uploads\/2025\/07\/C39etait-un-reve-3939-dit-Pedro-apres-son-double.jpg\" \/>\n\t<meta property=\"og:image:width\" content=\"1199\" \/>\n\t<meta property=\"og:image:height\" content=\"800\" \/>\n\t<meta property=\"og:image:type\" content=\"image\/jpeg\" \/>\n<meta name=\"author\" content=\"Cl\u00e9ment\" \/>\n<meta name=\"twitter:card\" content=\"summary_large_image\" \/>\n<meta name=\"twitter:creator\" content=\"@FootdavantFr\" \/>\n<meta name=\"twitter:site\" content=\"@FootdavantFr\" \/>\n<meta name=\"twitter:label1\" content=\"\u00c9crit par\" \/>\n\t<meta name=\"twitter:data1\" content=\"Cl\u00e9ment\" \/>\n\t<meta name=\"twitter:label2\" content=\"Dur\u00e9e de lecture estim\u00e9e\" \/>\n\t<meta name=\"twitter:data2\" content=\"2 minutes\" \/>\n<script type=\"application\/ld+json\" class=\"yoast-schema-graph\">{\"@context\":\"https:\/\/schema.org\",\"@graph\":[{\"@type\":\"Article\",\"@id\":\"https:\/\/footdavant.fr\/actualites\/cetait-un-reve-dit-pedro-apres-son-double-pour-chelsea\/#article\",\"isPartOf\":{\"@id\":\"https:\/\/footdavant.fr\/actualites\/cetait-un-reve-dit-pedro-apres-son-double-pour-chelsea\/\"},\"author\":{\"name\":\"Cl\u00e9ment\",\"@id\":\"https:\/\/footdavant.fr\/actualites\/#\/schema\/person\/bc222566d95871b37e597b3ed3ba5e1d\"},\"headline\":\"\u00ab\u00a0 C&#39;\u00e9tait un r\u00eave &#39;&#39;, dit Pedro apr\u00e8s son double pour Chelsea\",\"datePublished\":\"2025-07-09T03:48:05+00:00\",\"dateModified\":\"2025-07-09T03:48:07+00:00\",\"mainEntityOfPage\":{\"@id\":\"https:\/\/footdavant.fr\/actualites\/cetait-un-reve-dit-pedro-apres-son-double-pour-chelsea\/\"},\"wordCount\":347,\"publisher\":{\"@id\":\"https:\/\/footdavant.fr\/actualites\/#organization\"},\"keywords\":[\"apr\u00e8s\",\"c39\u00e9tait\",\"Chelsea\",\"dit\",\"doubl\u00e9\",\"Pedro\",\"pour\",\"r\u00eave\",\"son\"],\"articleSection\":[\"Football\"],\"inLanguage\":\"fr-FR\"},{\"@type\":\"WebPage\",\"@id\":\"https:\/\/footdavant.fr\/actualites\/cetait-un-reve-dit-pedro-apres-son-double-pour-chelsea\/\",\"url\":\"https:\/\/footdavant.fr\/actualites\/cetait-un-reve-dit-pedro-apres-son-double-pour-chelsea\/\",\"name\":\"`` C&#39;\u00e9tait un r\u00eave &#39;&#39;, dit Pedro apr\u00e8s son double pour Chelsea\",\"isPartOf\":{\"@id\":\"https:\/\/footdavant.fr\/actualites\/#website\"},\"datePublished\":\"2025-07-09T03:48:05+00:00\",\"dateModified\":\"2025-07-09T03:48:07+00:00\",\"breadcrumb\":{\"@id\":\"https:\/\/footdavant.fr\/actualites\/cetait-un-reve-dit-pedro-apres-son-double-pour-chelsea\/#breadcrumb\"},\"inLanguage\":\"fr-FR\",\"potentialAction\":[{\"@type\":\"ReadAction\",\"target\":[\"https:\/\/footdavant.fr\/actualites\/cetait-un-reve-dit-pedro-apres-son-double-pour-chelsea\/\"]}]},{\"@type\":\"BreadcrumbList\",\"@id\":\"https:\/\/footdavant.fr\/actualites\/cetait-un-reve-dit-pedro-apres-son-double-pour-chelsea\/#breadcrumb\",\"itemListElement\":[{\"@type\":\"ListItem\",\"position\":1,\"name\":\"Accueil\",\"item\":\"https:\/\/footdavant.fr\/actualites\/\"},{\"@type\":\"ListItem\",\"position\":2,\"name\":\"\u00ab\u00a0 C&#39;\u00e9tait un r\u00eave &#39;&#39;, dit Pedro apr\u00e8s son double pour Chelsea\"}]},{\"@type\":\"WebSite\",\"@id\":\"https:\/\/footdavant.fr\/actualites\/#website\",\"url\":\"https:\/\/footdavant.fr\/actualites\/\",\"name\":\"Foot d'avant\",\"description\":\"\",\"publisher\":{\"@id\":\"https:\/\/footdavant.fr\/actualites\/#organization\"},\"potentialAction\":[{\"@type\":\"SearchAction\",\"target\":{\"@type\":\"EntryPoint\",\"urlTemplate\":\"https:\/\/footdavant.fr\/actualites\/?s={search_term_string}\"},\"query-input\":\"required name=search_term_string\"}],\"inLanguage\":\"fr-FR\"},{\"@type\":\"Organization\",\"@id\":\"https:\/\/footdavant.fr\/actualites\/#organization\",\"name\":\"Foot d'avant\",\"url\":\"https:\/\/footdavant.fr\/actualites\/\",\"logo\":{\"@type\":\"ImageObject\",\"inLanguage\":\"fr-FR\",\"@id\":\"https:\/\/footdavant.fr\/actualites\/#\/schema\/logo\/image\/\",\"url\":\"https:\/\/footdavant.fr\/actualites\/wp-content\/uploads\/2023\/09\/Copy-of-FootDavant-Logo.png\",\"contentUrl\":\"https:\/\/footdavant.fr\/actualites\/wp-content\/uploads\/2023\/09\/Copy-of-FootDavant-Logo.png\",\"width\":936,\"height\":549,\"caption\":\"Foot d'avant\"},\"image\":{\"@id\":\"https:\/\/footdavant.fr\/actualites\/#\/schema\/logo\/image\/\"},\"sameAs\":[\"https:\/\/www.facebook.com\/Footdavant\/\",\"https:\/\/twitter.com\/FootdavantFr\",\"https:\/\/www.instagram.com\/footdavant.fr\/\"]},{\"@type\":\"Person\",\"@id\":\"https:\/\/footdavant.fr\/actualites\/#\/schema\/person\/bc222566d95871b37e597b3ed3ba5e1d\",\"name\":\"Cl\u00e9ment\",\"image\":{\"@type\":\"ImageObject\",\"inLanguage\":\"fr-FR\",\"@id\":\"https:\/\/footdavant.fr\/actualites\/#\/schema\/person\/image\/\",\"url\":\"https:\/\/secure.gravatar.com\/avatar\/7728b29aac2719421e1a9159b2254c44?s=96&d=mm&r=g\",\"contentUrl\":\"https:\/\/secure.gravatar.com\/avatar\/7728b29aac2719421e1a9159b2254c44?s=96&d=mm&r=g\",\"caption\":\"Cl\u00e9ment\"},\"sameAs\":[\"https:\/\/footdavant.fr\/\"]}]}<\/script>\n<!-- \/ Yoast SEO plugin. -->","yoast_head_json":{"title":"`` C&#39;\u00e9tait un r\u00eave &#39;&#39;, dit Pedro apr\u00e8s son double pour Chelsea","robots":{"index":"index","follow":"follow","max-snippet":"max-snippet:-1","max-image-preview":"max-image-preview:large","max-video-preview":"max-video-preview:-1"},"canonical":"https:\/\/footdavant.fr\/actualites\/cetait-un-reve-dit-pedro-apres-son-double-pour-chelsea\/","og_locale":"fr_FR","og_type":"article","og_title":"`` C&#39;\u00e9tait un r\u00eave &#39;&#39;, dit Pedro apr\u00e8s son double pour Chelsea","og_description":"Joao Pedro a appel\u00e9 son premier d\u00e9part pour Chelsea \u00ab\u00a0 A Dream &#39;&#39; apr\u00e8s avoir tir\u00e9 son nouveau club dans la finale de la Coupe","og_url":"https:\/\/footdavant.fr\/actualites\/cetait-un-reve-dit-pedro-apres-son-double-pour-chelsea\/","og_site_name":"Foot d&#039;avant","article_publisher":"https:\/\/www.facebook.com\/Footdavant\/","article_published_time":"2025-07-09T03:48:05+00:00","article_modified_time":"2025-07-09T03:48:07+00:00","og_image":[{"width":1199,"height":800,"url":"https:\/\/footdavant.fr\/actualites\/wp-content\/uploads\/2025\/07\/C39etait-un-reve-3939-dit-Pedro-apres-son-double.jpg","type":"image\/jpeg"}],"author":"Cl\u00e9ment","twitter_card":"summary_large_image","twitter_creator":"@FootdavantFr","twitter_site":"@FootdavantFr","twitter_misc":{"\u00c9crit par":"Cl\u00e9ment","Dur\u00e9e de lecture estim\u00e9e":"2 minutes"},"schema":{"@context":"https:\/\/schema.org","@graph":[{"@type":"Article","@id":"https:\/\/footdavant.fr\/actualites\/cetait-un-reve-dit-pedro-apres-son-double-pour-chelsea\/#article","isPartOf":{"@id":"https:\/\/footdavant.fr\/actualites\/cetait-un-reve-dit-pedro-apres-son-double-pour-chelsea\/"},"author":{"name":"Cl\u00e9ment","@id":"https:\/\/footdavant.fr\/actualites\/#\/schema\/person\/bc222566d95871b37e597b3ed3ba5e1d"},"headline":"\u00ab\u00a0 C&#39;\u00e9tait un r\u00eave &#39;&#39;, dit Pedro apr\u00e8s son double pour Chelsea","datePublished":"2025-07-09T03:48:05+00:00","dateModified":"2025-07-09T03:48:07+00:00","mainEntityOfPage":{"@id":"https:\/\/footdavant.fr\/actualites\/cetait-un-reve-dit-pedro-apres-son-double-pour-chelsea\/"},"wordCount":347,"publisher":{"@id":"https:\/\/footdavant.fr\/actualites\/#organization"},"keywords":["apr\u00e8s","c39\u00e9tait","Chelsea","dit","doubl\u00e9","Pedro","pour","r\u00eave","son"],"articleSection":["Football"],"inLanguage":"fr-FR"},{"@type":"WebPage","@id":"https:\/\/footdavant.fr\/actualites\/cetait-un-reve-dit-pedro-apres-son-double-pour-chelsea\/","url":"https:\/\/footdavant.fr\/actualites\/cetait-un-reve-dit-pedro-apres-son-double-pour-chelsea\/","name":"`` C&#39;\u00e9tait un r\u00eave &#39;&#39;, dit Pedro apr\u00e8s son double pour Chelsea","isPartOf":{"@id":"https:\/\/footdavant.fr\/actualites\/#website"},"datePublished":"2025-07-09T03:48:05+00:00","dateModified":"2025-07-09T03:48:07+00:00","breadcrumb":{"@id":"https:\/\/footdavant.fr\/actualites\/cetait-un-reve-dit-pedro-apres-son-double-pour-chelsea\/#breadcrumb"},"inLanguage":"fr-FR","potentialAction":[{"@type":"ReadAction","target":["https:\/\/footdavant.fr\/actualites\/cetait-un-reve-dit-pedro-apres-son-double-pour-chelsea\/"]}]},{"@type":"BreadcrumbList","@id":"https:\/\/footdavant.fr\/actualites\/cetait-un-reve-dit-pedro-apres-son-double-pour-chelsea\/#breadcrumb","itemListElement":[{"@type":"ListItem","position":1,"name":"Accueil","item":"https:\/\/footdavant.fr\/actualites\/"},{"@type":"ListItem","position":2,"name":"\u00ab\u00a0 C&#39;\u00e9tait un r\u00eave &#39;&#39;, dit Pedro apr\u00e8s son double pour Chelsea"}]},{"@type":"WebSite","@id":"https:\/\/footdavant.fr\/actualites\/#website","url":"https:\/\/footdavant.fr\/actualites\/","name":"Foot d'avant","description":"","publisher":{"@id":"https:\/\/footdavant.fr\/actualites\/#organization"},"potentialAction":[{"@type":"SearchAction","target":{"@type":"EntryPoint","urlTemplate":"https:\/\/footdavant.fr\/actualites\/?s={search_term_string}"},"query-input":"required name=search_term_string"}],"inLanguage":"fr-FR"},{"@type":"Organization","@id":"https:\/\/footdavant.fr\/actualites\/#organization","name":"Foot d'avant","url":"https:\/\/footdavant.fr\/actualites\/","logo":{"@type":"ImageObject","inLanguage":"fr-FR","@id":"https:\/\/footdavant.fr\/actualites\/#\/schema\/logo\/image\/","url":"https:\/\/footdavant.fr\/actualites\/wp-content\/uploads\/2023\/09\/Copy-of-FootDavant-Logo.png","contentUrl":"https:\/\/footdavant.fr\/actualites\/wp-content\/uploads\/2023\/09\/Copy-of-FootDavant-Logo.png","width":936,"height":549,"caption":"Foot d'avant"},"image":{"@id":"https:\/\/footdavant.fr\/actualites\/#\/schema\/logo\/image\/"},"sameAs":["https:\/\/www.facebook.com\/Footdavant\/","https:\/\/twitter.com\/FootdavantFr","https:\/\/www.instagram.com\/footdavant.fr\/"]},{"@type":"Person","@id":"https:\/\/footdavant.fr\/actualites\/#\/schema\/person\/bc222566d95871b37e597b3ed3ba5e1d","name":"Cl\u00e9ment","image":{"@type":"ImageObject","inLanguage":"fr-FR","@id":"https:\/\/footdavant.fr\/actualites\/#\/schema\/person\/image\/","url":"https:\/\/secure.gravatar.com\/avatar\/7728b29aac2719421e1a9159b2254c44?s=96&d=mm&r=g","contentUrl":"https:\/\/secure.gravatar.com\/avatar\/7728b29aac2719421e1a9159b2254c44?s=96&d=mm&r=g","caption":"Cl\u00e9ment"},"sameAs":["https:\/\/footdavant.fr\/"]}]}},"_links":{"self":[{"href":"https:\/\/footdavant.fr\/actualites\/wp-json\/wp\/v2\/posts\/25938"}],"collection":[{"href":"https:\/\/footdavant.fr\/actualites\/wp-json\/wp\/v2\/posts"}],"about":[{"href":"https:\/\/footdavant.fr\/actualites\/wp-json\/wp\/v2\/types\/post"}],"author":[{"embeddable":true,"href":"https:\/\/footdavant.fr\/actualites\/wp-json\/wp\/v2\/users\/1"}],"replies":[{"embeddable":true,"href":"https:\/\/footdavant.fr\/actualites\/wp-json\/wp\/v2\/comments?post=25938"}],"version-history":[{"count":1,"href":"https:\/\/footdavant.fr\/actualites\/wp-json\/wp\/v2\/posts\/25938\/revisions"}],"predecessor-version":[{"id":25940,"href":"https:\/\/footdavant.fr\/actualites\/wp-json\/wp\/v2\/posts\/25938\/revisions\/25940"}],"wp:featuredmedia":[{"embeddable":true,"href":"https:\/\/footdavant.fr\/actualites\/wp-json\/wp\/v2\/media\/25939"}],"wp:attachment":[{"href":"https:\/\/footdavant.fr\/actualites\/wp-json\/wp\/v2\/media?parent=25938"}],"wp:term":[{"taxonomy":"category","embeddable":true,"href":"https:\/\/footdavant.fr\/actualites\/wp-json\/wp\/v2\/categories?post=25938"},{"taxonomy":"post_tag","embeddable":true,"href":"https:\/\/footdavant.fr\/actualites\/wp-json\/wp\/v2\/tags?post=25938"}],"curies":[{"name":"wp","href":"https:\/\/api.w.org\/{rel}","templated":true}]}}