{"id":25941,"date":"2025-07-09T07:48:05","date_gmt":"2025-07-09T05:48:05","guid":{"rendered":"https:\/\/footdavant.fr\/actualites\/idrissa-gueye-pleinement-engage-signe-une-extension-du-contrat-everton-alors-que-david-moyes-explique-comment-le-milieu-de-terrain-jouera-un-grand-role\/"},"modified":"2025-07-09T07:48:06","modified_gmt":"2025-07-09T05:48:06","slug":"idrissa-gueye-pleinement-engage-signe-une-extension-du-contrat-everton-alors-que-david-moyes-explique-comment-le-milieu-de-terrain-jouera-un-grand-role","status":"publish","type":"post","link":"https:\/\/footdavant.fr\/actualites\/idrissa-gueye-pleinement-engage-signe-une-extension-du-contrat-everton-alors-que-david-moyes-explique-comment-le-milieu-de-terrain-jouera-un-grand-role\/","title":{"rendered":"Idrissa Gueye \u00ab\u00a0pleinement engag\u00e9\u00a0\u00bb signe une extension du contrat Everton alors que David Moyes explique comment le milieu de terrain jouera un \u00ab\u00a0grand r\u00f4le\u00a0\u00bb"},"content":{"rendered":"<p>Everton confirme la dur\u00e9e de l&#39;extension du contrat d&#39;Idrissa Gueye alors que le manager David Moyes r\u00e9agit au New Deal du milieu de terrain.<\/p>\n<div id=\"article_body\" itemprop=\"articleBody\">\n<h3 class=\"firstPara\"><\/h3>\n<p style=\"margin-bottom:11px\"><strong class=\"autotag\">Everton<\/strong> ont annonc\u00e9 que le milieu de terrain <strong class=\"autotag\">Idrissa Gueye<\/strong> a sign\u00e9 un nouveau contrat d&#39;un an au club jusqu&#39;\u00e0 fin juin 2026, avec une option pour une ann\u00e9e suppl\u00e9mentaire.<\/p>\n<p>L&#39;homme de 35 ans a vu son accord initial expirer le 30 juin, mais il a maintenant accept\u00e9 de prolonger son s\u00e9jour du c\u00f4t\u00e9 bleu du Merseyside et se pr\u00e9pare pour sa septi\u00e8me saison au club.<\/p>\n<p>Gueye a rejoint Everton pour la premi\u00e8re fois d&#39;Aston Villa en ao\u00fbt 2016, puis est revenu en 2022 \u00e0 la suite d&#39;un sort de trois ans avec les g\u00e9ants fran\u00e7ais Paris Saint-Germain.<\/p>\n<p>Le r\u00e9alisateur record de tous les temps du S\u00e9n\u00e9gal au niveau international a fait un total de 211 sorties pour les Toffees toutes les comp\u00e9titions, jouant en 40 matchs lors d&#39;une impressionnante campagne en 2024-25 au cours de laquelle il a pris le prix du joueur de la saison du club &#8211; vot\u00e9 par les supporters &#8211; et le joueur de la saison des joueurs.<\/p>\n<p>Parler \u00e0 <em>evertonfc.com<\/em>Gueye a d\u00e9clar\u00e9: \u00abTout le monde sait ce que Everton signifie pour moi et ma famille. Apr\u00e8s six saisons ici, ce club est plus qu&#39;un simple endroit o\u00f9 je joue, cela fait partie de qui je suis.<\/p>\n<p>\u00abJe suis fier de commencer ma septi\u00e8me ann\u00e9e en tant que bleu. La saison derni\u00e8re a \u00e9t\u00e9 forte pour moi personnellement, et je me sens pr\u00eat, frais et plus motiv\u00e9 que jamais \u00e0 continuer de pousser.<\/p>\n<blockquote class=\"twitter-tweet\" data-media-max-width=\"560\">\n<p dir=\"ltr\" lang=\"en\">D\u00e8s que je me r\u00e9veille, tous les soirs, tous les jours\u2026? <a rel=\"nofollow\" href=\"https:\/\/t.co\/9l9k733F1l\">pic.twitter.com\/9l9k733f1l<\/a><\/p>\n<p>&#8211; Everton (@Everton) <a rel=\"nofollow\" href=\"https:\/\/twitter.com\/Everton\/status\/1942252268230697200?ref_src=twsrc%5Etfw\">7 juillet 2025<\/a><\/p><\/blockquote>\n<blockquote class=\"twitter-tweet\" data-media-max-width=\"560\"><\/blockquote>\n<p><\/p>\n<h2>MOYES: \u00abGueye jouera un grand r\u00f4le dans l&#39;int\u00e9gration de tout le monde \u00e0 Everton\u00bb<\/h2>\n<p>\u00abAvec notre magnifique nouveau stade et un v\u00e9ritable sentiment d&#39;\u00e9lan dans tout le club, cette saison ressemble \u00e0 un tournant, la chance de construire quelque chose de grand et de durable.<\/p>\n<p>\u00abNous avons les fondements. Maintenant, c&#39;est \u00e0 nous: les joueurs, le personnel, le manager, le conseil d&#39;administration et, surtout, nos fans, pour nous r\u00e9unir afin que nous puissions relever la barre et ramener Everton l\u00e0 o\u00f9 il appartient. Je suis pleinement attach\u00e9 \u00e0 ce d\u00e9fi. Allons.<\/p>\n<p>Gueye, connu pour \u00eatre un milieu de terrain d\u00e9fensif tenace, se classe parmi les trois premiers pour les plaqu\u00e9s en Premier League au cours de cinq de ses six saisons en tant que joueur d&#39;Everton, faisant un sommet de 133 plaqu\u00e9s la saison derni\u00e8re, ce qui \u00e9tait au moins 10 de plus que tout autre joueur \u00e0 travers les cinq premi\u00e8res divisions d&#39;Europe.<\/p>\n<p>R\u00e9agissant \u00e0 l&#39;extension du contrat de Gueye, gestionnaire <strong class=\"autotag\">David Moyes<\/strong> a d\u00e9clar\u00e9: \u00ab\u00a0Nous sommes ravis que Idrissa a sign\u00e9.<\/p>\n<p>Gueye est le quatri\u00e8me joueur d&#39;Everton \u00e0 signer un nouveau contrat en l&#39;espace de seulement 10 jours apr\u00e8s le trio d\u00e9fensif <strong class=\"autotag\">Seamus Coleman<\/strong>, <strong class=\"autotag\">Jarrad Branthwaite<\/strong> et <strong class=\"autotag\">Michael Keane<\/strong>.<\/p>\n<p>Le n \u00b0 27 d&#39;Everton se connectera d\u00e9sormais avec ses co\u00e9quipiers dans leur camp d&#39;entra\u00eenement de pr\u00e9-saison en \u00c9cosse alors qu&#39;ils commencent les pr\u00e9paratifs de la nouvelle campagne et s&#39;efforcent de s&#39;appuyer sur la 13e place de la saison derni\u00e8re dans l&#39;\u00e9lite.<\/p>\n<div class=\"author_box\">\n<div class=\"author_box_banner\"> <\/div>\n<\/div>\n<\/div>\n<p><script async src=\"https:\/\/platform.twitter.com\/widgets.js\" charset=\"utf-8\"><\/script><\/p>\n","protected":false},"excerpt":{"rendered":"<p>Everton confirme la dur\u00e9e de l&#39;extension du contrat d&#39;Idrissa Gueye alors que le manager David Moyes r\u00e9agit au New Deal du milieu de terrain. Everton<\/p>\n","protected":false},"author":1,"featured_media":25942,"comment_status":"closed","ping_status":"","sticky":false,"template":"","format":"standard","meta":{"footnotes":""},"categories":[5],"tags":[318,1497,1218,342,9821,310,577,8282,1223,9820,9819,1833,441,1216,5679,831,515,442,92],"yoast_head":"<!-- This site is optimized with the Yoast SEO plugin v21.0 - https:\/\/yoast.com\/wordpress\/plugins\/seo\/ -->\n<title>Idrissa Gueye &quot;pleinement engag\u00e9&quot; signe une extension du contrat Everton alors que David Moyes explique comment le milieu de terrain jouera un &quot;grand r\u00f4le&quot;<\/title>\n<meta name=\"robots\" content=\"index, follow, max-snippet:-1, max-image-preview:large, max-video-preview:-1\" \/>\n<link rel=\"canonical\" href=\"https:\/\/footdavant.fr\/actualites\/idrissa-gueye-pleinement-engage-signe-une-extension-du-contrat-everton-alors-que-david-moyes-explique-comment-le-milieu-de-terrain-jouera-un-grand-role\/\" \/>\n<meta property=\"og:locale\" content=\"fr_FR\" \/>\n<meta property=\"og:type\" content=\"article\" \/>\n<meta property=\"og:title\" content=\"Idrissa Gueye &quot;pleinement engag\u00e9&quot; signe une extension du contrat Everton alors que David Moyes explique comment le milieu de terrain jouera un &quot;grand r\u00f4le&quot;\" \/>\n<meta property=\"og:description\" content=\"Everton confirme la dur\u00e9e de l&#039;extension du contrat d&#039;Idrissa Gueye alors que le manager David Moyes r\u00e9agit au New Deal du milieu de terrain. Everton\" \/>\n<meta property=\"og:url\" content=\"https:\/\/footdavant.fr\/actualites\/idrissa-gueye-pleinement-engage-signe-une-extension-du-contrat-everton-alors-que-david-moyes-explique-comment-le-milieu-de-terrain-jouera-un-grand-role\/\" \/>\n<meta property=\"og:site_name\" content=\"Foot d&#039;avant\" \/>\n<meta property=\"article:publisher\" content=\"https:\/\/www.facebook.com\/Footdavant\/\" \/>\n<meta property=\"article:published_time\" content=\"2025-07-09T05:48:05+00:00\" \/>\n<meta property=\"article:modified_time\" content=\"2025-07-09T05:48:06+00:00\" \/>\n<meta property=\"og:image\" content=\"https:\/\/footdavant.fr\/actualites\/wp-content\/uploads\/2025\/07\/Idrissa-Gueye-pleinement-engage-signe-une-extension-du-contrat-Everton.jpg\" \/>\n\t<meta property=\"og:image:width\" content=\"640\" \/>\n\t<meta property=\"og:image:height\" content=\"480\" \/>\n\t<meta property=\"og:image:type\" content=\"image\/jpeg\" \/>\n<meta name=\"author\" content=\"Cl\u00e9ment\" \/>\n<meta name=\"twitter:card\" content=\"summary_large_image\" \/>\n<meta name=\"twitter:creator\" content=\"@FootdavantFr\" \/>\n<meta name=\"twitter:site\" content=\"@FootdavantFr\" \/>\n<meta name=\"twitter:label1\" content=\"\u00c9crit par\" \/>\n\t<meta name=\"twitter:data1\" content=\"Cl\u00e9ment\" \/>\n\t<meta name=\"twitter:label2\" content=\"Dur\u00e9e de lecture estim\u00e9e\" \/>\n\t<meta name=\"twitter:data2\" content=\"3 minutes\" \/>\n<script type=\"application\/ld+json\" class=\"yoast-schema-graph\">{\"@context\":\"https:\/\/schema.org\",\"@graph\":[{\"@type\":\"Article\",\"@id\":\"https:\/\/footdavant.fr\/actualites\/idrissa-gueye-pleinement-engage-signe-une-extension-du-contrat-everton-alors-que-david-moyes-explique-comment-le-milieu-de-terrain-jouera-un-grand-role\/#article\",\"isPartOf\":{\"@id\":\"https:\/\/footdavant.fr\/actualites\/idrissa-gueye-pleinement-engage-signe-une-extension-du-contrat-everton-alors-que-david-moyes-explique-comment-le-milieu-de-terrain-jouera-un-grand-role\/\"},\"author\":{\"name\":\"Cl\u00e9ment\",\"@id\":\"https:\/\/footdavant.fr\/actualites\/#\/schema\/person\/bc222566d95871b37e597b3ed3ba5e1d\"},\"headline\":\"Idrissa Gueye \u00ab\u00a0pleinement engag\u00e9\u00a0\u00bb signe une extension du contrat Everton alors que David Moyes explique comment le milieu de terrain jouera un \u00ab\u00a0grand r\u00f4le\u00a0\u00bb\",\"datePublished\":\"2025-07-09T05:48:05+00:00\",\"dateModified\":\"2025-07-09T05:48:06+00:00\",\"mainEntityOfPage\":{\"@id\":\"https:\/\/footdavant.fr\/actualites\/idrissa-gueye-pleinement-engage-signe-une-extension-du-contrat-everton-alors-que-david-moyes-explique-comment-le-milieu-de-terrain-jouera-un-grand-role\/\"},\"wordCount\":599,\"publisher\":{\"@id\":\"https:\/\/footdavant.fr\/actualites\/#organization\"},\"keywords\":[\"alors\",\"Comment\",\"contrat\",\"David\",\"engag\u00e9\",\"Everton\",\"explique\",\"Extension\",\"grand\",\"Gueye\",\"Idrissa\",\"jouera\",\"milieu\",\"Moyes\",\"pleinement\",\"r\u00f4le\",\"signe\",\"terrain\",\"une\"],\"articleSection\":[\"Premier League\"],\"inLanguage\":\"fr-FR\"},{\"@type\":\"WebPage\",\"@id\":\"https:\/\/footdavant.fr\/actualites\/idrissa-gueye-pleinement-engage-signe-une-extension-du-contrat-everton-alors-que-david-moyes-explique-comment-le-milieu-de-terrain-jouera-un-grand-role\/\",\"url\":\"https:\/\/footdavant.fr\/actualites\/idrissa-gueye-pleinement-engage-signe-une-extension-du-contrat-everton-alors-que-david-moyes-explique-comment-le-milieu-de-terrain-jouera-un-grand-role\/\",\"name\":\"Idrissa Gueye \\\"pleinement engag\u00e9\\\" signe une extension du contrat Everton alors que David Moyes explique comment le milieu de terrain jouera un \\\"grand r\u00f4le\\\"\",\"isPartOf\":{\"@id\":\"https:\/\/footdavant.fr\/actualites\/#website\"},\"datePublished\":\"2025-07-09T05:48:05+00:00\",\"dateModified\":\"2025-07-09T05:48:06+00:00\",\"breadcrumb\":{\"@id\":\"https:\/\/footdavant.fr\/actualites\/idrissa-gueye-pleinement-engage-signe-une-extension-du-contrat-everton-alors-que-david-moyes-explique-comment-le-milieu-de-terrain-jouera-un-grand-role\/#breadcrumb\"},\"inLanguage\":\"fr-FR\",\"potentialAction\":[{\"@type\":\"ReadAction\",\"target\":[\"https:\/\/footdavant.fr\/actualites\/idrissa-gueye-pleinement-engage-signe-une-extension-du-contrat-everton-alors-que-david-moyes-explique-comment-le-milieu-de-terrain-jouera-un-grand-role\/\"]}]},{\"@type\":\"BreadcrumbList\",\"@id\":\"https:\/\/footdavant.fr\/actualites\/idrissa-gueye-pleinement-engage-signe-une-extension-du-contrat-everton-alors-que-david-moyes-explique-comment-le-milieu-de-terrain-jouera-un-grand-role\/#breadcrumb\",\"itemListElement\":[{\"@type\":\"ListItem\",\"position\":1,\"name\":\"Accueil\",\"item\":\"https:\/\/footdavant.fr\/actualites\/\"},{\"@type\":\"ListItem\",\"position\":2,\"name\":\"Idrissa Gueye \u00ab\u00a0pleinement engag\u00e9\u00a0\u00bb signe une extension du contrat Everton alors que David Moyes explique comment le milieu de terrain jouera un \u00ab\u00a0grand r\u00f4le\u00a0\u00bb\"}]},{\"@type\":\"WebSite\",\"@id\":\"https:\/\/footdavant.fr\/actualites\/#website\",\"url\":\"https:\/\/footdavant.fr\/actualites\/\",\"name\":\"Foot d'avant\",\"description\":\"\",\"publisher\":{\"@id\":\"https:\/\/footdavant.fr\/actualites\/#organization\"},\"potentialAction\":[{\"@type\":\"SearchAction\",\"target\":{\"@type\":\"EntryPoint\",\"urlTemplate\":\"https:\/\/footdavant.fr\/actualites\/?s={search_term_string}\"},\"query-input\":\"required name=search_term_string\"}],\"inLanguage\":\"fr-FR\"},{\"@type\":\"Organization\",\"@id\":\"https:\/\/footdavant.fr\/actualites\/#organization\",\"name\":\"Foot d'avant\",\"url\":\"https:\/\/footdavant.fr\/actualites\/\",\"logo\":{\"@type\":\"ImageObject\",\"inLanguage\":\"fr-FR\",\"@id\":\"https:\/\/footdavant.fr\/actualites\/#\/schema\/logo\/image\/\",\"url\":\"https:\/\/footdavant.fr\/actualites\/wp-content\/uploads\/2023\/09\/Copy-of-FootDavant-Logo.png\",\"contentUrl\":\"https:\/\/footdavant.fr\/actualites\/wp-content\/uploads\/2023\/09\/Copy-of-FootDavant-Logo.png\",\"width\":936,\"height\":549,\"caption\":\"Foot d'avant\"},\"image\":{\"@id\":\"https:\/\/footdavant.fr\/actualites\/#\/schema\/logo\/image\/\"},\"sameAs\":[\"https:\/\/www.facebook.com\/Footdavant\/\",\"https:\/\/twitter.com\/FootdavantFr\",\"https:\/\/www.instagram.com\/footdavant.fr\/\"]},{\"@type\":\"Person\",\"@id\":\"https:\/\/footdavant.fr\/actualites\/#\/schema\/person\/bc222566d95871b37e597b3ed3ba5e1d\",\"name\":\"Cl\u00e9ment\",\"image\":{\"@type\":\"ImageObject\",\"inLanguage\":\"fr-FR\",\"@id\":\"https:\/\/footdavant.fr\/actualites\/#\/schema\/person\/image\/\",\"url\":\"https:\/\/secure.gravatar.com\/avatar\/7728b29aac2719421e1a9159b2254c44?s=96&d=mm&r=g\",\"contentUrl\":\"https:\/\/secure.gravatar.com\/avatar\/7728b29aac2719421e1a9159b2254c44?s=96&d=mm&r=g\",\"caption\":\"Cl\u00e9ment\"},\"sameAs\":[\"https:\/\/footdavant.fr\/\"]}]}<\/script>\n<!-- \/ Yoast SEO plugin. -->","yoast_head_json":{"title":"Idrissa Gueye \"pleinement engag\u00e9\" signe une extension du contrat Everton alors que David Moyes explique comment le milieu de terrain jouera un \"grand r\u00f4le\"","robots":{"index":"index","follow":"follow","max-snippet":"max-snippet:-1","max-image-preview":"max-image-preview:large","max-video-preview":"max-video-preview:-1"},"canonical":"https:\/\/footdavant.fr\/actualites\/idrissa-gueye-pleinement-engage-signe-une-extension-du-contrat-everton-alors-que-david-moyes-explique-comment-le-milieu-de-terrain-jouera-un-grand-role\/","og_locale":"fr_FR","og_type":"article","og_title":"Idrissa Gueye \"pleinement engag\u00e9\" signe une extension du contrat Everton alors que David Moyes explique comment le milieu de terrain jouera un \"grand r\u00f4le\"","og_description":"Everton confirme la dur\u00e9e de l&#39;extension du contrat d&#39;Idrissa Gueye alors que le manager David Moyes r\u00e9agit au New Deal du milieu de terrain. Everton","og_url":"https:\/\/footdavant.fr\/actualites\/idrissa-gueye-pleinement-engage-signe-une-extension-du-contrat-everton-alors-que-david-moyes-explique-comment-le-milieu-de-terrain-jouera-un-grand-role\/","og_site_name":"Foot d&#039;avant","article_publisher":"https:\/\/www.facebook.com\/Footdavant\/","article_published_time":"2025-07-09T05:48:05+00:00","article_modified_time":"2025-07-09T05:48:06+00:00","og_image":[{"width":640,"height":480,"url":"https:\/\/footdavant.fr\/actualites\/wp-content\/uploads\/2025\/07\/Idrissa-Gueye-pleinement-engage-signe-une-extension-du-contrat-Everton.jpg","type":"image\/jpeg"}],"author":"Cl\u00e9ment","twitter_card":"summary_large_image","twitter_creator":"@FootdavantFr","twitter_site":"@FootdavantFr","twitter_misc":{"\u00c9crit par":"Cl\u00e9ment","Dur\u00e9e de lecture estim\u00e9e":"3 minutes"},"schema":{"@context":"https:\/\/schema.org","@graph":[{"@type":"Article","@id":"https:\/\/footdavant.fr\/actualites\/idrissa-gueye-pleinement-engage-signe-une-extension-du-contrat-everton-alors-que-david-moyes-explique-comment-le-milieu-de-terrain-jouera-un-grand-role\/#article","isPartOf":{"@id":"https:\/\/footdavant.fr\/actualites\/idrissa-gueye-pleinement-engage-signe-une-extension-du-contrat-everton-alors-que-david-moyes-explique-comment-le-milieu-de-terrain-jouera-un-grand-role\/"},"author":{"name":"Cl\u00e9ment","@id":"https:\/\/footdavant.fr\/actualites\/#\/schema\/person\/bc222566d95871b37e597b3ed3ba5e1d"},"headline":"Idrissa Gueye \u00ab\u00a0pleinement engag\u00e9\u00a0\u00bb signe une extension du contrat Everton alors que David Moyes explique comment le milieu de terrain jouera un \u00ab\u00a0grand r\u00f4le\u00a0\u00bb","datePublished":"2025-07-09T05:48:05+00:00","dateModified":"2025-07-09T05:48:06+00:00","mainEntityOfPage":{"@id":"https:\/\/footdavant.fr\/actualites\/idrissa-gueye-pleinement-engage-signe-une-extension-du-contrat-everton-alors-que-david-moyes-explique-comment-le-milieu-de-terrain-jouera-un-grand-role\/"},"wordCount":599,"publisher":{"@id":"https:\/\/footdavant.fr\/actualites\/#organization"},"keywords":["alors","Comment","contrat","David","engag\u00e9","Everton","explique","Extension","grand","Gueye","Idrissa","jouera","milieu","Moyes","pleinement","r\u00f4le","signe","terrain","une"],"articleSection":["Premier League"],"inLanguage":"fr-FR"},{"@type":"WebPage","@id":"https:\/\/footdavant.fr\/actualites\/idrissa-gueye-pleinement-engage-signe-une-extension-du-contrat-everton-alors-que-david-moyes-explique-comment-le-milieu-de-terrain-jouera-un-grand-role\/","url":"https:\/\/footdavant.fr\/actualites\/idrissa-gueye-pleinement-engage-signe-une-extension-du-contrat-everton-alors-que-david-moyes-explique-comment-le-milieu-de-terrain-jouera-un-grand-role\/","name":"Idrissa Gueye \"pleinement engag\u00e9\" signe une extension du contrat Everton alors que David Moyes explique comment le milieu de terrain jouera un \"grand r\u00f4le\"","isPartOf":{"@id":"https:\/\/footdavant.fr\/actualites\/#website"},"datePublished":"2025-07-09T05:48:05+00:00","dateModified":"2025-07-09T05:48:06+00:00","breadcrumb":{"@id":"https:\/\/footdavant.fr\/actualites\/idrissa-gueye-pleinement-engage-signe-une-extension-du-contrat-everton-alors-que-david-moyes-explique-comment-le-milieu-de-terrain-jouera-un-grand-role\/#breadcrumb"},"inLanguage":"fr-FR","potentialAction":[{"@type":"ReadAction","target":["https:\/\/footdavant.fr\/actualites\/idrissa-gueye-pleinement-engage-signe-une-extension-du-contrat-everton-alors-que-david-moyes-explique-comment-le-milieu-de-terrain-jouera-un-grand-role\/"]}]},{"@type":"BreadcrumbList","@id":"https:\/\/footdavant.fr\/actualites\/idrissa-gueye-pleinement-engage-signe-une-extension-du-contrat-everton-alors-que-david-moyes-explique-comment-le-milieu-de-terrain-jouera-un-grand-role\/#breadcrumb","itemListElement":[{"@type":"ListItem","position":1,"name":"Accueil","item":"https:\/\/footdavant.fr\/actualites\/"},{"@type":"ListItem","position":2,"name":"Idrissa Gueye \u00ab\u00a0pleinement engag\u00e9\u00a0\u00bb signe une extension du contrat Everton alors que David Moyes explique comment le milieu de terrain jouera un \u00ab\u00a0grand r\u00f4le\u00a0\u00bb"}]},{"@type":"WebSite","@id":"https:\/\/footdavant.fr\/actualites\/#website","url":"https:\/\/footdavant.fr\/actualites\/","name":"Foot d'avant","description":"","publisher":{"@id":"https:\/\/footdavant.fr\/actualites\/#organization"},"potentialAction":[{"@type":"SearchAction","target":{"@type":"EntryPoint","urlTemplate":"https:\/\/footdavant.fr\/actualites\/?s={search_term_string}"},"query-input":"required name=search_term_string"}],"inLanguage":"fr-FR"},{"@type":"Organization","@id":"https:\/\/footdavant.fr\/actualites\/#organization","name":"Foot d'avant","url":"https:\/\/footdavant.fr\/actualites\/","logo":{"@type":"ImageObject","inLanguage":"fr-FR","@id":"https:\/\/footdavant.fr\/actualites\/#\/schema\/logo\/image\/","url":"https:\/\/footdavant.fr\/actualites\/wp-content\/uploads\/2023\/09\/Copy-of-FootDavant-Logo.png","contentUrl":"https:\/\/footdavant.fr\/actualites\/wp-content\/uploads\/2023\/09\/Copy-of-FootDavant-Logo.png","width":936,"height":549,"caption":"Foot d'avant"},"image":{"@id":"https:\/\/footdavant.fr\/actualites\/#\/schema\/logo\/image\/"},"sameAs":["https:\/\/www.facebook.com\/Footdavant\/","https:\/\/twitter.com\/FootdavantFr","https:\/\/www.instagram.com\/footdavant.fr\/"]},{"@type":"Person","@id":"https:\/\/footdavant.fr\/actualites\/#\/schema\/person\/bc222566d95871b37e597b3ed3ba5e1d","name":"Cl\u00e9ment","image":{"@type":"ImageObject","inLanguage":"fr-FR","@id":"https:\/\/footdavant.fr\/actualites\/#\/schema\/person\/image\/","url":"https:\/\/secure.gravatar.com\/avatar\/7728b29aac2719421e1a9159b2254c44?s=96&d=mm&r=g","contentUrl":"https:\/\/secure.gravatar.com\/avatar\/7728b29aac2719421e1a9159b2254c44?s=96&d=mm&r=g","caption":"Cl\u00e9ment"},"sameAs":["https:\/\/footdavant.fr\/"]}]}},"_links":{"self":[{"href":"https:\/\/footdavant.fr\/actualites\/wp-json\/wp\/v2\/posts\/25941"}],"collection":[{"href":"https:\/\/footdavant.fr\/actualites\/wp-json\/wp\/v2\/posts"}],"about":[{"href":"https:\/\/footdavant.fr\/actualites\/wp-json\/wp\/v2\/types\/post"}],"author":[{"embeddable":true,"href":"https:\/\/footdavant.fr\/actualites\/wp-json\/wp\/v2\/users\/1"}],"replies":[{"embeddable":true,"href":"https:\/\/footdavant.fr\/actualites\/wp-json\/wp\/v2\/comments?post=25941"}],"version-history":[{"count":1,"href":"https:\/\/footdavant.fr\/actualites\/wp-json\/wp\/v2\/posts\/25941\/revisions"}],"predecessor-version":[{"id":25943,"href":"https:\/\/footdavant.fr\/actualites\/wp-json\/wp\/v2\/posts\/25941\/revisions\/25943"}],"wp:featuredmedia":[{"embeddable":true,"href":"https:\/\/footdavant.fr\/actualites\/wp-json\/wp\/v2\/media\/25942"}],"wp:attachment":[{"href":"https:\/\/footdavant.fr\/actualites\/wp-json\/wp\/v2\/media?parent=25941"}],"wp:term":[{"taxonomy":"category","embeddable":true,"href":"https:\/\/footdavant.fr\/actualites\/wp-json\/wp\/v2\/categories?post=25941"},{"taxonomy":"post_tag","embeddable":true,"href":"https:\/\/footdavant.fr\/actualites\/wp-json\/wp\/v2\/tags?post=25941"}],"curies":[{"name":"wp","href":"https:\/\/api.w.org\/{rel}","templated":true}]}}