{"id":25947,"date":"2025-07-09T11:48:11","date_gmt":"2025-07-09T09:48:11","guid":{"rendered":"https:\/\/footdavant.fr\/actualites\/man-united-nom-andre-onana-prix-demande-apres-la-ligue-1-enquete\/"},"modified":"2025-07-09T11:48:12","modified_gmt":"2025-07-09T09:48:12","slug":"man-united-nom-andre-onana-prix-demande-apres-la-ligue-1-enquete","status":"publish","type":"post","link":"https:\/\/footdavant.fr\/actualites\/man-united-nom-andre-onana-prix-demande-apres-la-ligue-1-enquete\/","title":{"rendered":"Man United &#39;Nom&#39; Andre Onana Prix demand\u00e9 apr\u00e8s la ligue 1 enqu\u00eate"},"content":{"rendered":"<p>Manchester United exigeait 30 millions de livres sterling pour le gardien Andre Onana, qui attire l&#39;int\u00e9r\u00eat de la tenue de la Ligue 1 Monaco.<\/p>\n<div id=\"article_body\" itemprop=\"articleBody\">\n<h3 class=\"firstPara\"><\/h3>\n<p><strong class=\"autotag\">Manchester United<\/strong> auraient plac\u00e9 un prix de 30 millions de livres sterling sur le gardien de but <strong class=\"autotag\">Andre Onana<\/strong>.<\/p>\n<p>Le joueur de 29 ans a fait l&#39;objet de fortes critiques de grandes parties de sa carri\u00e8re \u00e0 Old Trafford depuis son \u00e9mission d&#39;Inter Milan pendant la fen\u00eatre d&#39;\u00e9t\u00e9 de 2023.<\/p>\n<p>Il a \u00e9t\u00e9 rapport\u00e9 que les Red Devils pr\u00e9voient des changements dans leur d\u00e9partement de coups de tir, avec le Botafogo, John Victor, r\u00e9cemment li\u00e9 aux g\u00e9ants anglais.<\/p>\n<p>Onana a gard\u00e9 un total respectable de neuf feuilles propres \u00e0 travers 34 matches de Premier League pour Man United le trimestre dernier alors qu&#39;ils ont termin\u00e9 15e.<\/p>\n<p>Depuis qu&#39;il est pass\u00e9 de l&#39;Inter Milan il y a 24 mois pour 42,7 millions de livres sterling, l&#39;international du Cameroun a disput\u00e9 un peu plus de 100 matchs pour le Theatre of Dreams Club.<\/p>\n<p class=\"imgI\">\n<h2>Man United Slap 30 M \u00a3 Prix sur Onana?<\/h2>\n<p>Selon le <em>Courrier quotidien<\/em>Manchester United a pr\u00e9sent\u00e9 son stand de transfert avant une \u00e9ventuelle vente d&#39;Onana pendant la fen\u00eatre d&#39;\u00e9t\u00e9.<\/p>\n<p>Le rapport affirme que les Red Devils ont rapport\u00e9 un prix de 30 millions de livres sterling sur le joueur de 29 ans, qui a sign\u00e9 pour le club en juillet 2023.<\/p>\n<p>Contrairement \u00e0 certaines suggestions, il est entendu que Man United n&#39;est pas press\u00e9 de se s\u00e9parer d&#39;Onana avant la nouvelle saison.<\/p>\n<p>On pense que le coup de tir est heureux \u00e0 Old Trafford malgr\u00e9 une p\u00e9riode difficile sous la tutelle d&#39;Erik Ten Hag et maintenant Ruben Amorim.<\/p>\n<p>Ligue 1 c\u00f4t\u00e9 <strong class=\"autotag\">Monaco<\/strong> Surveille cens\u00e9ment la situation d&#39;Onana mais ne sont pas actuellement dispos\u00e9s \u00e0 d\u00e9bourser 30 millions de livres sterling pour ses services.<\/p>\n<p class=\"imgI\"><img decoding=\"async\" alt=\"Andre Onana de Manchester United a l&#39;air d\u00e9courag\u00e9 le 1er avril 2025\" class=\"vanilla-lazyload article-image\" src=\"https:\/\/footdavant.fr\/actualites\/wp-content\/uploads\/2025\/07\/Man-United-39Nom39-Andre-Onana-Prix-demande-apres-la-ligue.jpg\"><\/p>\n<h2>Man United b\u00e9n\u00e9ficierait de la mise \u00e0 niveau d&#39;Onana<\/h2>\n<p>Faire trois erreurs qui ont conduit \u00e0 des buts en Premier League la saison derni\u00e8re, Onana est, parfois, une responsabilit\u00e9 \u00e0 l&#39;arri\u00e8re de la d\u00e9fense de Man United.<\/p>\n<p>Il est difficile de d\u00e9fendre l&#39;\u00c9cole de pens\u00e9e que les Red Devils ont besoin d&#39;une mise \u00e0 niveau dans le filet pour \u00e9ventuellement d\u00e9fier les titres de Premier League.<\/p>\n<p>Onana bat actuellement <strong class=\"autotag\">Altay Bayindir<\/strong> et v\u00e9t\u00e9ran <strong class=\"autotag\">Tom Heaton<\/strong> \u00e0 l&#39;endroit principal entre les b\u00e2tons au th\u00e9\u00e2tre des r\u00eaves.<\/p>\n<div class=\"author_box\">\n<div class=\"author_box_banner\"> <img decoding=\"async\" class=\"author_img\" src=\"https:\/\/footdavant.fr\/actualites\/wp-content\/uploads\/2025\/06\/1749131286_285_Transfert-Roundup-Mathias-Kvistgaarden-a-West-Ham-United-Danny-Ings.jpg\"><\/div>\n<\/div>\n<\/div>\n","protected":false},"excerpt":{"rendered":"<p>Manchester United exigeait 30 millions de livres sterling pour le gardien Andre Onana, qui attire l&#39;int\u00e9r\u00eat de la tenue de la Ligue 1 Monaco. Manchester<\/p>\n","protected":false},"author":1,"featured_media":25265,"comment_status":"closed","ping_status":"","sticky":false,"template":"","format":"standard","meta":{"footnotes":""},"categories":[5],"tags":[9824,194,25,74,2690,30,24,195,73,13],"yoast_head":"<!-- This site is optimized with the Yoast SEO plugin v21.0 - https:\/\/yoast.com\/wordpress\/plugins\/seo\/ -->\n<title>Man United &#039;Nom&#039; Andre Onana Prix demand\u00e9 apr\u00e8s la ligue 1 enqu\u00eate<\/title>\n<meta name=\"robots\" content=\"index, follow, max-snippet:-1, max-image-preview:large, max-video-preview:-1\" \/>\n<link rel=\"canonical\" href=\"https:\/\/footdavant.fr\/actualites\/man-united-nom-andre-onana-prix-demande-apres-la-ligue-1-enquete\/\" \/>\n<meta property=\"og:locale\" content=\"fr_FR\" \/>\n<meta property=\"og:type\" content=\"article\" \/>\n<meta property=\"og:title\" content=\"Man United &#039;Nom&#039; Andre Onana Prix demand\u00e9 apr\u00e8s la ligue 1 enqu\u00eate\" \/>\n<meta property=\"og:description\" content=\"Manchester United exigeait 30 millions de livres sterling pour le gardien Andre Onana, qui attire l&#039;int\u00e9r\u00eat de la tenue de la Ligue 1 Monaco. Manchester\" \/>\n<meta property=\"og:url\" content=\"https:\/\/footdavant.fr\/actualites\/man-united-nom-andre-onana-prix-demande-apres-la-ligue-1-enquete\/\" \/>\n<meta property=\"og:site_name\" content=\"Foot d&#039;avant\" \/>\n<meta property=\"article:publisher\" content=\"https:\/\/www.facebook.com\/Footdavant\/\" \/>\n<meta property=\"article:published_time\" content=\"2025-07-09T09:48:11+00:00\" \/>\n<meta property=\"article:modified_time\" content=\"2025-07-09T09:48:12+00:00\" \/>\n<meta property=\"og:image\" content=\"https:\/\/footdavant.fr\/actualites\/wp-content\/uploads\/2025\/06\/Andre-Onana-Man-United-Planifiez-pour-divertir-les-offres-avec.png\" \/>\n\t<meta property=\"og:image:width\" content=\"640\" \/>\n\t<meta property=\"og:image:height\" content=\"480\" \/>\n\t<meta property=\"og:image:type\" content=\"image\/png\" \/>\n<meta name=\"author\" content=\"Cl\u00e9ment\" \/>\n<meta name=\"twitter:card\" content=\"summary_large_image\" \/>\n<meta name=\"twitter:creator\" content=\"@FootdavantFr\" \/>\n<meta name=\"twitter:site\" content=\"@FootdavantFr\" \/>\n<meta name=\"twitter:label1\" content=\"\u00c9crit par\" \/>\n\t<meta name=\"twitter:data1\" content=\"Cl\u00e9ment\" \/>\n\t<meta name=\"twitter:label2\" content=\"Dur\u00e9e de lecture estim\u00e9e\" \/>\n\t<meta name=\"twitter:data2\" content=\"2 minutes\" \/>\n<script type=\"application\/ld+json\" class=\"yoast-schema-graph\">{\"@context\":\"https:\/\/schema.org\",\"@graph\":[{\"@type\":\"Article\",\"@id\":\"https:\/\/footdavant.fr\/actualites\/man-united-nom-andre-onana-prix-demande-apres-la-ligue-1-enquete\/#article\",\"isPartOf\":{\"@id\":\"https:\/\/footdavant.fr\/actualites\/man-united-nom-andre-onana-prix-demande-apres-la-ligue-1-enquete\/\"},\"author\":{\"name\":\"Cl\u00e9ment\",\"@id\":\"https:\/\/footdavant.fr\/actualites\/#\/schema\/person\/bc222566d95871b37e597b3ed3ba5e1d\"},\"headline\":\"Man United &#39;Nom&#39; Andre Onana Prix demand\u00e9 apr\u00e8s la ligue 1 enqu\u00eate\",\"datePublished\":\"2025-07-09T09:48:11+00:00\",\"dateModified\":\"2025-07-09T09:48:12+00:00\",\"mainEntityOfPage\":{\"@id\":\"https:\/\/footdavant.fr\/actualites\/man-united-nom-andre-onana-prix-demande-apres-la-ligue-1-enquete\/\"},\"wordCount\":418,\"publisher\":{\"@id\":\"https:\/\/footdavant.fr\/actualites\/#organization\"},\"keywords\":[\"39Nom39\",\"Andre\",\"apr\u00e8s\",\"demand\u00e9\",\"enqu\u00eate\",\"Ligue\",\"Man\",\"Onana\",\"prix\",\"United\"],\"articleSection\":[\"Premier League\"],\"inLanguage\":\"fr-FR\"},{\"@type\":\"WebPage\",\"@id\":\"https:\/\/footdavant.fr\/actualites\/man-united-nom-andre-onana-prix-demande-apres-la-ligue-1-enquete\/\",\"url\":\"https:\/\/footdavant.fr\/actualites\/man-united-nom-andre-onana-prix-demande-apres-la-ligue-1-enquete\/\",\"name\":\"Man United &#39;Nom&#39; Andre Onana Prix demand\u00e9 apr\u00e8s la ligue 1 enqu\u00eate\",\"isPartOf\":{\"@id\":\"https:\/\/footdavant.fr\/actualites\/#website\"},\"datePublished\":\"2025-07-09T09:48:11+00:00\",\"dateModified\":\"2025-07-09T09:48:12+00:00\",\"breadcrumb\":{\"@id\":\"https:\/\/footdavant.fr\/actualites\/man-united-nom-andre-onana-prix-demande-apres-la-ligue-1-enquete\/#breadcrumb\"},\"inLanguage\":\"fr-FR\",\"potentialAction\":[{\"@type\":\"ReadAction\",\"target\":[\"https:\/\/footdavant.fr\/actualites\/man-united-nom-andre-onana-prix-demande-apres-la-ligue-1-enquete\/\"]}]},{\"@type\":\"BreadcrumbList\",\"@id\":\"https:\/\/footdavant.fr\/actualites\/man-united-nom-andre-onana-prix-demande-apres-la-ligue-1-enquete\/#breadcrumb\",\"itemListElement\":[{\"@type\":\"ListItem\",\"position\":1,\"name\":\"Accueil\",\"item\":\"https:\/\/footdavant.fr\/actualites\/\"},{\"@type\":\"ListItem\",\"position\":2,\"name\":\"Man United &#39;Nom&#39; Andre Onana Prix demand\u00e9 apr\u00e8s la ligue 1 enqu\u00eate\"}]},{\"@type\":\"WebSite\",\"@id\":\"https:\/\/footdavant.fr\/actualites\/#website\",\"url\":\"https:\/\/footdavant.fr\/actualites\/\",\"name\":\"Foot d'avant\",\"description\":\"\",\"publisher\":{\"@id\":\"https:\/\/footdavant.fr\/actualites\/#organization\"},\"potentialAction\":[{\"@type\":\"SearchAction\",\"target\":{\"@type\":\"EntryPoint\",\"urlTemplate\":\"https:\/\/footdavant.fr\/actualites\/?s={search_term_string}\"},\"query-input\":\"required name=search_term_string\"}],\"inLanguage\":\"fr-FR\"},{\"@type\":\"Organization\",\"@id\":\"https:\/\/footdavant.fr\/actualites\/#organization\",\"name\":\"Foot d'avant\",\"url\":\"https:\/\/footdavant.fr\/actualites\/\",\"logo\":{\"@type\":\"ImageObject\",\"inLanguage\":\"fr-FR\",\"@id\":\"https:\/\/footdavant.fr\/actualites\/#\/schema\/logo\/image\/\",\"url\":\"https:\/\/footdavant.fr\/actualites\/wp-content\/uploads\/2023\/09\/Copy-of-FootDavant-Logo.png\",\"contentUrl\":\"https:\/\/footdavant.fr\/actualites\/wp-content\/uploads\/2023\/09\/Copy-of-FootDavant-Logo.png\",\"width\":936,\"height\":549,\"caption\":\"Foot d'avant\"},\"image\":{\"@id\":\"https:\/\/footdavant.fr\/actualites\/#\/schema\/logo\/image\/\"},\"sameAs\":[\"https:\/\/www.facebook.com\/Footdavant\/\",\"https:\/\/twitter.com\/FootdavantFr\",\"https:\/\/www.instagram.com\/footdavant.fr\/\"]},{\"@type\":\"Person\",\"@id\":\"https:\/\/footdavant.fr\/actualites\/#\/schema\/person\/bc222566d95871b37e597b3ed3ba5e1d\",\"name\":\"Cl\u00e9ment\",\"image\":{\"@type\":\"ImageObject\",\"inLanguage\":\"fr-FR\",\"@id\":\"https:\/\/footdavant.fr\/actualites\/#\/schema\/person\/image\/\",\"url\":\"https:\/\/secure.gravatar.com\/avatar\/7728b29aac2719421e1a9159b2254c44?s=96&d=mm&r=g\",\"contentUrl\":\"https:\/\/secure.gravatar.com\/avatar\/7728b29aac2719421e1a9159b2254c44?s=96&d=mm&r=g\",\"caption\":\"Cl\u00e9ment\"},\"sameAs\":[\"https:\/\/footdavant.fr\/\"]}]}<\/script>\n<!-- \/ Yoast SEO plugin. -->","yoast_head_json":{"title":"Man United &#39;Nom&#39; Andre Onana Prix demand\u00e9 apr\u00e8s la ligue 1 enqu\u00eate","robots":{"index":"index","follow":"follow","max-snippet":"max-snippet:-1","max-image-preview":"max-image-preview:large","max-video-preview":"max-video-preview:-1"},"canonical":"https:\/\/footdavant.fr\/actualites\/man-united-nom-andre-onana-prix-demande-apres-la-ligue-1-enquete\/","og_locale":"fr_FR","og_type":"article","og_title":"Man United &#39;Nom&#39; Andre Onana Prix demand\u00e9 apr\u00e8s la ligue 1 enqu\u00eate","og_description":"Manchester United exigeait 30 millions de livres sterling pour le gardien Andre Onana, qui attire l&#39;int\u00e9r\u00eat de la tenue de la Ligue 1 Monaco. Manchester","og_url":"https:\/\/footdavant.fr\/actualites\/man-united-nom-andre-onana-prix-demande-apres-la-ligue-1-enquete\/","og_site_name":"Foot d&#039;avant","article_publisher":"https:\/\/www.facebook.com\/Footdavant\/","article_published_time":"2025-07-09T09:48:11+00:00","article_modified_time":"2025-07-09T09:48:12+00:00","og_image":[{"width":640,"height":480,"url":"https:\/\/footdavant.fr\/actualites\/wp-content\/uploads\/2025\/06\/Andre-Onana-Man-United-Planifiez-pour-divertir-les-offres-avec.png","type":"image\/png"}],"author":"Cl\u00e9ment","twitter_card":"summary_large_image","twitter_creator":"@FootdavantFr","twitter_site":"@FootdavantFr","twitter_misc":{"\u00c9crit par":"Cl\u00e9ment","Dur\u00e9e de lecture estim\u00e9e":"2 minutes"},"schema":{"@context":"https:\/\/schema.org","@graph":[{"@type":"Article","@id":"https:\/\/footdavant.fr\/actualites\/man-united-nom-andre-onana-prix-demande-apres-la-ligue-1-enquete\/#article","isPartOf":{"@id":"https:\/\/footdavant.fr\/actualites\/man-united-nom-andre-onana-prix-demande-apres-la-ligue-1-enquete\/"},"author":{"name":"Cl\u00e9ment","@id":"https:\/\/footdavant.fr\/actualites\/#\/schema\/person\/bc222566d95871b37e597b3ed3ba5e1d"},"headline":"Man United &#39;Nom&#39; Andre Onana Prix demand\u00e9 apr\u00e8s la ligue 1 enqu\u00eate","datePublished":"2025-07-09T09:48:11+00:00","dateModified":"2025-07-09T09:48:12+00:00","mainEntityOfPage":{"@id":"https:\/\/footdavant.fr\/actualites\/man-united-nom-andre-onana-prix-demande-apres-la-ligue-1-enquete\/"},"wordCount":418,"publisher":{"@id":"https:\/\/footdavant.fr\/actualites\/#organization"},"keywords":["39Nom39","Andre","apr\u00e8s","demand\u00e9","enqu\u00eate","Ligue","Man","Onana","prix","United"],"articleSection":["Premier League"],"inLanguage":"fr-FR"},{"@type":"WebPage","@id":"https:\/\/footdavant.fr\/actualites\/man-united-nom-andre-onana-prix-demande-apres-la-ligue-1-enquete\/","url":"https:\/\/footdavant.fr\/actualites\/man-united-nom-andre-onana-prix-demande-apres-la-ligue-1-enquete\/","name":"Man United &#39;Nom&#39; Andre Onana Prix demand\u00e9 apr\u00e8s la ligue 1 enqu\u00eate","isPartOf":{"@id":"https:\/\/footdavant.fr\/actualites\/#website"},"datePublished":"2025-07-09T09:48:11+00:00","dateModified":"2025-07-09T09:48:12+00:00","breadcrumb":{"@id":"https:\/\/footdavant.fr\/actualites\/man-united-nom-andre-onana-prix-demande-apres-la-ligue-1-enquete\/#breadcrumb"},"inLanguage":"fr-FR","potentialAction":[{"@type":"ReadAction","target":["https:\/\/footdavant.fr\/actualites\/man-united-nom-andre-onana-prix-demande-apres-la-ligue-1-enquete\/"]}]},{"@type":"BreadcrumbList","@id":"https:\/\/footdavant.fr\/actualites\/man-united-nom-andre-onana-prix-demande-apres-la-ligue-1-enquete\/#breadcrumb","itemListElement":[{"@type":"ListItem","position":1,"name":"Accueil","item":"https:\/\/footdavant.fr\/actualites\/"},{"@type":"ListItem","position":2,"name":"Man United &#39;Nom&#39; Andre Onana Prix demand\u00e9 apr\u00e8s la ligue 1 enqu\u00eate"}]},{"@type":"WebSite","@id":"https:\/\/footdavant.fr\/actualites\/#website","url":"https:\/\/footdavant.fr\/actualites\/","name":"Foot d'avant","description":"","publisher":{"@id":"https:\/\/footdavant.fr\/actualites\/#organization"},"potentialAction":[{"@type":"SearchAction","target":{"@type":"EntryPoint","urlTemplate":"https:\/\/footdavant.fr\/actualites\/?s={search_term_string}"},"query-input":"required name=search_term_string"}],"inLanguage":"fr-FR"},{"@type":"Organization","@id":"https:\/\/footdavant.fr\/actualites\/#organization","name":"Foot d'avant","url":"https:\/\/footdavant.fr\/actualites\/","logo":{"@type":"ImageObject","inLanguage":"fr-FR","@id":"https:\/\/footdavant.fr\/actualites\/#\/schema\/logo\/image\/","url":"https:\/\/footdavant.fr\/actualites\/wp-content\/uploads\/2023\/09\/Copy-of-FootDavant-Logo.png","contentUrl":"https:\/\/footdavant.fr\/actualites\/wp-content\/uploads\/2023\/09\/Copy-of-FootDavant-Logo.png","width":936,"height":549,"caption":"Foot d'avant"},"image":{"@id":"https:\/\/footdavant.fr\/actualites\/#\/schema\/logo\/image\/"},"sameAs":["https:\/\/www.facebook.com\/Footdavant\/","https:\/\/twitter.com\/FootdavantFr","https:\/\/www.instagram.com\/footdavant.fr\/"]},{"@type":"Person","@id":"https:\/\/footdavant.fr\/actualites\/#\/schema\/person\/bc222566d95871b37e597b3ed3ba5e1d","name":"Cl\u00e9ment","image":{"@type":"ImageObject","inLanguage":"fr-FR","@id":"https:\/\/footdavant.fr\/actualites\/#\/schema\/person\/image\/","url":"https:\/\/secure.gravatar.com\/avatar\/7728b29aac2719421e1a9159b2254c44?s=96&d=mm&r=g","contentUrl":"https:\/\/secure.gravatar.com\/avatar\/7728b29aac2719421e1a9159b2254c44?s=96&d=mm&r=g","caption":"Cl\u00e9ment"},"sameAs":["https:\/\/footdavant.fr\/"]}]}},"_links":{"self":[{"href":"https:\/\/footdavant.fr\/actualites\/wp-json\/wp\/v2\/posts\/25947"}],"collection":[{"href":"https:\/\/footdavant.fr\/actualites\/wp-json\/wp\/v2\/posts"}],"about":[{"href":"https:\/\/footdavant.fr\/actualites\/wp-json\/wp\/v2\/types\/post"}],"author":[{"embeddable":true,"href":"https:\/\/footdavant.fr\/actualites\/wp-json\/wp\/v2\/users\/1"}],"replies":[{"embeddable":true,"href":"https:\/\/footdavant.fr\/actualites\/wp-json\/wp\/v2\/comments?post=25947"}],"version-history":[{"count":1,"href":"https:\/\/footdavant.fr\/actualites\/wp-json\/wp\/v2\/posts\/25947\/revisions"}],"predecessor-version":[{"id":25948,"href":"https:\/\/footdavant.fr\/actualites\/wp-json\/wp\/v2\/posts\/25947\/revisions\/25948"}],"wp:featuredmedia":[{"embeddable":true,"href":"https:\/\/footdavant.fr\/actualites\/wp-json\/wp\/v2\/media\/25265"}],"wp:attachment":[{"href":"https:\/\/footdavant.fr\/actualites\/wp-json\/wp\/v2\/media?parent=25947"}],"wp:term":[{"taxonomy":"category","embeddable":true,"href":"https:\/\/footdavant.fr\/actualites\/wp-json\/wp\/v2\/categories?post=25947"},{"taxonomy":"post_tag","embeddable":true,"href":"https:\/\/footdavant.fr\/actualites\/wp-json\/wp\/v2\/tags?post=25947"}],"curies":[{"name":"wp","href":"https:\/\/api.w.org\/{rel}","templated":true}]}}