{"id":2595,"date":"2023-12-16T10:49:30","date_gmt":"2023-12-16T09:49:30","guid":{"rendered":"https:\/\/footdavant.fr\/actualites\/les-joueurs-de-chelsea-remettent-en-question-la-decision-de-ne-pas-nommer-thiago-silva-capitaine\/"},"modified":"2023-12-16T10:49:30","modified_gmt":"2023-12-16T09:49:30","slug":"les-joueurs-de-chelsea-remettent-en-question-la-decision-de-ne-pas-nommer-thiago-silva-capitaine","status":"publish","type":"post","link":"https:\/\/footdavant.fr\/actualites\/les-joueurs-de-chelsea-remettent-en-question-la-decision-de-ne-pas-nommer-thiago-silva-capitaine\/","title":{"rendered":"Les joueurs de Chelsea remettent en question la d\u00e9cision de ne pas nommer Thiago Silva capitaine"},"content":{"rendered":"<p>Un certain nombre de joueurs de Chelsea se demanderaient pourquoi Thiago Silva n&rsquo;a pas \u00e9t\u00e9 nomm\u00e9 capitaine du club cet \u00e9t\u00e9.<\/p>\n<div id=\"article_body\" itemprop=\"articleBody\">\n<h3 class=\"firstPara\">Un nombre de <strong class=\"autotag\">Chelsea<\/strong> les joueurs auraient estim\u00e9 qu&rsquo;il serait plus avantageux d&rsquo;avoir <strong class=\"autotag\">Thiago Silva<\/strong> en tant que capitaine du club.<\/h3>\n<p>A l&rsquo;arriv\u00e9e de <strong class=\"autotag\">Mauricio Pochettino<\/strong> en tant qu&rsquo;entra\u00eeneur-chef, l&rsquo;une des premi\u00e8res d\u00e9cisions de l&rsquo;Argentin a \u00e9t\u00e9 de d\u00e9cider qui porterait le brassard pour la campagne 2023-24.<\/p>\n<p>Compte tenu de son exp\u00e9rience et de son statut dans le football mondial, Silva \u00e9tait naturellement consid\u00e9r\u00e9 pour ce r\u00f4le, en particulier lorsque Chelsea constituait une jeune \u00e9quipe.<\/p>\n<p>Au lieu de cela, Pochettino a montr\u00e9 sa pr\u00e9f\u00e9rence pour confier des postes de direction aux dipl\u00f4m\u00e9s de l&rsquo;acad\u00e9mie. <strong class=\"autotag\">James Reece<\/strong> et <strong class=\"autotag\">Conor Gallagher<\/strong>qui ont \u00e9t\u00e9 s\u00e9lectionn\u00e9s respectivement comme capitaine et skipper de troisi\u00e8me choix, avec <strong class=\"autotag\">Ben Chilwell<\/strong> l&rsquo;adjoint de James.<\/p>\n<p>Cependant, ce plan n\u2019a pas fonctionn\u00e9 comme pr\u00e9vu, Pochettino ayant d\u00fb constamment assumer cette t\u00e2che en raison des blessures de James et Chilwell.<\/p>\n<p class=\"imgI\">\n<p>En cons\u00e9quence, Gallagher \u2013 qui a d\u00e9but\u00e9 tous les matches de Premier League sauf un cette saison \u2013 a \u00e9t\u00e9 nomm\u00e9 capitaine plus de fois qu&rsquo;il ne l&rsquo;aurait imagin\u00e9 lors de sa deuxi\u00e8me campagne dans les rangs seniors.<\/p>\n<p>En outre, <strong class=\"autotag\">Levi Colwill<\/strong> &#8211; un autre jeune Anglais de l&rsquo;acad\u00e9mie &#8211; a \u00e9t\u00e9 nomm\u00e9 capitaine en l&rsquo;absence de Gallagher lors du revers 2-1 \u00e0 Manchester United la semaine derni\u00e8re.<\/p>\n<p>Selon <em>Le gardien<\/em>certains joueurs de l&rsquo;\u00e9quipe premi\u00e8re se demandent pourquoi Silva n&rsquo;a pas re\u00e7u les r\u00eanes.<\/p>\n<p>Le rapport sugg\u00e8re qu&rsquo;il existe un sentiment que le joueur de 39 ans a \u00e9t\u00e9 manqu\u00e9 de respect dans une certaine mesure, m\u00eame si Pochettino conserve le soutien de l&rsquo;\u00e9quipe en g\u00e9n\u00e9ral.<\/p>\n<p class=\"imgI\"><img decoding=\"async\" loading=\"lazy\" class=\"l\" src=\"https:\/\/footdavant.fr\/actualites\/wp-content\/uploads\/2023\/12\/Les-joueurs-de-Chelsea-remettent-en-question-la-decision-de.JPG\" title=\"L'entra\u00eeneur-chef de Chelsea, Mauricio Pochettino, lors du match de Burnley, le 7 octobre 2023.\" alt=\"L'entra\u00eeneur-chef de Chelsea, Mauricio Pochettino, lors du match de Burnley, le 7 octobre 2023.\" width=\"640\" height=\"480\"><\/p>\n<p>Dans le pass\u00e9, Pochettino a expliqu\u00e9 sa d\u00e9cision, laissant entendre qu&rsquo;il souhaitait un noyau national et des joueurs plus familiers avec le club.<\/p>\n<p>N\u00e9anmoins, certains membres du groupe pensent que Silva aurait d\u00fb se voir confier la responsabilit\u00e9 de diriger Chelsea sur le terrain cette campagne.<\/p>\n<p>L&rsquo;international br\u00e9silien \u00e9tait toujours pr\u00e9sent dans l&rsquo;\u00e9quipe jusqu&rsquo;\u00e0 ce qu&rsquo;il tombe sur le banc des rempla\u00e7ants lors de la d\u00e9faite 2-0 dimanche \u00e0 Everton en Premier League.<\/p>\n<p>Alors que Silva devrait avoir 40 ans en septembre, des informations ont indiqu\u00e9 qu&rsquo;il est peu probable qu&rsquo;il re\u00e7oive un renouvellement de contrat et qu&rsquo;il pourrait partir avec un transfert gratuit cet \u00e9t\u00e9.<\/p>\n<\/div>\n","protected":false},"excerpt":{"rendered":"<p>Un certain nombre de joueurs de Chelsea se demanderaient pourquoi Thiago Silva n&rsquo;a pas \u00e9t\u00e9 nomm\u00e9 capitaine du club cet \u00e9t\u00e9. Un nombre de Chelsea<\/p>\n","protected":false},"author":1,"featured_media":2596,"comment_status":"closed","ping_status":"","sticky":false,"template":"","format":"standard","meta":{"footnotes":""},"categories":[5],"tags":[141,171,497,220,93,2277,71,1079,2276,216,394],"yoast_head":"<!-- This site is optimized with the Yoast SEO plugin v21.0 - https:\/\/yoast.com\/wordpress\/plugins\/seo\/ -->\n<title>Les joueurs de Chelsea remettent en question la d\u00e9cision de ne pas nommer Thiago Silva capitaine<\/title>\n<meta name=\"robots\" content=\"index, follow, max-snippet:-1, max-image-preview:large, max-video-preview:-1\" \/>\n<link rel=\"canonical\" href=\"https:\/\/footdavant.fr\/actualites\/les-joueurs-de-chelsea-remettent-en-question-la-decision-de-ne-pas-nommer-thiago-silva-capitaine\/\" \/>\n<meta property=\"og:locale\" content=\"fr_FR\" \/>\n<meta property=\"og:type\" content=\"article\" \/>\n<meta property=\"og:title\" content=\"Les joueurs de Chelsea remettent en question la d\u00e9cision de ne pas nommer Thiago Silva capitaine\" \/>\n<meta property=\"og:description\" content=\"Un certain nombre de joueurs de Chelsea se demanderaient pourquoi Thiago Silva n&rsquo;a pas \u00e9t\u00e9 nomm\u00e9 capitaine du club cet \u00e9t\u00e9. Un nombre de Chelsea\" \/>\n<meta property=\"og:url\" content=\"https:\/\/footdavant.fr\/actualites\/les-joueurs-de-chelsea-remettent-en-question-la-decision-de-ne-pas-nommer-thiago-silva-capitaine\/\" \/>\n<meta property=\"og:site_name\" content=\"Foot d&#039;avant\" \/>\n<meta property=\"article:publisher\" content=\"https:\/\/www.facebook.com\/Footdavant\/\" \/>\n<meta property=\"article:published_time\" content=\"2023-12-16T09:49:30+00:00\" \/>\n<meta property=\"og:image\" content=\"https:\/\/footdavant.fr\/actualites\/wp-content\/uploads\/2023\/12\/Les-joueurs-de-Chelsea-remettent-en-question-la-decision-de.jpg\" \/>\n\t<meta property=\"og:image:width\" content=\"640\" \/>\n\t<meta property=\"og:image:height\" content=\"480\" \/>\n\t<meta property=\"og:image:type\" content=\"image\/jpeg\" \/>\n<meta name=\"author\" content=\"Cl\u00e9ment\" \/>\n<meta name=\"twitter:card\" content=\"summary_large_image\" \/>\n<meta name=\"twitter:creator\" content=\"@FootdavantFr\" \/>\n<meta name=\"twitter:site\" content=\"@FootdavantFr\" \/>\n<meta name=\"twitter:label1\" content=\"\u00c9crit par\" \/>\n\t<meta name=\"twitter:data1\" content=\"Cl\u00e9ment\" \/>\n\t<meta name=\"twitter:label2\" content=\"Dur\u00e9e de lecture estim\u00e9e\" \/>\n\t<meta name=\"twitter:data2\" content=\"2 minutes\" \/>\n<script type=\"application\/ld+json\" class=\"yoast-schema-graph\">{\"@context\":\"https:\/\/schema.org\",\"@graph\":[{\"@type\":\"Article\",\"@id\":\"https:\/\/footdavant.fr\/actualites\/les-joueurs-de-chelsea-remettent-en-question-la-decision-de-ne-pas-nommer-thiago-silva-capitaine\/#article\",\"isPartOf\":{\"@id\":\"https:\/\/footdavant.fr\/actualites\/les-joueurs-de-chelsea-remettent-en-question-la-decision-de-ne-pas-nommer-thiago-silva-capitaine\/\"},\"author\":{\"name\":\"Cl\u00e9ment\",\"@id\":\"https:\/\/footdavant.fr\/actualites\/#\/schema\/person\/bc222566d95871b37e597b3ed3ba5e1d\"},\"headline\":\"Les joueurs de Chelsea remettent en question la d\u00e9cision de ne pas nommer Thiago Silva capitaine\",\"datePublished\":\"2023-12-16T09:49:30+00:00\",\"dateModified\":\"2023-12-16T09:49:30+00:00\",\"mainEntityOfPage\":{\"@id\":\"https:\/\/footdavant.fr\/actualites\/les-joueurs-de-chelsea-remettent-en-question-la-decision-de-ne-pas-nommer-thiago-silva-capitaine\/\"},\"wordCount\":434,\"publisher\":{\"@id\":\"https:\/\/footdavant.fr\/actualites\/#organization\"},\"keywords\":[\"capitaine\",\"Chelsea\",\"d\u00e9cision\",\"joueurs\",\"les\",\"nommer\",\"pas\",\"question\",\"remettent\",\"Silva\",\"Thiago\"],\"articleSection\":[\"Premier League\"],\"inLanguage\":\"fr-FR\"},{\"@type\":\"WebPage\",\"@id\":\"https:\/\/footdavant.fr\/actualites\/les-joueurs-de-chelsea-remettent-en-question-la-decision-de-ne-pas-nommer-thiago-silva-capitaine\/\",\"url\":\"https:\/\/footdavant.fr\/actualites\/les-joueurs-de-chelsea-remettent-en-question-la-decision-de-ne-pas-nommer-thiago-silva-capitaine\/\",\"name\":\"Les joueurs de Chelsea remettent en question la d\u00e9cision de ne pas nommer Thiago Silva capitaine\",\"isPartOf\":{\"@id\":\"https:\/\/footdavant.fr\/actualites\/#website\"},\"datePublished\":\"2023-12-16T09:49:30+00:00\",\"dateModified\":\"2023-12-16T09:49:30+00:00\",\"breadcrumb\":{\"@id\":\"https:\/\/footdavant.fr\/actualites\/les-joueurs-de-chelsea-remettent-en-question-la-decision-de-ne-pas-nommer-thiago-silva-capitaine\/#breadcrumb\"},\"inLanguage\":\"fr-FR\",\"potentialAction\":[{\"@type\":\"ReadAction\",\"target\":[\"https:\/\/footdavant.fr\/actualites\/les-joueurs-de-chelsea-remettent-en-question-la-decision-de-ne-pas-nommer-thiago-silva-capitaine\/\"]}]},{\"@type\":\"BreadcrumbList\",\"@id\":\"https:\/\/footdavant.fr\/actualites\/les-joueurs-de-chelsea-remettent-en-question-la-decision-de-ne-pas-nommer-thiago-silva-capitaine\/#breadcrumb\",\"itemListElement\":[{\"@type\":\"ListItem\",\"position\":1,\"name\":\"Accueil\",\"item\":\"https:\/\/footdavant.fr\/actualites\/\"},{\"@type\":\"ListItem\",\"position\":2,\"name\":\"Les joueurs de Chelsea remettent en question la d\u00e9cision de ne pas nommer Thiago Silva capitaine\"}]},{\"@type\":\"WebSite\",\"@id\":\"https:\/\/footdavant.fr\/actualites\/#website\",\"url\":\"https:\/\/footdavant.fr\/actualites\/\",\"name\":\"Foot d'avant\",\"description\":\"\",\"publisher\":{\"@id\":\"https:\/\/footdavant.fr\/actualites\/#organization\"},\"potentialAction\":[{\"@type\":\"SearchAction\",\"target\":{\"@type\":\"EntryPoint\",\"urlTemplate\":\"https:\/\/footdavant.fr\/actualites\/?s={search_term_string}\"},\"query-input\":\"required name=search_term_string\"}],\"inLanguage\":\"fr-FR\"},{\"@type\":\"Organization\",\"@id\":\"https:\/\/footdavant.fr\/actualites\/#organization\",\"name\":\"Foot d'avant\",\"url\":\"https:\/\/footdavant.fr\/actualites\/\",\"logo\":{\"@type\":\"ImageObject\",\"inLanguage\":\"fr-FR\",\"@id\":\"https:\/\/footdavant.fr\/actualites\/#\/schema\/logo\/image\/\",\"url\":\"https:\/\/footdavant.fr\/actualites\/wp-content\/uploads\/2023\/09\/Copy-of-FootDavant-Logo.png\",\"contentUrl\":\"https:\/\/footdavant.fr\/actualites\/wp-content\/uploads\/2023\/09\/Copy-of-FootDavant-Logo.png\",\"width\":936,\"height\":549,\"caption\":\"Foot d'avant\"},\"image\":{\"@id\":\"https:\/\/footdavant.fr\/actualites\/#\/schema\/logo\/image\/\"},\"sameAs\":[\"https:\/\/www.facebook.com\/Footdavant\/\",\"https:\/\/twitter.com\/FootdavantFr\",\"https:\/\/www.instagram.com\/footdavant.fr\/\"]},{\"@type\":\"Person\",\"@id\":\"https:\/\/footdavant.fr\/actualites\/#\/schema\/person\/bc222566d95871b37e597b3ed3ba5e1d\",\"name\":\"Cl\u00e9ment\",\"image\":{\"@type\":\"ImageObject\",\"inLanguage\":\"fr-FR\",\"@id\":\"https:\/\/footdavant.fr\/actualites\/#\/schema\/person\/image\/\",\"url\":\"https:\/\/secure.gravatar.com\/avatar\/7728b29aac2719421e1a9159b2254c44?s=96&d=mm&r=g\",\"contentUrl\":\"https:\/\/secure.gravatar.com\/avatar\/7728b29aac2719421e1a9159b2254c44?s=96&d=mm&r=g\",\"caption\":\"Cl\u00e9ment\"},\"sameAs\":[\"https:\/\/footdavant.fr\/\"]}]}<\/script>\n<!-- \/ Yoast SEO plugin. -->","yoast_head_json":{"title":"Les joueurs de Chelsea remettent en question la d\u00e9cision de ne pas nommer Thiago Silva capitaine","robots":{"index":"index","follow":"follow","max-snippet":"max-snippet:-1","max-image-preview":"max-image-preview:large","max-video-preview":"max-video-preview:-1"},"canonical":"https:\/\/footdavant.fr\/actualites\/les-joueurs-de-chelsea-remettent-en-question-la-decision-de-ne-pas-nommer-thiago-silva-capitaine\/","og_locale":"fr_FR","og_type":"article","og_title":"Les joueurs de Chelsea remettent en question la d\u00e9cision de ne pas nommer Thiago Silva capitaine","og_description":"Un certain nombre de joueurs de Chelsea se demanderaient pourquoi Thiago Silva n&rsquo;a pas \u00e9t\u00e9 nomm\u00e9 capitaine du club cet \u00e9t\u00e9. Un nombre de Chelsea","og_url":"https:\/\/footdavant.fr\/actualites\/les-joueurs-de-chelsea-remettent-en-question-la-decision-de-ne-pas-nommer-thiago-silva-capitaine\/","og_site_name":"Foot d&#039;avant","article_publisher":"https:\/\/www.facebook.com\/Footdavant\/","article_published_time":"2023-12-16T09:49:30+00:00","og_image":[{"width":640,"height":480,"url":"https:\/\/footdavant.fr\/actualites\/wp-content\/uploads\/2023\/12\/Les-joueurs-de-Chelsea-remettent-en-question-la-decision-de.jpg","type":"image\/jpeg"}],"author":"Cl\u00e9ment","twitter_card":"summary_large_image","twitter_creator":"@FootdavantFr","twitter_site":"@FootdavantFr","twitter_misc":{"\u00c9crit par":"Cl\u00e9ment","Dur\u00e9e de lecture estim\u00e9e":"2 minutes"},"schema":{"@context":"https:\/\/schema.org","@graph":[{"@type":"Article","@id":"https:\/\/footdavant.fr\/actualites\/les-joueurs-de-chelsea-remettent-en-question-la-decision-de-ne-pas-nommer-thiago-silva-capitaine\/#article","isPartOf":{"@id":"https:\/\/footdavant.fr\/actualites\/les-joueurs-de-chelsea-remettent-en-question-la-decision-de-ne-pas-nommer-thiago-silva-capitaine\/"},"author":{"name":"Cl\u00e9ment","@id":"https:\/\/footdavant.fr\/actualites\/#\/schema\/person\/bc222566d95871b37e597b3ed3ba5e1d"},"headline":"Les joueurs de Chelsea remettent en question la d\u00e9cision de ne pas nommer Thiago Silva capitaine","datePublished":"2023-12-16T09:49:30+00:00","dateModified":"2023-12-16T09:49:30+00:00","mainEntityOfPage":{"@id":"https:\/\/footdavant.fr\/actualites\/les-joueurs-de-chelsea-remettent-en-question-la-decision-de-ne-pas-nommer-thiago-silva-capitaine\/"},"wordCount":434,"publisher":{"@id":"https:\/\/footdavant.fr\/actualites\/#organization"},"keywords":["capitaine","Chelsea","d\u00e9cision","joueurs","les","nommer","pas","question","remettent","Silva","Thiago"],"articleSection":["Premier League"],"inLanguage":"fr-FR"},{"@type":"WebPage","@id":"https:\/\/footdavant.fr\/actualites\/les-joueurs-de-chelsea-remettent-en-question-la-decision-de-ne-pas-nommer-thiago-silva-capitaine\/","url":"https:\/\/footdavant.fr\/actualites\/les-joueurs-de-chelsea-remettent-en-question-la-decision-de-ne-pas-nommer-thiago-silva-capitaine\/","name":"Les joueurs de Chelsea remettent en question la d\u00e9cision de ne pas nommer Thiago Silva capitaine","isPartOf":{"@id":"https:\/\/footdavant.fr\/actualites\/#website"},"datePublished":"2023-12-16T09:49:30+00:00","dateModified":"2023-12-16T09:49:30+00:00","breadcrumb":{"@id":"https:\/\/footdavant.fr\/actualites\/les-joueurs-de-chelsea-remettent-en-question-la-decision-de-ne-pas-nommer-thiago-silva-capitaine\/#breadcrumb"},"inLanguage":"fr-FR","potentialAction":[{"@type":"ReadAction","target":["https:\/\/footdavant.fr\/actualites\/les-joueurs-de-chelsea-remettent-en-question-la-decision-de-ne-pas-nommer-thiago-silva-capitaine\/"]}]},{"@type":"BreadcrumbList","@id":"https:\/\/footdavant.fr\/actualites\/les-joueurs-de-chelsea-remettent-en-question-la-decision-de-ne-pas-nommer-thiago-silva-capitaine\/#breadcrumb","itemListElement":[{"@type":"ListItem","position":1,"name":"Accueil","item":"https:\/\/footdavant.fr\/actualites\/"},{"@type":"ListItem","position":2,"name":"Les joueurs de Chelsea remettent en question la d\u00e9cision de ne pas nommer Thiago Silva capitaine"}]},{"@type":"WebSite","@id":"https:\/\/footdavant.fr\/actualites\/#website","url":"https:\/\/footdavant.fr\/actualites\/","name":"Foot d'avant","description":"","publisher":{"@id":"https:\/\/footdavant.fr\/actualites\/#organization"},"potentialAction":[{"@type":"SearchAction","target":{"@type":"EntryPoint","urlTemplate":"https:\/\/footdavant.fr\/actualites\/?s={search_term_string}"},"query-input":"required name=search_term_string"}],"inLanguage":"fr-FR"},{"@type":"Organization","@id":"https:\/\/footdavant.fr\/actualites\/#organization","name":"Foot d'avant","url":"https:\/\/footdavant.fr\/actualites\/","logo":{"@type":"ImageObject","inLanguage":"fr-FR","@id":"https:\/\/footdavant.fr\/actualites\/#\/schema\/logo\/image\/","url":"https:\/\/footdavant.fr\/actualites\/wp-content\/uploads\/2023\/09\/Copy-of-FootDavant-Logo.png","contentUrl":"https:\/\/footdavant.fr\/actualites\/wp-content\/uploads\/2023\/09\/Copy-of-FootDavant-Logo.png","width":936,"height":549,"caption":"Foot d'avant"},"image":{"@id":"https:\/\/footdavant.fr\/actualites\/#\/schema\/logo\/image\/"},"sameAs":["https:\/\/www.facebook.com\/Footdavant\/","https:\/\/twitter.com\/FootdavantFr","https:\/\/www.instagram.com\/footdavant.fr\/"]},{"@type":"Person","@id":"https:\/\/footdavant.fr\/actualites\/#\/schema\/person\/bc222566d95871b37e597b3ed3ba5e1d","name":"Cl\u00e9ment","image":{"@type":"ImageObject","inLanguage":"fr-FR","@id":"https:\/\/footdavant.fr\/actualites\/#\/schema\/person\/image\/","url":"https:\/\/secure.gravatar.com\/avatar\/7728b29aac2719421e1a9159b2254c44?s=96&d=mm&r=g","contentUrl":"https:\/\/secure.gravatar.com\/avatar\/7728b29aac2719421e1a9159b2254c44?s=96&d=mm&r=g","caption":"Cl\u00e9ment"},"sameAs":["https:\/\/footdavant.fr\/"]}]}},"_links":{"self":[{"href":"https:\/\/footdavant.fr\/actualites\/wp-json\/wp\/v2\/posts\/2595"}],"collection":[{"href":"https:\/\/footdavant.fr\/actualites\/wp-json\/wp\/v2\/posts"}],"about":[{"href":"https:\/\/footdavant.fr\/actualites\/wp-json\/wp\/v2\/types\/post"}],"author":[{"embeddable":true,"href":"https:\/\/footdavant.fr\/actualites\/wp-json\/wp\/v2\/users\/1"}],"replies":[{"embeddable":true,"href":"https:\/\/footdavant.fr\/actualites\/wp-json\/wp\/v2\/comments?post=2595"}],"version-history":[{"count":1,"href":"https:\/\/footdavant.fr\/actualites\/wp-json\/wp\/v2\/posts\/2595\/revisions"}],"predecessor-version":[{"id":2597,"href":"https:\/\/footdavant.fr\/actualites\/wp-json\/wp\/v2\/posts\/2595\/revisions\/2597"}],"wp:featuredmedia":[{"embeddable":true,"href":"https:\/\/footdavant.fr\/actualites\/wp-json\/wp\/v2\/media\/2596"}],"wp:attachment":[{"href":"https:\/\/footdavant.fr\/actualites\/wp-json\/wp\/v2\/media?parent=2595"}],"wp:term":[{"taxonomy":"category","embeddable":true,"href":"https:\/\/footdavant.fr\/actualites\/wp-json\/wp\/v2\/categories?post=2595"},{"taxonomy":"post_tag","embeddable":true,"href":"https:\/\/footdavant.fr\/actualites\/wp-json\/wp\/v2\/tags?post=2595"}],"curies":[{"name":"wp","href":"https:\/\/api.w.org\/{rel}","templated":true}]}}