{"id":25952,"date":"2025-07-09T15:48:07","date_gmt":"2025-07-09T13:48:07","guid":{"rendered":"https:\/\/footdavant.fr\/actualites\/tottenham-peu-probable-re-signe-de-28-ans-alors-que-thomas-frank-fait-face-a-un-dilemme-de-la-ligue-des-champions\/"},"modified":"2025-07-09T15:48:08","modified_gmt":"2025-07-09T13:48:08","slug":"tottenham-peu-probable-re-signe-de-28-ans-alors-que-thomas-frank-fait-face-a-un-dilemme-de-la-ligue-des-champions","status":"publish","type":"post","link":"https:\/\/footdavant.fr\/actualites\/tottenham-peu-probable-re-signe-de-28-ans-alors-que-thomas-frank-fait-face-a-un-dilemme-de-la-ligue-des-champions\/","title":{"rendered":"Tottenham \u00ab\u00a0 peu probable &#39;&#39;, re-signe de 28 ans alors que Thomas Frank fait face \u00e0 un dilemme de la Ligue des champions"},"content":{"rendered":"<p>Tottenham Hotspur serait peu susceptible de re-signer Kyle Walker-Peters cet \u00e9t\u00e9, m\u00eame si un transfert gratuit apporterait de s\u00e9rieux avantages en Ligue des champions.<\/p>\n<div id=\"article_body\" itemprop=\"articleBody\">\n<h3 class=\"firstPara\"><\/h3>\n<p><strong class=\"autotag\">Tottenham Hotspur<\/strong> Il est peu probable qu&#39;il fasse un effort s\u00e9rieux pour re-signer <strong class=\"autotag\">Kyle Walker-Peters<\/strong> sur un transfert gratuit cet \u00e9t\u00e9, selon un rapport.<\/p>\n<p>L&#39;ancien jeune Lilywhites &#8211; qui a jou\u00e9 24 fois pour les champions de la Ligue Europa de 2013 \u00e0 2020 &#8211; est officiellement sans attache \u00e0 la suite de l&#39;expiration de son contrat avec Southampton fin juin.<\/p>\n<p>Au cours de ses cinq saisons \u00e0 St Mary&#39;s, Walker-Peters a disput\u00e9 plus de 200 apparitions pour les Saints, bancaire sept buts et 12 passes d\u00e9cisives et se produisant de mani\u00e8re comp\u00e9tente des deux c\u00f4t\u00e9s de la ligne arri\u00e8re.<\/p>\n<p>Peu de temps avant que Walker-Peters ne soit entr\u00e9 sur le march\u00e9 des agents libres, Tottenham aurait \u00e9t\u00e9 <strong>accorder une consid\u00e9ration pour le ramener au nord de Londres<\/strong>et l&#39;arri\u00e8re droit \u00ab\u00a0aimerait\u00a0\u00bb retourner dans son \u00e9quipe d&#39;enfance.<\/p>\n<p>L&#39;international en Angleterre \u00e0 deux capital-art se qualifierait \u00e9galement en tant que joueur form\u00e9 au club pour l&#39;\u00e9quipe de la Ligue des champions de Tottenham, apr\u00e8s avoir pass\u00e9 au moins trois ans chez les Spurs entre 15 et 21 ans.<\/p>\n<h2>Spurs a peu susceptible de re-signer les Walker-Peters malgr\u00e9 les \u00abpourparlers internes\u00bb<\/h2>\n<p class=\"imgI\">\n<p>La perspective d&#39;un transfert gratuit pour un joueur local dans le cadre de sa carri\u00e8re pourrait donc \u00eatre particuli\u00e8rement attrayante pour <strong class=\"autotag\">Thomas Frank<\/strong>mais selon <em>Le t\u00e9l\u00e9graphe<\/em>une r\u00e9union cet \u00e9t\u00e9 ne devrait pas se mat\u00e9rialiser.<\/p>\n<p>Le rapport affirme que Tottenham a discut\u00e9 en interne d&#39;une d\u00e9cision pour le joueur de 28 ans, mais ce serait une surprise s&#39;il retournait au nord de Londres pour un deuxi\u00e8me passage dans le kit des Spurs.<\/p>\n<p>Cela est malgr\u00e9 le manque de joueurs form\u00e9s par les Spurs dans leur \u00e9quipe, car Frank n&#39;a actuellement qu&#39;un seul homme \u00e0 sa disposition &#8211; le gardien de but du troisi\u00e8me choix Brandon Austin.<\/p>\n<p>Tottenham se vante de sept joueurs \u00abform\u00e9s par l&#39;association\u00bb, qui doivent avoir repr\u00e9sent\u00e9 un autre club en Angleterre ou au Pays de Galles pendant au moins trois ans entre 15 et 21 ans, mais ils ne peuvent avoir que quatre de ces joueurs dans leur \u00e9quipe de l&#39;UEFA.<\/p>\n<p>Comme les clubs doivent avoir un total de huit joueurs de clubs et d&#39;associations dans leurs 25 rangs de la Ligue des champions, les Spurs doivent id\u00e9alement inclure trois autres joueurs form\u00e9s au club, sinon leur taille d&#39;\u00e9quipe sera r\u00e9duite.<\/p>\n<h2>O\u00f9 les Spurs peuvent-ils trouver un joueur form\u00e9 par le club?<\/h2>\n<p class=\"imgI\"><img decoding=\"async\" alt=\"Dennis Cirkin de Sunderland illustr\u00e9 le 13 mai 2025\" class=\"vanilla-lazyload article-image\" src=\"https:\/\/footdavant.fr\/actualites\/wp-content\/uploads\/2025\/07\/Tottenham-peu-probable-3939-re-signe-de-28-ans-alors.webp\"><\/p>\n<p>Alors que Tottenham a quelques produits acad\u00e9miques dans leurs rangs &#8211; Mikey Moore, Dane Scarlett et Alfie Devine &#8211; le trio se qualifie plut\u00f4t pour la liste UEFA B de Tottenham.<\/p>\n<p>La liste B est r\u00e9serv\u00e9e aux joueurs n\u00e9s le 1er janvier 2004 au plus tard, qui ont \u00e9t\u00e9 admissibles \u00e0 repr\u00e9senter le club pour une p\u00e9riode de deux ans ininterrompue \u00e0 tout moment depuis leur 15e anniversaire, dont Scarlett, Devine et Moore se qualifient tous.<\/p>\n<p>Au lieu de cela, Tottenham devra se tourner vers le march\u00e9 pour rechercher des joueurs form\u00e9s en club, et Sunderland <strong class=\"autotag\">Dennis Cirkin<\/strong> conviendrait \u00e0 la facture.<\/p>\n<p>Le d\u00e9fenseur n\u00e9 en 2002 est venu par le syst\u00e8me de l&#39;Acad\u00e9mie Tottenham avant de partir pour le stade de la lumi\u00e8re en 2021, mais il r\u00e9pond aux crit\u00e8res d&#39;un joueur form\u00e9 par le club.<\/p>\n<p>Les Spurs envisagent un accord pour le joueur de 23 ans, bien que la promotion de Sunderland \u00e0 la Premier League rendra tout d\u00e9m\u00e9nagement beaucoup plus difficile.<\/p>\n<div class=\"author_box\">\n<div class=\"author_box_banner\"> <img decoding=\"async\" class=\"author_img\" src=\"https:\/\/footdavant.fr\/actualites\/wp-content\/uploads\/2025\/06\/1749127685_316_Equipe-de-la-Ligue-des-champions-du-tournoi-Lamine-Yamal.jpg\"><\/div>\n<\/div>\n<\/div>\n","protected":false},"excerpt":{"rendered":"<p>Tottenham Hotspur serait peu susceptible de re-signer Kyle Walker-Peters cet \u00e9t\u00e9, m\u00eame si un transfert gratuit apporterait de s\u00e9rieux avantages en Ligue des champions. Tottenham<\/p>\n","protected":false},"author":1,"featured_media":25953,"comment_status":"closed","ping_status":"","sticky":false,"template":"","format":"standard","meta":{"footnotes":""},"categories":[5],"tags":[318,209,31,12,4608,1062,152,662,30,1776,1777,4557,235,68],"yoast_head":"<!-- This site is optimized with the Yoast SEO plugin v21.0 - https:\/\/yoast.com\/wordpress\/plugins\/seo\/ -->\n<title>Tottenham `` peu probable &#039;&#039;, re-signe de 28 ans alors que Thomas Frank fait face \u00e0 un dilemme de la Ligue des champions<\/title>\n<meta name=\"robots\" content=\"index, follow, max-snippet:-1, max-image-preview:large, max-video-preview:-1\" \/>\n<link rel=\"canonical\" href=\"https:\/\/footdavant.fr\/actualites\/tottenham-peu-probable-re-signe-de-28-ans-alors-que-thomas-frank-fait-face-a-un-dilemme-de-la-ligue-des-champions\/\" \/>\n<meta property=\"og:locale\" content=\"fr_FR\" \/>\n<meta property=\"og:type\" content=\"article\" \/>\n<meta property=\"og:title\" content=\"Tottenham `` peu probable &#039;&#039;, re-signe de 28 ans alors que Thomas Frank fait face \u00e0 un dilemme de la Ligue des champions\" \/>\n<meta property=\"og:description\" content=\"Tottenham Hotspur serait peu susceptible de re-signer Kyle Walker-Peters cet \u00e9t\u00e9, m\u00eame si un transfert gratuit apporterait de s\u00e9rieux avantages en Ligue des champions. Tottenham\" \/>\n<meta property=\"og:url\" content=\"https:\/\/footdavant.fr\/actualites\/tottenham-peu-probable-re-signe-de-28-ans-alors-que-thomas-frank-fait-face-a-un-dilemme-de-la-ligue-des-champions\/\" \/>\n<meta property=\"og:site_name\" content=\"Foot d&#039;avant\" \/>\n<meta property=\"article:publisher\" content=\"https:\/\/www.facebook.com\/Footdavant\/\" \/>\n<meta property=\"article:published_time\" content=\"2025-07-09T13:48:07+00:00\" \/>\n<meta property=\"article:modified_time\" content=\"2025-07-09T13:48:08+00:00\" \/>\n<meta property=\"og:image\" content=\"https:\/\/footdavant.fr\/actualites\/wp-content\/uploads\/2025\/06\/Dernieres-nouvelles-et-rumeurs-de-transfert-Jamie-Vardy-recherche-par.jpg\" \/>\n\t<meta property=\"og:image:width\" content=\"640\" \/>\n\t<meta property=\"og:image:height\" content=\"480\" \/>\n\t<meta property=\"og:image:type\" content=\"image\/jpeg\" \/>\n<meta name=\"author\" content=\"Cl\u00e9ment\" \/>\n<meta name=\"twitter:card\" content=\"summary_large_image\" \/>\n<meta name=\"twitter:creator\" content=\"@FootdavantFr\" \/>\n<meta name=\"twitter:site\" content=\"@FootdavantFr\" \/>\n<meta name=\"twitter:label1\" content=\"\u00c9crit par\" \/>\n\t<meta name=\"twitter:data1\" content=\"Cl\u00e9ment\" \/>\n\t<meta name=\"twitter:label2\" content=\"Dur\u00e9e de lecture estim\u00e9e\" \/>\n\t<meta name=\"twitter:data2\" content=\"3 minutes\" \/>\n<script type=\"application\/ld+json\" class=\"yoast-schema-graph\">{\"@context\":\"https:\/\/schema.org\",\"@graph\":[{\"@type\":\"Article\",\"@id\":\"https:\/\/footdavant.fr\/actualites\/tottenham-peu-probable-re-signe-de-28-ans-alors-que-thomas-frank-fait-face-a-un-dilemme-de-la-ligue-des-champions\/#article\",\"isPartOf\":{\"@id\":\"https:\/\/footdavant.fr\/actualites\/tottenham-peu-probable-re-signe-de-28-ans-alors-que-thomas-frank-fait-face-a-un-dilemme-de-la-ligue-des-champions\/\"},\"author\":{\"name\":\"Cl\u00e9ment\",\"@id\":\"https:\/\/footdavant.fr\/actualites\/#\/schema\/person\/bc222566d95871b37e597b3ed3ba5e1d\"},\"headline\":\"Tottenham \u00ab\u00a0 peu probable &#39;&#39;, re-signe de 28 ans alors que Thomas Frank fait face \u00e0 un dilemme de la Ligue des champions\",\"datePublished\":\"2025-07-09T13:48:07+00:00\",\"dateModified\":\"2025-07-09T13:48:08+00:00\",\"mainEntityOfPage\":{\"@id\":\"https:\/\/footdavant.fr\/actualites\/tottenham-peu-probable-re-signe-de-28-ans-alors-que-thomas-frank-fait-face-a-un-dilemme-de-la-ligue-des-champions\/\"},\"wordCount\":637,\"publisher\":{\"@id\":\"https:\/\/footdavant.fr\/actualites\/#organization\"},\"keywords\":[\"alors\",\"ans\",\"champions\",\"des\",\"dilemme\",\"face\",\"fait\",\"Frank\",\"Ligue\",\"peu\",\"probable\",\"r\u00e9signe\",\"Thomas\",\"Tottenham\"],\"articleSection\":[\"Premier League\"],\"inLanguage\":\"fr-FR\"},{\"@type\":\"WebPage\",\"@id\":\"https:\/\/footdavant.fr\/actualites\/tottenham-peu-probable-re-signe-de-28-ans-alors-que-thomas-frank-fait-face-a-un-dilemme-de-la-ligue-des-champions\/\",\"url\":\"https:\/\/footdavant.fr\/actualites\/tottenham-peu-probable-re-signe-de-28-ans-alors-que-thomas-frank-fait-face-a-un-dilemme-de-la-ligue-des-champions\/\",\"name\":\"Tottenham `` peu probable &#39;&#39;, re-signe de 28 ans alors que Thomas Frank fait face \u00e0 un dilemme de la Ligue des champions\",\"isPartOf\":{\"@id\":\"https:\/\/footdavant.fr\/actualites\/#website\"},\"datePublished\":\"2025-07-09T13:48:07+00:00\",\"dateModified\":\"2025-07-09T13:48:08+00:00\",\"breadcrumb\":{\"@id\":\"https:\/\/footdavant.fr\/actualites\/tottenham-peu-probable-re-signe-de-28-ans-alors-que-thomas-frank-fait-face-a-un-dilemme-de-la-ligue-des-champions\/#breadcrumb\"},\"inLanguage\":\"fr-FR\",\"potentialAction\":[{\"@type\":\"ReadAction\",\"target\":[\"https:\/\/footdavant.fr\/actualites\/tottenham-peu-probable-re-signe-de-28-ans-alors-que-thomas-frank-fait-face-a-un-dilemme-de-la-ligue-des-champions\/\"]}]},{\"@type\":\"BreadcrumbList\",\"@id\":\"https:\/\/footdavant.fr\/actualites\/tottenham-peu-probable-re-signe-de-28-ans-alors-que-thomas-frank-fait-face-a-un-dilemme-de-la-ligue-des-champions\/#breadcrumb\",\"itemListElement\":[{\"@type\":\"ListItem\",\"position\":1,\"name\":\"Accueil\",\"item\":\"https:\/\/footdavant.fr\/actualites\/\"},{\"@type\":\"ListItem\",\"position\":2,\"name\":\"Tottenham \u00ab\u00a0 peu probable &#39;&#39;, re-signe de 28 ans alors que Thomas Frank fait face \u00e0 un dilemme de la Ligue des champions\"}]},{\"@type\":\"WebSite\",\"@id\":\"https:\/\/footdavant.fr\/actualites\/#website\",\"url\":\"https:\/\/footdavant.fr\/actualites\/\",\"name\":\"Foot d'avant\",\"description\":\"\",\"publisher\":{\"@id\":\"https:\/\/footdavant.fr\/actualites\/#organization\"},\"potentialAction\":[{\"@type\":\"SearchAction\",\"target\":{\"@type\":\"EntryPoint\",\"urlTemplate\":\"https:\/\/footdavant.fr\/actualites\/?s={search_term_string}\"},\"query-input\":\"required name=search_term_string\"}],\"inLanguage\":\"fr-FR\"},{\"@type\":\"Organization\",\"@id\":\"https:\/\/footdavant.fr\/actualites\/#organization\",\"name\":\"Foot d'avant\",\"url\":\"https:\/\/footdavant.fr\/actualites\/\",\"logo\":{\"@type\":\"ImageObject\",\"inLanguage\":\"fr-FR\",\"@id\":\"https:\/\/footdavant.fr\/actualites\/#\/schema\/logo\/image\/\",\"url\":\"https:\/\/footdavant.fr\/actualites\/wp-content\/uploads\/2023\/09\/Copy-of-FootDavant-Logo.png\",\"contentUrl\":\"https:\/\/footdavant.fr\/actualites\/wp-content\/uploads\/2023\/09\/Copy-of-FootDavant-Logo.png\",\"width\":936,\"height\":549,\"caption\":\"Foot d'avant\"},\"image\":{\"@id\":\"https:\/\/footdavant.fr\/actualites\/#\/schema\/logo\/image\/\"},\"sameAs\":[\"https:\/\/www.facebook.com\/Footdavant\/\",\"https:\/\/twitter.com\/FootdavantFr\",\"https:\/\/www.instagram.com\/footdavant.fr\/\"]},{\"@type\":\"Person\",\"@id\":\"https:\/\/footdavant.fr\/actualites\/#\/schema\/person\/bc222566d95871b37e597b3ed3ba5e1d\",\"name\":\"Cl\u00e9ment\",\"image\":{\"@type\":\"ImageObject\",\"inLanguage\":\"fr-FR\",\"@id\":\"https:\/\/footdavant.fr\/actualites\/#\/schema\/person\/image\/\",\"url\":\"https:\/\/secure.gravatar.com\/avatar\/7728b29aac2719421e1a9159b2254c44?s=96&d=mm&r=g\",\"contentUrl\":\"https:\/\/secure.gravatar.com\/avatar\/7728b29aac2719421e1a9159b2254c44?s=96&d=mm&r=g\",\"caption\":\"Cl\u00e9ment\"},\"sameAs\":[\"https:\/\/footdavant.fr\/\"]}]}<\/script>\n<!-- \/ Yoast SEO plugin. -->","yoast_head_json":{"title":"Tottenham `` peu probable &#39;&#39;, re-signe de 28 ans alors que Thomas Frank fait face \u00e0 un dilemme de la Ligue des champions","robots":{"index":"index","follow":"follow","max-snippet":"max-snippet:-1","max-image-preview":"max-image-preview:large","max-video-preview":"max-video-preview:-1"},"canonical":"https:\/\/footdavant.fr\/actualites\/tottenham-peu-probable-re-signe-de-28-ans-alors-que-thomas-frank-fait-face-a-un-dilemme-de-la-ligue-des-champions\/","og_locale":"fr_FR","og_type":"article","og_title":"Tottenham `` peu probable &#39;&#39;, re-signe de 28 ans alors que Thomas Frank fait face \u00e0 un dilemme de la Ligue des champions","og_description":"Tottenham Hotspur serait peu susceptible de re-signer Kyle Walker-Peters cet \u00e9t\u00e9, m\u00eame si un transfert gratuit apporterait de s\u00e9rieux avantages en Ligue des champions. Tottenham","og_url":"https:\/\/footdavant.fr\/actualites\/tottenham-peu-probable-re-signe-de-28-ans-alors-que-thomas-frank-fait-face-a-un-dilemme-de-la-ligue-des-champions\/","og_site_name":"Foot d&#039;avant","article_publisher":"https:\/\/www.facebook.com\/Footdavant\/","article_published_time":"2025-07-09T13:48:07+00:00","article_modified_time":"2025-07-09T13:48:08+00:00","og_image":[{"width":640,"height":480,"url":"https:\/\/footdavant.fr\/actualites\/wp-content\/uploads\/2025\/06\/Dernieres-nouvelles-et-rumeurs-de-transfert-Jamie-Vardy-recherche-par.jpg","type":"image\/jpeg"}],"author":"Cl\u00e9ment","twitter_card":"summary_large_image","twitter_creator":"@FootdavantFr","twitter_site":"@FootdavantFr","twitter_misc":{"\u00c9crit par":"Cl\u00e9ment","Dur\u00e9e de lecture estim\u00e9e":"3 minutes"},"schema":{"@context":"https:\/\/schema.org","@graph":[{"@type":"Article","@id":"https:\/\/footdavant.fr\/actualites\/tottenham-peu-probable-re-signe-de-28-ans-alors-que-thomas-frank-fait-face-a-un-dilemme-de-la-ligue-des-champions\/#article","isPartOf":{"@id":"https:\/\/footdavant.fr\/actualites\/tottenham-peu-probable-re-signe-de-28-ans-alors-que-thomas-frank-fait-face-a-un-dilemme-de-la-ligue-des-champions\/"},"author":{"name":"Cl\u00e9ment","@id":"https:\/\/footdavant.fr\/actualites\/#\/schema\/person\/bc222566d95871b37e597b3ed3ba5e1d"},"headline":"Tottenham \u00ab\u00a0 peu probable &#39;&#39;, re-signe de 28 ans alors que Thomas Frank fait face \u00e0 un dilemme de la Ligue des champions","datePublished":"2025-07-09T13:48:07+00:00","dateModified":"2025-07-09T13:48:08+00:00","mainEntityOfPage":{"@id":"https:\/\/footdavant.fr\/actualites\/tottenham-peu-probable-re-signe-de-28-ans-alors-que-thomas-frank-fait-face-a-un-dilemme-de-la-ligue-des-champions\/"},"wordCount":637,"publisher":{"@id":"https:\/\/footdavant.fr\/actualites\/#organization"},"keywords":["alors","ans","champions","des","dilemme","face","fait","Frank","Ligue","peu","probable","r\u00e9signe","Thomas","Tottenham"],"articleSection":["Premier League"],"inLanguage":"fr-FR"},{"@type":"WebPage","@id":"https:\/\/footdavant.fr\/actualites\/tottenham-peu-probable-re-signe-de-28-ans-alors-que-thomas-frank-fait-face-a-un-dilemme-de-la-ligue-des-champions\/","url":"https:\/\/footdavant.fr\/actualites\/tottenham-peu-probable-re-signe-de-28-ans-alors-que-thomas-frank-fait-face-a-un-dilemme-de-la-ligue-des-champions\/","name":"Tottenham `` peu probable &#39;&#39;, re-signe de 28 ans alors que Thomas Frank fait face \u00e0 un dilemme de la Ligue des champions","isPartOf":{"@id":"https:\/\/footdavant.fr\/actualites\/#website"},"datePublished":"2025-07-09T13:48:07+00:00","dateModified":"2025-07-09T13:48:08+00:00","breadcrumb":{"@id":"https:\/\/footdavant.fr\/actualites\/tottenham-peu-probable-re-signe-de-28-ans-alors-que-thomas-frank-fait-face-a-un-dilemme-de-la-ligue-des-champions\/#breadcrumb"},"inLanguage":"fr-FR","potentialAction":[{"@type":"ReadAction","target":["https:\/\/footdavant.fr\/actualites\/tottenham-peu-probable-re-signe-de-28-ans-alors-que-thomas-frank-fait-face-a-un-dilemme-de-la-ligue-des-champions\/"]}]},{"@type":"BreadcrumbList","@id":"https:\/\/footdavant.fr\/actualites\/tottenham-peu-probable-re-signe-de-28-ans-alors-que-thomas-frank-fait-face-a-un-dilemme-de-la-ligue-des-champions\/#breadcrumb","itemListElement":[{"@type":"ListItem","position":1,"name":"Accueil","item":"https:\/\/footdavant.fr\/actualites\/"},{"@type":"ListItem","position":2,"name":"Tottenham \u00ab\u00a0 peu probable &#39;&#39;, re-signe de 28 ans alors que Thomas Frank fait face \u00e0 un dilemme de la Ligue des champions"}]},{"@type":"WebSite","@id":"https:\/\/footdavant.fr\/actualites\/#website","url":"https:\/\/footdavant.fr\/actualites\/","name":"Foot d'avant","description":"","publisher":{"@id":"https:\/\/footdavant.fr\/actualites\/#organization"},"potentialAction":[{"@type":"SearchAction","target":{"@type":"EntryPoint","urlTemplate":"https:\/\/footdavant.fr\/actualites\/?s={search_term_string}"},"query-input":"required name=search_term_string"}],"inLanguage":"fr-FR"},{"@type":"Organization","@id":"https:\/\/footdavant.fr\/actualites\/#organization","name":"Foot d'avant","url":"https:\/\/footdavant.fr\/actualites\/","logo":{"@type":"ImageObject","inLanguage":"fr-FR","@id":"https:\/\/footdavant.fr\/actualites\/#\/schema\/logo\/image\/","url":"https:\/\/footdavant.fr\/actualites\/wp-content\/uploads\/2023\/09\/Copy-of-FootDavant-Logo.png","contentUrl":"https:\/\/footdavant.fr\/actualites\/wp-content\/uploads\/2023\/09\/Copy-of-FootDavant-Logo.png","width":936,"height":549,"caption":"Foot d'avant"},"image":{"@id":"https:\/\/footdavant.fr\/actualites\/#\/schema\/logo\/image\/"},"sameAs":["https:\/\/www.facebook.com\/Footdavant\/","https:\/\/twitter.com\/FootdavantFr","https:\/\/www.instagram.com\/footdavant.fr\/"]},{"@type":"Person","@id":"https:\/\/footdavant.fr\/actualites\/#\/schema\/person\/bc222566d95871b37e597b3ed3ba5e1d","name":"Cl\u00e9ment","image":{"@type":"ImageObject","inLanguage":"fr-FR","@id":"https:\/\/footdavant.fr\/actualites\/#\/schema\/person\/image\/","url":"https:\/\/secure.gravatar.com\/avatar\/7728b29aac2719421e1a9159b2254c44?s=96&d=mm&r=g","contentUrl":"https:\/\/secure.gravatar.com\/avatar\/7728b29aac2719421e1a9159b2254c44?s=96&d=mm&r=g","caption":"Cl\u00e9ment"},"sameAs":["https:\/\/footdavant.fr\/"]}]}},"_links":{"self":[{"href":"https:\/\/footdavant.fr\/actualites\/wp-json\/wp\/v2\/posts\/25952"}],"collection":[{"href":"https:\/\/footdavant.fr\/actualites\/wp-json\/wp\/v2\/posts"}],"about":[{"href":"https:\/\/footdavant.fr\/actualites\/wp-json\/wp\/v2\/types\/post"}],"author":[{"embeddable":true,"href":"https:\/\/footdavant.fr\/actualites\/wp-json\/wp\/v2\/users\/1"}],"replies":[{"embeddable":true,"href":"https:\/\/footdavant.fr\/actualites\/wp-json\/wp\/v2\/comments?post=25952"}],"version-history":[{"count":1,"href":"https:\/\/footdavant.fr\/actualites\/wp-json\/wp\/v2\/posts\/25952\/revisions"}],"predecessor-version":[{"id":25954,"href":"https:\/\/footdavant.fr\/actualites\/wp-json\/wp\/v2\/posts\/25952\/revisions\/25954"}],"wp:featuredmedia":[{"embeddable":true,"href":"https:\/\/footdavant.fr\/actualites\/wp-json\/wp\/v2\/media\/25953"}],"wp:attachment":[{"href":"https:\/\/footdavant.fr\/actualites\/wp-json\/wp\/v2\/media?parent=25952"}],"wp:term":[{"taxonomy":"category","embeddable":true,"href":"https:\/\/footdavant.fr\/actualites\/wp-json\/wp\/v2\/categories?post=25952"},{"taxonomy":"post_tag","embeddable":true,"href":"https:\/\/footdavant.fr\/actualites\/wp-json\/wp\/v2\/tags?post=25952"}],"curies":[{"name":"wp","href":"https:\/\/api.w.org\/{rel}","templated":true}]}}