{"id":25961,"date":"2025-07-09T21:48:03","date_gmt":"2025-07-09T19:48:03","guid":{"rendered":"https:\/\/footdavant.fr\/actualites\/les-buccaneers-all-pro-tackle-tristan-wirfs-genou-manquera-les-quatre-premiers-matchs-de-la-saison-2025\/"},"modified":"2025-07-09T21:48:04","modified_gmt":"2025-07-09T19:48:04","slug":"les-buccaneers-all-pro-tackle-tristan-wirfs-genou-manquera-les-quatre-premiers-matchs-de-la-saison-2025","status":"publish","type":"post","link":"https:\/\/footdavant.fr\/actualites\/les-buccaneers-all-pro-tackle-tristan-wirfs-genou-manquera-les-quatre-premiers-matchs-de-la-saison-2025\/","title":{"rendered":"Les Buccaneers All-Pro Tackle Tristan Wirfs (genou) manquera les quatre premiers matchs de la saison 2025"},"content":{"rendered":"<div>\n<p>En 2024, Wirfs a jou\u00e9 en 16 des 17 matchs pour Tampa Bay. Il a rat\u00e9 la semaine 12 contre les Giants. R\u00e9cemment, Bucs Beat Reporter, Rick Stroud, a rapport\u00e9 que Tristan Wirfs commencera la saison sur la liste physiquement incapable d&#39;effectuer. Il manquera au moins les quatre premiers matchs de la saison 2025 pour Tampa Bay. Un coup massif \u00e0 leur ligne offensive avant le d\u00e9but du camp d&#39;entra\u00eenement.<\/p>\n<h2>Tristan Wirfs sera inactif pendant au moins les quatre premi\u00e8res semaines de la saison 2025<\/h2>\n<blockquote class=\"twitter-tweet\">\n<p dir=\"ltr\" lang=\"en\">Les Bucs commenceront la saison sans tous les plaqu\u00e9s \u00e0 gauche Tristan Wirfs, qui ont subi une intervention chirurgicale sur son genou droit mardi et manqueront probablement au moins les deux premiers matchs de la saison r\u00e9guli\u00e8re. Wirfs a aggrav\u00e9 une blessure au genou droit dans le Offseaon qui l&#39;a forc\u00e9 \u00e0 manquer seulement\u2026<\/p>\n<p>&#8211; Rick Stroud (@nflstroud) <a rel=\"nofollow\" href=\"https:\/\/twitter.com\/NFLSTROUD\/status\/1942956102166909304?ref_src=twsrc%5Etfw\">9 juillet 2025<\/a><\/p>\n<\/blockquote>\n<p>Avec le 13e choix dans le rep\u00eachage de la NFL 2020, le BUCS a s\u00e9lectionn\u00e9 le plaqueur Tristan Wirfs de l&#39;Iowa. Il a \u00e9t\u00e9 le quatri\u00e8me tacle pris au premier tour et est facilement le meilleur joueur de sa posistion. Wirfs est entr\u00e9 dans la ligue en tant que recrue en 2020 et a commenc\u00e9 les 16 matchs pour Tampa Bay. Il \u00e9tait leur RT de d\u00e9part et a aid\u00e9 l&#39;\u00e9quipe \u00e0 remporter un Super Bowl lors de sa premi\u00e8re saison.<\/p>\n<p>Pendant les trois premi\u00e8res saisons de sa carri\u00e8re, Wirfs a jou\u00e9 RT. Avant 2023, il a fait un passage transparent \u00e0 LT. Il est le seul joueur de l&#39;histoire de la NFL \u00e0 remporter les honneurs de la premi\u00e8re \u00e9quipe All-Pro \u00e0 LT et RT. Tristan Wirfs a \u00e9t\u00e9 un joueur incroyablement fiable pour les Buccaneers. Malheureusement, le joueur de 26 ans a subi un revers avant la saison 2025.<\/p>\n<blockquote class=\"twitter-tweet\">\n<p dir=\"ltr\" lang=\"en\">Le <a rel=\"nofollow\" href=\"https:\/\/twitter.com\/hashtag\/Bucs?src=hash&amp;ref_src=twsrc%5Etfw\">#Bucs<\/a> devraient commencer la saison sans le Lt All-Pro Tristan Wirfs, qui a r\u00e9cemment subi une intervention chirurgicale sur son genou droit, par <a rel=\"nofollow\" href=\"https:\/\/twitter.com\/NFLSTROUD?ref_src=twsrc%5Etfw\">@Nflstroud<\/a>. Il manque probablement au moins les premiers matchs de la saison r\u00e9guli\u00e8re. <a rel=\"nofollow\" href=\"https:\/\/t.co\/8CqwbKANSs\">pic.twitter.com\/8cqwbkanss<\/a><\/p>\n<p>&#8211; Ari Meirov (@mysportsupdate) <a rel=\"nofollow\" href=\"https:\/\/twitter.com\/MySportsUpdate\/status\/1942958355728744552?ref_src=twsrc%5Etfw\">9 juillet 2025<\/a><\/p>\n<\/blockquote>\n<p>Les Buccaneers ont battu le journaliste Rick Stroud a rapport\u00e9 que Tristan Wirfs avait subi une chirurgie du genou mardi. Les m\u00e9decins ont trouv\u00e9 des dommages mineurs suppl\u00e9mentaires. Stroud a not\u00e9 que WIRFS est susceptible de commencer la saison sur la liste physiquement incapable d&#39;effectuer. Le LT All-Pro manquerait alors au moins les quatre premiers matchs de la saison 2025.<\/p>\n<p>Rick Stroud a not\u00e9 que les Bucs ont sign\u00e9 le plaqueur gauche de l&#39;agent libre de 49ers Charlie Heck. Il remplacera probablement les WIRFS \u00e0 LT pendant qu&#39;il se r\u00e9tablit. Heck a \u00e9t\u00e9 \u00e9chang\u00e9 au cours de la saison 2024 des Cardinals aux 49ers. Au cours de sa carri\u00e8re de cinq ans, Heck a disput\u00e9 53 matchs et a fait 20 d\u00e9parts. L&#39;absence de Tristan Wirfs affectera l&#39;offensive de Tampa Bay. Heureusement, c&#39;est arriv\u00e9 assez t\u00f4t pendant l&#39;intersaison que l&#39;\u00e9quipe a le temps de s&#39;adapter. Wirfs reviendra en 2025, mais ils doivent le faire sans lui.<\/p>\n<\/p><\/div>\n<p><script async src=\"https:\/\/platform.twitter.com\/widgets.js\" charset=\"utf-8\"><\/script><\/p>\n","protected":false},"excerpt":{"rendered":"<p>En 2024, Wirfs a jou\u00e9 en 16 des 17 matchs pour Tampa Bay. Il a rat\u00e9 la semaine 12 contre les Giants. R\u00e9cemment, Bucs Beat<\/p>\n","protected":false},"author":1,"featured_media":25962,"comment_status":"closed","ping_status":"","sticky":false,"template":"","format":"standard","meta":{"footnotes":""},"categories":[3],"tags":[6438,1996,2899,93,979,688,4786,373,482,9829,9830,9831],"yoast_head":"<!-- This site is optimized with the Yoast SEO plugin v21.0 - https:\/\/yoast.com\/wordpress\/plugins\/seo\/ -->\n<title>Les Buccaneers All-Pro Tackle Tristan Wirfs (genou) manquera les quatre premiers matchs de la saison 2025<\/title>\n<meta name=\"robots\" content=\"index, follow, max-snippet:-1, max-image-preview:large, max-video-preview:-1\" \/>\n<link rel=\"canonical\" href=\"https:\/\/footdavant.fr\/actualites\/les-buccaneers-all-pro-tackle-tristan-wirfs-genou-manquera-les-quatre-premiers-matchs-de-la-saison-2025\/\" \/>\n<meta property=\"og:locale\" content=\"fr_FR\" \/>\n<meta property=\"og:type\" content=\"article\" \/>\n<meta property=\"og:title\" content=\"Les Buccaneers All-Pro Tackle Tristan Wirfs (genou) manquera les quatre premiers matchs de la saison 2025\" \/>\n<meta property=\"og:description\" content=\"En 2024, Wirfs a jou\u00e9 en 16 des 17 matchs pour Tampa Bay. Il a rat\u00e9 la semaine 12 contre les Giants. R\u00e9cemment, Bucs Beat\" \/>\n<meta property=\"og:url\" content=\"https:\/\/footdavant.fr\/actualites\/les-buccaneers-all-pro-tackle-tristan-wirfs-genou-manquera-les-quatre-premiers-matchs-de-la-saison-2025\/\" \/>\n<meta property=\"og:site_name\" content=\"Foot d&#039;avant\" \/>\n<meta property=\"article:publisher\" content=\"https:\/\/www.facebook.com\/Footdavant\/\" \/>\n<meta property=\"article:published_time\" content=\"2025-07-09T19:48:03+00:00\" \/>\n<meta property=\"article:modified_time\" content=\"2025-07-09T19:48:04+00:00\" \/>\n<meta property=\"og:image\" content=\"https:\/\/footdavant.fr\/actualites\/wp-content\/uploads\/2025\/07\/Les-Buccaneers-All-Pro-Tackle-Tristan-Wirfs-genou-manquera-les-quatre.jpg\" \/>\n\t<meta property=\"og:image:width\" content=\"696\" \/>\n\t<meta property=\"og:image:height\" content=\"464\" \/>\n\t<meta property=\"og:image:type\" content=\"image\/jpeg\" \/>\n<meta name=\"author\" content=\"Cl\u00e9ment\" \/>\n<meta name=\"twitter:card\" content=\"summary_large_image\" \/>\n<meta name=\"twitter:creator\" content=\"@FootdavantFr\" \/>\n<meta name=\"twitter:site\" content=\"@FootdavantFr\" \/>\n<meta name=\"twitter:label1\" content=\"\u00c9crit par\" \/>\n\t<meta name=\"twitter:data1\" content=\"Cl\u00e9ment\" \/>\n\t<meta name=\"twitter:label2\" content=\"Dur\u00e9e de lecture estim\u00e9e\" \/>\n\t<meta name=\"twitter:data2\" content=\"3 minutes\" \/>\n<script type=\"application\/ld+json\" class=\"yoast-schema-graph\">{\"@context\":\"https:\/\/schema.org\",\"@graph\":[{\"@type\":\"Article\",\"@id\":\"https:\/\/footdavant.fr\/actualites\/les-buccaneers-all-pro-tackle-tristan-wirfs-genou-manquera-les-quatre-premiers-matchs-de-la-saison-2025\/#article\",\"isPartOf\":{\"@id\":\"https:\/\/footdavant.fr\/actualites\/les-buccaneers-all-pro-tackle-tristan-wirfs-genou-manquera-les-quatre-premiers-matchs-de-la-saison-2025\/\"},\"author\":{\"name\":\"Cl\u00e9ment\",\"@id\":\"https:\/\/footdavant.fr\/actualites\/#\/schema\/person\/bc222566d95871b37e597b3ed3ba5e1d\"},\"headline\":\"Les Buccaneers All-Pro Tackle Tristan Wirfs (genou) manquera les quatre premiers matchs de la saison 2025\",\"datePublished\":\"2025-07-09T19:48:03+00:00\",\"dateModified\":\"2025-07-09T19:48:04+00:00\",\"mainEntityOfPage\":{\"@id\":\"https:\/\/footdavant.fr\/actualites\/les-buccaneers-all-pro-tackle-tristan-wirfs-genou-manquera-les-quatre-premiers-matchs-de-la-saison-2025\/\"},\"wordCount\":526,\"publisher\":{\"@id\":\"https:\/\/footdavant.fr\/actualites\/#organization\"},\"keywords\":[\"AllPro\",\"Buccaneers\",\"genou\",\"les\",\"manquera\",\"matchs\",\"premiers\",\"quatre\",\"saison\",\"Tackle\",\"Tristan\",\"Wirfs\"],\"articleSection\":[\"Football\"],\"inLanguage\":\"fr-FR\"},{\"@type\":\"WebPage\",\"@id\":\"https:\/\/footdavant.fr\/actualites\/les-buccaneers-all-pro-tackle-tristan-wirfs-genou-manquera-les-quatre-premiers-matchs-de-la-saison-2025\/\",\"url\":\"https:\/\/footdavant.fr\/actualites\/les-buccaneers-all-pro-tackle-tristan-wirfs-genou-manquera-les-quatre-premiers-matchs-de-la-saison-2025\/\",\"name\":\"Les Buccaneers All-Pro Tackle Tristan Wirfs (genou) manquera les quatre premiers matchs de la saison 2025\",\"isPartOf\":{\"@id\":\"https:\/\/footdavant.fr\/actualites\/#website\"},\"datePublished\":\"2025-07-09T19:48:03+00:00\",\"dateModified\":\"2025-07-09T19:48:04+00:00\",\"breadcrumb\":{\"@id\":\"https:\/\/footdavant.fr\/actualites\/les-buccaneers-all-pro-tackle-tristan-wirfs-genou-manquera-les-quatre-premiers-matchs-de-la-saison-2025\/#breadcrumb\"},\"inLanguage\":\"fr-FR\",\"potentialAction\":[{\"@type\":\"ReadAction\",\"target\":[\"https:\/\/footdavant.fr\/actualites\/les-buccaneers-all-pro-tackle-tristan-wirfs-genou-manquera-les-quatre-premiers-matchs-de-la-saison-2025\/\"]}]},{\"@type\":\"BreadcrumbList\",\"@id\":\"https:\/\/footdavant.fr\/actualites\/les-buccaneers-all-pro-tackle-tristan-wirfs-genou-manquera-les-quatre-premiers-matchs-de-la-saison-2025\/#breadcrumb\",\"itemListElement\":[{\"@type\":\"ListItem\",\"position\":1,\"name\":\"Accueil\",\"item\":\"https:\/\/footdavant.fr\/actualites\/\"},{\"@type\":\"ListItem\",\"position\":2,\"name\":\"Les Buccaneers All-Pro Tackle Tristan Wirfs (genou) manquera les quatre premiers matchs de la saison 2025\"}]},{\"@type\":\"WebSite\",\"@id\":\"https:\/\/footdavant.fr\/actualites\/#website\",\"url\":\"https:\/\/footdavant.fr\/actualites\/\",\"name\":\"Foot d'avant\",\"description\":\"\",\"publisher\":{\"@id\":\"https:\/\/footdavant.fr\/actualites\/#organization\"},\"potentialAction\":[{\"@type\":\"SearchAction\",\"target\":{\"@type\":\"EntryPoint\",\"urlTemplate\":\"https:\/\/footdavant.fr\/actualites\/?s={search_term_string}\"},\"query-input\":\"required name=search_term_string\"}],\"inLanguage\":\"fr-FR\"},{\"@type\":\"Organization\",\"@id\":\"https:\/\/footdavant.fr\/actualites\/#organization\",\"name\":\"Foot d'avant\",\"url\":\"https:\/\/footdavant.fr\/actualites\/\",\"logo\":{\"@type\":\"ImageObject\",\"inLanguage\":\"fr-FR\",\"@id\":\"https:\/\/footdavant.fr\/actualites\/#\/schema\/logo\/image\/\",\"url\":\"https:\/\/footdavant.fr\/actualites\/wp-content\/uploads\/2023\/09\/Copy-of-FootDavant-Logo.png\",\"contentUrl\":\"https:\/\/footdavant.fr\/actualites\/wp-content\/uploads\/2023\/09\/Copy-of-FootDavant-Logo.png\",\"width\":936,\"height\":549,\"caption\":\"Foot d'avant\"},\"image\":{\"@id\":\"https:\/\/footdavant.fr\/actualites\/#\/schema\/logo\/image\/\"},\"sameAs\":[\"https:\/\/www.facebook.com\/Footdavant\/\",\"https:\/\/twitter.com\/FootdavantFr\",\"https:\/\/www.instagram.com\/footdavant.fr\/\"]},{\"@type\":\"Person\",\"@id\":\"https:\/\/footdavant.fr\/actualites\/#\/schema\/person\/bc222566d95871b37e597b3ed3ba5e1d\",\"name\":\"Cl\u00e9ment\",\"image\":{\"@type\":\"ImageObject\",\"inLanguage\":\"fr-FR\",\"@id\":\"https:\/\/footdavant.fr\/actualites\/#\/schema\/person\/image\/\",\"url\":\"https:\/\/secure.gravatar.com\/avatar\/7728b29aac2719421e1a9159b2254c44?s=96&d=mm&r=g\",\"contentUrl\":\"https:\/\/secure.gravatar.com\/avatar\/7728b29aac2719421e1a9159b2254c44?s=96&d=mm&r=g\",\"caption\":\"Cl\u00e9ment\"},\"sameAs\":[\"https:\/\/footdavant.fr\/\"]}]}<\/script>\n<!-- \/ Yoast SEO plugin. -->","yoast_head_json":{"title":"Les Buccaneers All-Pro Tackle Tristan Wirfs (genou) manquera les quatre premiers matchs de la saison 2025","robots":{"index":"index","follow":"follow","max-snippet":"max-snippet:-1","max-image-preview":"max-image-preview:large","max-video-preview":"max-video-preview:-1"},"canonical":"https:\/\/footdavant.fr\/actualites\/les-buccaneers-all-pro-tackle-tristan-wirfs-genou-manquera-les-quatre-premiers-matchs-de-la-saison-2025\/","og_locale":"fr_FR","og_type":"article","og_title":"Les Buccaneers All-Pro Tackle Tristan Wirfs (genou) manquera les quatre premiers matchs de la saison 2025","og_description":"En 2024, Wirfs a jou\u00e9 en 16 des 17 matchs pour Tampa Bay. Il a rat\u00e9 la semaine 12 contre les Giants. R\u00e9cemment, Bucs Beat","og_url":"https:\/\/footdavant.fr\/actualites\/les-buccaneers-all-pro-tackle-tristan-wirfs-genou-manquera-les-quatre-premiers-matchs-de-la-saison-2025\/","og_site_name":"Foot d&#039;avant","article_publisher":"https:\/\/www.facebook.com\/Footdavant\/","article_published_time":"2025-07-09T19:48:03+00:00","article_modified_time":"2025-07-09T19:48:04+00:00","og_image":[{"width":696,"height":464,"url":"https:\/\/footdavant.fr\/actualites\/wp-content\/uploads\/2025\/07\/Les-Buccaneers-All-Pro-Tackle-Tristan-Wirfs-genou-manquera-les-quatre.jpg","type":"image\/jpeg"}],"author":"Cl\u00e9ment","twitter_card":"summary_large_image","twitter_creator":"@FootdavantFr","twitter_site":"@FootdavantFr","twitter_misc":{"\u00c9crit par":"Cl\u00e9ment","Dur\u00e9e de lecture estim\u00e9e":"3 minutes"},"schema":{"@context":"https:\/\/schema.org","@graph":[{"@type":"Article","@id":"https:\/\/footdavant.fr\/actualites\/les-buccaneers-all-pro-tackle-tristan-wirfs-genou-manquera-les-quatre-premiers-matchs-de-la-saison-2025\/#article","isPartOf":{"@id":"https:\/\/footdavant.fr\/actualites\/les-buccaneers-all-pro-tackle-tristan-wirfs-genou-manquera-les-quatre-premiers-matchs-de-la-saison-2025\/"},"author":{"name":"Cl\u00e9ment","@id":"https:\/\/footdavant.fr\/actualites\/#\/schema\/person\/bc222566d95871b37e597b3ed3ba5e1d"},"headline":"Les Buccaneers All-Pro Tackle Tristan Wirfs (genou) manquera les quatre premiers matchs de la saison 2025","datePublished":"2025-07-09T19:48:03+00:00","dateModified":"2025-07-09T19:48:04+00:00","mainEntityOfPage":{"@id":"https:\/\/footdavant.fr\/actualites\/les-buccaneers-all-pro-tackle-tristan-wirfs-genou-manquera-les-quatre-premiers-matchs-de-la-saison-2025\/"},"wordCount":526,"publisher":{"@id":"https:\/\/footdavant.fr\/actualites\/#organization"},"keywords":["AllPro","Buccaneers","genou","les","manquera","matchs","premiers","quatre","saison","Tackle","Tristan","Wirfs"],"articleSection":["Football"],"inLanguage":"fr-FR"},{"@type":"WebPage","@id":"https:\/\/footdavant.fr\/actualites\/les-buccaneers-all-pro-tackle-tristan-wirfs-genou-manquera-les-quatre-premiers-matchs-de-la-saison-2025\/","url":"https:\/\/footdavant.fr\/actualites\/les-buccaneers-all-pro-tackle-tristan-wirfs-genou-manquera-les-quatre-premiers-matchs-de-la-saison-2025\/","name":"Les Buccaneers All-Pro Tackle Tristan Wirfs (genou) manquera les quatre premiers matchs de la saison 2025","isPartOf":{"@id":"https:\/\/footdavant.fr\/actualites\/#website"},"datePublished":"2025-07-09T19:48:03+00:00","dateModified":"2025-07-09T19:48:04+00:00","breadcrumb":{"@id":"https:\/\/footdavant.fr\/actualites\/les-buccaneers-all-pro-tackle-tristan-wirfs-genou-manquera-les-quatre-premiers-matchs-de-la-saison-2025\/#breadcrumb"},"inLanguage":"fr-FR","potentialAction":[{"@type":"ReadAction","target":["https:\/\/footdavant.fr\/actualites\/les-buccaneers-all-pro-tackle-tristan-wirfs-genou-manquera-les-quatre-premiers-matchs-de-la-saison-2025\/"]}]},{"@type":"BreadcrumbList","@id":"https:\/\/footdavant.fr\/actualites\/les-buccaneers-all-pro-tackle-tristan-wirfs-genou-manquera-les-quatre-premiers-matchs-de-la-saison-2025\/#breadcrumb","itemListElement":[{"@type":"ListItem","position":1,"name":"Accueil","item":"https:\/\/footdavant.fr\/actualites\/"},{"@type":"ListItem","position":2,"name":"Les Buccaneers All-Pro Tackle Tristan Wirfs (genou) manquera les quatre premiers matchs de la saison 2025"}]},{"@type":"WebSite","@id":"https:\/\/footdavant.fr\/actualites\/#website","url":"https:\/\/footdavant.fr\/actualites\/","name":"Foot d'avant","description":"","publisher":{"@id":"https:\/\/footdavant.fr\/actualites\/#organization"},"potentialAction":[{"@type":"SearchAction","target":{"@type":"EntryPoint","urlTemplate":"https:\/\/footdavant.fr\/actualites\/?s={search_term_string}"},"query-input":"required name=search_term_string"}],"inLanguage":"fr-FR"},{"@type":"Organization","@id":"https:\/\/footdavant.fr\/actualites\/#organization","name":"Foot d'avant","url":"https:\/\/footdavant.fr\/actualites\/","logo":{"@type":"ImageObject","inLanguage":"fr-FR","@id":"https:\/\/footdavant.fr\/actualites\/#\/schema\/logo\/image\/","url":"https:\/\/footdavant.fr\/actualites\/wp-content\/uploads\/2023\/09\/Copy-of-FootDavant-Logo.png","contentUrl":"https:\/\/footdavant.fr\/actualites\/wp-content\/uploads\/2023\/09\/Copy-of-FootDavant-Logo.png","width":936,"height":549,"caption":"Foot d'avant"},"image":{"@id":"https:\/\/footdavant.fr\/actualites\/#\/schema\/logo\/image\/"},"sameAs":["https:\/\/www.facebook.com\/Footdavant\/","https:\/\/twitter.com\/FootdavantFr","https:\/\/www.instagram.com\/footdavant.fr\/"]},{"@type":"Person","@id":"https:\/\/footdavant.fr\/actualites\/#\/schema\/person\/bc222566d95871b37e597b3ed3ba5e1d","name":"Cl\u00e9ment","image":{"@type":"ImageObject","inLanguage":"fr-FR","@id":"https:\/\/footdavant.fr\/actualites\/#\/schema\/person\/image\/","url":"https:\/\/secure.gravatar.com\/avatar\/7728b29aac2719421e1a9159b2254c44?s=96&d=mm&r=g","contentUrl":"https:\/\/secure.gravatar.com\/avatar\/7728b29aac2719421e1a9159b2254c44?s=96&d=mm&r=g","caption":"Cl\u00e9ment"},"sameAs":["https:\/\/footdavant.fr\/"]}]}},"_links":{"self":[{"href":"https:\/\/footdavant.fr\/actualites\/wp-json\/wp\/v2\/posts\/25961"}],"collection":[{"href":"https:\/\/footdavant.fr\/actualites\/wp-json\/wp\/v2\/posts"}],"about":[{"href":"https:\/\/footdavant.fr\/actualites\/wp-json\/wp\/v2\/types\/post"}],"author":[{"embeddable":true,"href":"https:\/\/footdavant.fr\/actualites\/wp-json\/wp\/v2\/users\/1"}],"replies":[{"embeddable":true,"href":"https:\/\/footdavant.fr\/actualites\/wp-json\/wp\/v2\/comments?post=25961"}],"version-history":[{"count":1,"href":"https:\/\/footdavant.fr\/actualites\/wp-json\/wp\/v2\/posts\/25961\/revisions"}],"predecessor-version":[{"id":25963,"href":"https:\/\/footdavant.fr\/actualites\/wp-json\/wp\/v2\/posts\/25961\/revisions\/25963"}],"wp:featuredmedia":[{"embeddable":true,"href":"https:\/\/footdavant.fr\/actualites\/wp-json\/wp\/v2\/media\/25962"}],"wp:attachment":[{"href":"https:\/\/footdavant.fr\/actualites\/wp-json\/wp\/v2\/media?parent=25961"}],"wp:term":[{"taxonomy":"category","embeddable":true,"href":"https:\/\/footdavant.fr\/actualites\/wp-json\/wp\/v2\/categories?post=25961"},{"taxonomy":"post_tag","embeddable":true,"href":"https:\/\/footdavant.fr\/actualites\/wp-json\/wp\/v2\/tags?post=25961"}],"curies":[{"name":"wp","href":"https:\/\/api.w.org\/{rel}","templated":true}]}}