{"id":25964,"date":"2025-07-09T23:48:05","date_gmt":"2025-07-09T21:48:05","guid":{"rendered":"https:\/\/footdavant.fr\/actualites\/la-star-de-liverpool-luis-diaz-aive-to-summer-move-vers-les-geants-europeens\/"},"modified":"2025-07-09T23:48:07","modified_gmt":"2025-07-09T21:48:07","slug":"la-star-de-liverpool-luis-diaz-aive-to-summer-move-vers-les-geants-europeens","status":"publish","type":"post","link":"https:\/\/footdavant.fr\/actualites\/la-star-de-liverpool-luis-diaz-aive-to-summer-move-vers-les-geants-europeens\/","title":{"rendered":"La star de Liverpool Luis Diaz \u00ab\u00a0 Aive to Summer Move &#39;&#39; vers les g\u00e9ants europ\u00e9ens"},"content":{"rendered":"<p>L&#39;attaquant de Liverpool, Luis Diaz, esp\u00e9rait un transfert aux g\u00e9ants europ\u00e9ens du Bayern Munich cet \u00e9t\u00e9.<\/p>\n<div id=\"article_body\" itemprop=\"articleBody\">\n<h3 class=\"firstPara\"><\/h3>\n<p><strong class=\"autotag\">Liverpool<\/strong> attaquant <strong class=\"autotag\">Luis Diaz<\/strong> aurait tendu son objectif sur un d\u00e9m\u00e9nagement <strong class=\"autotag\">Bayern Munich<\/strong> cet \u00e9t\u00e9.<\/p>\n<p>Le joueur de 28 ans a fait l&#39;objet de sp\u00e9culations de transfert pour la majorit\u00e9 de 2025, les g\u00e9ants allemands offrant cens\u00e9ment offrir au joueur une offre contractuelle en juin.<\/p>\n<p>Diaz a \u00e9t\u00e9 un \u00e9l\u00e9ment cl\u00e9 de l&#39;\u00e9quipe de Liverpool qui a fait passer le titre de Premier League lors de la derni\u00e8re campagne nationale.<\/p>\n<p>L&#39;international colombien a remport\u00e9 13 buts et a fourni cinq passes d\u00e9cisives dans 36 concours de championnat, commen\u00e7ant un total de 28 matchs de haut vol.<\/p>\n<p>Depuis qu&#39;il est pass\u00e9 \u00e0 Anfield depuis Porto lors de la fen\u00eatre de janvier 2022, Diaz a effectu\u00e9 41 reprises sur 148 apparitions comp\u00e9titives.<\/p>\n<p class=\"imgI\">\n<h2>La star de Liverpool Diaz a envie de Bayern Switch?<\/h2>\n<p>Selon le point de vente allemand <em>Bille<\/em>L&#39;attaquant de Liverpool Diaz a exprim\u00e9 ses d\u00e9sirs avant une sortie potentielle d&#39;Anfield cet \u00e9t\u00e9.<\/p>\n<p>Le rapport affirme que le joueur de 28 ans a inform\u00e9 le Bayern Munich qu&#39;il \u00e9tait favorable \u00e0 un d\u00e9m\u00e9nagement aux g\u00e9ants de Bundesliga avant la fin de la fen\u00eatre.<\/p>\n<p>Il est entendu que la tenue bavaroise a fait de la capture de Diaz de Liverpool une priorit\u00e9 absolue avant la campagne 2025-2026.<\/p>\n<p>Ainsi que <strong class=\"autotag\">Vincent Kompany<\/strong>les troupes, on pense que <strong class=\"autotag\">Barcelone<\/strong> et l&#39;\u00e9quipe saoudienne de la ligue saoudienne <strong class=\"autotag\">Al-nassr<\/strong> sont des admirateurs de l&#39;ailier.<\/p>\n<p>Le Bayern Munich poursuivait les mouvements pour Bradley Barcola et Nico Williams, mais Diaz est d\u00e9sormais la principale cible \u00e0 Allianz Arena.<\/p>\n<p class=\"imgI\"><img decoding=\"async\" alt=\"Jamal Musiala du Bayern Munich se blesse le 5 juillet 2025\" class=\"vanilla-lazyload article-image\" src=\"https:\/\/footdavant.fr\/actualites\/wp-content\/uploads\/2025\/07\/1752097685_286_La-star-de-Liverpool-Luis-Diaz-Aive-to-Summer.webp\"><\/p>\n<h2>Bayern press\u00e9 par Musiala Nightmare<\/h2>\n<p>L&#39;\u00e9quipe allemande pousse dur pour la signature de Liverpool Man Diaz apr\u00e8s un incident malheureux \u00e0 la Coupe du monde du club.<\/p>\n<p>Une \u00e9toile en haut du terrain pour les d\u00e9tenteurs de Bundesliga, <strong class=\"autotag\">Jamal Musiala<\/strong> a subi une m\u00e9chante collision lors de la d\u00e9faite en quart de finale contre le Paris Saint-Germain.<\/p>\n<p>Le jeune est maintenant mis \u00e0 l&#39;\u00e9cart pendant au moins quatre mois avec une cheville cass\u00e9e, avec une mission pour obtenir un remplacement ad\u00e9quat.<\/p>\n<div class=\"author_box\">\n<div class=\"author_box_banner\"> <img decoding=\"async\" class=\"author_img\" src=\"https:\/\/footdavant.fr\/actualites\/wp-content\/uploads\/2025\/06\/1749131286_285_Transfert-Roundup-Mathias-Kvistgaarden-a-West-Ham-United-Danny-Ings.jpg\"><\/div>\n<\/div>\n<\/div>\n","protected":false},"excerpt":{"rendered":"<p>L&#39;attaquant de Liverpool, Luis Diaz, esp\u00e9rait un transfert aux g\u00e9ants europ\u00e9ens du Bayern Munich cet \u00e9t\u00e9. Liverpool attaquant Luis Diaz aurait tendu son objectif sur<\/p>\n","protected":false},"author":1,"featured_media":25965,"comment_status":"closed","ping_status":"","sticky":false,"template":"","format":"standard","meta":{"footnotes":""},"categories":[5],"tags":[9832,241,3718,4740,93,53,240,2735,1621,5439,297],"yoast_head":"<!-- This site is optimized with the Yoast SEO plugin v21.0 - https:\/\/yoast.com\/wordpress\/plugins\/seo\/ -->\n<title>La star de Liverpool Luis Diaz `` Aive to Summer Move &#039;&#039; vers les g\u00e9ants europ\u00e9ens<\/title>\n<meta name=\"robots\" content=\"index, follow, max-snippet:-1, max-image-preview:large, max-video-preview:-1\" \/>\n<link rel=\"canonical\" href=\"https:\/\/footdavant.fr\/actualites\/la-star-de-liverpool-luis-diaz-aive-to-summer-move-vers-les-geants-europeens\/\" \/>\n<meta property=\"og:locale\" content=\"fr_FR\" \/>\n<meta property=\"og:type\" content=\"article\" \/>\n<meta property=\"og:title\" content=\"La star de Liverpool Luis Diaz `` Aive to Summer Move &#039;&#039; vers les g\u00e9ants europ\u00e9ens\" \/>\n<meta property=\"og:description\" content=\"L&#039;attaquant de Liverpool, Luis Diaz, esp\u00e9rait un transfert aux g\u00e9ants europ\u00e9ens du Bayern Munich cet \u00e9t\u00e9. Liverpool attaquant Luis Diaz aurait tendu son objectif sur\" \/>\n<meta property=\"og:url\" content=\"https:\/\/footdavant.fr\/actualites\/la-star-de-liverpool-luis-diaz-aive-to-summer-move-vers-les-geants-europeens\/\" \/>\n<meta property=\"og:site_name\" content=\"Foot d&#039;avant\" \/>\n<meta property=\"article:publisher\" content=\"https:\/\/www.facebook.com\/Footdavant\/\" \/>\n<meta property=\"article:published_time\" content=\"2025-07-09T21:48:05+00:00\" \/>\n<meta property=\"article:modified_time\" content=\"2025-07-09T21:48:07+00:00\" \/>\n<meta property=\"og:image\" content=\"https:\/\/footdavant.fr\/actualites\/wp-content\/uploads\/2025\/07\/Gyokerres-a-Arsenal-Isak-a-Liverpool-les-cinq-plus-grandes.jpg\" \/>\n\t<meta property=\"og:image:width\" content=\"640\" \/>\n\t<meta property=\"og:image:height\" content=\"480\" \/>\n\t<meta property=\"og:image:type\" content=\"image\/jpeg\" \/>\n<meta name=\"author\" content=\"Cl\u00e9ment\" \/>\n<meta name=\"twitter:card\" content=\"summary_large_image\" \/>\n<meta name=\"twitter:creator\" content=\"@FootdavantFr\" \/>\n<meta name=\"twitter:site\" content=\"@FootdavantFr\" \/>\n<meta name=\"twitter:label1\" content=\"\u00c9crit par\" \/>\n\t<meta name=\"twitter:data1\" content=\"Cl\u00e9ment\" \/>\n\t<meta name=\"twitter:label2\" content=\"Dur\u00e9e de lecture estim\u00e9e\" \/>\n\t<meta name=\"twitter:data2\" content=\"2 minutes\" \/>\n<script type=\"application\/ld+json\" class=\"yoast-schema-graph\">{\"@context\":\"https:\/\/schema.org\",\"@graph\":[{\"@type\":\"Article\",\"@id\":\"https:\/\/footdavant.fr\/actualites\/la-star-de-liverpool-luis-diaz-aive-to-summer-move-vers-les-geants-europeens\/#article\",\"isPartOf\":{\"@id\":\"https:\/\/footdavant.fr\/actualites\/la-star-de-liverpool-luis-diaz-aive-to-summer-move-vers-les-geants-europeens\/\"},\"author\":{\"name\":\"Cl\u00e9ment\",\"@id\":\"https:\/\/footdavant.fr\/actualites\/#\/schema\/person\/bc222566d95871b37e597b3ed3ba5e1d\"},\"headline\":\"La star de Liverpool Luis Diaz \u00ab\u00a0 Aive to Summer Move &#39;&#39; vers les g\u00e9ants europ\u00e9ens\",\"datePublished\":\"2025-07-09T21:48:05+00:00\",\"dateModified\":\"2025-07-09T21:48:07+00:00\",\"mainEntityOfPage\":{\"@id\":\"https:\/\/footdavant.fr\/actualites\/la-star-de-liverpool-luis-diaz-aive-to-summer-move-vers-les-geants-europeens\/\"},\"wordCount\":385,\"publisher\":{\"@id\":\"https:\/\/footdavant.fr\/actualites\/#organization\"},\"keywords\":[\"Aive\",\"Diaz\",\"europ\u00e9ens\",\"g\u00e9ants\",\"les\",\"Liverpool\",\"Luis\",\"move\",\"Star\",\"summer\",\"vers\"],\"articleSection\":[\"Premier League\"],\"inLanguage\":\"fr-FR\"},{\"@type\":\"WebPage\",\"@id\":\"https:\/\/footdavant.fr\/actualites\/la-star-de-liverpool-luis-diaz-aive-to-summer-move-vers-les-geants-europeens\/\",\"url\":\"https:\/\/footdavant.fr\/actualites\/la-star-de-liverpool-luis-diaz-aive-to-summer-move-vers-les-geants-europeens\/\",\"name\":\"La star de Liverpool Luis Diaz `` Aive to Summer Move &#39;&#39; vers les g\u00e9ants europ\u00e9ens\",\"isPartOf\":{\"@id\":\"https:\/\/footdavant.fr\/actualites\/#website\"},\"datePublished\":\"2025-07-09T21:48:05+00:00\",\"dateModified\":\"2025-07-09T21:48:07+00:00\",\"breadcrumb\":{\"@id\":\"https:\/\/footdavant.fr\/actualites\/la-star-de-liverpool-luis-diaz-aive-to-summer-move-vers-les-geants-europeens\/#breadcrumb\"},\"inLanguage\":\"fr-FR\",\"potentialAction\":[{\"@type\":\"ReadAction\",\"target\":[\"https:\/\/footdavant.fr\/actualites\/la-star-de-liverpool-luis-diaz-aive-to-summer-move-vers-les-geants-europeens\/\"]}]},{\"@type\":\"BreadcrumbList\",\"@id\":\"https:\/\/footdavant.fr\/actualites\/la-star-de-liverpool-luis-diaz-aive-to-summer-move-vers-les-geants-europeens\/#breadcrumb\",\"itemListElement\":[{\"@type\":\"ListItem\",\"position\":1,\"name\":\"Accueil\",\"item\":\"https:\/\/footdavant.fr\/actualites\/\"},{\"@type\":\"ListItem\",\"position\":2,\"name\":\"La star de Liverpool Luis Diaz \u00ab\u00a0 Aive to Summer Move &#39;&#39; vers les g\u00e9ants europ\u00e9ens\"}]},{\"@type\":\"WebSite\",\"@id\":\"https:\/\/footdavant.fr\/actualites\/#website\",\"url\":\"https:\/\/footdavant.fr\/actualites\/\",\"name\":\"Foot d'avant\",\"description\":\"\",\"publisher\":{\"@id\":\"https:\/\/footdavant.fr\/actualites\/#organization\"},\"potentialAction\":[{\"@type\":\"SearchAction\",\"target\":{\"@type\":\"EntryPoint\",\"urlTemplate\":\"https:\/\/footdavant.fr\/actualites\/?s={search_term_string}\"},\"query-input\":\"required name=search_term_string\"}],\"inLanguage\":\"fr-FR\"},{\"@type\":\"Organization\",\"@id\":\"https:\/\/footdavant.fr\/actualites\/#organization\",\"name\":\"Foot d'avant\",\"url\":\"https:\/\/footdavant.fr\/actualites\/\",\"logo\":{\"@type\":\"ImageObject\",\"inLanguage\":\"fr-FR\",\"@id\":\"https:\/\/footdavant.fr\/actualites\/#\/schema\/logo\/image\/\",\"url\":\"https:\/\/footdavant.fr\/actualites\/wp-content\/uploads\/2023\/09\/Copy-of-FootDavant-Logo.png\",\"contentUrl\":\"https:\/\/footdavant.fr\/actualites\/wp-content\/uploads\/2023\/09\/Copy-of-FootDavant-Logo.png\",\"width\":936,\"height\":549,\"caption\":\"Foot d'avant\"},\"image\":{\"@id\":\"https:\/\/footdavant.fr\/actualites\/#\/schema\/logo\/image\/\"},\"sameAs\":[\"https:\/\/www.facebook.com\/Footdavant\/\",\"https:\/\/twitter.com\/FootdavantFr\",\"https:\/\/www.instagram.com\/footdavant.fr\/\"]},{\"@type\":\"Person\",\"@id\":\"https:\/\/footdavant.fr\/actualites\/#\/schema\/person\/bc222566d95871b37e597b3ed3ba5e1d\",\"name\":\"Cl\u00e9ment\",\"image\":{\"@type\":\"ImageObject\",\"inLanguage\":\"fr-FR\",\"@id\":\"https:\/\/footdavant.fr\/actualites\/#\/schema\/person\/image\/\",\"url\":\"https:\/\/secure.gravatar.com\/avatar\/7728b29aac2719421e1a9159b2254c44?s=96&d=mm&r=g\",\"contentUrl\":\"https:\/\/secure.gravatar.com\/avatar\/7728b29aac2719421e1a9159b2254c44?s=96&d=mm&r=g\",\"caption\":\"Cl\u00e9ment\"},\"sameAs\":[\"https:\/\/footdavant.fr\/\"]}]}<\/script>\n<!-- \/ Yoast SEO plugin. -->","yoast_head_json":{"title":"La star de Liverpool Luis Diaz `` Aive to Summer Move &#39;&#39; vers les g\u00e9ants europ\u00e9ens","robots":{"index":"index","follow":"follow","max-snippet":"max-snippet:-1","max-image-preview":"max-image-preview:large","max-video-preview":"max-video-preview:-1"},"canonical":"https:\/\/footdavant.fr\/actualites\/la-star-de-liverpool-luis-diaz-aive-to-summer-move-vers-les-geants-europeens\/","og_locale":"fr_FR","og_type":"article","og_title":"La star de Liverpool Luis Diaz `` Aive to Summer Move &#39;&#39; vers les g\u00e9ants europ\u00e9ens","og_description":"L&#39;attaquant de Liverpool, Luis Diaz, esp\u00e9rait un transfert aux g\u00e9ants europ\u00e9ens du Bayern Munich cet \u00e9t\u00e9. Liverpool attaquant Luis Diaz aurait tendu son objectif sur","og_url":"https:\/\/footdavant.fr\/actualites\/la-star-de-liverpool-luis-diaz-aive-to-summer-move-vers-les-geants-europeens\/","og_site_name":"Foot d&#039;avant","article_publisher":"https:\/\/www.facebook.com\/Footdavant\/","article_published_time":"2025-07-09T21:48:05+00:00","article_modified_time":"2025-07-09T21:48:07+00:00","og_image":[{"width":640,"height":480,"url":"https:\/\/footdavant.fr\/actualites\/wp-content\/uploads\/2025\/07\/Gyokerres-a-Arsenal-Isak-a-Liverpool-les-cinq-plus-grandes.jpg","type":"image\/jpeg"}],"author":"Cl\u00e9ment","twitter_card":"summary_large_image","twitter_creator":"@FootdavantFr","twitter_site":"@FootdavantFr","twitter_misc":{"\u00c9crit par":"Cl\u00e9ment","Dur\u00e9e de lecture estim\u00e9e":"2 minutes"},"schema":{"@context":"https:\/\/schema.org","@graph":[{"@type":"Article","@id":"https:\/\/footdavant.fr\/actualites\/la-star-de-liverpool-luis-diaz-aive-to-summer-move-vers-les-geants-europeens\/#article","isPartOf":{"@id":"https:\/\/footdavant.fr\/actualites\/la-star-de-liverpool-luis-diaz-aive-to-summer-move-vers-les-geants-europeens\/"},"author":{"name":"Cl\u00e9ment","@id":"https:\/\/footdavant.fr\/actualites\/#\/schema\/person\/bc222566d95871b37e597b3ed3ba5e1d"},"headline":"La star de Liverpool Luis Diaz \u00ab\u00a0 Aive to Summer Move &#39;&#39; vers les g\u00e9ants europ\u00e9ens","datePublished":"2025-07-09T21:48:05+00:00","dateModified":"2025-07-09T21:48:07+00:00","mainEntityOfPage":{"@id":"https:\/\/footdavant.fr\/actualites\/la-star-de-liverpool-luis-diaz-aive-to-summer-move-vers-les-geants-europeens\/"},"wordCount":385,"publisher":{"@id":"https:\/\/footdavant.fr\/actualites\/#organization"},"keywords":["Aive","Diaz","europ\u00e9ens","g\u00e9ants","les","Liverpool","Luis","move","Star","summer","vers"],"articleSection":["Premier League"],"inLanguage":"fr-FR"},{"@type":"WebPage","@id":"https:\/\/footdavant.fr\/actualites\/la-star-de-liverpool-luis-diaz-aive-to-summer-move-vers-les-geants-europeens\/","url":"https:\/\/footdavant.fr\/actualites\/la-star-de-liverpool-luis-diaz-aive-to-summer-move-vers-les-geants-europeens\/","name":"La star de Liverpool Luis Diaz `` Aive to Summer Move &#39;&#39; vers les g\u00e9ants europ\u00e9ens","isPartOf":{"@id":"https:\/\/footdavant.fr\/actualites\/#website"},"datePublished":"2025-07-09T21:48:05+00:00","dateModified":"2025-07-09T21:48:07+00:00","breadcrumb":{"@id":"https:\/\/footdavant.fr\/actualites\/la-star-de-liverpool-luis-diaz-aive-to-summer-move-vers-les-geants-europeens\/#breadcrumb"},"inLanguage":"fr-FR","potentialAction":[{"@type":"ReadAction","target":["https:\/\/footdavant.fr\/actualites\/la-star-de-liverpool-luis-diaz-aive-to-summer-move-vers-les-geants-europeens\/"]}]},{"@type":"BreadcrumbList","@id":"https:\/\/footdavant.fr\/actualites\/la-star-de-liverpool-luis-diaz-aive-to-summer-move-vers-les-geants-europeens\/#breadcrumb","itemListElement":[{"@type":"ListItem","position":1,"name":"Accueil","item":"https:\/\/footdavant.fr\/actualites\/"},{"@type":"ListItem","position":2,"name":"La star de Liverpool Luis Diaz \u00ab\u00a0 Aive to Summer Move &#39;&#39; vers les g\u00e9ants europ\u00e9ens"}]},{"@type":"WebSite","@id":"https:\/\/footdavant.fr\/actualites\/#website","url":"https:\/\/footdavant.fr\/actualites\/","name":"Foot d'avant","description":"","publisher":{"@id":"https:\/\/footdavant.fr\/actualites\/#organization"},"potentialAction":[{"@type":"SearchAction","target":{"@type":"EntryPoint","urlTemplate":"https:\/\/footdavant.fr\/actualites\/?s={search_term_string}"},"query-input":"required name=search_term_string"}],"inLanguage":"fr-FR"},{"@type":"Organization","@id":"https:\/\/footdavant.fr\/actualites\/#organization","name":"Foot d'avant","url":"https:\/\/footdavant.fr\/actualites\/","logo":{"@type":"ImageObject","inLanguage":"fr-FR","@id":"https:\/\/footdavant.fr\/actualites\/#\/schema\/logo\/image\/","url":"https:\/\/footdavant.fr\/actualites\/wp-content\/uploads\/2023\/09\/Copy-of-FootDavant-Logo.png","contentUrl":"https:\/\/footdavant.fr\/actualites\/wp-content\/uploads\/2023\/09\/Copy-of-FootDavant-Logo.png","width":936,"height":549,"caption":"Foot d'avant"},"image":{"@id":"https:\/\/footdavant.fr\/actualites\/#\/schema\/logo\/image\/"},"sameAs":["https:\/\/www.facebook.com\/Footdavant\/","https:\/\/twitter.com\/FootdavantFr","https:\/\/www.instagram.com\/footdavant.fr\/"]},{"@type":"Person","@id":"https:\/\/footdavant.fr\/actualites\/#\/schema\/person\/bc222566d95871b37e597b3ed3ba5e1d","name":"Cl\u00e9ment","image":{"@type":"ImageObject","inLanguage":"fr-FR","@id":"https:\/\/footdavant.fr\/actualites\/#\/schema\/person\/image\/","url":"https:\/\/secure.gravatar.com\/avatar\/7728b29aac2719421e1a9159b2254c44?s=96&d=mm&r=g","contentUrl":"https:\/\/secure.gravatar.com\/avatar\/7728b29aac2719421e1a9159b2254c44?s=96&d=mm&r=g","caption":"Cl\u00e9ment"},"sameAs":["https:\/\/footdavant.fr\/"]}]}},"_links":{"self":[{"href":"https:\/\/footdavant.fr\/actualites\/wp-json\/wp\/v2\/posts\/25964"}],"collection":[{"href":"https:\/\/footdavant.fr\/actualites\/wp-json\/wp\/v2\/posts"}],"about":[{"href":"https:\/\/footdavant.fr\/actualites\/wp-json\/wp\/v2\/types\/post"}],"author":[{"embeddable":true,"href":"https:\/\/footdavant.fr\/actualites\/wp-json\/wp\/v2\/users\/1"}],"replies":[{"embeddable":true,"href":"https:\/\/footdavant.fr\/actualites\/wp-json\/wp\/v2\/comments?post=25964"}],"version-history":[{"count":1,"href":"https:\/\/footdavant.fr\/actualites\/wp-json\/wp\/v2\/posts\/25964\/revisions"}],"predecessor-version":[{"id":25966,"href":"https:\/\/footdavant.fr\/actualites\/wp-json\/wp\/v2\/posts\/25964\/revisions\/25966"}],"wp:featuredmedia":[{"embeddable":true,"href":"https:\/\/footdavant.fr\/actualites\/wp-json\/wp\/v2\/media\/25965"}],"wp:attachment":[{"href":"https:\/\/footdavant.fr\/actualites\/wp-json\/wp\/v2\/media?parent=25964"}],"wp:term":[{"taxonomy":"category","embeddable":true,"href":"https:\/\/footdavant.fr\/actualites\/wp-json\/wp\/v2\/categories?post=25964"},{"taxonomy":"post_tag","embeddable":true,"href":"https:\/\/footdavant.fr\/actualites\/wp-json\/wp\/v2\/tags?post=25964"}],"curies":[{"name":"wp","href":"https:\/\/api.w.org\/{rel}","templated":true}]}}