{"id":25969,"date":"2025-07-10T03:48:02","date_gmt":"2025-07-10T01:48:02","guid":{"rendered":"https:\/\/footdavant.fr\/actualites\/chelsea-transfer-news-nicolas-jackson-reagit-a-la-critique-au-milieu-de-la-speculation-sur-lavenir\/"},"modified":"2025-07-10T03:48:03","modified_gmt":"2025-07-10T01:48:03","slug":"chelsea-transfer-news-nicolas-jackson-reagit-a-la-critique-au-milieu-de-la-speculation-sur-lavenir","status":"publish","type":"post","link":"https:\/\/footdavant.fr\/actualites\/chelsea-transfer-news-nicolas-jackson-reagit-a-la-critique-au-milieu-de-la-speculation-sur-lavenir\/","title":{"rendered":"Chelsea Transfer News: Nicolas Jackson \u00abr\u00e9agit\u00bb \u00e0 la critique au milieu de la sp\u00e9culation sur l&#39;avenir"},"content":{"rendered":"<p>L&#39;attaquant de Chelsea Nicolas Jackson aurait pris une position sp\u00e9cifique sur son avenir au milieu des critiques sur ses r\u00e9centes contributions.<\/p>\n<div id=\"article_body\" itemprop=\"articleBody\">\n<h3 class=\"firstPara\"><\/h3>\n<p><strong class=\"autotag\">Ch\u00e9lat<\/strong> avant <strong class=\"autotag\">Nicolas Jackson<\/strong> Il aurait pris une position sp\u00e9cifique au milieu de la critique de ses r\u00e9centes performances.<\/p>\n<p>Jackson a atteint deux saisons \u00e0 Stamford Bridge avec 30 buts respectables et 12 passes d\u00e9cisives de 80 matches toutes comp\u00e9titions.<\/p>\n<p>L&#39;international du S\u00e9n\u00e9gal a \u00e9galement marqu\u00e9 en finale de la ligue de conf\u00e9rence, mais deux de ses quatre derni\u00e8res apparitions ont \u00e9t\u00e9 interrompues par les cartons rouges.<\/p>\n<p>Avec les deux licenciements contre Newcastle United et Flamengo, il n&#39;y a eu aucun doute sur l&#39;envoi, et des points d&#39;interrogation ont \u00e9t\u00e9 soulev\u00e9s sur l&#39;avenir \u00e0 long terme du joueur de 24 ans.<\/p>\n<p><strong class=\"autotag\">Liam Delap<\/strong> et <strong class=\"autotag\">Joao Pedro<\/strong> ont d\u00e9j\u00e0 \u00e9t\u00e9 acquis \u00e0 Ipswich Town et Brighton &#038; Hove Albion pour mettre la place de Jackson dans l&#39;\u00e9quipe en davantage.<\/p>\n<p class=\"imgI\">\n<h2>Quelle est la position de Jackson?<\/h2>\n<p>Cependant, selon le journaliste Rahman Osman, qui commentait X, Jackson n&#39;a pas l&#39;intention de quitter les Londoniens de l&#39;Ouest.<\/p>\n<p>Osman affirme que Jackson a critiqu\u00e9 ses performances et sa conduite comme motivation pour s&#39;am\u00e9liorer \u00e0 l&#39;avenir.<\/p>\n<p>Il y a eu des sp\u00e9culations selon lesquelles des clubs en Premier League, en Europe et en Saudi Pro League sont tous pr\u00eats \u00e0 tester la r\u00e9solution de Chelsea.<\/p>\n<p>N\u00e9anmoins, il semble que Jackson pr\u00e9f\u00e8re continuer sa carri\u00e8re \u00e0 Chelsea, o\u00f9 il a un contrat jusqu&#39;en 2033.<\/p>\n<p class=\"imgI\"><img decoding=\"async\" alt=\"Les Moises Caicedo de Chelsea c\u00e9l\u00e8brent avec Nicolas Jackson le 3 novembre 2024\" class=\"vanilla-lazyload article-image\" src=\"https:\/\/footdavant.fr\/actualites\/wp-content\/uploads\/2025\/07\/1752112082_112_Chelsea-Transfer-News-Nicolas-Jackson-reagit-a-la-critique-au.jpg\"><\/p>\n<h2>Encore un membre important de l&#39;\u00e9quipe?<\/h2>\n<p>Alors que Chelsea se pr\u00e9pare pour une demi-finale de la Coupe du monde de club contre Fluminense mardi soir, Jackson est pr\u00e9f\u00e9r\u00e9 pour remplacer le Delap suspendu.<\/p>\n<p>Pedro vient de couper court pour rejoindre Chelsea au tournoi, tandis que <strong class=\"autotag\">Marc Guiu<\/strong> ne devrait pas \u00eatre utilis\u00e9 d\u00e8s le d\u00e9but dans un \u00e9l\u00e9ment aussi de haut niveau.<\/p>\n<p>Jackson fait face \u00e0 la nouvelle saison alors que le deuxi\u00e8me choix au milieu de l&#39;attaque et une option de sauvegarde sur les flancs, o\u00f9 Chelsea ne manque pas d&#39;alternatives.<\/p>\n<p>Cela dit, la campagne 2025-26 sera une longue campagne pour Chelsea, en particulier lorsque la pr\u00e9-saison sera interrompue, et Jackson est quelqu&#39;un qui pourrait prouver une option pr\u00e9cieuse au retour en Ligue des champions.<\/p>\n<p>Il a \u00e9galement r\u00e9alis\u00e9 34 buts \/ passes d\u00e9cisives en 65 apparitions en Premier League, un record sous-\u00e9valu\u00e9 alors qu&#39;aucune de ses frappes ne provient des d\u00e9cors.<\/p>\n<div class=\"author_box\">\n<div class=\"author_box_banner\"> <img decoding=\"async\" class=\"author_img\" src=\"https:\/\/footdavant.fr\/actualites\/wp-content\/uploads\/2025\/06\/1749318502_545_Chelsea-Transfer-News-Andrey-Santos-donne-une-baisse-sur-Blues.jpg\"><\/div>\n<\/div>\n<\/div>\n","protected":false},"excerpt":{"rendered":"<p>L&#39;attaquant de Chelsea Nicolas Jackson aurait pris une position sp\u00e9cifique sur son avenir au milieu des critiques sur ses r\u00e9centes contributions. Ch\u00e9lat avant Nicolas Jackson<\/p>\n","protected":false},"author":1,"featured_media":25970,"comment_status":"closed","ping_status":"","sticky":false,"template":"","format":"standard","meta":{"footnotes":""},"categories":[5],"tags":[171,421,363,4309,441,409,1028,969,9485,103,2732],"yoast_head":"<!-- This site is optimized with the Yoast SEO plugin v21.0 - https:\/\/yoast.com\/wordpress\/plugins\/seo\/ -->\n<title>Chelsea Transfer News: Nicolas Jackson \u00abr\u00e9agit\u00bb \u00e0 la critique au milieu de la sp\u00e9culation sur l&#039;avenir<\/title>\n<meta name=\"robots\" content=\"index, follow, max-snippet:-1, max-image-preview:large, max-video-preview:-1\" \/>\n<link rel=\"canonical\" href=\"https:\/\/footdavant.fr\/actualites\/chelsea-transfer-news-nicolas-jackson-reagit-a-la-critique-au-milieu-de-la-speculation-sur-lavenir\/\" \/>\n<meta property=\"og:locale\" content=\"fr_FR\" \/>\n<meta property=\"og:type\" content=\"article\" \/>\n<meta property=\"og:title\" content=\"Chelsea Transfer News: Nicolas Jackson \u00abr\u00e9agit\u00bb \u00e0 la critique au milieu de la sp\u00e9culation sur l&#039;avenir\" \/>\n<meta property=\"og:description\" content=\"L&#039;attaquant de Chelsea Nicolas Jackson aurait pris une position sp\u00e9cifique sur son avenir au milieu des critiques sur ses r\u00e9centes contributions. Ch\u00e9lat avant Nicolas Jackson\" \/>\n<meta property=\"og:url\" content=\"https:\/\/footdavant.fr\/actualites\/chelsea-transfer-news-nicolas-jackson-reagit-a-la-critique-au-milieu-de-la-speculation-sur-lavenir\/\" \/>\n<meta property=\"og:site_name\" content=\"Foot d&#039;avant\" \/>\n<meta property=\"article:publisher\" content=\"https:\/\/www.facebook.com\/Footdavant\/\" \/>\n<meta property=\"article:published_time\" content=\"2025-07-10T01:48:02+00:00\" \/>\n<meta property=\"article:modified_time\" content=\"2025-07-10T01:48:03+00:00\" \/>\n<meta property=\"og:image\" content=\"https:\/\/footdavant.fr\/actualites\/wp-content\/uploads\/2025\/07\/1752112083_Chelsea-Transfer-News-Nicolas-Jackson-reagit-a-la-critique-au.jpg\" \/>\n\t<meta property=\"og:image:width\" content=\"640\" \/>\n\t<meta property=\"og:image:height\" content=\"480\" \/>\n\t<meta property=\"og:image:type\" content=\"image\/jpeg\" \/>\n<meta name=\"author\" content=\"Cl\u00e9ment\" \/>\n<meta name=\"twitter:card\" content=\"summary_large_image\" \/>\n<meta name=\"twitter:creator\" content=\"@FootdavantFr\" \/>\n<meta name=\"twitter:site\" content=\"@FootdavantFr\" \/>\n<meta name=\"twitter:label1\" content=\"\u00c9crit par\" \/>\n\t<meta name=\"twitter:data1\" content=\"Cl\u00e9ment\" \/>\n\t<meta name=\"twitter:label2\" content=\"Dur\u00e9e de lecture estim\u00e9e\" \/>\n\t<meta name=\"twitter:data2\" content=\"2 minutes\" \/>\n<script type=\"application\/ld+json\" class=\"yoast-schema-graph\">{\"@context\":\"https:\/\/schema.org\",\"@graph\":[{\"@type\":\"Article\",\"@id\":\"https:\/\/footdavant.fr\/actualites\/chelsea-transfer-news-nicolas-jackson-reagit-a-la-critique-au-milieu-de-la-speculation-sur-lavenir\/#article\",\"isPartOf\":{\"@id\":\"https:\/\/footdavant.fr\/actualites\/chelsea-transfer-news-nicolas-jackson-reagit-a-la-critique-au-milieu-de-la-speculation-sur-lavenir\/\"},\"author\":{\"name\":\"Cl\u00e9ment\",\"@id\":\"https:\/\/footdavant.fr\/actualites\/#\/schema\/person\/bc222566d95871b37e597b3ed3ba5e1d\"},\"headline\":\"Chelsea Transfer News: Nicolas Jackson \u00abr\u00e9agit\u00bb \u00e0 la critique au milieu de la sp\u00e9culation sur l&#39;avenir\",\"datePublished\":\"2025-07-10T01:48:02+00:00\",\"dateModified\":\"2025-07-10T01:48:03+00:00\",\"mainEntityOfPage\":{\"@id\":\"https:\/\/footdavant.fr\/actualites\/chelsea-transfer-news-nicolas-jackson-reagit-a-la-critique-au-milieu-de-la-speculation-sur-lavenir\/\"},\"wordCount\":445,\"publisher\":{\"@id\":\"https:\/\/footdavant.fr\/actualites\/#organization\"},\"keywords\":[\"Chelsea\",\"critique\",\"Jackson\",\"l39avenir\",\"milieu\",\"News\",\"Nicolas\",\"r\u00e9agit\",\"sp\u00e9culation\",\"sur\",\"Transfer\"],\"articleSection\":[\"Premier League\"],\"inLanguage\":\"fr-FR\"},{\"@type\":\"WebPage\",\"@id\":\"https:\/\/footdavant.fr\/actualites\/chelsea-transfer-news-nicolas-jackson-reagit-a-la-critique-au-milieu-de-la-speculation-sur-lavenir\/\",\"url\":\"https:\/\/footdavant.fr\/actualites\/chelsea-transfer-news-nicolas-jackson-reagit-a-la-critique-au-milieu-de-la-speculation-sur-lavenir\/\",\"name\":\"Chelsea Transfer News: Nicolas Jackson \u00abr\u00e9agit\u00bb \u00e0 la critique au milieu de la sp\u00e9culation sur l&#39;avenir\",\"isPartOf\":{\"@id\":\"https:\/\/footdavant.fr\/actualites\/#website\"},\"datePublished\":\"2025-07-10T01:48:02+00:00\",\"dateModified\":\"2025-07-10T01:48:03+00:00\",\"breadcrumb\":{\"@id\":\"https:\/\/footdavant.fr\/actualites\/chelsea-transfer-news-nicolas-jackson-reagit-a-la-critique-au-milieu-de-la-speculation-sur-lavenir\/#breadcrumb\"},\"inLanguage\":\"fr-FR\",\"potentialAction\":[{\"@type\":\"ReadAction\",\"target\":[\"https:\/\/footdavant.fr\/actualites\/chelsea-transfer-news-nicolas-jackson-reagit-a-la-critique-au-milieu-de-la-speculation-sur-lavenir\/\"]}]},{\"@type\":\"BreadcrumbList\",\"@id\":\"https:\/\/footdavant.fr\/actualites\/chelsea-transfer-news-nicolas-jackson-reagit-a-la-critique-au-milieu-de-la-speculation-sur-lavenir\/#breadcrumb\",\"itemListElement\":[{\"@type\":\"ListItem\",\"position\":1,\"name\":\"Accueil\",\"item\":\"https:\/\/footdavant.fr\/actualites\/\"},{\"@type\":\"ListItem\",\"position\":2,\"name\":\"Chelsea Transfer News: Nicolas Jackson \u00abr\u00e9agit\u00bb \u00e0 la critique au milieu de la sp\u00e9culation sur l&#39;avenir\"}]},{\"@type\":\"WebSite\",\"@id\":\"https:\/\/footdavant.fr\/actualites\/#website\",\"url\":\"https:\/\/footdavant.fr\/actualites\/\",\"name\":\"Foot d'avant\",\"description\":\"\",\"publisher\":{\"@id\":\"https:\/\/footdavant.fr\/actualites\/#organization\"},\"potentialAction\":[{\"@type\":\"SearchAction\",\"target\":{\"@type\":\"EntryPoint\",\"urlTemplate\":\"https:\/\/footdavant.fr\/actualites\/?s={search_term_string}\"},\"query-input\":\"required name=search_term_string\"}],\"inLanguage\":\"fr-FR\"},{\"@type\":\"Organization\",\"@id\":\"https:\/\/footdavant.fr\/actualites\/#organization\",\"name\":\"Foot d'avant\",\"url\":\"https:\/\/footdavant.fr\/actualites\/\",\"logo\":{\"@type\":\"ImageObject\",\"inLanguage\":\"fr-FR\",\"@id\":\"https:\/\/footdavant.fr\/actualites\/#\/schema\/logo\/image\/\",\"url\":\"https:\/\/footdavant.fr\/actualites\/wp-content\/uploads\/2023\/09\/Copy-of-FootDavant-Logo.png\",\"contentUrl\":\"https:\/\/footdavant.fr\/actualites\/wp-content\/uploads\/2023\/09\/Copy-of-FootDavant-Logo.png\",\"width\":936,\"height\":549,\"caption\":\"Foot d'avant\"},\"image\":{\"@id\":\"https:\/\/footdavant.fr\/actualites\/#\/schema\/logo\/image\/\"},\"sameAs\":[\"https:\/\/www.facebook.com\/Footdavant\/\",\"https:\/\/twitter.com\/FootdavantFr\",\"https:\/\/www.instagram.com\/footdavant.fr\/\"]},{\"@type\":\"Person\",\"@id\":\"https:\/\/footdavant.fr\/actualites\/#\/schema\/person\/bc222566d95871b37e597b3ed3ba5e1d\",\"name\":\"Cl\u00e9ment\",\"image\":{\"@type\":\"ImageObject\",\"inLanguage\":\"fr-FR\",\"@id\":\"https:\/\/footdavant.fr\/actualites\/#\/schema\/person\/image\/\",\"url\":\"https:\/\/secure.gravatar.com\/avatar\/7728b29aac2719421e1a9159b2254c44?s=96&d=mm&r=g\",\"contentUrl\":\"https:\/\/secure.gravatar.com\/avatar\/7728b29aac2719421e1a9159b2254c44?s=96&d=mm&r=g\",\"caption\":\"Cl\u00e9ment\"},\"sameAs\":[\"https:\/\/footdavant.fr\/\"]}]}<\/script>\n<!-- \/ Yoast SEO plugin. -->","yoast_head_json":{"title":"Chelsea Transfer News: Nicolas Jackson \u00abr\u00e9agit\u00bb \u00e0 la critique au milieu de la sp\u00e9culation sur l&#39;avenir","robots":{"index":"index","follow":"follow","max-snippet":"max-snippet:-1","max-image-preview":"max-image-preview:large","max-video-preview":"max-video-preview:-1"},"canonical":"https:\/\/footdavant.fr\/actualites\/chelsea-transfer-news-nicolas-jackson-reagit-a-la-critique-au-milieu-de-la-speculation-sur-lavenir\/","og_locale":"fr_FR","og_type":"article","og_title":"Chelsea Transfer News: Nicolas Jackson \u00abr\u00e9agit\u00bb \u00e0 la critique au milieu de la sp\u00e9culation sur l&#39;avenir","og_description":"L&#39;attaquant de Chelsea Nicolas Jackson aurait pris une position sp\u00e9cifique sur son avenir au milieu des critiques sur ses r\u00e9centes contributions. Ch\u00e9lat avant Nicolas Jackson","og_url":"https:\/\/footdavant.fr\/actualites\/chelsea-transfer-news-nicolas-jackson-reagit-a-la-critique-au-milieu-de-la-speculation-sur-lavenir\/","og_site_name":"Foot d&#039;avant","article_publisher":"https:\/\/www.facebook.com\/Footdavant\/","article_published_time":"2025-07-10T01:48:02+00:00","article_modified_time":"2025-07-10T01:48:03+00:00","og_image":[{"width":640,"height":480,"url":"https:\/\/footdavant.fr\/actualites\/wp-content\/uploads\/2025\/07\/1752112083_Chelsea-Transfer-News-Nicolas-Jackson-reagit-a-la-critique-au.jpg","type":"image\/jpeg"}],"author":"Cl\u00e9ment","twitter_card":"summary_large_image","twitter_creator":"@FootdavantFr","twitter_site":"@FootdavantFr","twitter_misc":{"\u00c9crit par":"Cl\u00e9ment","Dur\u00e9e de lecture estim\u00e9e":"2 minutes"},"schema":{"@context":"https:\/\/schema.org","@graph":[{"@type":"Article","@id":"https:\/\/footdavant.fr\/actualites\/chelsea-transfer-news-nicolas-jackson-reagit-a-la-critique-au-milieu-de-la-speculation-sur-lavenir\/#article","isPartOf":{"@id":"https:\/\/footdavant.fr\/actualites\/chelsea-transfer-news-nicolas-jackson-reagit-a-la-critique-au-milieu-de-la-speculation-sur-lavenir\/"},"author":{"name":"Cl\u00e9ment","@id":"https:\/\/footdavant.fr\/actualites\/#\/schema\/person\/bc222566d95871b37e597b3ed3ba5e1d"},"headline":"Chelsea Transfer News: Nicolas Jackson \u00abr\u00e9agit\u00bb \u00e0 la critique au milieu de la sp\u00e9culation sur l&#39;avenir","datePublished":"2025-07-10T01:48:02+00:00","dateModified":"2025-07-10T01:48:03+00:00","mainEntityOfPage":{"@id":"https:\/\/footdavant.fr\/actualites\/chelsea-transfer-news-nicolas-jackson-reagit-a-la-critique-au-milieu-de-la-speculation-sur-lavenir\/"},"wordCount":445,"publisher":{"@id":"https:\/\/footdavant.fr\/actualites\/#organization"},"keywords":["Chelsea","critique","Jackson","l39avenir","milieu","News","Nicolas","r\u00e9agit","sp\u00e9culation","sur","Transfer"],"articleSection":["Premier League"],"inLanguage":"fr-FR"},{"@type":"WebPage","@id":"https:\/\/footdavant.fr\/actualites\/chelsea-transfer-news-nicolas-jackson-reagit-a-la-critique-au-milieu-de-la-speculation-sur-lavenir\/","url":"https:\/\/footdavant.fr\/actualites\/chelsea-transfer-news-nicolas-jackson-reagit-a-la-critique-au-milieu-de-la-speculation-sur-lavenir\/","name":"Chelsea Transfer News: Nicolas Jackson \u00abr\u00e9agit\u00bb \u00e0 la critique au milieu de la sp\u00e9culation sur l&#39;avenir","isPartOf":{"@id":"https:\/\/footdavant.fr\/actualites\/#website"},"datePublished":"2025-07-10T01:48:02+00:00","dateModified":"2025-07-10T01:48:03+00:00","breadcrumb":{"@id":"https:\/\/footdavant.fr\/actualites\/chelsea-transfer-news-nicolas-jackson-reagit-a-la-critique-au-milieu-de-la-speculation-sur-lavenir\/#breadcrumb"},"inLanguage":"fr-FR","potentialAction":[{"@type":"ReadAction","target":["https:\/\/footdavant.fr\/actualites\/chelsea-transfer-news-nicolas-jackson-reagit-a-la-critique-au-milieu-de-la-speculation-sur-lavenir\/"]}]},{"@type":"BreadcrumbList","@id":"https:\/\/footdavant.fr\/actualites\/chelsea-transfer-news-nicolas-jackson-reagit-a-la-critique-au-milieu-de-la-speculation-sur-lavenir\/#breadcrumb","itemListElement":[{"@type":"ListItem","position":1,"name":"Accueil","item":"https:\/\/footdavant.fr\/actualites\/"},{"@type":"ListItem","position":2,"name":"Chelsea Transfer News: Nicolas Jackson \u00abr\u00e9agit\u00bb \u00e0 la critique au milieu de la sp\u00e9culation sur l&#39;avenir"}]},{"@type":"WebSite","@id":"https:\/\/footdavant.fr\/actualites\/#website","url":"https:\/\/footdavant.fr\/actualites\/","name":"Foot d'avant","description":"","publisher":{"@id":"https:\/\/footdavant.fr\/actualites\/#organization"},"potentialAction":[{"@type":"SearchAction","target":{"@type":"EntryPoint","urlTemplate":"https:\/\/footdavant.fr\/actualites\/?s={search_term_string}"},"query-input":"required name=search_term_string"}],"inLanguage":"fr-FR"},{"@type":"Organization","@id":"https:\/\/footdavant.fr\/actualites\/#organization","name":"Foot d'avant","url":"https:\/\/footdavant.fr\/actualites\/","logo":{"@type":"ImageObject","inLanguage":"fr-FR","@id":"https:\/\/footdavant.fr\/actualites\/#\/schema\/logo\/image\/","url":"https:\/\/footdavant.fr\/actualites\/wp-content\/uploads\/2023\/09\/Copy-of-FootDavant-Logo.png","contentUrl":"https:\/\/footdavant.fr\/actualites\/wp-content\/uploads\/2023\/09\/Copy-of-FootDavant-Logo.png","width":936,"height":549,"caption":"Foot d'avant"},"image":{"@id":"https:\/\/footdavant.fr\/actualites\/#\/schema\/logo\/image\/"},"sameAs":["https:\/\/www.facebook.com\/Footdavant\/","https:\/\/twitter.com\/FootdavantFr","https:\/\/www.instagram.com\/footdavant.fr\/"]},{"@type":"Person","@id":"https:\/\/footdavant.fr\/actualites\/#\/schema\/person\/bc222566d95871b37e597b3ed3ba5e1d","name":"Cl\u00e9ment","image":{"@type":"ImageObject","inLanguage":"fr-FR","@id":"https:\/\/footdavant.fr\/actualites\/#\/schema\/person\/image\/","url":"https:\/\/secure.gravatar.com\/avatar\/7728b29aac2719421e1a9159b2254c44?s=96&d=mm&r=g","contentUrl":"https:\/\/secure.gravatar.com\/avatar\/7728b29aac2719421e1a9159b2254c44?s=96&d=mm&r=g","caption":"Cl\u00e9ment"},"sameAs":["https:\/\/footdavant.fr\/"]}]}},"_links":{"self":[{"href":"https:\/\/footdavant.fr\/actualites\/wp-json\/wp\/v2\/posts\/25969"}],"collection":[{"href":"https:\/\/footdavant.fr\/actualites\/wp-json\/wp\/v2\/posts"}],"about":[{"href":"https:\/\/footdavant.fr\/actualites\/wp-json\/wp\/v2\/types\/post"}],"author":[{"embeddable":true,"href":"https:\/\/footdavant.fr\/actualites\/wp-json\/wp\/v2\/users\/1"}],"replies":[{"embeddable":true,"href":"https:\/\/footdavant.fr\/actualites\/wp-json\/wp\/v2\/comments?post=25969"}],"version-history":[{"count":1,"href":"https:\/\/footdavant.fr\/actualites\/wp-json\/wp\/v2\/posts\/25969\/revisions"}],"predecessor-version":[{"id":25971,"href":"https:\/\/footdavant.fr\/actualites\/wp-json\/wp\/v2\/posts\/25969\/revisions\/25971"}],"wp:featuredmedia":[{"embeddable":true,"href":"https:\/\/footdavant.fr\/actualites\/wp-json\/wp\/v2\/media\/25970"}],"wp:attachment":[{"href":"https:\/\/footdavant.fr\/actualites\/wp-json\/wp\/v2\/media?parent=25969"}],"wp:term":[{"taxonomy":"category","embeddable":true,"href":"https:\/\/footdavant.fr\/actualites\/wp-json\/wp\/v2\/categories?post=25969"},{"taxonomy":"post_tag","embeddable":true,"href":"https:\/\/footdavant.fr\/actualites\/wp-json\/wp\/v2\/tags?post=25969"}],"curies":[{"name":"wp","href":"https:\/\/api.w.org\/{rel}","templated":true}]}}