{"id":25980,"date":"2025-07-10T11:48:20","date_gmt":"2025-07-10T09:48:20","guid":{"rendered":"https:\/\/footdavant.fr\/actualites\/tottenham-pret-a-nommer-ex-liverpool-homme-de-34-ans-alors-que-thomas-frank-renforce-lequipe\/"},"modified":"2025-07-10T11:48:21","modified_gmt":"2025-07-10T09:48:21","slug":"tottenham-pret-a-nommer-ex-liverpool-homme-de-34-ans-alors-que-thomas-frank-renforce-lequipe","status":"publish","type":"post","link":"https:\/\/footdavant.fr\/actualites\/tottenham-pret-a-nommer-ex-liverpool-homme-de-34-ans-alors-que-thomas-frank-renforce-lequipe\/","title":{"rendered":"Tottenham \u00abpr\u00eat \u00e0 nommer\u00bb ex-liverpool homme de 34 ans alors que Thomas Frank renforce l&#39;\u00e9quipe"},"content":{"rendered":"<p>Tottenham Hotspur devrait nommer un ancien entra\u00eeneur de gardien de but de Liverpool, alors que Thomas Frank ajoute \u00e0 ses rangs dans le nord de Londres.<\/p>\n<div id=\"article_body\" itemprop=\"articleBody\">\n<h3 class=\"firstPara\"><\/h3>\n<p><strong class=\"autotag\">Tottenham Hotspur<\/strong> directeur <strong class=\"autotag\">Thomas Frank<\/strong> accueillera bient\u00f4t ex-<strong class=\"autotag\">Liverpool<\/strong> L&#39;entra\u00eeneur des gardiens de but Fabian Otte au nord de Londres, selon un rapport.<\/p>\n<p>Quand Frank a \u00e9t\u00e9 nomm\u00e9 <strong class=\"autotag\">Ange postcoglou<\/strong>Le successeur du stade Tottenham Hotspur plus t\u00f4t cet \u00e9t\u00e9, l&#39;ancien patron de Brentford a apport\u00e9 quelques-uns de ses lieutenants de confiance avec lui.<\/p>\n<p>Frank a \u00e9t\u00e9 rejoint chez les Spurs par l&#39;homme droit Justin Cochrane, tandis que l&#39;entra\u00eeneur adjoint Chris Haslam et l&#39;analyste Joe Newton ont \u00e9galement quitt\u00e9 les abeilles pour rejoindre les vainqueurs de la Ligue Europa.<\/p>\n<p>De plus, Tottenham a braconn\u00e9 Andreas Georgson de Manchester United, tandis que Rob Burch est rest\u00e9 entra\u00eeneur de gardien de but, \u00e9tant arriv\u00e9 aux c\u00f4t\u00e9s de Postecoglou \u00e0 l&#39;\u00e9t\u00e9 2023.<\/p>\n<p>Cependant, <em>BBC Sport <\/em>Affirme maintenant que les Lilywhites li\u00e9s \u00e0 la Ligue des champions accueilleront \u00e9galement bient\u00f4t Otte, qui a quitt\u00e9 Liverpool il y a quelques jours mais a \u00e9t\u00e9 \u00abimm\u00e9diatement pris\u00bb par les Spurs.<\/p>\n<h2>Qui est l&#39;entra\u00eeneur du gardien de Tottenham, Otte, Otte?<\/h2>\n<p class=\"imgI\">\n<p>La carri\u00e8re de joueur d&#39;Otte, trente-quatre ans, a \u00e9t\u00e9 incroyablement modeste, car l&#39;allemand repr\u00e9sentait plusieurs clubs de division inf\u00e9rieure dans plusieurs ligues avant de raccrocher ses bottes en 2018.<\/p>\n<p>Otte a jou\u00e9 en Angleterre, en Allemagne, aux Pays-Bas, aux \u00c9tats-Unis et en Nouvelle-Z\u00e9lande, notamment en repr\u00e9sentant la Northern Premier League Premier Division<b> <\/b>Blyth Spartans pour une saison entre 2015 et 2016.<\/p>\n<p>Cependant, le tir-tir n\u00e9 en 1990 a rapidement augment\u00e9 dans les rangs d&#39;entra\u00eeneurs de gardien de but et a obtenu sa premi\u00e8re grande pause arri\u00e8re en 2020, lorsqu&#39;il a rejoint l&#39;\u00e9quipe de Sean Dyche \u00e0 Burnley.<\/p>\n<p>Otte n&#39;a pass\u00e9 qu&#39;un an \u00e0 Turf Moor avant de passer au Borussia Monchengladbach, travaillant sous Gerardo Seoane, Daniel Farke et Adi Hutter pendant un s\u00e9jour de trois saisons avec les Giants de Bundesliga.<\/p>\n<p>Au cours de la saison 2023-24, Otte a jongl\u00e9 sur ses engagements de Monchengladbach avec un r\u00f4le \u00e0 l&#39;\u00e9quipe nationale des \u00c9tats-Unis, avant de d\u00e9m\u00e9nager \u00e0 Liverpool pour faire partie de l&#39;\u00e9quipe de Slot \u00e0 l&#39;\u00e9t\u00e9 2024.<\/p>\n<p>Travailler avec des go\u00fbts <strong class=\"autotag\">Alisson Becker<\/strong> Et Caoimhin Kelleher, Otte a c\u00e9l\u00e9br\u00e9 le triomphe de Premier League de Liverpool dans le cadre du personnel des coulisses des Reds, mais il est parti aux c\u00f4t\u00e9s de Claudio Taffarel la semaine derni\u00e8re.<\/p>\n<p>\u00c0 Tottenham, l&#39;homme de 34 ans travaillera principalement avec Guglielmo Vicario, Antonin Kinsky et Brandon Austin, et potentiellement <strong>Un homme de 22 ans qui est en pourparlers avec le club pour un nouveau contrat<\/strong>.<\/p>\n<div class=\"author_box\">\n<div class=\"author_box_banner\"> <img decoding=\"async\" class=\"author_img\" src=\"https:\/\/footdavant.fr\/actualites\/wp-content\/uploads\/2025\/06\/1749127685_316_Equipe-de-la-Ligue-des-champions-du-tournoi-Lamine-Yamal.jpg\"><\/div>\n<\/div>\n<\/div>\n","protected":false},"excerpt":{"rendered":"<p>Tottenham Hotspur devrait nommer un ancien entra\u00eeneur de gardien de but de Liverpool, alors que Thomas Frank ajoute \u00e0 ses rangs dans le nord de<\/p>\n","protected":false},"author":1,"featured_media":25981,"comment_status":"closed","ping_status":"","sticky":false,"template":"","format":"standard","meta":{"footnotes":""},"categories":[5],"tags":[318,209,9839,662,1245,4219,2277,165,4509,235,68],"yoast_head":"<!-- This site is optimized with the Yoast SEO plugin v21.0 - https:\/\/yoast.com\/wordpress\/plugins\/seo\/ -->\n<title>Tottenham \u00abpr\u00eat \u00e0 nommer\u00bb ex-liverpool homme de 34 ans alors que Thomas Frank renforce l&#039;\u00e9quipe<\/title>\n<meta name=\"robots\" content=\"index, follow, max-snippet:-1, max-image-preview:large, max-video-preview:-1\" \/>\n<link rel=\"canonical\" href=\"https:\/\/footdavant.fr\/actualites\/tottenham-pret-a-nommer-ex-liverpool-homme-de-34-ans-alors-que-thomas-frank-renforce-lequipe\/\" \/>\n<meta property=\"og:locale\" content=\"fr_FR\" \/>\n<meta property=\"og:type\" content=\"article\" \/>\n<meta property=\"og:title\" content=\"Tottenham \u00abpr\u00eat \u00e0 nommer\u00bb ex-liverpool homme de 34 ans alors que Thomas Frank renforce l&#039;\u00e9quipe\" \/>\n<meta property=\"og:description\" content=\"Tottenham Hotspur devrait nommer un ancien entra\u00eeneur de gardien de but de Liverpool, alors que Thomas Frank ajoute \u00e0 ses rangs dans le nord de\" \/>\n<meta property=\"og:url\" content=\"https:\/\/footdavant.fr\/actualites\/tottenham-pret-a-nommer-ex-liverpool-homme-de-34-ans-alors-que-thomas-frank-renforce-lequipe\/\" \/>\n<meta property=\"og:site_name\" content=\"Foot d&#039;avant\" \/>\n<meta property=\"article:publisher\" content=\"https:\/\/www.facebook.com\/Footdavant\/\" \/>\n<meta property=\"article:published_time\" content=\"2025-07-10T09:48:20+00:00\" \/>\n<meta property=\"article:modified_time\" content=\"2025-07-10T09:48:21+00:00\" \/>\n<meta property=\"og:image\" content=\"https:\/\/footdavant.fr\/actualites\/wp-content\/uploads\/2025\/07\/1752140901_Tottenham-pret-a-nommer-ex-liverpool-homme-de-34-ans-alors.jpg\" \/>\n\t<meta property=\"og:image:width\" content=\"640\" \/>\n\t<meta property=\"og:image:height\" content=\"480\" \/>\n\t<meta property=\"og:image:type\" content=\"image\/jpeg\" \/>\n<meta name=\"author\" content=\"Cl\u00e9ment\" \/>\n<meta name=\"twitter:card\" content=\"summary_large_image\" \/>\n<meta name=\"twitter:creator\" content=\"@FootdavantFr\" \/>\n<meta name=\"twitter:site\" content=\"@FootdavantFr\" \/>\n<meta name=\"twitter:label1\" content=\"\u00c9crit par\" \/>\n\t<meta name=\"twitter:data1\" content=\"Cl\u00e9ment\" \/>\n\t<meta name=\"twitter:label2\" content=\"Dur\u00e9e de lecture estim\u00e9e\" \/>\n\t<meta name=\"twitter:data2\" content=\"2 minutes\" \/>\n<script type=\"application\/ld+json\" class=\"yoast-schema-graph\">{\"@context\":\"https:\/\/schema.org\",\"@graph\":[{\"@type\":\"Article\",\"@id\":\"https:\/\/footdavant.fr\/actualites\/tottenham-pret-a-nommer-ex-liverpool-homme-de-34-ans-alors-que-thomas-frank-renforce-lequipe\/#article\",\"isPartOf\":{\"@id\":\"https:\/\/footdavant.fr\/actualites\/tottenham-pret-a-nommer-ex-liverpool-homme-de-34-ans-alors-que-thomas-frank-renforce-lequipe\/\"},\"author\":{\"name\":\"Cl\u00e9ment\",\"@id\":\"https:\/\/footdavant.fr\/actualites\/#\/schema\/person\/bc222566d95871b37e597b3ed3ba5e1d\"},\"headline\":\"Tottenham \u00abpr\u00eat \u00e0 nommer\u00bb ex-liverpool homme de 34 ans alors que Thomas Frank renforce l&#39;\u00e9quipe\",\"datePublished\":\"2025-07-10T09:48:20+00:00\",\"dateModified\":\"2025-07-10T09:48:21+00:00\",\"mainEntityOfPage\":{\"@id\":\"https:\/\/footdavant.fr\/actualites\/tottenham-pret-a-nommer-ex-liverpool-homme-de-34-ans-alors-que-thomas-frank-renforce-lequipe\/\"},\"wordCount\":474,\"publisher\":{\"@id\":\"https:\/\/footdavant.fr\/actualites\/#organization\"},\"keywords\":[\"alors\",\"ans\",\"exliverpool\",\"Frank\",\"homme\",\"l39\u00e9quipe\",\"nommer\",\"pr\u00eat\",\"renforce\",\"Thomas\",\"Tottenham\"],\"articleSection\":[\"Premier League\"],\"inLanguage\":\"fr-FR\"},{\"@type\":\"WebPage\",\"@id\":\"https:\/\/footdavant.fr\/actualites\/tottenham-pret-a-nommer-ex-liverpool-homme-de-34-ans-alors-que-thomas-frank-renforce-lequipe\/\",\"url\":\"https:\/\/footdavant.fr\/actualites\/tottenham-pret-a-nommer-ex-liverpool-homme-de-34-ans-alors-que-thomas-frank-renforce-lequipe\/\",\"name\":\"Tottenham \u00abpr\u00eat \u00e0 nommer\u00bb ex-liverpool homme de 34 ans alors que Thomas Frank renforce l&#39;\u00e9quipe\",\"isPartOf\":{\"@id\":\"https:\/\/footdavant.fr\/actualites\/#website\"},\"datePublished\":\"2025-07-10T09:48:20+00:00\",\"dateModified\":\"2025-07-10T09:48:21+00:00\",\"breadcrumb\":{\"@id\":\"https:\/\/footdavant.fr\/actualites\/tottenham-pret-a-nommer-ex-liverpool-homme-de-34-ans-alors-que-thomas-frank-renforce-lequipe\/#breadcrumb\"},\"inLanguage\":\"fr-FR\",\"potentialAction\":[{\"@type\":\"ReadAction\",\"target\":[\"https:\/\/footdavant.fr\/actualites\/tottenham-pret-a-nommer-ex-liverpool-homme-de-34-ans-alors-que-thomas-frank-renforce-lequipe\/\"]}]},{\"@type\":\"BreadcrumbList\",\"@id\":\"https:\/\/footdavant.fr\/actualites\/tottenham-pret-a-nommer-ex-liverpool-homme-de-34-ans-alors-que-thomas-frank-renforce-lequipe\/#breadcrumb\",\"itemListElement\":[{\"@type\":\"ListItem\",\"position\":1,\"name\":\"Accueil\",\"item\":\"https:\/\/footdavant.fr\/actualites\/\"},{\"@type\":\"ListItem\",\"position\":2,\"name\":\"Tottenham \u00abpr\u00eat \u00e0 nommer\u00bb ex-liverpool homme de 34 ans alors que Thomas Frank renforce l&#39;\u00e9quipe\"}]},{\"@type\":\"WebSite\",\"@id\":\"https:\/\/footdavant.fr\/actualites\/#website\",\"url\":\"https:\/\/footdavant.fr\/actualites\/\",\"name\":\"Foot d'avant\",\"description\":\"\",\"publisher\":{\"@id\":\"https:\/\/footdavant.fr\/actualites\/#organization\"},\"potentialAction\":[{\"@type\":\"SearchAction\",\"target\":{\"@type\":\"EntryPoint\",\"urlTemplate\":\"https:\/\/footdavant.fr\/actualites\/?s={search_term_string}\"},\"query-input\":\"required name=search_term_string\"}],\"inLanguage\":\"fr-FR\"},{\"@type\":\"Organization\",\"@id\":\"https:\/\/footdavant.fr\/actualites\/#organization\",\"name\":\"Foot d'avant\",\"url\":\"https:\/\/footdavant.fr\/actualites\/\",\"logo\":{\"@type\":\"ImageObject\",\"inLanguage\":\"fr-FR\",\"@id\":\"https:\/\/footdavant.fr\/actualites\/#\/schema\/logo\/image\/\",\"url\":\"https:\/\/footdavant.fr\/actualites\/wp-content\/uploads\/2023\/09\/Copy-of-FootDavant-Logo.png\",\"contentUrl\":\"https:\/\/footdavant.fr\/actualites\/wp-content\/uploads\/2023\/09\/Copy-of-FootDavant-Logo.png\",\"width\":936,\"height\":549,\"caption\":\"Foot d'avant\"},\"image\":{\"@id\":\"https:\/\/footdavant.fr\/actualites\/#\/schema\/logo\/image\/\"},\"sameAs\":[\"https:\/\/www.facebook.com\/Footdavant\/\",\"https:\/\/twitter.com\/FootdavantFr\",\"https:\/\/www.instagram.com\/footdavant.fr\/\"]},{\"@type\":\"Person\",\"@id\":\"https:\/\/footdavant.fr\/actualites\/#\/schema\/person\/bc222566d95871b37e597b3ed3ba5e1d\",\"name\":\"Cl\u00e9ment\",\"image\":{\"@type\":\"ImageObject\",\"inLanguage\":\"fr-FR\",\"@id\":\"https:\/\/footdavant.fr\/actualites\/#\/schema\/person\/image\/\",\"url\":\"https:\/\/secure.gravatar.com\/avatar\/7728b29aac2719421e1a9159b2254c44?s=96&d=mm&r=g\",\"contentUrl\":\"https:\/\/secure.gravatar.com\/avatar\/7728b29aac2719421e1a9159b2254c44?s=96&d=mm&r=g\",\"caption\":\"Cl\u00e9ment\"},\"sameAs\":[\"https:\/\/footdavant.fr\/\"]}]}<\/script>\n<!-- \/ Yoast SEO plugin. -->","yoast_head_json":{"title":"Tottenham \u00abpr\u00eat \u00e0 nommer\u00bb ex-liverpool homme de 34 ans alors que Thomas Frank renforce l&#39;\u00e9quipe","robots":{"index":"index","follow":"follow","max-snippet":"max-snippet:-1","max-image-preview":"max-image-preview:large","max-video-preview":"max-video-preview:-1"},"canonical":"https:\/\/footdavant.fr\/actualites\/tottenham-pret-a-nommer-ex-liverpool-homme-de-34-ans-alors-que-thomas-frank-renforce-lequipe\/","og_locale":"fr_FR","og_type":"article","og_title":"Tottenham \u00abpr\u00eat \u00e0 nommer\u00bb ex-liverpool homme de 34 ans alors que Thomas Frank renforce l&#39;\u00e9quipe","og_description":"Tottenham Hotspur devrait nommer un ancien entra\u00eeneur de gardien de but de Liverpool, alors que Thomas Frank ajoute \u00e0 ses rangs dans le nord de","og_url":"https:\/\/footdavant.fr\/actualites\/tottenham-pret-a-nommer-ex-liverpool-homme-de-34-ans-alors-que-thomas-frank-renforce-lequipe\/","og_site_name":"Foot d&#039;avant","article_publisher":"https:\/\/www.facebook.com\/Footdavant\/","article_published_time":"2025-07-10T09:48:20+00:00","article_modified_time":"2025-07-10T09:48:21+00:00","og_image":[{"width":640,"height":480,"url":"https:\/\/footdavant.fr\/actualites\/wp-content\/uploads\/2025\/07\/1752140901_Tottenham-pret-a-nommer-ex-liverpool-homme-de-34-ans-alors.jpg","type":"image\/jpeg"}],"author":"Cl\u00e9ment","twitter_card":"summary_large_image","twitter_creator":"@FootdavantFr","twitter_site":"@FootdavantFr","twitter_misc":{"\u00c9crit par":"Cl\u00e9ment","Dur\u00e9e de lecture estim\u00e9e":"2 minutes"},"schema":{"@context":"https:\/\/schema.org","@graph":[{"@type":"Article","@id":"https:\/\/footdavant.fr\/actualites\/tottenham-pret-a-nommer-ex-liverpool-homme-de-34-ans-alors-que-thomas-frank-renforce-lequipe\/#article","isPartOf":{"@id":"https:\/\/footdavant.fr\/actualites\/tottenham-pret-a-nommer-ex-liverpool-homme-de-34-ans-alors-que-thomas-frank-renforce-lequipe\/"},"author":{"name":"Cl\u00e9ment","@id":"https:\/\/footdavant.fr\/actualites\/#\/schema\/person\/bc222566d95871b37e597b3ed3ba5e1d"},"headline":"Tottenham \u00abpr\u00eat \u00e0 nommer\u00bb ex-liverpool homme de 34 ans alors que Thomas Frank renforce l&#39;\u00e9quipe","datePublished":"2025-07-10T09:48:20+00:00","dateModified":"2025-07-10T09:48:21+00:00","mainEntityOfPage":{"@id":"https:\/\/footdavant.fr\/actualites\/tottenham-pret-a-nommer-ex-liverpool-homme-de-34-ans-alors-que-thomas-frank-renforce-lequipe\/"},"wordCount":474,"publisher":{"@id":"https:\/\/footdavant.fr\/actualites\/#organization"},"keywords":["alors","ans","exliverpool","Frank","homme","l39\u00e9quipe","nommer","pr\u00eat","renforce","Thomas","Tottenham"],"articleSection":["Premier League"],"inLanguage":"fr-FR"},{"@type":"WebPage","@id":"https:\/\/footdavant.fr\/actualites\/tottenham-pret-a-nommer-ex-liverpool-homme-de-34-ans-alors-que-thomas-frank-renforce-lequipe\/","url":"https:\/\/footdavant.fr\/actualites\/tottenham-pret-a-nommer-ex-liverpool-homme-de-34-ans-alors-que-thomas-frank-renforce-lequipe\/","name":"Tottenham \u00abpr\u00eat \u00e0 nommer\u00bb ex-liverpool homme de 34 ans alors que Thomas Frank renforce l&#39;\u00e9quipe","isPartOf":{"@id":"https:\/\/footdavant.fr\/actualites\/#website"},"datePublished":"2025-07-10T09:48:20+00:00","dateModified":"2025-07-10T09:48:21+00:00","breadcrumb":{"@id":"https:\/\/footdavant.fr\/actualites\/tottenham-pret-a-nommer-ex-liverpool-homme-de-34-ans-alors-que-thomas-frank-renforce-lequipe\/#breadcrumb"},"inLanguage":"fr-FR","potentialAction":[{"@type":"ReadAction","target":["https:\/\/footdavant.fr\/actualites\/tottenham-pret-a-nommer-ex-liverpool-homme-de-34-ans-alors-que-thomas-frank-renforce-lequipe\/"]}]},{"@type":"BreadcrumbList","@id":"https:\/\/footdavant.fr\/actualites\/tottenham-pret-a-nommer-ex-liverpool-homme-de-34-ans-alors-que-thomas-frank-renforce-lequipe\/#breadcrumb","itemListElement":[{"@type":"ListItem","position":1,"name":"Accueil","item":"https:\/\/footdavant.fr\/actualites\/"},{"@type":"ListItem","position":2,"name":"Tottenham \u00abpr\u00eat \u00e0 nommer\u00bb ex-liverpool homme de 34 ans alors que Thomas Frank renforce l&#39;\u00e9quipe"}]},{"@type":"WebSite","@id":"https:\/\/footdavant.fr\/actualites\/#website","url":"https:\/\/footdavant.fr\/actualites\/","name":"Foot d'avant","description":"","publisher":{"@id":"https:\/\/footdavant.fr\/actualites\/#organization"},"potentialAction":[{"@type":"SearchAction","target":{"@type":"EntryPoint","urlTemplate":"https:\/\/footdavant.fr\/actualites\/?s={search_term_string}"},"query-input":"required name=search_term_string"}],"inLanguage":"fr-FR"},{"@type":"Organization","@id":"https:\/\/footdavant.fr\/actualites\/#organization","name":"Foot d'avant","url":"https:\/\/footdavant.fr\/actualites\/","logo":{"@type":"ImageObject","inLanguage":"fr-FR","@id":"https:\/\/footdavant.fr\/actualites\/#\/schema\/logo\/image\/","url":"https:\/\/footdavant.fr\/actualites\/wp-content\/uploads\/2023\/09\/Copy-of-FootDavant-Logo.png","contentUrl":"https:\/\/footdavant.fr\/actualites\/wp-content\/uploads\/2023\/09\/Copy-of-FootDavant-Logo.png","width":936,"height":549,"caption":"Foot d'avant"},"image":{"@id":"https:\/\/footdavant.fr\/actualites\/#\/schema\/logo\/image\/"},"sameAs":["https:\/\/www.facebook.com\/Footdavant\/","https:\/\/twitter.com\/FootdavantFr","https:\/\/www.instagram.com\/footdavant.fr\/"]},{"@type":"Person","@id":"https:\/\/footdavant.fr\/actualites\/#\/schema\/person\/bc222566d95871b37e597b3ed3ba5e1d","name":"Cl\u00e9ment","image":{"@type":"ImageObject","inLanguage":"fr-FR","@id":"https:\/\/footdavant.fr\/actualites\/#\/schema\/person\/image\/","url":"https:\/\/secure.gravatar.com\/avatar\/7728b29aac2719421e1a9159b2254c44?s=96&d=mm&r=g","contentUrl":"https:\/\/secure.gravatar.com\/avatar\/7728b29aac2719421e1a9159b2254c44?s=96&d=mm&r=g","caption":"Cl\u00e9ment"},"sameAs":["https:\/\/footdavant.fr\/"]}]}},"_links":{"self":[{"href":"https:\/\/footdavant.fr\/actualites\/wp-json\/wp\/v2\/posts\/25980"}],"collection":[{"href":"https:\/\/footdavant.fr\/actualites\/wp-json\/wp\/v2\/posts"}],"about":[{"href":"https:\/\/footdavant.fr\/actualites\/wp-json\/wp\/v2\/types\/post"}],"author":[{"embeddable":true,"href":"https:\/\/footdavant.fr\/actualites\/wp-json\/wp\/v2\/users\/1"}],"replies":[{"embeddable":true,"href":"https:\/\/footdavant.fr\/actualites\/wp-json\/wp\/v2\/comments?post=25980"}],"version-history":[{"count":1,"href":"https:\/\/footdavant.fr\/actualites\/wp-json\/wp\/v2\/posts\/25980\/revisions"}],"predecessor-version":[{"id":25982,"href":"https:\/\/footdavant.fr\/actualites\/wp-json\/wp\/v2\/posts\/25980\/revisions\/25982"}],"wp:featuredmedia":[{"embeddable":true,"href":"https:\/\/footdavant.fr\/actualites\/wp-json\/wp\/v2\/media\/25981"}],"wp:attachment":[{"href":"https:\/\/footdavant.fr\/actualites\/wp-json\/wp\/v2\/media?parent=25980"}],"wp:term":[{"taxonomy":"category","embeddable":true,"href":"https:\/\/footdavant.fr\/actualites\/wp-json\/wp\/v2\/categories?post=25980"},{"taxonomy":"post_tag","embeddable":true,"href":"https:\/\/footdavant.fr\/actualites\/wp-json\/wp\/v2\/tags?post=25980"}],"curies":[{"name":"wp","href":"https:\/\/api.w.org\/{rel}","templated":true}]}}