{"id":25983,"date":"2025-07-10T13:49:24","date_gmt":"2025-07-10T11:49:24","guid":{"rendered":"https:\/\/footdavant.fr\/actualites\/luefa-confirme-le-tweak-de-la-ligue-des-champions-qui-pourrait-avoir-un-impact-sur-liverpool\/"},"modified":"2025-07-10T13:49:26","modified_gmt":"2025-07-10T11:49:26","slug":"luefa-confirme-le-tweak-de-la-ligue-des-champions-qui-pourrait-avoir-un-impact-sur-liverpool","status":"publish","type":"post","link":"https:\/\/footdavant.fr\/actualites\/luefa-confirme-le-tweak-de-la-ligue-des-champions-qui-pourrait-avoir-un-impact-sur-liverpool\/","title":{"rendered":"L&#39;UEFA confirme le tweak de la Ligue des champions qui pourrait avoir un impact sur Liverpool"},"content":{"rendered":"<div id=\"article-body\">\n<!-- Article Start --><\/p>\n<p>Les tours de qualification pour la Ligue des champions de l&#39;UEFA 2025\/26 ont commenc\u00e9 cette semaine, deux mois avant que Liverpool entre dans la phase de ligue du tournoi.<\/p>\n<p>Les Reds ont termin\u00e9 en haut de la table \u00e9largie de la ligue dans la comp\u00e9tition la saison derni\u00e8re sous son nouveau format radical, pour \u00eatre \u00e9limin\u00e9 aux sanctions en huiti\u00e8mes de finale par les vainqueurs du troph\u00e9e \u00e9ventuels Paris Saint-Germain.<\/p>\n<p>L&#39;organe directeur du football europ\u00e9en a confirm\u00e9 un ajustement l\u00e9ger mais potentiellement significatif pour le Tourmaent pour la prochaine campagne, qui pourrait \u00e9ventuellement avoir des implications pour les Reds.<\/p>\n<h2>L&#39;UEFA confirme le changement de Ligue des champions pour 2025\/26<\/h2>\n<p>Comme l&#39;a rapport\u00e9 Dale Johnson pour ESPN, l&#39;UEFA a modifi\u00e9 la r\u00e9glementation de la phase de knockout de la Ligue des champions qui est destin\u00e9e \u00e0 r\u00e9compenser le m\u00e9rite sportif de la phase de la ligue, plut\u00f4t que d&#39;utiliser un tirage al\u00e9atoire pour d\u00e9terminer l&#39;ordre dans lequel des liens \u00e0 deux pattes sont jou\u00e9s.<\/p>\n<p>Les \u00e9quipes qui se terminent en premier et deuxi\u00e8me de la phase de la ligue seront d\u00e9sormais garanties d&#39;avoir la deuxi\u00e8me \u00e9tape \u00e0 domicile \u00e0 chaque tournage jusqu&#39;\u00e0 la finale, si ils progressaient aussi loin, tandis que les quatre meilleurs \u00e9quipes auraient cette prestation jusqu&#39;\u00e0 et y compris les quarts de finale.<\/p>\n<p>Cependant, si l&#39;\u00e9quipe \u00e0 bas niveau remporte un match nul (comme le PSG l&#39;a fait contre Liverpool en mars), ils \u00abgagneraient\u00bb effectivement le droit \u00e0 l&#39;avantage \u00e0 domicile pour le match retour. Par exemple, si la premi\u00e8re fois en 16e, l&#39;\u00e9quipe de la 16e place aurait la deuxi\u00e8me \u00e9tape \u00e0 domicile jusqu&#39;\u00e0 la finale, si elle arrive aussi loin.<\/p>\n<p>La d\u00e9cision de s&#39;\u00e9loigner de la r\u00e9\u00e9valuation de chaque \u00e9galit\u00e9 alors que les tours progressent inadvertamment placer les \u00e9quipes qui entrent en troisi\u00e8me et quatri\u00e8me en deux, car ils ne pourront plus avoir leur deuxi\u00e8me \u00e9tape en demi-finale \u00e0 domicile, m\u00eame s&#39;ils se heurtent \u00e0 une \u00e9quipe termin\u00e9e aussi bas que 24e dans la phase de ligue.<\/p>\n<figure id=\"attachment_275313\" aria-describedby=\"caption-attachment-275313\" style=\"width: 761px\" class=\"wp-caption alignnone\"><picture><source type=\"image\/webp\" data- data-><\/source><\/picture><\/figure>\n<h2>Comment cela pourrait-il avoir un impact sur l&#39;approche de Liverpool en Ligue des champions?<\/h2>\n<p>Th\u00e9oriquement, les Reds auraient d\u00fb b\u00e9n\u00e9ficier de la t\u00eate de la phase de la ligue la saison derni\u00e8re, mais en r\u00e9alit\u00e9, ils \u00e9taient malheureux de se heurter \u00e0 une \u00e9quipe du PSG qui a b\u00e9gay\u00e9 avant No\u00ebl mais qui ont \u00e9t\u00e9 imp\u00e9rieuses tout au long de 2025.<\/p>\n<p>Certains fans de Liverpool pourraient d\u00fbment soutenir que la finition n&#39;importe o\u00f9 dans les huit premiers ferait l&#39;affaire, afin d&#39;\u00e9viter de passer par une manche suppl\u00e9mentaire de la Ligue des champions en f\u00e9vrier, bien que beaucoup de nos plus grandes nuits europ\u00e9ennes aient \u00e9t\u00e9 avec le match retour \u00e0 Anfield, o\u00f9 nous connaissons la t\u00e2che \u00e0 la main et les supporters r\u00e9agissent en cons\u00e9quence.<\/p>\n<p>Ce n&#39;est pas un probl\u00e8me que l&#39;\u00e9quipe d&#39;Arne Slot rencontrera jusqu&#39;au printemps prochain, car la phase de la ligue doit \u00e9videmment \u00eatre n\u00e9goci\u00e9e en premier, bien qu&#39;elle puisse devenir plus importante au moment o\u00f9 nous arrivons \u00e0 la nouvelle ann\u00e9e.<\/p>\n<p>Le moment viendra o\u00f9 les Kopites bourdonnent pour les soir\u00e9es de la Ligue des champions \u00e0 Anfield, mais pour l&#39;instant, LFC reste un club en deuil apr\u00e8s la mort tragique de Diogo Jota, \u00e0 qui tant de hommages sinc\u00e8res ont \u00e9t\u00e9 rendus au Merseyside et au-del\u00e0.<\/p>\n<p>Le premier ami de pr\u00e9-saison de Liverpool contre Preston dimanche repr\u00e9sente un premier pas initial vers un sentiment de routine pour les joueurs alors qu&#39;ils essaient de se r\u00e9concilier avec les horribles \u00e9v\u00e9nements de jeudi dernier.<\/p>\n<p><!-- Article End -->\t\t\t\t<\/div>\n","protected":false},"excerpt":{"rendered":"<p>Les tours de qualification pour la Ligue des champions de l&#39;UEFA 2025\/26 ont commenc\u00e9 cette semaine, deux mois avant que Liverpool entre dans la phase<\/p>\n","protected":false},"author":1,"featured_media":25984,"comment_status":"closed","ping_status":"","sticky":false,"template":"","format":"standard","meta":{"footnotes":""},"categories":[3],"tags":[156,31,40,12,2245,4458,30,53,269,243,103,9840],"yoast_head":"<!-- This site is optimized with the Yoast SEO plugin v21.0 - https:\/\/yoast.com\/wordpress\/plugins\/seo\/ -->\n<title>L&#039;UEFA confirme le tweak de la Ligue des champions qui pourrait avoir un impact sur Liverpool<\/title>\n<meta name=\"robots\" content=\"index, follow, max-snippet:-1, max-image-preview:large, max-video-preview:-1\" \/>\n<link rel=\"canonical\" href=\"https:\/\/footdavant.fr\/actualites\/luefa-confirme-le-tweak-de-la-ligue-des-champions-qui-pourrait-avoir-un-impact-sur-liverpool\/\" \/>\n<meta property=\"og:locale\" content=\"fr_FR\" \/>\n<meta property=\"og:type\" content=\"article\" \/>\n<meta property=\"og:title\" content=\"L&#039;UEFA confirme le tweak de la Ligue des champions qui pourrait avoir un impact sur Liverpool\" \/>\n<meta property=\"og:description\" content=\"Les tours de qualification pour la Ligue des champions de l&#039;UEFA 2025\/26 ont commenc\u00e9 cette semaine, deux mois avant que Liverpool entre dans la phase\" \/>\n<meta property=\"og:url\" content=\"https:\/\/footdavant.fr\/actualites\/luefa-confirme-le-tweak-de-la-ligue-des-champions-qui-pourrait-avoir-un-impact-sur-liverpool\/\" \/>\n<meta property=\"og:site_name\" content=\"Foot d&#039;avant\" \/>\n<meta property=\"article:publisher\" content=\"https:\/\/www.facebook.com\/Footdavant\/\" \/>\n<meta property=\"article:published_time\" content=\"2025-07-10T11:49:24+00:00\" \/>\n<meta property=\"article:modified_time\" content=\"2025-07-10T11:49:26+00:00\" \/>\n<meta property=\"og:image\" content=\"https:\/\/footdavant.fr\/actualites\/wp-content\/uploads\/2025\/07\/1752148164_L39UEFA-confirme-le-tweak-de-la-Ligue-des-champions-qui.jpg\" \/>\n\t<meta property=\"og:image:width\" content=\"1152\" \/>\n\t<meta property=\"og:image:height\" content=\"649\" \/>\n\t<meta property=\"og:image:type\" content=\"image\/jpeg\" \/>\n<meta name=\"author\" content=\"Cl\u00e9ment\" \/>\n<meta name=\"twitter:card\" content=\"summary_large_image\" \/>\n<meta name=\"twitter:creator\" content=\"@FootdavantFr\" \/>\n<meta name=\"twitter:site\" content=\"@FootdavantFr\" \/>\n<meta name=\"twitter:label1\" content=\"\u00c9crit par\" \/>\n\t<meta name=\"twitter:data1\" content=\"Cl\u00e9ment\" \/>\n\t<meta name=\"twitter:label2\" content=\"Dur\u00e9e de lecture estim\u00e9e\" \/>\n\t<meta name=\"twitter:data2\" content=\"3 minutes\" \/>\n<script type=\"application\/ld+json\" class=\"yoast-schema-graph\">{\"@context\":\"https:\/\/schema.org\",\"@graph\":[{\"@type\":\"Article\",\"@id\":\"https:\/\/footdavant.fr\/actualites\/luefa-confirme-le-tweak-de-la-ligue-des-champions-qui-pourrait-avoir-un-impact-sur-liverpool\/#article\",\"isPartOf\":{\"@id\":\"https:\/\/footdavant.fr\/actualites\/luefa-confirme-le-tweak-de-la-ligue-des-champions-qui-pourrait-avoir-un-impact-sur-liverpool\/\"},\"author\":{\"name\":\"Cl\u00e9ment\",\"@id\":\"https:\/\/footdavant.fr\/actualites\/#\/schema\/person\/bc222566d95871b37e597b3ed3ba5e1d\"},\"headline\":\"L&#39;UEFA confirme le tweak de la Ligue des champions qui pourrait avoir un impact sur Liverpool\",\"datePublished\":\"2025-07-10T11:49:24+00:00\",\"dateModified\":\"2025-07-10T11:49:26+00:00\",\"mainEntityOfPage\":{\"@id\":\"https:\/\/footdavant.fr\/actualites\/luefa-confirme-le-tweak-de-la-ligue-des-champions-qui-pourrait-avoir-un-impact-sur-liverpool\/\"},\"wordCount\":654,\"publisher\":{\"@id\":\"https:\/\/footdavant.fr\/actualites\/#organization\"},\"keywords\":[\"avoir\",\"champions\",\"confirme\",\"des\",\"impact\",\"L39UEFA\",\"Ligue\",\"Liverpool\",\"pourrait\",\"qui\",\"sur\",\"tweak\"],\"articleSection\":[\"Football\"],\"inLanguage\":\"fr-FR\"},{\"@type\":\"WebPage\",\"@id\":\"https:\/\/footdavant.fr\/actualites\/luefa-confirme-le-tweak-de-la-ligue-des-champions-qui-pourrait-avoir-un-impact-sur-liverpool\/\",\"url\":\"https:\/\/footdavant.fr\/actualites\/luefa-confirme-le-tweak-de-la-ligue-des-champions-qui-pourrait-avoir-un-impact-sur-liverpool\/\",\"name\":\"L&#39;UEFA confirme le tweak de la Ligue des champions qui pourrait avoir un impact sur Liverpool\",\"isPartOf\":{\"@id\":\"https:\/\/footdavant.fr\/actualites\/#website\"},\"datePublished\":\"2025-07-10T11:49:24+00:00\",\"dateModified\":\"2025-07-10T11:49:26+00:00\",\"breadcrumb\":{\"@id\":\"https:\/\/footdavant.fr\/actualites\/luefa-confirme-le-tweak-de-la-ligue-des-champions-qui-pourrait-avoir-un-impact-sur-liverpool\/#breadcrumb\"},\"inLanguage\":\"fr-FR\",\"potentialAction\":[{\"@type\":\"ReadAction\",\"target\":[\"https:\/\/footdavant.fr\/actualites\/luefa-confirme-le-tweak-de-la-ligue-des-champions-qui-pourrait-avoir-un-impact-sur-liverpool\/\"]}]},{\"@type\":\"BreadcrumbList\",\"@id\":\"https:\/\/footdavant.fr\/actualites\/luefa-confirme-le-tweak-de-la-ligue-des-champions-qui-pourrait-avoir-un-impact-sur-liverpool\/#breadcrumb\",\"itemListElement\":[{\"@type\":\"ListItem\",\"position\":1,\"name\":\"Accueil\",\"item\":\"https:\/\/footdavant.fr\/actualites\/\"},{\"@type\":\"ListItem\",\"position\":2,\"name\":\"L&#39;UEFA confirme le tweak de la Ligue des champions qui pourrait avoir un impact sur Liverpool\"}]},{\"@type\":\"WebSite\",\"@id\":\"https:\/\/footdavant.fr\/actualites\/#website\",\"url\":\"https:\/\/footdavant.fr\/actualites\/\",\"name\":\"Foot d'avant\",\"description\":\"\",\"publisher\":{\"@id\":\"https:\/\/footdavant.fr\/actualites\/#organization\"},\"potentialAction\":[{\"@type\":\"SearchAction\",\"target\":{\"@type\":\"EntryPoint\",\"urlTemplate\":\"https:\/\/footdavant.fr\/actualites\/?s={search_term_string}\"},\"query-input\":\"required name=search_term_string\"}],\"inLanguage\":\"fr-FR\"},{\"@type\":\"Organization\",\"@id\":\"https:\/\/footdavant.fr\/actualites\/#organization\",\"name\":\"Foot d'avant\",\"url\":\"https:\/\/footdavant.fr\/actualites\/\",\"logo\":{\"@type\":\"ImageObject\",\"inLanguage\":\"fr-FR\",\"@id\":\"https:\/\/footdavant.fr\/actualites\/#\/schema\/logo\/image\/\",\"url\":\"https:\/\/footdavant.fr\/actualites\/wp-content\/uploads\/2023\/09\/Copy-of-FootDavant-Logo.png\",\"contentUrl\":\"https:\/\/footdavant.fr\/actualites\/wp-content\/uploads\/2023\/09\/Copy-of-FootDavant-Logo.png\",\"width\":936,\"height\":549,\"caption\":\"Foot d'avant\"},\"image\":{\"@id\":\"https:\/\/footdavant.fr\/actualites\/#\/schema\/logo\/image\/\"},\"sameAs\":[\"https:\/\/www.facebook.com\/Footdavant\/\",\"https:\/\/twitter.com\/FootdavantFr\",\"https:\/\/www.instagram.com\/footdavant.fr\/\"]},{\"@type\":\"Person\",\"@id\":\"https:\/\/footdavant.fr\/actualites\/#\/schema\/person\/bc222566d95871b37e597b3ed3ba5e1d\",\"name\":\"Cl\u00e9ment\",\"image\":{\"@type\":\"ImageObject\",\"inLanguage\":\"fr-FR\",\"@id\":\"https:\/\/footdavant.fr\/actualites\/#\/schema\/person\/image\/\",\"url\":\"https:\/\/secure.gravatar.com\/avatar\/7728b29aac2719421e1a9159b2254c44?s=96&d=mm&r=g\",\"contentUrl\":\"https:\/\/secure.gravatar.com\/avatar\/7728b29aac2719421e1a9159b2254c44?s=96&d=mm&r=g\",\"caption\":\"Cl\u00e9ment\"},\"sameAs\":[\"https:\/\/footdavant.fr\/\"]}]}<\/script>\n<!-- \/ Yoast SEO plugin. -->","yoast_head_json":{"title":"L&#39;UEFA confirme le tweak de la Ligue des champions qui pourrait avoir un impact sur Liverpool","robots":{"index":"index","follow":"follow","max-snippet":"max-snippet:-1","max-image-preview":"max-image-preview:large","max-video-preview":"max-video-preview:-1"},"canonical":"https:\/\/footdavant.fr\/actualites\/luefa-confirme-le-tweak-de-la-ligue-des-champions-qui-pourrait-avoir-un-impact-sur-liverpool\/","og_locale":"fr_FR","og_type":"article","og_title":"L&#39;UEFA confirme le tweak de la Ligue des champions qui pourrait avoir un impact sur Liverpool","og_description":"Les tours de qualification pour la Ligue des champions de l&#39;UEFA 2025\/26 ont commenc\u00e9 cette semaine, deux mois avant que Liverpool entre dans la phase","og_url":"https:\/\/footdavant.fr\/actualites\/luefa-confirme-le-tweak-de-la-ligue-des-champions-qui-pourrait-avoir-un-impact-sur-liverpool\/","og_site_name":"Foot d&#039;avant","article_publisher":"https:\/\/www.facebook.com\/Footdavant\/","article_published_time":"2025-07-10T11:49:24+00:00","article_modified_time":"2025-07-10T11:49:26+00:00","og_image":[{"width":1152,"height":649,"url":"https:\/\/footdavant.fr\/actualites\/wp-content\/uploads\/2025\/07\/1752148164_L39UEFA-confirme-le-tweak-de-la-Ligue-des-champions-qui.jpg","type":"image\/jpeg"}],"author":"Cl\u00e9ment","twitter_card":"summary_large_image","twitter_creator":"@FootdavantFr","twitter_site":"@FootdavantFr","twitter_misc":{"\u00c9crit par":"Cl\u00e9ment","Dur\u00e9e de lecture estim\u00e9e":"3 minutes"},"schema":{"@context":"https:\/\/schema.org","@graph":[{"@type":"Article","@id":"https:\/\/footdavant.fr\/actualites\/luefa-confirme-le-tweak-de-la-ligue-des-champions-qui-pourrait-avoir-un-impact-sur-liverpool\/#article","isPartOf":{"@id":"https:\/\/footdavant.fr\/actualites\/luefa-confirme-le-tweak-de-la-ligue-des-champions-qui-pourrait-avoir-un-impact-sur-liverpool\/"},"author":{"name":"Cl\u00e9ment","@id":"https:\/\/footdavant.fr\/actualites\/#\/schema\/person\/bc222566d95871b37e597b3ed3ba5e1d"},"headline":"L&#39;UEFA confirme le tweak de la Ligue des champions qui pourrait avoir un impact sur Liverpool","datePublished":"2025-07-10T11:49:24+00:00","dateModified":"2025-07-10T11:49:26+00:00","mainEntityOfPage":{"@id":"https:\/\/footdavant.fr\/actualites\/luefa-confirme-le-tweak-de-la-ligue-des-champions-qui-pourrait-avoir-un-impact-sur-liverpool\/"},"wordCount":654,"publisher":{"@id":"https:\/\/footdavant.fr\/actualites\/#organization"},"keywords":["avoir","champions","confirme","des","impact","L39UEFA","Ligue","Liverpool","pourrait","qui","sur","tweak"],"articleSection":["Football"],"inLanguage":"fr-FR"},{"@type":"WebPage","@id":"https:\/\/footdavant.fr\/actualites\/luefa-confirme-le-tweak-de-la-ligue-des-champions-qui-pourrait-avoir-un-impact-sur-liverpool\/","url":"https:\/\/footdavant.fr\/actualites\/luefa-confirme-le-tweak-de-la-ligue-des-champions-qui-pourrait-avoir-un-impact-sur-liverpool\/","name":"L&#39;UEFA confirme le tweak de la Ligue des champions qui pourrait avoir un impact sur Liverpool","isPartOf":{"@id":"https:\/\/footdavant.fr\/actualites\/#website"},"datePublished":"2025-07-10T11:49:24+00:00","dateModified":"2025-07-10T11:49:26+00:00","breadcrumb":{"@id":"https:\/\/footdavant.fr\/actualites\/luefa-confirme-le-tweak-de-la-ligue-des-champions-qui-pourrait-avoir-un-impact-sur-liverpool\/#breadcrumb"},"inLanguage":"fr-FR","potentialAction":[{"@type":"ReadAction","target":["https:\/\/footdavant.fr\/actualites\/luefa-confirme-le-tweak-de-la-ligue-des-champions-qui-pourrait-avoir-un-impact-sur-liverpool\/"]}]},{"@type":"BreadcrumbList","@id":"https:\/\/footdavant.fr\/actualites\/luefa-confirme-le-tweak-de-la-ligue-des-champions-qui-pourrait-avoir-un-impact-sur-liverpool\/#breadcrumb","itemListElement":[{"@type":"ListItem","position":1,"name":"Accueil","item":"https:\/\/footdavant.fr\/actualites\/"},{"@type":"ListItem","position":2,"name":"L&#39;UEFA confirme le tweak de la Ligue des champions qui pourrait avoir un impact sur Liverpool"}]},{"@type":"WebSite","@id":"https:\/\/footdavant.fr\/actualites\/#website","url":"https:\/\/footdavant.fr\/actualites\/","name":"Foot d'avant","description":"","publisher":{"@id":"https:\/\/footdavant.fr\/actualites\/#organization"},"potentialAction":[{"@type":"SearchAction","target":{"@type":"EntryPoint","urlTemplate":"https:\/\/footdavant.fr\/actualites\/?s={search_term_string}"},"query-input":"required name=search_term_string"}],"inLanguage":"fr-FR"},{"@type":"Organization","@id":"https:\/\/footdavant.fr\/actualites\/#organization","name":"Foot d'avant","url":"https:\/\/footdavant.fr\/actualites\/","logo":{"@type":"ImageObject","inLanguage":"fr-FR","@id":"https:\/\/footdavant.fr\/actualites\/#\/schema\/logo\/image\/","url":"https:\/\/footdavant.fr\/actualites\/wp-content\/uploads\/2023\/09\/Copy-of-FootDavant-Logo.png","contentUrl":"https:\/\/footdavant.fr\/actualites\/wp-content\/uploads\/2023\/09\/Copy-of-FootDavant-Logo.png","width":936,"height":549,"caption":"Foot d'avant"},"image":{"@id":"https:\/\/footdavant.fr\/actualites\/#\/schema\/logo\/image\/"},"sameAs":["https:\/\/www.facebook.com\/Footdavant\/","https:\/\/twitter.com\/FootdavantFr","https:\/\/www.instagram.com\/footdavant.fr\/"]},{"@type":"Person","@id":"https:\/\/footdavant.fr\/actualites\/#\/schema\/person\/bc222566d95871b37e597b3ed3ba5e1d","name":"Cl\u00e9ment","image":{"@type":"ImageObject","inLanguage":"fr-FR","@id":"https:\/\/footdavant.fr\/actualites\/#\/schema\/person\/image\/","url":"https:\/\/secure.gravatar.com\/avatar\/7728b29aac2719421e1a9159b2254c44?s=96&d=mm&r=g","contentUrl":"https:\/\/secure.gravatar.com\/avatar\/7728b29aac2719421e1a9159b2254c44?s=96&d=mm&r=g","caption":"Cl\u00e9ment"},"sameAs":["https:\/\/footdavant.fr\/"]}]}},"_links":{"self":[{"href":"https:\/\/footdavant.fr\/actualites\/wp-json\/wp\/v2\/posts\/25983"}],"collection":[{"href":"https:\/\/footdavant.fr\/actualites\/wp-json\/wp\/v2\/posts"}],"about":[{"href":"https:\/\/footdavant.fr\/actualites\/wp-json\/wp\/v2\/types\/post"}],"author":[{"embeddable":true,"href":"https:\/\/footdavant.fr\/actualites\/wp-json\/wp\/v2\/users\/1"}],"replies":[{"embeddable":true,"href":"https:\/\/footdavant.fr\/actualites\/wp-json\/wp\/v2\/comments?post=25983"}],"version-history":[{"count":1,"href":"https:\/\/footdavant.fr\/actualites\/wp-json\/wp\/v2\/posts\/25983\/revisions"}],"predecessor-version":[{"id":25985,"href":"https:\/\/footdavant.fr\/actualites\/wp-json\/wp\/v2\/posts\/25983\/revisions\/25985"}],"wp:featuredmedia":[{"embeddable":true,"href":"https:\/\/footdavant.fr\/actualites\/wp-json\/wp\/v2\/media\/25984"}],"wp:attachment":[{"href":"https:\/\/footdavant.fr\/actualites\/wp-json\/wp\/v2\/media?parent=25983"}],"wp:term":[{"taxonomy":"category","embeddable":true,"href":"https:\/\/footdavant.fr\/actualites\/wp-json\/wp\/v2\/categories?post=25983"},{"taxonomy":"post_tag","embeddable":true,"href":"https:\/\/footdavant.fr\/actualites\/wp-json\/wp\/v2\/tags?post=25983"}],"curies":[{"name":"wp","href":"https:\/\/api.w.org\/{rel}","templated":true}]}}