{"id":2615,"date":"2023-12-16T19:09:14","date_gmt":"2023-12-16T18:09:14","guid":{"rendered":"https:\/\/footdavant.fr\/actualites\/erik-ten-hag-explique-linclusion-de-raphael-varane-contre-le-bayern-munich\/"},"modified":"2023-12-16T19:09:15","modified_gmt":"2023-12-16T18:09:15","slug":"erik-ten-hag-explique-linclusion-de-raphael-varane-contre-le-bayern-munich","status":"publish","type":"post","link":"https:\/\/footdavant.fr\/actualites\/erik-ten-hag-explique-linclusion-de-raphael-varane-contre-le-bayern-munich\/","title":{"rendered":"Erik Ten Hag explique l&rsquo;inclusion de Raphael Varane contre le Bayern Munich"},"content":{"rendered":"<p>L&rsquo;entra\u00eeneur-chef de Manchester United, Erik ten Hag, a d\u00e9clar\u00e9 que l&rsquo;exp\u00e9rience de Raphael Varane \u00e9tait l&rsquo;une des principales raisons pour lesquelles le Fran\u00e7ais a \u00e9t\u00e9 inclus dans le onze de d\u00e9part de l&rsquo;\u00e9quipe contre le Bayern Munich.<\/p>\n<div id=\"article_body\" itemprop=\"articleBody\">\n<h3 class=\"firstPara\">\n<strong class=\"autotag\">Manchester United<\/strong> l&rsquo;entra\u00eeneur-chef <strong class=\"autotag\">Erik Ten Hag<\/strong> dit que <strong class=\"autotag\">Rapha\u00ebl Varane<\/strong>L&rsquo;exp\u00e9rience de a \u00e9t\u00e9 l&rsquo;une des principales raisons pour lesquelles le Fran\u00e7ais a \u00e9t\u00e9 inclus dans le onze de d\u00e9part de l&rsquo;\u00e9quipe contre <strong class=\"autotag\">Bayern Munich<\/strong>.<\/h3>\n<p>Varane est r\u00e9cemment tomb\u00e9 en disgr\u00e2ce en d\u00e9fense, avec <strong class=\"autotag\">Harry Maguire<\/strong>, <strong class=\"autotag\">Jonny Evans<\/strong>, <strong class=\"autotag\">Luc Shaw<\/strong> et <strong class=\"autotag\">Victor Lindelof<\/strong> tous choisis devant lui ces derni\u00e8res semaines.<\/p>\n<p>Cependant, le d\u00e9fenseur central fait partie du onze pour le match incontournable de mardi. <strong class=\"autotag\">Ligue des champions<\/strong> contre le Bayern, \u00e9tant pr\u00e9f\u00e9r\u00e9 \u00e0 Evans, qui est sur le banc.<\/p>\n<p>Lindelof est absent pour cause de maladie, mais Ten Hag avait la possibilit\u00e9 de garder Shaw en d\u00e9fense centrale et de le nommer. <strong class=\"autotag\">Sergio R\u00e9guilon<\/strong> \u00e0 l&rsquo;arri\u00e8re gauche.<\/p>\n<p>Ten Hag a d\u00e9clar\u00e9 avant le match que l&rsquo;exp\u00e9rience de Varane \u00e9tait l&rsquo;une des principales raisons pour lesquelles il avait rappel\u00e9 le joueur de 30 ans pour le match europ\u00e9en \u00e0 Manchester.<\/p>\n<p class=\"imgI\">\n<p>\u00ab\u00a0Nous devons \u00eatre forts en d\u00e9fense aujourd&rsquo;hui. Il est tr\u00e8s exp\u00e9riment\u00e9. Surtout contre le Bayern, nous devons d\u00e9fendre fort\u00a0\u00bb, a d\u00e9clar\u00e9 l&rsquo;entra\u00eeneur. <em>TNT Sports<\/em> avant l&rsquo;affrontement.<\/p>\n<p>Varane a \u00e9t\u00e9 limit\u00e9 \u00e0 seulement 12 apparitions pour Man United cette saison, son dernier d\u00e9part ayant eu lieu contre Copenhague \u00e0 Old Trafford le 24 octobre.<\/p>\n<p>Le d\u00e9fenseur n&rsquo;a particip\u00e9 \u00e0 aucun des quatre derniers matches de championnat de son \u00e9quipe et certains pr\u00e9tendent qu&rsquo;il s&rsquo;\u00e9tait brouill\u00e9 avec Ten Hag, mais l&rsquo;ancien d\u00e9fenseur du Real Madrid est dans le onze ce soir.<\/p>\n<p>On ne peut pas en dire autant de <strong class=\"autotag\">Marcus Rashford<\/strong>car l&rsquo;international anglais est malade, alors qu&rsquo;une maladie a \u00e9galement r\u00e9gn\u00e9 <strong class=\"autotag\">Antoine Martial<\/strong> dehors, avec <strong class=\"autotag\">Rasmus Hojlund<\/strong> \u00e9tant rappel\u00e9 \u00e0 l\u2019avant-centre.<\/p>\n<p class=\"imgI\"><img decoding=\"async\" loading=\"lazy\" class=\"l\" src=\"https:\/\/footdavant.fr\/actualites\/wp-content\/uploads\/2023\/12\/Erik-Ten-Hag-explique-linclusion-de-Raphael-Varane-contre-le.JPG\" title=\"L'attaquant de Manchester United Marcus Rashford le 2 d\u00e9cembre 2023\" alt=\"L'attaquant de Manchester United Marcus Rashford le 2 d\u00e9cembre 2023\" width=\"640\" height=\"480\"><\/p>\n<p>\u00ab\u00a0Vous avez besoin d&rsquo;une \u00e9quipe forte pour ce match. Cela limite vos opportunit\u00e9s depuis le banc. Surtout contre le Bayern, vous devez faire beaucoup d&rsquo;efforts, vous avez donc besoin de rempla\u00e7ants\u00a0\u00bb, a ajout\u00e9 Ten Hag avant le match lorsqu&rsquo;on l&rsquo;a interrog\u00e9 sur le match de Rashford. absence.<\/p>\n<p>\u00ab\u00a0Ils peuvent marquer, m\u00eame lorsqu&rsquo;ils ne sont pas dans le match, car ils ont tellement de qualit\u00e9s individuelles. Ils se cr\u00e9eront toujours des occasions.<\/p>\n<p>\u00ab\u00a0Mais ils ont aussi quelques faiblesses. Nous devons donc \u00eatre courageux et profiter de nos moments. Quand vous jouez uniquement autour de votre propre surface, vous perdrez toujours contre le Bayern, car ils trouveront un \u00e9cart pour marquer un but.\u00a0\u00bb<\/p>\n<p>Man United doit battre le Bayern puis esp\u00e9rer que l&rsquo;autre match de la section entre Copenhague et Galatasaray soit un match nul afin de se qualifier pour les huiti\u00e8mes de finale de la comp\u00e9tition.<\/p>\n<\/div>\n","protected":false},"excerpt":{"rendered":"<p>L&rsquo;entra\u00eeneur-chef de Manchester United, Erik ten Hag, a d\u00e9clar\u00e9 que l&rsquo;exp\u00e9rience de Raphael Varane \u00e9tait l&rsquo;une des principales raisons pour lesquelles le Fran\u00e7ais a \u00e9t\u00e9<\/p>\n","protected":false},"author":1,"featured_media":2616,"comment_status":"closed","ping_status":"","sticky":false,"template":"","format":"standard","meta":{"footnotes":""},"categories":[4],"tags":[340,20,190,577,192,2286,341,1076,191,1077],"yoast_head":"<!-- This site is optimized with the Yoast SEO plugin v21.0 - https:\/\/yoast.com\/wordpress\/plugins\/seo\/ -->\n<title>Erik Ten Hag explique l&#039;inclusion de Raphael Varane contre le Bayern Munich<\/title>\n<meta name=\"robots\" content=\"index, follow, max-snippet:-1, max-image-preview:large, max-video-preview:-1\" \/>\n<link rel=\"canonical\" href=\"https:\/\/footdavant.fr\/actualites\/erik-ten-hag-explique-linclusion-de-raphael-varane-contre-le-bayern-munich\/\" \/>\n<meta property=\"og:locale\" content=\"fr_FR\" \/>\n<meta property=\"og:type\" content=\"article\" \/>\n<meta property=\"og:title\" content=\"Erik Ten Hag explique l&#039;inclusion de Raphael Varane contre le Bayern Munich\" \/>\n<meta property=\"og:description\" content=\"L&rsquo;entra\u00eeneur-chef de Manchester United, Erik ten Hag, a d\u00e9clar\u00e9 que l&rsquo;exp\u00e9rience de Raphael Varane \u00e9tait l&rsquo;une des principales raisons pour lesquelles le Fran\u00e7ais a \u00e9t\u00e9\" \/>\n<meta property=\"og:url\" content=\"https:\/\/footdavant.fr\/actualites\/erik-ten-hag-explique-linclusion-de-raphael-varane-contre-le-bayern-munich\/\" \/>\n<meta property=\"og:site_name\" content=\"Foot d&#039;avant\" \/>\n<meta property=\"article:publisher\" content=\"https:\/\/www.facebook.com\/Footdavant\/\" \/>\n<meta property=\"article:published_time\" content=\"2023-12-16T18:09:14+00:00\" \/>\n<meta property=\"article:modified_time\" content=\"2023-12-16T18:09:15+00:00\" \/>\n<meta property=\"og:image\" content=\"https:\/\/footdavant.fr\/actualites\/wp-content\/uploads\/2023\/12\/Erik-Ten-Hag-explique-linclusion-de-Raphael-Varane-contre-le.jpg\" \/>\n\t<meta property=\"og:image:width\" content=\"640\" \/>\n\t<meta property=\"og:image:height\" content=\"480\" \/>\n\t<meta property=\"og:image:type\" content=\"image\/jpeg\" \/>\n<meta name=\"author\" content=\"Cl\u00e9ment\" \/>\n<meta name=\"twitter:card\" content=\"summary_large_image\" \/>\n<meta name=\"twitter:creator\" content=\"@FootdavantFr\" \/>\n<meta name=\"twitter:site\" content=\"@FootdavantFr\" \/>\n<meta name=\"twitter:label1\" content=\"\u00c9crit par\" \/>\n\t<meta name=\"twitter:data1\" content=\"Cl\u00e9ment\" \/>\n\t<meta name=\"twitter:label2\" content=\"Dur\u00e9e de lecture estim\u00e9e\" \/>\n\t<meta name=\"twitter:data2\" content=\"2 minutes\" \/>\n<script type=\"application\/ld+json\" class=\"yoast-schema-graph\">{\"@context\":\"https:\/\/schema.org\",\"@graph\":[{\"@type\":\"Article\",\"@id\":\"https:\/\/footdavant.fr\/actualites\/erik-ten-hag-explique-linclusion-de-raphael-varane-contre-le-bayern-munich\/#article\",\"isPartOf\":{\"@id\":\"https:\/\/footdavant.fr\/actualites\/erik-ten-hag-explique-linclusion-de-raphael-varane-contre-le-bayern-munich\/\"},\"author\":{\"name\":\"Cl\u00e9ment\",\"@id\":\"https:\/\/footdavant.fr\/actualites\/#\/schema\/person\/bc222566d95871b37e597b3ed3ba5e1d\"},\"headline\":\"Erik Ten Hag explique l&rsquo;inclusion de Raphael Varane contre le Bayern Munich\",\"datePublished\":\"2023-12-16T18:09:14+00:00\",\"dateModified\":\"2023-12-16T18:09:15+00:00\",\"mainEntityOfPage\":{\"@id\":\"https:\/\/footdavant.fr\/actualites\/erik-ten-hag-explique-linclusion-de-raphael-varane-contre-le-bayern-munich\/\"},\"wordCount\":497,\"publisher\":{\"@id\":\"https:\/\/footdavant.fr\/actualites\/#organization\"},\"keywords\":[\"Bayern\",\"contre\",\"Erik\",\"explique\",\"Hag\",\"linclusion\",\"Munich\",\"Raphael\",\"ten\",\"Varane\"],\"articleSection\":[\"Champions League\"],\"inLanguage\":\"fr-FR\"},{\"@type\":\"WebPage\",\"@id\":\"https:\/\/footdavant.fr\/actualites\/erik-ten-hag-explique-linclusion-de-raphael-varane-contre-le-bayern-munich\/\",\"url\":\"https:\/\/footdavant.fr\/actualites\/erik-ten-hag-explique-linclusion-de-raphael-varane-contre-le-bayern-munich\/\",\"name\":\"Erik Ten Hag explique l'inclusion de Raphael Varane contre le Bayern Munich\",\"isPartOf\":{\"@id\":\"https:\/\/footdavant.fr\/actualites\/#website\"},\"datePublished\":\"2023-12-16T18:09:14+00:00\",\"dateModified\":\"2023-12-16T18:09:15+00:00\",\"breadcrumb\":{\"@id\":\"https:\/\/footdavant.fr\/actualites\/erik-ten-hag-explique-linclusion-de-raphael-varane-contre-le-bayern-munich\/#breadcrumb\"},\"inLanguage\":\"fr-FR\",\"potentialAction\":[{\"@type\":\"ReadAction\",\"target\":[\"https:\/\/footdavant.fr\/actualites\/erik-ten-hag-explique-linclusion-de-raphael-varane-contre-le-bayern-munich\/\"]}]},{\"@type\":\"BreadcrumbList\",\"@id\":\"https:\/\/footdavant.fr\/actualites\/erik-ten-hag-explique-linclusion-de-raphael-varane-contre-le-bayern-munich\/#breadcrumb\",\"itemListElement\":[{\"@type\":\"ListItem\",\"position\":1,\"name\":\"Accueil\",\"item\":\"https:\/\/footdavant.fr\/actualites\/\"},{\"@type\":\"ListItem\",\"position\":2,\"name\":\"Erik Ten Hag explique l&rsquo;inclusion de Raphael Varane contre le Bayern Munich\"}]},{\"@type\":\"WebSite\",\"@id\":\"https:\/\/footdavant.fr\/actualites\/#website\",\"url\":\"https:\/\/footdavant.fr\/actualites\/\",\"name\":\"Foot d'avant\",\"description\":\"\",\"publisher\":{\"@id\":\"https:\/\/footdavant.fr\/actualites\/#organization\"},\"potentialAction\":[{\"@type\":\"SearchAction\",\"target\":{\"@type\":\"EntryPoint\",\"urlTemplate\":\"https:\/\/footdavant.fr\/actualites\/?s={search_term_string}\"},\"query-input\":\"required name=search_term_string\"}],\"inLanguage\":\"fr-FR\"},{\"@type\":\"Organization\",\"@id\":\"https:\/\/footdavant.fr\/actualites\/#organization\",\"name\":\"Foot d'avant\",\"url\":\"https:\/\/footdavant.fr\/actualites\/\",\"logo\":{\"@type\":\"ImageObject\",\"inLanguage\":\"fr-FR\",\"@id\":\"https:\/\/footdavant.fr\/actualites\/#\/schema\/logo\/image\/\",\"url\":\"https:\/\/footdavant.fr\/actualites\/wp-content\/uploads\/2023\/09\/Copy-of-FootDavant-Logo.png\",\"contentUrl\":\"https:\/\/footdavant.fr\/actualites\/wp-content\/uploads\/2023\/09\/Copy-of-FootDavant-Logo.png\",\"width\":936,\"height\":549,\"caption\":\"Foot d'avant\"},\"image\":{\"@id\":\"https:\/\/footdavant.fr\/actualites\/#\/schema\/logo\/image\/\"},\"sameAs\":[\"https:\/\/www.facebook.com\/Footdavant\/\",\"https:\/\/twitter.com\/FootdavantFr\",\"https:\/\/www.instagram.com\/footdavant.fr\/\"]},{\"@type\":\"Person\",\"@id\":\"https:\/\/footdavant.fr\/actualites\/#\/schema\/person\/bc222566d95871b37e597b3ed3ba5e1d\",\"name\":\"Cl\u00e9ment\",\"image\":{\"@type\":\"ImageObject\",\"inLanguage\":\"fr-FR\",\"@id\":\"https:\/\/footdavant.fr\/actualites\/#\/schema\/person\/image\/\",\"url\":\"https:\/\/secure.gravatar.com\/avatar\/7728b29aac2719421e1a9159b2254c44?s=96&d=mm&r=g\",\"contentUrl\":\"https:\/\/secure.gravatar.com\/avatar\/7728b29aac2719421e1a9159b2254c44?s=96&d=mm&r=g\",\"caption\":\"Cl\u00e9ment\"},\"sameAs\":[\"https:\/\/footdavant.fr\/\"]}]}<\/script>\n<!-- \/ Yoast SEO plugin. -->","yoast_head_json":{"title":"Erik Ten Hag explique l'inclusion de Raphael Varane contre le Bayern Munich","robots":{"index":"index","follow":"follow","max-snippet":"max-snippet:-1","max-image-preview":"max-image-preview:large","max-video-preview":"max-video-preview:-1"},"canonical":"https:\/\/footdavant.fr\/actualites\/erik-ten-hag-explique-linclusion-de-raphael-varane-contre-le-bayern-munich\/","og_locale":"fr_FR","og_type":"article","og_title":"Erik Ten Hag explique l'inclusion de Raphael Varane contre le Bayern Munich","og_description":"L&rsquo;entra\u00eeneur-chef de Manchester United, Erik ten Hag, a d\u00e9clar\u00e9 que l&rsquo;exp\u00e9rience de Raphael Varane \u00e9tait l&rsquo;une des principales raisons pour lesquelles le Fran\u00e7ais a \u00e9t\u00e9","og_url":"https:\/\/footdavant.fr\/actualites\/erik-ten-hag-explique-linclusion-de-raphael-varane-contre-le-bayern-munich\/","og_site_name":"Foot d&#039;avant","article_publisher":"https:\/\/www.facebook.com\/Footdavant\/","article_published_time":"2023-12-16T18:09:14+00:00","article_modified_time":"2023-12-16T18:09:15+00:00","og_image":[{"width":640,"height":480,"url":"https:\/\/footdavant.fr\/actualites\/wp-content\/uploads\/2023\/12\/Erik-Ten-Hag-explique-linclusion-de-Raphael-Varane-contre-le.jpg","type":"image\/jpeg"}],"author":"Cl\u00e9ment","twitter_card":"summary_large_image","twitter_creator":"@FootdavantFr","twitter_site":"@FootdavantFr","twitter_misc":{"\u00c9crit par":"Cl\u00e9ment","Dur\u00e9e de lecture estim\u00e9e":"2 minutes"},"schema":{"@context":"https:\/\/schema.org","@graph":[{"@type":"Article","@id":"https:\/\/footdavant.fr\/actualites\/erik-ten-hag-explique-linclusion-de-raphael-varane-contre-le-bayern-munich\/#article","isPartOf":{"@id":"https:\/\/footdavant.fr\/actualites\/erik-ten-hag-explique-linclusion-de-raphael-varane-contre-le-bayern-munich\/"},"author":{"name":"Cl\u00e9ment","@id":"https:\/\/footdavant.fr\/actualites\/#\/schema\/person\/bc222566d95871b37e597b3ed3ba5e1d"},"headline":"Erik Ten Hag explique l&rsquo;inclusion de Raphael Varane contre le Bayern Munich","datePublished":"2023-12-16T18:09:14+00:00","dateModified":"2023-12-16T18:09:15+00:00","mainEntityOfPage":{"@id":"https:\/\/footdavant.fr\/actualites\/erik-ten-hag-explique-linclusion-de-raphael-varane-contre-le-bayern-munich\/"},"wordCount":497,"publisher":{"@id":"https:\/\/footdavant.fr\/actualites\/#organization"},"keywords":["Bayern","contre","Erik","explique","Hag","linclusion","Munich","Raphael","ten","Varane"],"articleSection":["Champions League"],"inLanguage":"fr-FR"},{"@type":"WebPage","@id":"https:\/\/footdavant.fr\/actualites\/erik-ten-hag-explique-linclusion-de-raphael-varane-contre-le-bayern-munich\/","url":"https:\/\/footdavant.fr\/actualites\/erik-ten-hag-explique-linclusion-de-raphael-varane-contre-le-bayern-munich\/","name":"Erik Ten Hag explique l'inclusion de Raphael Varane contre le Bayern Munich","isPartOf":{"@id":"https:\/\/footdavant.fr\/actualites\/#website"},"datePublished":"2023-12-16T18:09:14+00:00","dateModified":"2023-12-16T18:09:15+00:00","breadcrumb":{"@id":"https:\/\/footdavant.fr\/actualites\/erik-ten-hag-explique-linclusion-de-raphael-varane-contre-le-bayern-munich\/#breadcrumb"},"inLanguage":"fr-FR","potentialAction":[{"@type":"ReadAction","target":["https:\/\/footdavant.fr\/actualites\/erik-ten-hag-explique-linclusion-de-raphael-varane-contre-le-bayern-munich\/"]}]},{"@type":"BreadcrumbList","@id":"https:\/\/footdavant.fr\/actualites\/erik-ten-hag-explique-linclusion-de-raphael-varane-contre-le-bayern-munich\/#breadcrumb","itemListElement":[{"@type":"ListItem","position":1,"name":"Accueil","item":"https:\/\/footdavant.fr\/actualites\/"},{"@type":"ListItem","position":2,"name":"Erik Ten Hag explique l&rsquo;inclusion de Raphael Varane contre le Bayern Munich"}]},{"@type":"WebSite","@id":"https:\/\/footdavant.fr\/actualites\/#website","url":"https:\/\/footdavant.fr\/actualites\/","name":"Foot d'avant","description":"","publisher":{"@id":"https:\/\/footdavant.fr\/actualites\/#organization"},"potentialAction":[{"@type":"SearchAction","target":{"@type":"EntryPoint","urlTemplate":"https:\/\/footdavant.fr\/actualites\/?s={search_term_string}"},"query-input":"required name=search_term_string"}],"inLanguage":"fr-FR"},{"@type":"Organization","@id":"https:\/\/footdavant.fr\/actualites\/#organization","name":"Foot d'avant","url":"https:\/\/footdavant.fr\/actualites\/","logo":{"@type":"ImageObject","inLanguage":"fr-FR","@id":"https:\/\/footdavant.fr\/actualites\/#\/schema\/logo\/image\/","url":"https:\/\/footdavant.fr\/actualites\/wp-content\/uploads\/2023\/09\/Copy-of-FootDavant-Logo.png","contentUrl":"https:\/\/footdavant.fr\/actualites\/wp-content\/uploads\/2023\/09\/Copy-of-FootDavant-Logo.png","width":936,"height":549,"caption":"Foot d'avant"},"image":{"@id":"https:\/\/footdavant.fr\/actualites\/#\/schema\/logo\/image\/"},"sameAs":["https:\/\/www.facebook.com\/Footdavant\/","https:\/\/twitter.com\/FootdavantFr","https:\/\/www.instagram.com\/footdavant.fr\/"]},{"@type":"Person","@id":"https:\/\/footdavant.fr\/actualites\/#\/schema\/person\/bc222566d95871b37e597b3ed3ba5e1d","name":"Cl\u00e9ment","image":{"@type":"ImageObject","inLanguage":"fr-FR","@id":"https:\/\/footdavant.fr\/actualites\/#\/schema\/person\/image\/","url":"https:\/\/secure.gravatar.com\/avatar\/7728b29aac2719421e1a9159b2254c44?s=96&d=mm&r=g","contentUrl":"https:\/\/secure.gravatar.com\/avatar\/7728b29aac2719421e1a9159b2254c44?s=96&d=mm&r=g","caption":"Cl\u00e9ment"},"sameAs":["https:\/\/footdavant.fr\/"]}]}},"_links":{"self":[{"href":"https:\/\/footdavant.fr\/actualites\/wp-json\/wp\/v2\/posts\/2615"}],"collection":[{"href":"https:\/\/footdavant.fr\/actualites\/wp-json\/wp\/v2\/posts"}],"about":[{"href":"https:\/\/footdavant.fr\/actualites\/wp-json\/wp\/v2\/types\/post"}],"author":[{"embeddable":true,"href":"https:\/\/footdavant.fr\/actualites\/wp-json\/wp\/v2\/users\/1"}],"replies":[{"embeddable":true,"href":"https:\/\/footdavant.fr\/actualites\/wp-json\/wp\/v2\/comments?post=2615"}],"version-history":[{"count":1,"href":"https:\/\/footdavant.fr\/actualites\/wp-json\/wp\/v2\/posts\/2615\/revisions"}],"predecessor-version":[{"id":2617,"href":"https:\/\/footdavant.fr\/actualites\/wp-json\/wp\/v2\/posts\/2615\/revisions\/2617"}],"wp:featuredmedia":[{"embeddable":true,"href":"https:\/\/footdavant.fr\/actualites\/wp-json\/wp\/v2\/media\/2616"}],"wp:attachment":[{"href":"https:\/\/footdavant.fr\/actualites\/wp-json\/wp\/v2\/media?parent=2615"}],"wp:term":[{"taxonomy":"category","embeddable":true,"href":"https:\/\/footdavant.fr\/actualites\/wp-json\/wp\/v2\/categories?post=2615"},{"taxonomy":"post_tag","embeddable":true,"href":"https:\/\/footdavant.fr\/actualites\/wp-json\/wp\/v2\/tags?post=2615"}],"curies":[{"name":"wp","href":"https:\/\/api.w.org\/{rel}","templated":true}]}}