{"id":2623,"date":"2023-12-16T22:14:44","date_gmt":"2023-12-16T21:14:44","guid":{"rendered":"https:\/\/footdavant.fr\/actualites\/la-premier-league-risque-t-elle-de-perdre-sa-place-en-ligue-des-champions\/"},"modified":"2023-12-16T22:14:45","modified_gmt":"2023-12-16T21:14:45","slug":"la-premier-league-risque-t-elle-de-perdre-sa-place-en-ligue-des-champions","status":"publish","type":"post","link":"https:\/\/footdavant.fr\/actualites\/la-premier-league-risque-t-elle-de-perdre-sa-place-en-ligue-des-champions\/","title":{"rendered":"La Premier League risque-t-elle de perdre sa place en Ligue des Champions ?"},"content":{"rendered":"<p>La Premier League risque apparemment de perdre une place suppl\u00e9mentaire en Ligue des champions si les r\u00e9sultats vont \u00e0 l\u2019encontre de certaines de ses \u00e9quipes cette semaine.<\/p>\n<div id=\"article_body\" itemprop=\"articleBody\">\n<h3 class=\"firstPara\">La Premier League risque apparemment de perdre un extra <strong class=\"autotag\">Ligue des champions<\/strong> un endroit qui \u00e9tait auparavant per\u00e7u comme une fatalit\u00e9.<\/h3>\n<p>Lorsque le nouveau format de la premi\u00e8re comp\u00e9tition de football europ\u00e9en a \u00e9t\u00e9 annonc\u00e9, il est devenu \u00e9vident que quatre places suppl\u00e9mentaires seraient disponibles.<\/p>\n<p>La moiti\u00e9 de ces places seront attribu\u00e9es aux nations les plus performantes lors de la campagne pr\u00e9c\u00e9dente, l&rsquo;accent \u00e9tant mis sur le fait que les nations pourront b\u00e9n\u00e9ficier d&rsquo;une r\u00e9ussite collective.<\/p>\n<p>Si la Premier League peut se targuer d&rsquo;avoir plus de repr\u00e9sentants en Europe que quiconque, les mauvais r\u00e9sultats de <strong class=\"autotag\">Manchester United<\/strong> et <strong class=\"autotag\">Newcastle United<\/strong> ont affaibli les efforts visant \u00e0 remporter une cinqui\u00e8me place en Ligue des champions.<\/p>\n<p>Avant la derni\u00e8re journ\u00e9e, l&rsquo;Allemagne et l&rsquo;Espagne occupent les deux premi\u00e8res places, l&rsquo;Italie devant \u00e9galement l&rsquo;Angleterre dans le classement des points 2023-24.<\/p>\n<p class=\"imgI\">\n<p>Bien que <strong class=\"autotag\">Manchester City<\/strong> et <strong class=\"autotag\">Arsenal<\/strong> ont d\u00e9j\u00e0 remport\u00e9 leurs groupes respectifs, Man United et Newcastle risquent de rater les huiti\u00e8mes de finale et d&rsquo;\u00eatre compl\u00e8tement \u00e9limin\u00e9s de l&rsquo;Europe.<\/p>\n<p>Man United doit vaincre le Bayern Munich et esp\u00e9rer que Copenhague et Galatasaray fassent match nul s&rsquo;ils veulent atteindre les huiti\u00e8mes de finale de la Ligue des champions.<\/p>\n<p>Si United veut se contenter d&rsquo;une place en Ligue Europa, il doit \u00e9viter la d\u00e9faite contre le Bayern et esp\u00e9rer que Galatasaray batte Copenhague, qu&rsquo;il devancerait face \u00e0 face avec des buts marqu\u00e9s ou une diff\u00e9rence de buts.<\/p>\n<p>Pendant ce temps, Newcastle doit battre l&rsquo;AC Milan et esp\u00e9rer que le Borussia Dortmund \u00e9vitera la d\u00e9faite face au Paris Saint-Germain s&rsquo;il veut passer \u00e0 la phase suivante.<\/p>\n<p>Un match nul suffirait pour que Newcastle soit r\u00e9trograd\u00e9 en Ligue Europa, mais une d\u00e9faite contre l&rsquo;AC Milan mettrait fin pr\u00e9matur\u00e9ment \u00e0 sa campagne europ\u00e9enne.<\/p>\n<p>La Premier League est d\u00e9j\u00e0 assur\u00e9e de voir trois \u00e9quipes progresser en Ligue Europa gr\u00e2ce \u00e0 <strong class=\"autotag\">Liverpool<\/strong>, <strong class=\"autotag\">Brighton et Hove Albion<\/strong> et <strong class=\"autotag\">West Ham United<\/strong>alors que <strong class=\"autotag\">Aston Villa<\/strong> ont obtenu au minimum une place pour les 32 derni\u00e8res places en Ligue Europa Conf\u00e9rence.<\/p>\n<\/div>\n","protected":false},"excerpt":{"rendered":"<p>La Premier League risque apparemment de perdre une place suppl\u00e9mentaire en Ligue des champions si les r\u00e9sultats vont \u00e0 l\u2019encontre de certaines de ses \u00e9quipes<\/p>\n","protected":false},"author":1,"featured_media":2624,"comment_status":"closed","ping_status":"","sticky":false,"template":"","format":"standard","meta":{"footnotes":""},"categories":[4],"tags":[31,12,202,30,2296,147,201,2295],"yoast_head":"<!-- This site is optimized with the Yoast SEO plugin v21.0 - https:\/\/yoast.com\/wordpress\/plugins\/seo\/ -->\n<title>La Premier League risque-t-elle de perdre sa place en Ligue des Champions ?<\/title>\n<meta name=\"robots\" content=\"index, follow, max-snippet:-1, max-image-preview:large, max-video-preview:-1\" \/>\n<link rel=\"canonical\" href=\"https:\/\/footdavant.fr\/actualites\/la-premier-league-risque-t-elle-de-perdre-sa-place-en-ligue-des-champions\/\" \/>\n<meta property=\"og:locale\" content=\"fr_FR\" \/>\n<meta property=\"og:type\" content=\"article\" \/>\n<meta property=\"og:title\" content=\"La Premier League risque-t-elle de perdre sa place en Ligue des Champions ?\" \/>\n<meta property=\"og:description\" content=\"La Premier League risque apparemment de perdre une place suppl\u00e9mentaire en Ligue des champions si les r\u00e9sultats vont \u00e0 l\u2019encontre de certaines de ses \u00e9quipes\" \/>\n<meta property=\"og:url\" content=\"https:\/\/footdavant.fr\/actualites\/la-premier-league-risque-t-elle-de-perdre-sa-place-en-ligue-des-champions\/\" \/>\n<meta property=\"og:site_name\" content=\"Foot d&#039;avant\" \/>\n<meta property=\"article:publisher\" content=\"https:\/\/www.facebook.com\/Footdavant\/\" \/>\n<meta property=\"article:published_time\" content=\"2023-12-16T21:14:44+00:00\" \/>\n<meta property=\"article:modified_time\" content=\"2023-12-16T21:14:45+00:00\" \/>\n<meta property=\"og:image\" content=\"https:\/\/footdavant.fr\/actualites\/wp-content\/uploads\/2023\/12\/La-Premier-League-risque-t-elle-de-perdre-sa-place-en-Ligue.jpg\" \/>\n\t<meta property=\"og:image:width\" content=\"640\" \/>\n\t<meta property=\"og:image:height\" content=\"480\" \/>\n\t<meta property=\"og:image:type\" content=\"image\/jpeg\" \/>\n<meta name=\"author\" content=\"Cl\u00e9ment\" \/>\n<meta name=\"twitter:card\" content=\"summary_large_image\" \/>\n<meta name=\"twitter:creator\" content=\"@FootdavantFr\" \/>\n<meta name=\"twitter:site\" content=\"@FootdavantFr\" \/>\n<meta name=\"twitter:label1\" content=\"\u00c9crit par\" \/>\n\t<meta name=\"twitter:data1\" content=\"Cl\u00e9ment\" \/>\n\t<meta name=\"twitter:label2\" content=\"Dur\u00e9e de lecture estim\u00e9e\" \/>\n\t<meta name=\"twitter:data2\" content=\"2 minutes\" \/>\n<script type=\"application\/ld+json\" class=\"yoast-schema-graph\">{\"@context\":\"https:\/\/schema.org\",\"@graph\":[{\"@type\":\"Article\",\"@id\":\"https:\/\/footdavant.fr\/actualites\/la-premier-league-risque-t-elle-de-perdre-sa-place-en-ligue-des-champions\/#article\",\"isPartOf\":{\"@id\":\"https:\/\/footdavant.fr\/actualites\/la-premier-league-risque-t-elle-de-perdre-sa-place-en-ligue-des-champions\/\"},\"author\":{\"name\":\"Cl\u00e9ment\",\"@id\":\"https:\/\/footdavant.fr\/actualites\/#\/schema\/person\/bc222566d95871b37e597b3ed3ba5e1d\"},\"headline\":\"La Premier League risque-t-elle de perdre sa place en Ligue des Champions ?\",\"datePublished\":\"2023-12-16T21:14:44+00:00\",\"dateModified\":\"2023-12-16T21:14:45+00:00\",\"mainEntityOfPage\":{\"@id\":\"https:\/\/footdavant.fr\/actualites\/la-premier-league-risque-t-elle-de-perdre-sa-place-en-ligue-des-champions\/\"},\"wordCount\":402,\"publisher\":{\"@id\":\"https:\/\/footdavant.fr\/actualites\/#organization\"},\"keywords\":[\"champions\",\"des\",\"League\",\"Ligue\",\"perdre\",\"place\",\"Premier\",\"risquetelle\"],\"articleSection\":[\"Champions League\"],\"inLanguage\":\"fr-FR\"},{\"@type\":\"WebPage\",\"@id\":\"https:\/\/footdavant.fr\/actualites\/la-premier-league-risque-t-elle-de-perdre-sa-place-en-ligue-des-champions\/\",\"url\":\"https:\/\/footdavant.fr\/actualites\/la-premier-league-risque-t-elle-de-perdre-sa-place-en-ligue-des-champions\/\",\"name\":\"La Premier League risque-t-elle de perdre sa place en Ligue des Champions ?\",\"isPartOf\":{\"@id\":\"https:\/\/footdavant.fr\/actualites\/#website\"},\"datePublished\":\"2023-12-16T21:14:44+00:00\",\"dateModified\":\"2023-12-16T21:14:45+00:00\",\"breadcrumb\":{\"@id\":\"https:\/\/footdavant.fr\/actualites\/la-premier-league-risque-t-elle-de-perdre-sa-place-en-ligue-des-champions\/#breadcrumb\"},\"inLanguage\":\"fr-FR\",\"potentialAction\":[{\"@type\":\"ReadAction\",\"target\":[\"https:\/\/footdavant.fr\/actualites\/la-premier-league-risque-t-elle-de-perdre-sa-place-en-ligue-des-champions\/\"]}]},{\"@type\":\"BreadcrumbList\",\"@id\":\"https:\/\/footdavant.fr\/actualites\/la-premier-league-risque-t-elle-de-perdre-sa-place-en-ligue-des-champions\/#breadcrumb\",\"itemListElement\":[{\"@type\":\"ListItem\",\"position\":1,\"name\":\"Accueil\",\"item\":\"https:\/\/footdavant.fr\/actualites\/\"},{\"@type\":\"ListItem\",\"position\":2,\"name\":\"La Premier League risque-t-elle de perdre sa place en Ligue des Champions ?\"}]},{\"@type\":\"WebSite\",\"@id\":\"https:\/\/footdavant.fr\/actualites\/#website\",\"url\":\"https:\/\/footdavant.fr\/actualites\/\",\"name\":\"Foot d'avant\",\"description\":\"\",\"publisher\":{\"@id\":\"https:\/\/footdavant.fr\/actualites\/#organization\"},\"potentialAction\":[{\"@type\":\"SearchAction\",\"target\":{\"@type\":\"EntryPoint\",\"urlTemplate\":\"https:\/\/footdavant.fr\/actualites\/?s={search_term_string}\"},\"query-input\":\"required name=search_term_string\"}],\"inLanguage\":\"fr-FR\"},{\"@type\":\"Organization\",\"@id\":\"https:\/\/footdavant.fr\/actualites\/#organization\",\"name\":\"Foot d'avant\",\"url\":\"https:\/\/footdavant.fr\/actualites\/\",\"logo\":{\"@type\":\"ImageObject\",\"inLanguage\":\"fr-FR\",\"@id\":\"https:\/\/footdavant.fr\/actualites\/#\/schema\/logo\/image\/\",\"url\":\"https:\/\/footdavant.fr\/actualites\/wp-content\/uploads\/2023\/09\/Copy-of-FootDavant-Logo.png\",\"contentUrl\":\"https:\/\/footdavant.fr\/actualites\/wp-content\/uploads\/2023\/09\/Copy-of-FootDavant-Logo.png\",\"width\":936,\"height\":549,\"caption\":\"Foot d'avant\"},\"image\":{\"@id\":\"https:\/\/footdavant.fr\/actualites\/#\/schema\/logo\/image\/\"},\"sameAs\":[\"https:\/\/www.facebook.com\/Footdavant\/\",\"https:\/\/twitter.com\/FootdavantFr\",\"https:\/\/www.instagram.com\/footdavant.fr\/\"]},{\"@type\":\"Person\",\"@id\":\"https:\/\/footdavant.fr\/actualites\/#\/schema\/person\/bc222566d95871b37e597b3ed3ba5e1d\",\"name\":\"Cl\u00e9ment\",\"image\":{\"@type\":\"ImageObject\",\"inLanguage\":\"fr-FR\",\"@id\":\"https:\/\/footdavant.fr\/actualites\/#\/schema\/person\/image\/\",\"url\":\"https:\/\/secure.gravatar.com\/avatar\/7728b29aac2719421e1a9159b2254c44?s=96&d=mm&r=g\",\"contentUrl\":\"https:\/\/secure.gravatar.com\/avatar\/7728b29aac2719421e1a9159b2254c44?s=96&d=mm&r=g\",\"caption\":\"Cl\u00e9ment\"},\"sameAs\":[\"https:\/\/footdavant.fr\/\"]}]}<\/script>\n<!-- \/ Yoast SEO plugin. -->","yoast_head_json":{"title":"La Premier League risque-t-elle de perdre sa place en Ligue des Champions ?","robots":{"index":"index","follow":"follow","max-snippet":"max-snippet:-1","max-image-preview":"max-image-preview:large","max-video-preview":"max-video-preview:-1"},"canonical":"https:\/\/footdavant.fr\/actualites\/la-premier-league-risque-t-elle-de-perdre-sa-place-en-ligue-des-champions\/","og_locale":"fr_FR","og_type":"article","og_title":"La Premier League risque-t-elle de perdre sa place en Ligue des Champions ?","og_description":"La Premier League risque apparemment de perdre une place suppl\u00e9mentaire en Ligue des champions si les r\u00e9sultats vont \u00e0 l\u2019encontre de certaines de ses \u00e9quipes","og_url":"https:\/\/footdavant.fr\/actualites\/la-premier-league-risque-t-elle-de-perdre-sa-place-en-ligue-des-champions\/","og_site_name":"Foot d&#039;avant","article_publisher":"https:\/\/www.facebook.com\/Footdavant\/","article_published_time":"2023-12-16T21:14:44+00:00","article_modified_time":"2023-12-16T21:14:45+00:00","og_image":[{"width":640,"height":480,"url":"https:\/\/footdavant.fr\/actualites\/wp-content\/uploads\/2023\/12\/La-Premier-League-risque-t-elle-de-perdre-sa-place-en-Ligue.jpg","type":"image\/jpeg"}],"author":"Cl\u00e9ment","twitter_card":"summary_large_image","twitter_creator":"@FootdavantFr","twitter_site":"@FootdavantFr","twitter_misc":{"\u00c9crit par":"Cl\u00e9ment","Dur\u00e9e de lecture estim\u00e9e":"2 minutes"},"schema":{"@context":"https:\/\/schema.org","@graph":[{"@type":"Article","@id":"https:\/\/footdavant.fr\/actualites\/la-premier-league-risque-t-elle-de-perdre-sa-place-en-ligue-des-champions\/#article","isPartOf":{"@id":"https:\/\/footdavant.fr\/actualites\/la-premier-league-risque-t-elle-de-perdre-sa-place-en-ligue-des-champions\/"},"author":{"name":"Cl\u00e9ment","@id":"https:\/\/footdavant.fr\/actualites\/#\/schema\/person\/bc222566d95871b37e597b3ed3ba5e1d"},"headline":"La Premier League risque-t-elle de perdre sa place en Ligue des Champions ?","datePublished":"2023-12-16T21:14:44+00:00","dateModified":"2023-12-16T21:14:45+00:00","mainEntityOfPage":{"@id":"https:\/\/footdavant.fr\/actualites\/la-premier-league-risque-t-elle-de-perdre-sa-place-en-ligue-des-champions\/"},"wordCount":402,"publisher":{"@id":"https:\/\/footdavant.fr\/actualites\/#organization"},"keywords":["champions","des","League","Ligue","perdre","place","Premier","risquetelle"],"articleSection":["Champions League"],"inLanguage":"fr-FR"},{"@type":"WebPage","@id":"https:\/\/footdavant.fr\/actualites\/la-premier-league-risque-t-elle-de-perdre-sa-place-en-ligue-des-champions\/","url":"https:\/\/footdavant.fr\/actualites\/la-premier-league-risque-t-elle-de-perdre-sa-place-en-ligue-des-champions\/","name":"La Premier League risque-t-elle de perdre sa place en Ligue des Champions ?","isPartOf":{"@id":"https:\/\/footdavant.fr\/actualites\/#website"},"datePublished":"2023-12-16T21:14:44+00:00","dateModified":"2023-12-16T21:14:45+00:00","breadcrumb":{"@id":"https:\/\/footdavant.fr\/actualites\/la-premier-league-risque-t-elle-de-perdre-sa-place-en-ligue-des-champions\/#breadcrumb"},"inLanguage":"fr-FR","potentialAction":[{"@type":"ReadAction","target":["https:\/\/footdavant.fr\/actualites\/la-premier-league-risque-t-elle-de-perdre-sa-place-en-ligue-des-champions\/"]}]},{"@type":"BreadcrumbList","@id":"https:\/\/footdavant.fr\/actualites\/la-premier-league-risque-t-elle-de-perdre-sa-place-en-ligue-des-champions\/#breadcrumb","itemListElement":[{"@type":"ListItem","position":1,"name":"Accueil","item":"https:\/\/footdavant.fr\/actualites\/"},{"@type":"ListItem","position":2,"name":"La Premier League risque-t-elle de perdre sa place en Ligue des Champions ?"}]},{"@type":"WebSite","@id":"https:\/\/footdavant.fr\/actualites\/#website","url":"https:\/\/footdavant.fr\/actualites\/","name":"Foot d'avant","description":"","publisher":{"@id":"https:\/\/footdavant.fr\/actualites\/#organization"},"potentialAction":[{"@type":"SearchAction","target":{"@type":"EntryPoint","urlTemplate":"https:\/\/footdavant.fr\/actualites\/?s={search_term_string}"},"query-input":"required name=search_term_string"}],"inLanguage":"fr-FR"},{"@type":"Organization","@id":"https:\/\/footdavant.fr\/actualites\/#organization","name":"Foot d'avant","url":"https:\/\/footdavant.fr\/actualites\/","logo":{"@type":"ImageObject","inLanguage":"fr-FR","@id":"https:\/\/footdavant.fr\/actualites\/#\/schema\/logo\/image\/","url":"https:\/\/footdavant.fr\/actualites\/wp-content\/uploads\/2023\/09\/Copy-of-FootDavant-Logo.png","contentUrl":"https:\/\/footdavant.fr\/actualites\/wp-content\/uploads\/2023\/09\/Copy-of-FootDavant-Logo.png","width":936,"height":549,"caption":"Foot d'avant"},"image":{"@id":"https:\/\/footdavant.fr\/actualites\/#\/schema\/logo\/image\/"},"sameAs":["https:\/\/www.facebook.com\/Footdavant\/","https:\/\/twitter.com\/FootdavantFr","https:\/\/www.instagram.com\/footdavant.fr\/"]},{"@type":"Person","@id":"https:\/\/footdavant.fr\/actualites\/#\/schema\/person\/bc222566d95871b37e597b3ed3ba5e1d","name":"Cl\u00e9ment","image":{"@type":"ImageObject","inLanguage":"fr-FR","@id":"https:\/\/footdavant.fr\/actualites\/#\/schema\/person\/image\/","url":"https:\/\/secure.gravatar.com\/avatar\/7728b29aac2719421e1a9159b2254c44?s=96&d=mm&r=g","contentUrl":"https:\/\/secure.gravatar.com\/avatar\/7728b29aac2719421e1a9159b2254c44?s=96&d=mm&r=g","caption":"Cl\u00e9ment"},"sameAs":["https:\/\/footdavant.fr\/"]}]}},"_links":{"self":[{"href":"https:\/\/footdavant.fr\/actualites\/wp-json\/wp\/v2\/posts\/2623"}],"collection":[{"href":"https:\/\/footdavant.fr\/actualites\/wp-json\/wp\/v2\/posts"}],"about":[{"href":"https:\/\/footdavant.fr\/actualites\/wp-json\/wp\/v2\/types\/post"}],"author":[{"embeddable":true,"href":"https:\/\/footdavant.fr\/actualites\/wp-json\/wp\/v2\/users\/1"}],"replies":[{"embeddable":true,"href":"https:\/\/footdavant.fr\/actualites\/wp-json\/wp\/v2\/comments?post=2623"}],"version-history":[{"count":1,"href":"https:\/\/footdavant.fr\/actualites\/wp-json\/wp\/v2\/posts\/2623\/revisions"}],"predecessor-version":[{"id":2625,"href":"https:\/\/footdavant.fr\/actualites\/wp-json\/wp\/v2\/posts\/2623\/revisions\/2625"}],"wp:featuredmedia":[{"embeddable":true,"href":"https:\/\/footdavant.fr\/actualites\/wp-json\/wp\/v2\/media\/2624"}],"wp:attachment":[{"href":"https:\/\/footdavant.fr\/actualites\/wp-json\/wp\/v2\/media?parent=2623"}],"wp:term":[{"taxonomy":"category","embeddable":true,"href":"https:\/\/footdavant.fr\/actualites\/wp-json\/wp\/v2\/categories?post=2623"},{"taxonomy":"post_tag","embeddable":true,"href":"https:\/\/footdavant.fr\/actualites\/wp-json\/wp\/v2\/tags?post=2623"}],"curies":[{"name":"wp","href":"https:\/\/api.w.org\/{rel}","templated":true}]}}