{"id":26543,"date":"2025-07-24T19:48:13","date_gmt":"2025-07-24T17:48:13","guid":{"rendered":"https:\/\/footdavant.fr\/actualites\/arsenal-transfer-news-bundesliga-forward-activement-surveille-comme-des-discussions-pour-lattaquant-sportif-de-lisbonne-viktor-gyokerres-continue\/"},"modified":"2025-07-24T19:48:15","modified_gmt":"2025-07-24T17:48:15","slug":"arsenal-transfer-news-bundesliga-forward-activement-surveille-comme-des-discussions-pour-lattaquant-sportif-de-lisbonne-viktor-gyokerres-continue","status":"publish","type":"post","link":"https:\/\/footdavant.fr\/actualites\/arsenal-transfer-news-bundesliga-forward-activement-surveille-comme-des-discussions-pour-lattaquant-sportif-de-lisbonne-viktor-gyokerres-continue\/","title":{"rendered":"Arsenal Transfer News: Bundesliga Forward &#39;activement surveill\u00e9&#39; comme des discussions pour l&#39;attaquant sportif de Lisbonne Viktor Gyokerres continue"},"content":{"rendered":"<p>Arsenal n&#39;a pas encore termin\u00e9 la signature de Viktor Gyokerres, mais un rapport affirme qu&#39;ils pourraient \u00e9galement se d\u00e9placer pour un autre attaquant dans cette fen\u00eatre d&#39;\u00e9t\u00e9.<\/p>\n<div id=\"article_body\" itemprop=\"articleBody\">\n<h3 class=\"firstPara\"><\/h3>\n<p><strong class=\"autotag\">Arsenal<\/strong> auraient \u00e9t\u00e9 activement surveill\u00e9s <strong class=\"autotag\">Mainz 05<\/strong> en avant <strong class=\"autotag\">Nelson Weiper<\/strong> au milieu des retards dans l&#39;accord \u00e0 apporter <strong class=\"autotag\">Viktor Gyokerres<\/strong> \u00e0 l&#39;Angleterre de <strong class=\"autotag\">Lisbonne sportive<\/strong>.<\/p>\n<p>Les Gunners affronteront l&#39;AC Milan mercredi lors de leur premier match amical de pr\u00e9-saison et manager <strong class=\"autotag\">Mikel Arteta<\/strong> esp\u00e8re se coucher dans de nouvelles signatures comme <strong class=\"autotag\">Martin Zubimendi<\/strong> et <strong class=\"autotag\">Noni Madueke<\/strong>.<\/p>\n<p>Un transfert pour le num\u00e9ro de sport neuf Gyokerres a \u00e9t\u00e9 d\u00e9crit comme avanc\u00e9, mais le Su\u00e9dois n&#39;a pas encore \u00e9t\u00e9 officiellement sign\u00e9 pour les Londoniens.<\/p>\n<p>On peut craindre que sa pr\u00e9paration pour la campagne 2025-26 puisse \u00eatre perturb\u00e9e \u00e0 moins que Arsenal ne puisse acc\u00e9l\u00e9rer le long de son d\u00e9m\u00e9nagement aux Emirats.<\/p>\n<p>Cependant, alors que les progr\u00e8s ont \u00e9t\u00e9 lents pour l&#39;attaquant sportif, <em>FootballTransfers<\/em> affirmer qu&#39;un accord pourrait se mat\u00e9rialiser pour l&#39;attaquant de Maypied Weiper, qui co\u00fbterait un peu plus de 12 millions de livres sterling.<\/p>\n<p class=\"imgI\">\n<h2>Weiper dans le profil: statistiques et style de jeu<\/h2>\n<p>\u00c0 6 pieds 3 pouces, Weiper r\u00e9pondrait aux demandes d&#39;Arteta pour une pr\u00e9sence physique en haut, bien qu&#39;il n&#39;ait que 19 ans et pourrait prendre le temps de s&#39;installer en Premier League.<\/p>\n<p>L&#39;Allemand a marqu\u00e9 trois buts et a fourni deux passes d\u00e9cisives en 23 matches de Bundesliga dernier, mais il n&#39;a commenc\u00e9 que sept fois dans la ligue.<\/p>\n<p>Weiper a enregistr\u00e9 une vitesse de pointe de 34,75 km \/ h en 2024-25, un chiffre qui n&#39;a \u00e9t\u00e9 am\u00e9lior\u00e9 que par <strong class=\"autotag\">Gabriel Martinelli<\/strong> (35,4 km \/ h) et <strong class=\"autotag\">Ethan Nwaneri<\/strong> (35,1 km \/ h) en Ligue des champions de la saison derni\u00e8re.<\/p>\n<p class=\"imgI\"><img decoding=\"async\" alt=\"L&#39;attaquant allemand U21 Nelson Weiper lors du match de son \u00e9quipe contre l&#39;Angleterre U21, le 28 juin 2025\" class=\"vanilla-lazyload article-image\" src=\"https:\/\/footdavant.fr\/actualites\/wp-content\/uploads\/2025\/07\/1753379293_407_Arsenal-Transfer-News-Bundesliga-Forward-39activement-surveille39-comme-des-discussions.webp\"><\/p>\n<h2>Weiper aurait-il du sens pour Arsenal m\u00eame s&#39;ils signent Gyokerres?<\/h2>\n<p>\u00c9tant donn\u00e9 que le num\u00e9ro actuel neuf Kai Havertz est susceptible d&#39;\u00eatre rel\u00e9gu\u00e9 au banc en 2025-26 en raison de l&#39;arriv\u00e9e de Gyokerres, Weiper pourrait avoir du mal \u00e0 gagner des minutes aux Emirats.<\/p>\n<p>Il y a un argument selon lequel le jeune serait mieux servi en restant \u00e0 Massez et en devenant un d\u00e9marreur r\u00e9gulier en Bundesliga avant de passer \u00e0 la Premier League.<\/p>\n<p>Il est \u00e9galement important de souligner qu&#39;Arteta est sous pression pour offrir une armettrice majeure, et il est peu probable qu&#39;il prenne un risque sur un avance relativement inexp\u00e9riment\u00e9 dans sa qu\u00eate du titre.<\/p>\n<div class=\"author_box\">\n<div class=\"author_box_banner\"> <img decoding=\"async\" class=\"author_img\" src=\"https:\/\/footdavant.fr\/actualites\/wp-content\/uploads\/2025\/06\/1750629048_353_Nico-Williams-le-plus-tard-en-tant-qu39Arsenal-prend-la.jpg\"><\/div>\n<\/div>\n<\/div>\n","protected":false},"excerpt":{"rendered":"<p>Arsenal n&#39;a pas encore termin\u00e9 la signature de Viktor Gyokerres, mais un rapport affirme qu&#39;ils pourraient \u00e9galement se d\u00e9placer pour un autre attaquant dans cette<\/p>\n","protected":false},"author":1,"featured_media":26544,"comment_status":"closed","ping_status":"","sticky":false,"template":"","format":"standard","meta":{"footnotes":""},"categories":[5],"tags":[10024,67,1504,990,1844,12,713,8694,4304,2302,409,51,876,10025,2732,2303],"yoast_head":"<!-- This site is optimized with the Yoast SEO plugin v21.0 - https:\/\/yoast.com\/wordpress\/plugins\/seo\/ -->\n<title>Arsenal Transfer News: Bundesliga Forward &#039;activement surveill\u00e9&#039; comme des discussions pour l&#039;attaquant sportif de Lisbonne Viktor Gyokerres continue<\/title>\n<meta name=\"robots\" content=\"index, follow, max-snippet:-1, max-image-preview:large, max-video-preview:-1\" \/>\n<link rel=\"canonical\" href=\"https:\/\/footdavant.fr\/actualites\/arsenal-transfer-news-bundesliga-forward-activement-surveille-comme-des-discussions-pour-lattaquant-sportif-de-lisbonne-viktor-gyokerres-continue\/\" \/>\n<meta property=\"og:locale\" content=\"fr_FR\" \/>\n<meta property=\"og:type\" content=\"article\" \/>\n<meta property=\"og:title\" content=\"Arsenal Transfer News: Bundesliga Forward &#039;activement surveill\u00e9&#039; comme des discussions pour l&#039;attaquant sportif de Lisbonne Viktor Gyokerres continue\" \/>\n<meta property=\"og:description\" content=\"Arsenal n&#039;a pas encore termin\u00e9 la signature de Viktor Gyokerres, mais un rapport affirme qu&#039;ils pourraient \u00e9galement se d\u00e9placer pour un autre attaquant dans cette\" \/>\n<meta property=\"og:url\" content=\"https:\/\/footdavant.fr\/actualites\/arsenal-transfer-news-bundesliga-forward-activement-surveille-comme-des-discussions-pour-lattaquant-sportif-de-lisbonne-viktor-gyokerres-continue\/\" \/>\n<meta property=\"og:site_name\" content=\"Foot d&#039;avant\" \/>\n<meta property=\"article:publisher\" content=\"https:\/\/www.facebook.com\/Footdavant\/\" \/>\n<meta property=\"article:published_time\" content=\"2025-07-24T17:48:13+00:00\" \/>\n<meta property=\"article:modified_time\" content=\"2025-07-24T17:48:15+00:00\" \/>\n<meta property=\"og:image\" content=\"https:\/\/footdavant.fr\/actualites\/wp-content\/uploads\/2025\/07\/Arsenal-Transfer-News-Bundesliga-Forward-39activement-surveille39-comme-des-discussions.jpg\" \/>\n\t<meta property=\"og:image:width\" content=\"640\" \/>\n\t<meta property=\"og:image:height\" content=\"480\" \/>\n\t<meta property=\"og:image:type\" content=\"image\/jpeg\" \/>\n<meta name=\"author\" content=\"Cl\u00e9ment\" \/>\n<meta name=\"twitter:card\" content=\"summary_large_image\" \/>\n<meta name=\"twitter:creator\" content=\"@FootdavantFr\" \/>\n<meta name=\"twitter:site\" content=\"@FootdavantFr\" \/>\n<meta name=\"twitter:label1\" content=\"\u00c9crit par\" \/>\n\t<meta name=\"twitter:data1\" content=\"Cl\u00e9ment\" \/>\n\t<meta name=\"twitter:label2\" content=\"Dur\u00e9e de lecture estim\u00e9e\" \/>\n\t<meta name=\"twitter:data2\" content=\"2 minutes\" \/>\n<script type=\"application\/ld+json\" class=\"yoast-schema-graph\">{\"@context\":\"https:\/\/schema.org\",\"@graph\":[{\"@type\":\"Article\",\"@id\":\"https:\/\/footdavant.fr\/actualites\/arsenal-transfer-news-bundesliga-forward-activement-surveille-comme-des-discussions-pour-lattaquant-sportif-de-lisbonne-viktor-gyokerres-continue\/#article\",\"isPartOf\":{\"@id\":\"https:\/\/footdavant.fr\/actualites\/arsenal-transfer-news-bundesliga-forward-activement-surveille-comme-des-discussions-pour-lattaquant-sportif-de-lisbonne-viktor-gyokerres-continue\/\"},\"author\":{\"name\":\"Cl\u00e9ment\",\"@id\":\"https:\/\/footdavant.fr\/actualites\/#\/schema\/person\/bc222566d95871b37e597b3ed3ba5e1d\"},\"headline\":\"Arsenal Transfer News: Bundesliga Forward &#39;activement surveill\u00e9&#39; comme des discussions pour l&#39;attaquant sportif de Lisbonne Viktor Gyokerres continue\",\"datePublished\":\"2025-07-24T17:48:13+00:00\",\"dateModified\":\"2025-07-24T17:48:15+00:00\",\"mainEntityOfPage\":{\"@id\":\"https:\/\/footdavant.fr\/actualites\/arsenal-transfer-news-bundesliga-forward-activement-surveille-comme-des-discussions-pour-lattaquant-sportif-de-lisbonne-viktor-gyokerres-continue\/\"},\"wordCount\":443,\"publisher\":{\"@id\":\"https:\/\/footdavant.fr\/actualites\/#organization\"},\"keywords\":[\"39activement\",\"Arsenal\",\"Bundesliga\",\"comme\",\"continue\",\"des\",\"discussions\",\"Gyokerres\",\"l39attaquant\",\"Lisbonne\",\"News\",\"pour\",\"sportif\",\"surveill\u00e939\",\"Transfer\",\"Viktor\"],\"articleSection\":[\"Premier League\"],\"inLanguage\":\"fr-FR\"},{\"@type\":\"WebPage\",\"@id\":\"https:\/\/footdavant.fr\/actualites\/arsenal-transfer-news-bundesliga-forward-activement-surveille-comme-des-discussions-pour-lattaquant-sportif-de-lisbonne-viktor-gyokerres-continue\/\",\"url\":\"https:\/\/footdavant.fr\/actualites\/arsenal-transfer-news-bundesliga-forward-activement-surveille-comme-des-discussions-pour-lattaquant-sportif-de-lisbonne-viktor-gyokerres-continue\/\",\"name\":\"Arsenal Transfer News: Bundesliga Forward &#39;activement surveill\u00e9&#39; comme des discussions pour l&#39;attaquant sportif de Lisbonne Viktor Gyokerres continue\",\"isPartOf\":{\"@id\":\"https:\/\/footdavant.fr\/actualites\/#website\"},\"datePublished\":\"2025-07-24T17:48:13+00:00\",\"dateModified\":\"2025-07-24T17:48:15+00:00\",\"breadcrumb\":{\"@id\":\"https:\/\/footdavant.fr\/actualites\/arsenal-transfer-news-bundesliga-forward-activement-surveille-comme-des-discussions-pour-lattaquant-sportif-de-lisbonne-viktor-gyokerres-continue\/#breadcrumb\"},\"inLanguage\":\"fr-FR\",\"potentialAction\":[{\"@type\":\"ReadAction\",\"target\":[\"https:\/\/footdavant.fr\/actualites\/arsenal-transfer-news-bundesliga-forward-activement-surveille-comme-des-discussions-pour-lattaquant-sportif-de-lisbonne-viktor-gyokerres-continue\/\"]}]},{\"@type\":\"BreadcrumbList\",\"@id\":\"https:\/\/footdavant.fr\/actualites\/arsenal-transfer-news-bundesliga-forward-activement-surveille-comme-des-discussions-pour-lattaquant-sportif-de-lisbonne-viktor-gyokerres-continue\/#breadcrumb\",\"itemListElement\":[{\"@type\":\"ListItem\",\"position\":1,\"name\":\"Accueil\",\"item\":\"https:\/\/footdavant.fr\/actualites\/\"},{\"@type\":\"ListItem\",\"position\":2,\"name\":\"Arsenal Transfer News: Bundesliga Forward &#39;activement surveill\u00e9&#39; comme des discussions pour l&#39;attaquant sportif de Lisbonne Viktor Gyokerres continue\"}]},{\"@type\":\"WebSite\",\"@id\":\"https:\/\/footdavant.fr\/actualites\/#website\",\"url\":\"https:\/\/footdavant.fr\/actualites\/\",\"name\":\"Foot d'avant\",\"description\":\"\",\"publisher\":{\"@id\":\"https:\/\/footdavant.fr\/actualites\/#organization\"},\"potentialAction\":[{\"@type\":\"SearchAction\",\"target\":{\"@type\":\"EntryPoint\",\"urlTemplate\":\"https:\/\/footdavant.fr\/actualites\/?s={search_term_string}\"},\"query-input\":\"required name=search_term_string\"}],\"inLanguage\":\"fr-FR\"},{\"@type\":\"Organization\",\"@id\":\"https:\/\/footdavant.fr\/actualites\/#organization\",\"name\":\"Foot d'avant\",\"url\":\"https:\/\/footdavant.fr\/actualites\/\",\"logo\":{\"@type\":\"ImageObject\",\"inLanguage\":\"fr-FR\",\"@id\":\"https:\/\/footdavant.fr\/actualites\/#\/schema\/logo\/image\/\",\"url\":\"https:\/\/footdavant.fr\/actualites\/wp-content\/uploads\/2023\/09\/Copy-of-FootDavant-Logo.png\",\"contentUrl\":\"https:\/\/footdavant.fr\/actualites\/wp-content\/uploads\/2023\/09\/Copy-of-FootDavant-Logo.png\",\"width\":936,\"height\":549,\"caption\":\"Foot d'avant\"},\"image\":{\"@id\":\"https:\/\/footdavant.fr\/actualites\/#\/schema\/logo\/image\/\"},\"sameAs\":[\"https:\/\/www.facebook.com\/Footdavant\/\",\"https:\/\/twitter.com\/FootdavantFr\",\"https:\/\/www.instagram.com\/footdavant.fr\/\"]},{\"@type\":\"Person\",\"@id\":\"https:\/\/footdavant.fr\/actualites\/#\/schema\/person\/bc222566d95871b37e597b3ed3ba5e1d\",\"name\":\"Cl\u00e9ment\",\"image\":{\"@type\":\"ImageObject\",\"inLanguage\":\"fr-FR\",\"@id\":\"https:\/\/footdavant.fr\/actualites\/#\/schema\/person\/image\/\",\"url\":\"https:\/\/secure.gravatar.com\/avatar\/7728b29aac2719421e1a9159b2254c44?s=96&d=mm&r=g\",\"contentUrl\":\"https:\/\/secure.gravatar.com\/avatar\/7728b29aac2719421e1a9159b2254c44?s=96&d=mm&r=g\",\"caption\":\"Cl\u00e9ment\"},\"sameAs\":[\"https:\/\/footdavant.fr\/\"]}]}<\/script>\n<!-- \/ Yoast SEO plugin. -->","yoast_head_json":{"title":"Arsenal Transfer News: Bundesliga Forward &#39;activement surveill\u00e9&#39; comme des discussions pour l&#39;attaquant sportif de Lisbonne Viktor Gyokerres continue","robots":{"index":"index","follow":"follow","max-snippet":"max-snippet:-1","max-image-preview":"max-image-preview:large","max-video-preview":"max-video-preview:-1"},"canonical":"https:\/\/footdavant.fr\/actualites\/arsenal-transfer-news-bundesliga-forward-activement-surveille-comme-des-discussions-pour-lattaquant-sportif-de-lisbonne-viktor-gyokerres-continue\/","og_locale":"fr_FR","og_type":"article","og_title":"Arsenal Transfer News: Bundesliga Forward &#39;activement surveill\u00e9&#39; comme des discussions pour l&#39;attaquant sportif de Lisbonne Viktor Gyokerres continue","og_description":"Arsenal n&#39;a pas encore termin\u00e9 la signature de Viktor Gyokerres, mais un rapport affirme qu&#39;ils pourraient \u00e9galement se d\u00e9placer pour un autre attaquant dans cette","og_url":"https:\/\/footdavant.fr\/actualites\/arsenal-transfer-news-bundesliga-forward-activement-surveille-comme-des-discussions-pour-lattaquant-sportif-de-lisbonne-viktor-gyokerres-continue\/","og_site_name":"Foot d&#039;avant","article_publisher":"https:\/\/www.facebook.com\/Footdavant\/","article_published_time":"2025-07-24T17:48:13+00:00","article_modified_time":"2025-07-24T17:48:15+00:00","og_image":[{"width":640,"height":480,"url":"https:\/\/footdavant.fr\/actualites\/wp-content\/uploads\/2025\/07\/Arsenal-Transfer-News-Bundesliga-Forward-39activement-surveille39-comme-des-discussions.jpg","type":"image\/jpeg"}],"author":"Cl\u00e9ment","twitter_card":"summary_large_image","twitter_creator":"@FootdavantFr","twitter_site":"@FootdavantFr","twitter_misc":{"\u00c9crit par":"Cl\u00e9ment","Dur\u00e9e de lecture estim\u00e9e":"2 minutes"},"schema":{"@context":"https:\/\/schema.org","@graph":[{"@type":"Article","@id":"https:\/\/footdavant.fr\/actualites\/arsenal-transfer-news-bundesliga-forward-activement-surveille-comme-des-discussions-pour-lattaquant-sportif-de-lisbonne-viktor-gyokerres-continue\/#article","isPartOf":{"@id":"https:\/\/footdavant.fr\/actualites\/arsenal-transfer-news-bundesliga-forward-activement-surveille-comme-des-discussions-pour-lattaquant-sportif-de-lisbonne-viktor-gyokerres-continue\/"},"author":{"name":"Cl\u00e9ment","@id":"https:\/\/footdavant.fr\/actualites\/#\/schema\/person\/bc222566d95871b37e597b3ed3ba5e1d"},"headline":"Arsenal Transfer News: Bundesliga Forward &#39;activement surveill\u00e9&#39; comme des discussions pour l&#39;attaquant sportif de Lisbonne Viktor Gyokerres continue","datePublished":"2025-07-24T17:48:13+00:00","dateModified":"2025-07-24T17:48:15+00:00","mainEntityOfPage":{"@id":"https:\/\/footdavant.fr\/actualites\/arsenal-transfer-news-bundesliga-forward-activement-surveille-comme-des-discussions-pour-lattaquant-sportif-de-lisbonne-viktor-gyokerres-continue\/"},"wordCount":443,"publisher":{"@id":"https:\/\/footdavant.fr\/actualites\/#organization"},"keywords":["39activement","Arsenal","Bundesliga","comme","continue","des","discussions","Gyokerres","l39attaquant","Lisbonne","News","pour","sportif","surveill\u00e939","Transfer","Viktor"],"articleSection":["Premier League"],"inLanguage":"fr-FR"},{"@type":"WebPage","@id":"https:\/\/footdavant.fr\/actualites\/arsenal-transfer-news-bundesliga-forward-activement-surveille-comme-des-discussions-pour-lattaquant-sportif-de-lisbonne-viktor-gyokerres-continue\/","url":"https:\/\/footdavant.fr\/actualites\/arsenal-transfer-news-bundesliga-forward-activement-surveille-comme-des-discussions-pour-lattaquant-sportif-de-lisbonne-viktor-gyokerres-continue\/","name":"Arsenal Transfer News: Bundesliga Forward &#39;activement surveill\u00e9&#39; comme des discussions pour l&#39;attaquant sportif de Lisbonne Viktor Gyokerres continue","isPartOf":{"@id":"https:\/\/footdavant.fr\/actualites\/#website"},"datePublished":"2025-07-24T17:48:13+00:00","dateModified":"2025-07-24T17:48:15+00:00","breadcrumb":{"@id":"https:\/\/footdavant.fr\/actualites\/arsenal-transfer-news-bundesliga-forward-activement-surveille-comme-des-discussions-pour-lattaquant-sportif-de-lisbonne-viktor-gyokerres-continue\/#breadcrumb"},"inLanguage":"fr-FR","potentialAction":[{"@type":"ReadAction","target":["https:\/\/footdavant.fr\/actualites\/arsenal-transfer-news-bundesliga-forward-activement-surveille-comme-des-discussions-pour-lattaquant-sportif-de-lisbonne-viktor-gyokerres-continue\/"]}]},{"@type":"BreadcrumbList","@id":"https:\/\/footdavant.fr\/actualites\/arsenal-transfer-news-bundesliga-forward-activement-surveille-comme-des-discussions-pour-lattaquant-sportif-de-lisbonne-viktor-gyokerres-continue\/#breadcrumb","itemListElement":[{"@type":"ListItem","position":1,"name":"Accueil","item":"https:\/\/footdavant.fr\/actualites\/"},{"@type":"ListItem","position":2,"name":"Arsenal Transfer News: Bundesliga Forward &#39;activement surveill\u00e9&#39; comme des discussions pour l&#39;attaquant sportif de Lisbonne Viktor Gyokerres continue"}]},{"@type":"WebSite","@id":"https:\/\/footdavant.fr\/actualites\/#website","url":"https:\/\/footdavant.fr\/actualites\/","name":"Foot d'avant","description":"","publisher":{"@id":"https:\/\/footdavant.fr\/actualites\/#organization"},"potentialAction":[{"@type":"SearchAction","target":{"@type":"EntryPoint","urlTemplate":"https:\/\/footdavant.fr\/actualites\/?s={search_term_string}"},"query-input":"required name=search_term_string"}],"inLanguage":"fr-FR"},{"@type":"Organization","@id":"https:\/\/footdavant.fr\/actualites\/#organization","name":"Foot d'avant","url":"https:\/\/footdavant.fr\/actualites\/","logo":{"@type":"ImageObject","inLanguage":"fr-FR","@id":"https:\/\/footdavant.fr\/actualites\/#\/schema\/logo\/image\/","url":"https:\/\/footdavant.fr\/actualites\/wp-content\/uploads\/2023\/09\/Copy-of-FootDavant-Logo.png","contentUrl":"https:\/\/footdavant.fr\/actualites\/wp-content\/uploads\/2023\/09\/Copy-of-FootDavant-Logo.png","width":936,"height":549,"caption":"Foot d'avant"},"image":{"@id":"https:\/\/footdavant.fr\/actualites\/#\/schema\/logo\/image\/"},"sameAs":["https:\/\/www.facebook.com\/Footdavant\/","https:\/\/twitter.com\/FootdavantFr","https:\/\/www.instagram.com\/footdavant.fr\/"]},{"@type":"Person","@id":"https:\/\/footdavant.fr\/actualites\/#\/schema\/person\/bc222566d95871b37e597b3ed3ba5e1d","name":"Cl\u00e9ment","image":{"@type":"ImageObject","inLanguage":"fr-FR","@id":"https:\/\/footdavant.fr\/actualites\/#\/schema\/person\/image\/","url":"https:\/\/secure.gravatar.com\/avatar\/7728b29aac2719421e1a9159b2254c44?s=96&d=mm&r=g","contentUrl":"https:\/\/secure.gravatar.com\/avatar\/7728b29aac2719421e1a9159b2254c44?s=96&d=mm&r=g","caption":"Cl\u00e9ment"},"sameAs":["https:\/\/footdavant.fr\/"]}]}},"_links":{"self":[{"href":"https:\/\/footdavant.fr\/actualites\/wp-json\/wp\/v2\/posts\/26543"}],"collection":[{"href":"https:\/\/footdavant.fr\/actualites\/wp-json\/wp\/v2\/posts"}],"about":[{"href":"https:\/\/footdavant.fr\/actualites\/wp-json\/wp\/v2\/types\/post"}],"author":[{"embeddable":true,"href":"https:\/\/footdavant.fr\/actualites\/wp-json\/wp\/v2\/users\/1"}],"replies":[{"embeddable":true,"href":"https:\/\/footdavant.fr\/actualites\/wp-json\/wp\/v2\/comments?post=26543"}],"version-history":[{"count":1,"href":"https:\/\/footdavant.fr\/actualites\/wp-json\/wp\/v2\/posts\/26543\/revisions"}],"predecessor-version":[{"id":26545,"href":"https:\/\/footdavant.fr\/actualites\/wp-json\/wp\/v2\/posts\/26543\/revisions\/26545"}],"wp:featuredmedia":[{"embeddable":true,"href":"https:\/\/footdavant.fr\/actualites\/wp-json\/wp\/v2\/media\/26544"}],"wp:attachment":[{"href":"https:\/\/footdavant.fr\/actualites\/wp-json\/wp\/v2\/media?parent=26543"}],"wp:term":[{"taxonomy":"category","embeddable":true,"href":"https:\/\/footdavant.fr\/actualites\/wp-json\/wp\/v2\/categories?post=26543"},{"taxonomy":"post_tag","embeddable":true,"href":"https:\/\/footdavant.fr\/actualites\/wp-json\/wp\/v2\/tags?post=26543"}],"curies":[{"name":"wp","href":"https:\/\/api.w.org\/{rel}","templated":true}]}}