{"id":26546,"date":"2025-07-24T21:48:01","date_gmt":"2025-07-24T19:48:01","guid":{"rendered":"https:\/\/footdavant.fr\/actualites\/woody-johnson-de-jets-termine-lacquisition-de-la-propriete-de-crystal-palace\/"},"modified":"2025-07-24T21:48:03","modified_gmt":"2025-07-24T19:48:03","slug":"woody-johnson-de-jets-termine-lacquisition-de-la-propriete-de-crystal-palace","status":"publish","type":"post","link":"https:\/\/footdavant.fr\/actualites\/woody-johnson-de-jets-termine-lacquisition-de-la-propriete-de-crystal-palace\/","title":{"rendered":"Woody Johnson de Jets termine l&#39;acquisition de la propri\u00e9t\u00e9 de Crystal Palace"},"content":{"rendered":"<div>\n<p>Le propri\u00e9taire de New York Jets, Woody Johnson, a termin\u00e9 son achat de la participation d&#39;Eagle Football dans Crystal Palace FC, a annonc\u00e9 l&#39;\u00e9quipe plus t\u00f4t dans la journ\u00e9e. Selon ESPN, Johnson a accept\u00e9 d&#39;acheter la participation de 43% dans l&#39;\u00e9quipe de Eagle Football Group, une soci\u00e9t\u00e9 de portefeuille fran\u00e7aise contr\u00f4l\u00e9e par l&#39;homme d&#39;affaires am\u00e9ricain John Textor, pour 254 millions de dollars.<\/p>\n<p> \u00ab\u00a0Je suis honor\u00e9 et privil\u00e9gi\u00e9 de rejoindre le groupe de propri\u00e9t\u00e9 du Crystal Palace Football Club. C&#39;est une organisation avec une fi\u00e8re histoire, une tradition et des racines profondes dans le football anglais dans le sud de Londres, que je suis venu admirer pendant mon temps en tant qu&#39;ambassadeur am\u00e9ricain au Royaume-Uni\u00a0\u00bb, a d\u00e9clar\u00e9 Johnson dans une d\u00e9claration officielle. \u00ab\u00a0Les fans des Eagles ont d\u00e9montr\u00e9 une loyaut\u00e9 extraordinaire, une passion et un d\u00e9vouement in\u00e9branlable, et je suis ravi de les rencontrer et de les conna\u00eetre.\u00a0\u00bb<\/p>\n<p>Johnson a d\u00e9j\u00e0 sign\u00e9 la charte des propri\u00e9taires de la Premier League. Il rejoint un groupe de propri\u00e9t\u00e9 compos\u00e9 de Steve Parish, Josh Harris et David Blitzer.<\/p>\n<p>\u00ab\u00a0J&#39;ai un grand respect pour Steve Parish et le leadership qu&#39;il a fourni au fil des ans\u00a0\u00bb, a d\u00e9clar\u00e9 Johnson. \u00abJ&#39;ai h\u00e2te de travailler avec lui et l&#39;ensemble du groupe de propri\u00e9t\u00e9 pour s&#39;appuyer sur les succ\u00e8s r\u00e9cents du club et aider \u00e0 fa\u00e7onner un avenir passionnant pour Crystal Palace.\u00bb<\/p>\n<figure class=\"wp-block-embed is-type-rich is-provider-twitter wp-block-embed-twitter\">\n<div class=\"wp-block-embed__wrapper\">\n<blockquote class=\"twitter-tweet\" data-width=\"500\" data-dnt=\"true\">\n<p lang=\"en\" dir=\"ltr\">Nous sommes heureux de confirmer que l&#39;achat de Woody Johnson de la participation d&#39;Eagle Football dans le club est maintenant termin\u00e9.<a rel=\"nofollow\" href=\"https:\/\/twitter.com\/hashtag\/CPFC?src=hash&amp;ref_src=twsrc%5Etfw\" rel=\"nofollow noopener\">#Cpfc<\/a><\/p>\n<p>&#8211; Crystal Palace FC (@CPFC) <a rel=\"nofollow\" href=\"https:\/\/twitter.com\/CPFC\/status\/1948420755815006329?ref_src=twsrc%5Etfw\" rel=\"nofollow noopener\">24 juillet 2025<\/a><\/p><\/blockquote>\n<\/div>\n<\/figure>\n<p>\u00ab\u00a0En ce moment passionnant pour Crystal Palace, nous sommes ravis d&#39;accueillir Woody \u00e0 la propri\u00e9t\u00e9 du club de football, et nous sommes tr\u00e8s impatients de travailler \u00e0 c\u00f4t\u00e9 de lui pour s&#39;appuyer sur notre r\u00e9cent succ\u00e8s historique \u00e0 l&#39;avenir\u00a0\u00bb, a d\u00e9clar\u00e9 Steve Parish dans un communiqu\u00e9 officiel.<\/p>\n<p>Crystal Palace se bat actuellement avec l&#39;UEFA pour la r\u00e9trogradation de l&#39;\u00e9quipe de la Ligue Europa \u00e0 la Ligue de conf\u00e9rence. L&#39;UEFA Rules a \u00e9labor\u00e9 deux \u00e9quipes avec les m\u00eames propri\u00e9taires de concurrence les uns avec les autres, et John Textor Eagle Football a une participation majoritaire dans le club de football fran\u00e7ais, Lyon.<\/p>\n<p>\u00ab\u00a0Nous nous battons toujours\u00a0\u00bb, a d\u00e9clar\u00e9 Steve Parish lors d&#39;une r\u00e9cente apparition sur le podcast de football du reste. \u00abIl y a un processus d&#39;appel, donc nous allons \u00e0 CAS, qui est la Cour d&#39;arbitrage, et nous esp\u00e9rons beaucoup. Nous pensons que nous avons d&#39;excellents arguments juridiques. Nous ne pensons pas que ce soit la bonne d\u00e9cision.<\/p>\n<p>Woody Johnson est surtout connu pour \u00eatre propri\u00e9taire des Jets de New York depuis que lui et son fr\u00e8re ont achet\u00e9 l&#39;\u00e9quipe en 2000 pour 635 millions de dollars. Au cours des 25 derni\u00e8res ann\u00e9es, les Jets ont un record de 173-231, qui est la huiti\u00e8me pire marque de la ligue.<\/p>\n<\/p><\/div>\n<p><script async src=\"https:\/\/platform.twitter.com\/widgets.js\" charset=\"utf-8\"><\/script><\/p>\n","protected":false},"excerpt":{"rendered":"<p>Le propri\u00e9taire de New York Jets, Woody Johnson, a termin\u00e9 son achat de la participation d&#39;Eagle Football dans Crystal Palace FC, a annonc\u00e9 l&#39;\u00e9quipe plus<\/p>\n","protected":false},"author":1,"featured_media":26547,"comment_status":"closed","ping_status":"","sticky":false,"template":"","format":"standard","meta":{"footnotes":""},"categories":[3],"tags":[1008,684,1441,5563,815,3300,2205,7458],"yoast_head":"<!-- This site is optimized with the Yoast SEO plugin v21.0 - https:\/\/yoast.com\/wordpress\/plugins\/seo\/ -->\n<title>Woody Johnson de Jets termine l&#039;acquisition de la propri\u00e9t\u00e9 de Crystal Palace<\/title>\n<meta name=\"robots\" content=\"index, follow, max-snippet:-1, max-image-preview:large, max-video-preview:-1\" \/>\n<link rel=\"canonical\" href=\"https:\/\/footdavant.fr\/actualites\/woody-johnson-de-jets-termine-lacquisition-de-la-propriete-de-crystal-palace\/\" \/>\n<meta property=\"og:locale\" content=\"fr_FR\" \/>\n<meta property=\"og:type\" content=\"article\" \/>\n<meta property=\"og:title\" content=\"Woody Johnson de Jets termine l&#039;acquisition de la propri\u00e9t\u00e9 de Crystal Palace\" \/>\n<meta property=\"og:description\" content=\"Le propri\u00e9taire de New York Jets, Woody Johnson, a termin\u00e9 son achat de la participation d&#039;Eagle Football dans Crystal Palace FC, a annonc\u00e9 l&#039;\u00e9quipe plus\" \/>\n<meta property=\"og:url\" content=\"https:\/\/footdavant.fr\/actualites\/woody-johnson-de-jets-termine-lacquisition-de-la-propriete-de-crystal-palace\/\" \/>\n<meta property=\"og:site_name\" content=\"Foot d&#039;avant\" \/>\n<meta property=\"article:publisher\" content=\"https:\/\/www.facebook.com\/Footdavant\/\" \/>\n<meta property=\"article:published_time\" content=\"2025-07-24T19:48:01+00:00\" \/>\n<meta property=\"article:modified_time\" content=\"2025-07-24T19:48:03+00:00\" \/>\n<meta property=\"og:image\" content=\"https:\/\/footdavant.fr\/actualites\/wp-content\/uploads\/2025\/07\/Woody-Johnson-de-Jets-termine-l39acquisition-de-la-propriete-de.jpg\" \/>\n\t<meta property=\"og:image:width\" content=\"1200\" \/>\n\t<meta property=\"og:image:height\" content=\"675\" \/>\n\t<meta property=\"og:image:type\" content=\"image\/jpeg\" \/>\n<meta name=\"author\" content=\"Cl\u00e9ment\" \/>\n<meta name=\"twitter:card\" content=\"summary_large_image\" \/>\n<meta name=\"twitter:creator\" content=\"@FootdavantFr\" \/>\n<meta name=\"twitter:site\" content=\"@FootdavantFr\" \/>\n<meta name=\"twitter:label1\" content=\"\u00c9crit par\" \/>\n\t<meta name=\"twitter:data1\" content=\"Cl\u00e9ment\" \/>\n\t<meta name=\"twitter:label2\" content=\"Dur\u00e9e de lecture estim\u00e9e\" \/>\n\t<meta name=\"twitter:data2\" content=\"3 minutes\" \/>\n<script type=\"application\/ld+json\" class=\"yoast-schema-graph\">{\"@context\":\"https:\/\/schema.org\",\"@graph\":[{\"@type\":\"Article\",\"@id\":\"https:\/\/footdavant.fr\/actualites\/woody-johnson-de-jets-termine-lacquisition-de-la-propriete-de-crystal-palace\/#article\",\"isPartOf\":{\"@id\":\"https:\/\/footdavant.fr\/actualites\/woody-johnson-de-jets-termine-lacquisition-de-la-propriete-de-crystal-palace\/\"},\"author\":{\"name\":\"Cl\u00e9ment\",\"@id\":\"https:\/\/footdavant.fr\/actualites\/#\/schema\/person\/bc222566d95871b37e597b3ed3ba5e1d\"},\"headline\":\"Woody Johnson de Jets termine l&#39;acquisition de la propri\u00e9t\u00e9 de Crystal Palace\",\"datePublished\":\"2025-07-24T19:48:01+00:00\",\"dateModified\":\"2025-07-24T19:48:03+00:00\",\"mainEntityOfPage\":{\"@id\":\"https:\/\/footdavant.fr\/actualites\/woody-johnson-de-jets-termine-lacquisition-de-la-propriete-de-crystal-palace\/\"},\"wordCount\":537,\"publisher\":{\"@id\":\"https:\/\/footdavant.fr\/actualites\/#organization\"},\"keywords\":[\"Crystal\",\"Jets\",\"Johnson\",\"L39acquisition\",\"Palace\",\"propri\u00e9t\u00e9\",\"termine\",\"Woody\"],\"articleSection\":[\"Football\"],\"inLanguage\":\"fr-FR\"},{\"@type\":\"WebPage\",\"@id\":\"https:\/\/footdavant.fr\/actualites\/woody-johnson-de-jets-termine-lacquisition-de-la-propriete-de-crystal-palace\/\",\"url\":\"https:\/\/footdavant.fr\/actualites\/woody-johnson-de-jets-termine-lacquisition-de-la-propriete-de-crystal-palace\/\",\"name\":\"Woody Johnson de Jets termine l&#39;acquisition de la propri\u00e9t\u00e9 de Crystal Palace\",\"isPartOf\":{\"@id\":\"https:\/\/footdavant.fr\/actualites\/#website\"},\"datePublished\":\"2025-07-24T19:48:01+00:00\",\"dateModified\":\"2025-07-24T19:48:03+00:00\",\"breadcrumb\":{\"@id\":\"https:\/\/footdavant.fr\/actualites\/woody-johnson-de-jets-termine-lacquisition-de-la-propriete-de-crystal-palace\/#breadcrumb\"},\"inLanguage\":\"fr-FR\",\"potentialAction\":[{\"@type\":\"ReadAction\",\"target\":[\"https:\/\/footdavant.fr\/actualites\/woody-johnson-de-jets-termine-lacquisition-de-la-propriete-de-crystal-palace\/\"]}]},{\"@type\":\"BreadcrumbList\",\"@id\":\"https:\/\/footdavant.fr\/actualites\/woody-johnson-de-jets-termine-lacquisition-de-la-propriete-de-crystal-palace\/#breadcrumb\",\"itemListElement\":[{\"@type\":\"ListItem\",\"position\":1,\"name\":\"Accueil\",\"item\":\"https:\/\/footdavant.fr\/actualites\/\"},{\"@type\":\"ListItem\",\"position\":2,\"name\":\"Woody Johnson de Jets termine l&#39;acquisition de la propri\u00e9t\u00e9 de Crystal Palace\"}]},{\"@type\":\"WebSite\",\"@id\":\"https:\/\/footdavant.fr\/actualites\/#website\",\"url\":\"https:\/\/footdavant.fr\/actualites\/\",\"name\":\"Foot d'avant\",\"description\":\"\",\"publisher\":{\"@id\":\"https:\/\/footdavant.fr\/actualites\/#organization\"},\"potentialAction\":[{\"@type\":\"SearchAction\",\"target\":{\"@type\":\"EntryPoint\",\"urlTemplate\":\"https:\/\/footdavant.fr\/actualites\/?s={search_term_string}\"},\"query-input\":\"required name=search_term_string\"}],\"inLanguage\":\"fr-FR\"},{\"@type\":\"Organization\",\"@id\":\"https:\/\/footdavant.fr\/actualites\/#organization\",\"name\":\"Foot d'avant\",\"url\":\"https:\/\/footdavant.fr\/actualites\/\",\"logo\":{\"@type\":\"ImageObject\",\"inLanguage\":\"fr-FR\",\"@id\":\"https:\/\/footdavant.fr\/actualites\/#\/schema\/logo\/image\/\",\"url\":\"https:\/\/footdavant.fr\/actualites\/wp-content\/uploads\/2023\/09\/Copy-of-FootDavant-Logo.png\",\"contentUrl\":\"https:\/\/footdavant.fr\/actualites\/wp-content\/uploads\/2023\/09\/Copy-of-FootDavant-Logo.png\",\"width\":936,\"height\":549,\"caption\":\"Foot d'avant\"},\"image\":{\"@id\":\"https:\/\/footdavant.fr\/actualites\/#\/schema\/logo\/image\/\"},\"sameAs\":[\"https:\/\/www.facebook.com\/Footdavant\/\",\"https:\/\/twitter.com\/FootdavantFr\",\"https:\/\/www.instagram.com\/footdavant.fr\/\"]},{\"@type\":\"Person\",\"@id\":\"https:\/\/footdavant.fr\/actualites\/#\/schema\/person\/bc222566d95871b37e597b3ed3ba5e1d\",\"name\":\"Cl\u00e9ment\",\"image\":{\"@type\":\"ImageObject\",\"inLanguage\":\"fr-FR\",\"@id\":\"https:\/\/footdavant.fr\/actualites\/#\/schema\/person\/image\/\",\"url\":\"https:\/\/secure.gravatar.com\/avatar\/7728b29aac2719421e1a9159b2254c44?s=96&d=mm&r=g\",\"contentUrl\":\"https:\/\/secure.gravatar.com\/avatar\/7728b29aac2719421e1a9159b2254c44?s=96&d=mm&r=g\",\"caption\":\"Cl\u00e9ment\"},\"sameAs\":[\"https:\/\/footdavant.fr\/\"]}]}<\/script>\n<!-- \/ Yoast SEO plugin. -->","yoast_head_json":{"title":"Woody Johnson de Jets termine l&#39;acquisition de la propri\u00e9t\u00e9 de Crystal Palace","robots":{"index":"index","follow":"follow","max-snippet":"max-snippet:-1","max-image-preview":"max-image-preview:large","max-video-preview":"max-video-preview:-1"},"canonical":"https:\/\/footdavant.fr\/actualites\/woody-johnson-de-jets-termine-lacquisition-de-la-propriete-de-crystal-palace\/","og_locale":"fr_FR","og_type":"article","og_title":"Woody Johnson de Jets termine l&#39;acquisition de la propri\u00e9t\u00e9 de Crystal Palace","og_description":"Le propri\u00e9taire de New York Jets, Woody Johnson, a termin\u00e9 son achat de la participation d&#39;Eagle Football dans Crystal Palace FC, a annonc\u00e9 l&#39;\u00e9quipe plus","og_url":"https:\/\/footdavant.fr\/actualites\/woody-johnson-de-jets-termine-lacquisition-de-la-propriete-de-crystal-palace\/","og_site_name":"Foot d&#039;avant","article_publisher":"https:\/\/www.facebook.com\/Footdavant\/","article_published_time":"2025-07-24T19:48:01+00:00","article_modified_time":"2025-07-24T19:48:03+00:00","og_image":[{"width":1200,"height":675,"url":"https:\/\/footdavant.fr\/actualites\/wp-content\/uploads\/2025\/07\/Woody-Johnson-de-Jets-termine-l39acquisition-de-la-propriete-de.jpg","type":"image\/jpeg"}],"author":"Cl\u00e9ment","twitter_card":"summary_large_image","twitter_creator":"@FootdavantFr","twitter_site":"@FootdavantFr","twitter_misc":{"\u00c9crit par":"Cl\u00e9ment","Dur\u00e9e de lecture estim\u00e9e":"3 minutes"},"schema":{"@context":"https:\/\/schema.org","@graph":[{"@type":"Article","@id":"https:\/\/footdavant.fr\/actualites\/woody-johnson-de-jets-termine-lacquisition-de-la-propriete-de-crystal-palace\/#article","isPartOf":{"@id":"https:\/\/footdavant.fr\/actualites\/woody-johnson-de-jets-termine-lacquisition-de-la-propriete-de-crystal-palace\/"},"author":{"name":"Cl\u00e9ment","@id":"https:\/\/footdavant.fr\/actualites\/#\/schema\/person\/bc222566d95871b37e597b3ed3ba5e1d"},"headline":"Woody Johnson de Jets termine l&#39;acquisition de la propri\u00e9t\u00e9 de Crystal Palace","datePublished":"2025-07-24T19:48:01+00:00","dateModified":"2025-07-24T19:48:03+00:00","mainEntityOfPage":{"@id":"https:\/\/footdavant.fr\/actualites\/woody-johnson-de-jets-termine-lacquisition-de-la-propriete-de-crystal-palace\/"},"wordCount":537,"publisher":{"@id":"https:\/\/footdavant.fr\/actualites\/#organization"},"keywords":["Crystal","Jets","Johnson","L39acquisition","Palace","propri\u00e9t\u00e9","termine","Woody"],"articleSection":["Football"],"inLanguage":"fr-FR"},{"@type":"WebPage","@id":"https:\/\/footdavant.fr\/actualites\/woody-johnson-de-jets-termine-lacquisition-de-la-propriete-de-crystal-palace\/","url":"https:\/\/footdavant.fr\/actualites\/woody-johnson-de-jets-termine-lacquisition-de-la-propriete-de-crystal-palace\/","name":"Woody Johnson de Jets termine l&#39;acquisition de la propri\u00e9t\u00e9 de Crystal Palace","isPartOf":{"@id":"https:\/\/footdavant.fr\/actualites\/#website"},"datePublished":"2025-07-24T19:48:01+00:00","dateModified":"2025-07-24T19:48:03+00:00","breadcrumb":{"@id":"https:\/\/footdavant.fr\/actualites\/woody-johnson-de-jets-termine-lacquisition-de-la-propriete-de-crystal-palace\/#breadcrumb"},"inLanguage":"fr-FR","potentialAction":[{"@type":"ReadAction","target":["https:\/\/footdavant.fr\/actualites\/woody-johnson-de-jets-termine-lacquisition-de-la-propriete-de-crystal-palace\/"]}]},{"@type":"BreadcrumbList","@id":"https:\/\/footdavant.fr\/actualites\/woody-johnson-de-jets-termine-lacquisition-de-la-propriete-de-crystal-palace\/#breadcrumb","itemListElement":[{"@type":"ListItem","position":1,"name":"Accueil","item":"https:\/\/footdavant.fr\/actualites\/"},{"@type":"ListItem","position":2,"name":"Woody Johnson de Jets termine l&#39;acquisition de la propri\u00e9t\u00e9 de Crystal Palace"}]},{"@type":"WebSite","@id":"https:\/\/footdavant.fr\/actualites\/#website","url":"https:\/\/footdavant.fr\/actualites\/","name":"Foot d'avant","description":"","publisher":{"@id":"https:\/\/footdavant.fr\/actualites\/#organization"},"potentialAction":[{"@type":"SearchAction","target":{"@type":"EntryPoint","urlTemplate":"https:\/\/footdavant.fr\/actualites\/?s={search_term_string}"},"query-input":"required name=search_term_string"}],"inLanguage":"fr-FR"},{"@type":"Organization","@id":"https:\/\/footdavant.fr\/actualites\/#organization","name":"Foot d'avant","url":"https:\/\/footdavant.fr\/actualites\/","logo":{"@type":"ImageObject","inLanguage":"fr-FR","@id":"https:\/\/footdavant.fr\/actualites\/#\/schema\/logo\/image\/","url":"https:\/\/footdavant.fr\/actualites\/wp-content\/uploads\/2023\/09\/Copy-of-FootDavant-Logo.png","contentUrl":"https:\/\/footdavant.fr\/actualites\/wp-content\/uploads\/2023\/09\/Copy-of-FootDavant-Logo.png","width":936,"height":549,"caption":"Foot d'avant"},"image":{"@id":"https:\/\/footdavant.fr\/actualites\/#\/schema\/logo\/image\/"},"sameAs":["https:\/\/www.facebook.com\/Footdavant\/","https:\/\/twitter.com\/FootdavantFr","https:\/\/www.instagram.com\/footdavant.fr\/"]},{"@type":"Person","@id":"https:\/\/footdavant.fr\/actualites\/#\/schema\/person\/bc222566d95871b37e597b3ed3ba5e1d","name":"Cl\u00e9ment","image":{"@type":"ImageObject","inLanguage":"fr-FR","@id":"https:\/\/footdavant.fr\/actualites\/#\/schema\/person\/image\/","url":"https:\/\/secure.gravatar.com\/avatar\/7728b29aac2719421e1a9159b2254c44?s=96&d=mm&r=g","contentUrl":"https:\/\/secure.gravatar.com\/avatar\/7728b29aac2719421e1a9159b2254c44?s=96&d=mm&r=g","caption":"Cl\u00e9ment"},"sameAs":["https:\/\/footdavant.fr\/"]}]}},"_links":{"self":[{"href":"https:\/\/footdavant.fr\/actualites\/wp-json\/wp\/v2\/posts\/26546"}],"collection":[{"href":"https:\/\/footdavant.fr\/actualites\/wp-json\/wp\/v2\/posts"}],"about":[{"href":"https:\/\/footdavant.fr\/actualites\/wp-json\/wp\/v2\/types\/post"}],"author":[{"embeddable":true,"href":"https:\/\/footdavant.fr\/actualites\/wp-json\/wp\/v2\/users\/1"}],"replies":[{"embeddable":true,"href":"https:\/\/footdavant.fr\/actualites\/wp-json\/wp\/v2\/comments?post=26546"}],"version-history":[{"count":1,"href":"https:\/\/footdavant.fr\/actualites\/wp-json\/wp\/v2\/posts\/26546\/revisions"}],"predecessor-version":[{"id":26548,"href":"https:\/\/footdavant.fr\/actualites\/wp-json\/wp\/v2\/posts\/26546\/revisions\/26548"}],"wp:featuredmedia":[{"embeddable":true,"href":"https:\/\/footdavant.fr\/actualites\/wp-json\/wp\/v2\/media\/26547"}],"wp:attachment":[{"href":"https:\/\/footdavant.fr\/actualites\/wp-json\/wp\/v2\/media?parent=26546"}],"wp:term":[{"taxonomy":"category","embeddable":true,"href":"https:\/\/footdavant.fr\/actualites\/wp-json\/wp\/v2\/categories?post=26546"},{"taxonomy":"post_tag","embeddable":true,"href":"https:\/\/footdavant.fr\/actualites\/wp-json\/wp\/v2\/tags?post=26546"}],"curies":[{"name":"wp","href":"https:\/\/api.w.org\/{rel}","templated":true}]}}