{"id":26549,"date":"2025-07-24T23:48:16","date_gmt":"2025-07-24T21:48:16","guid":{"rendered":"https:\/\/footdavant.fr\/actualites\/liverpool-transfer-news-mise-a-jour-hugo-ekitike-deal-daccord-avec-eintracht-francfurt-comme-la-date-de-debut-potentielle-revelee\/"},"modified":"2025-07-24T23:48:18","modified_gmt":"2025-07-24T21:48:18","slug":"liverpool-transfer-news-mise-a-jour-hugo-ekitike-deal-daccord-avec-eintracht-francfurt-comme-la-date-de-debut-potentielle-revelee","status":"publish","type":"post","link":"https:\/\/footdavant.fr\/actualites\/liverpool-transfer-news-mise-a-jour-hugo-ekitike-deal-daccord-avec-eintracht-francfurt-comme-la-date-de-debut-potentielle-revelee\/","title":{"rendered":"Liverpool Transfer News Mise \u00e0 jour: Hugo Ekitike Deal \u00ab\u00a0 d&#39;accord &#39;&#39; avec Eintracht Francfurt comme la date de d\u00e9but potentielle r\u00e9v\u00e9l\u00e9e"},"content":{"rendered":"<p>Liverpool aurait conclu un accord pour l&#39;attaquant d&#39;Eintracht Francfort Hugo Ekitike, et l&#39;attaquant pourrait faire ses d\u00e9buts aux Reds pendant la pr\u00e9-saison.<\/p>\n<div id=\"article_body\" itemprop=\"articleBody\">\n<h3 class=\"firstPara\"><\/h3>\n<p><strong class=\"autotag\">Liverpool<\/strong> ont conclu un accord en principe avec <strong class=\"autotag\">Eintracht Francfort<\/strong> pour l&#39;attaquant <strong class=\"autotag\">Hugo Ekitike<\/strong>le dernier rapport a affirm\u00e9.<\/p>\n<p>Les Reds ont mis fin \u00e0 la saison 2024-25 en tant que champions de Premier League, mais ils ont montr\u00e9 une grande ambition en \u00e9t\u00e9 dans le but de conserver leur couronne.<\/p>\n<p><strong class=\"autotag\">Florian Wirtz<\/strong> a \u00e9t\u00e9 sign\u00e9 \u00e0 Bayer Leverkusen pour des frais pouvant atteindre 116 millions de livres sterling, tandis que les arri\u00e8re-arri\u00e8re <strong class=\"autotag\">Milos Kerkez<\/strong> et <strong class=\"autotag\">Jeremie Frimpong<\/strong> ont \u00e9galement \u00e9t\u00e9 achet\u00e9s.<\/p>\n<p>Les Merseysiders auraient envie de faire venir Eintracht Centre avant Ekitike malgr\u00e9 la concurrence des go\u00fbts <strong class=\"autotag\">Newcastle United<\/strong> et Manchester United.<\/p>\n<p>Newcastle \u00e9tait particuli\u00e8rement int\u00e9ress\u00e9 par le joueur de 23 ans, mais David Ornstein a rapport\u00e9<em> L&#39;athl\u00e9tisme<\/em> Que des frais d\u00e9passant 82,3 millions de livres sterling ont \u00e9t\u00e9 convenus entre Liverpool et le club allemand, ajoutant que le transfert devrait se mat\u00e9rialiser le lendemain.<\/p>\n<p class=\"imgI\">\n<h2>Quand Ekitike pourrait-il faire ses d\u00e9buts pour Liverpool?<\/h2>\n<p>Liverpool a jou\u00e9 son premier match de pr\u00e9-saison dimanche dernier, <strong>battre Preston North End 3-1<\/strong> \u00e0 Deepdale, et ils s&#39;envoleront pour leur tourn\u00e9e en Asie ce dimanche.<\/p>\n<p>Leur prochain argent viendra contre l&#39;AC Milan \u00e0 Hong Kong le 26 juillet, et si Ekitike est sign\u00e9 au d\u00e9but de la semaine prochaine, on peut s&#39;attendre \u00e0 ce qu&#39;il se joigne \u00e0 l&#39;\u00e9quipe avant de prendre le c\u00f4t\u00e9 de Serie A.<\/p>\n<p>Si les formalit\u00e9s du transfert s&#39;allument jusqu&#39;\u00e0 la semaine plus tard dans la semaine, une date plus r\u00e9aliste pour les d\u00e9buts du Fran\u00e7ais serait lorsque les Reds affronteraient Yokohama F. Marinos le 30 juillet.<\/p>\n<p class=\"imgI\"><img decoding=\"async\" alt=\"Hugo Ekitike c\u00e9l\u00e8bre le 17 mai 2025\" class=\"vanilla-lazyload article-image\" src=\"https:\/\/footdavant.fr\/actualites\/wp-content\/uploads\/2025\/07\/1753249699_774_Ekitike-to-Liverpool-Transfer-se-rapproche-alors-que-les-rouges.webp\"><\/p>\n<h2>Volont\u00e9 <strong class=\"autotag\">Slot arne<\/strong> Commencez Ekitike contre Bournemouth dans le match d&#39;ouverture de Premier League?<\/h2>\n<p>Le premier match de Liverpool de la nouvelle saison de Premier League se fera contre Bournemouth \u00e0 Anfield le 15 ao\u00fbt, et Ekitike sera presque certainement donn\u00e9 le signe de t\u00eate \u00e0 l&#39;avance.<\/p>\n<p>Attaquant des rouges actuels <strong class=\"autotag\">Darwin Nunez<\/strong> a \u00e9t\u00e9 fortement li\u00e9 \u00e0 un d\u00e9m\u00e9nagement \u00e0 la Saudi Pro League, et il n&#39;a commenc\u00e9 que huit fois dans l&#39;\u00e9lite le dernier trimestre, il est donc peu probable qu&#39;il soit fiable par le boss Arne Slot \u00e0 l&#39;avenir.<\/p>\n<p>Pendant son ailier <strong class=\"autotag\">Luis Diaz<\/strong> a \u00e9t\u00e9 utilis\u00e9 comme un faux neuf par le manager n\u00e9erlandais, un transfert au Bayern Munich pourrait avoir lieu, et sa sortie laisserait l&#39;emplacement \u00e0 moins d&#39;options dans la position avant-centre.<\/p>\n<div class=\"author_box\">\n<div class=\"author_box_banner\"> <img decoding=\"async\" class=\"author_img\" src=\"https:\/\/footdavant.fr\/actualites\/wp-content\/uploads\/2025\/06\/1750629048_353_Nico-Williams-le-plus-tard-en-tant-qu39Arsenal-prend-la.jpg\"><\/div>\n<\/div>\n<\/div>\n","protected":false},"excerpt":{"rendered":"<p>Liverpool aurait conclu un accord pour l&#39;attaquant d&#39;Eintracht Francfort Hugo Ekitike, et l&#39;attaquant pourrait faire ses d\u00e9buts aux Reds pendant la pr\u00e9-saison. Liverpool ont conclu<\/p>\n","protected":false},"author":1,"featured_media":26550,"comment_status":"closed","ping_status":"","sticky":false,"template":"","format":"standard","meta":{"footnotes":""},"categories":[5],"tags":[91,990,4226,391,7849,481,8846,8664,8847,1642,328,53,327,409,392,4750,2732],"yoast_head":"<!-- This site is optimized with the Yoast SEO plugin v21.0 - https:\/\/yoast.com\/wordpress\/plugins\/seo\/ -->\n<title>Liverpool Transfer News Mise \u00e0 jour: Hugo Ekitike Deal `` d&#039;accord &#039;&#039; avec Eintracht Francfurt comme la date de d\u00e9but potentielle r\u00e9v\u00e9l\u00e9e<\/title>\n<meta name=\"robots\" content=\"index, follow, max-snippet:-1, max-image-preview:large, max-video-preview:-1\" \/>\n<link rel=\"canonical\" href=\"https:\/\/footdavant.fr\/actualites\/liverpool-transfer-news-mise-a-jour-hugo-ekitike-deal-daccord-avec-eintracht-francfurt-comme-la-date-de-debut-potentielle-revelee\/\" \/>\n<meta property=\"og:locale\" content=\"fr_FR\" \/>\n<meta property=\"og:type\" content=\"article\" \/>\n<meta property=\"og:title\" content=\"Liverpool Transfer News Mise \u00e0 jour: Hugo Ekitike Deal `` d&#039;accord &#039;&#039; avec Eintracht Francfurt comme la date de d\u00e9but potentielle r\u00e9v\u00e9l\u00e9e\" \/>\n<meta property=\"og:description\" content=\"Liverpool aurait conclu un accord pour l&#039;attaquant d&#039;Eintracht Francfort Hugo Ekitike, et l&#039;attaquant pourrait faire ses d\u00e9buts aux Reds pendant la pr\u00e9-saison. Liverpool ont conclu\" \/>\n<meta property=\"og:url\" content=\"https:\/\/footdavant.fr\/actualites\/liverpool-transfer-news-mise-a-jour-hugo-ekitike-deal-daccord-avec-eintracht-francfurt-comme-la-date-de-debut-potentielle-revelee\/\" \/>\n<meta property=\"og:site_name\" content=\"Foot d&#039;avant\" \/>\n<meta property=\"article:publisher\" content=\"https:\/\/www.facebook.com\/Footdavant\/\" \/>\n<meta property=\"article:published_time\" content=\"2025-07-24T21:48:16+00:00\" \/>\n<meta property=\"article:modified_time\" content=\"2025-07-24T21:48:18+00:00\" \/>\n<meta property=\"og:image\" content=\"https:\/\/footdavant.fr\/actualites\/wp-content\/uploads\/2025\/07\/Hugo-Ekitike-Liverpool-Shirt-Numeros-disponibles-pour-l39attaquant-de-Francfurt.webp\" \/>\n\t<meta property=\"og:image:width\" content=\"640\" \/>\n\t<meta property=\"og:image:height\" content=\"480\" \/>\n\t<meta property=\"og:image:type\" content=\"image\/jpeg\" \/>\n<meta name=\"author\" content=\"Cl\u00e9ment\" \/>\n<meta name=\"twitter:card\" content=\"summary_large_image\" \/>\n<meta name=\"twitter:creator\" content=\"@FootdavantFr\" \/>\n<meta name=\"twitter:site\" content=\"@FootdavantFr\" \/>\n<meta name=\"twitter:label1\" content=\"\u00c9crit par\" \/>\n\t<meta name=\"twitter:data1\" content=\"Cl\u00e9ment\" \/>\n\t<meta name=\"twitter:label2\" content=\"Dur\u00e9e de lecture estim\u00e9e\" \/>\n\t<meta name=\"twitter:data2\" content=\"2 minutes\" \/>\n<script type=\"application\/ld+json\" class=\"yoast-schema-graph\">{\"@context\":\"https:\/\/schema.org\",\"@graph\":[{\"@type\":\"Article\",\"@id\":\"https:\/\/footdavant.fr\/actualites\/liverpool-transfer-news-mise-a-jour-hugo-ekitike-deal-daccord-avec-eintracht-francfurt-comme-la-date-de-debut-potentielle-revelee\/#article\",\"isPartOf\":{\"@id\":\"https:\/\/footdavant.fr\/actualites\/liverpool-transfer-news-mise-a-jour-hugo-ekitike-deal-daccord-avec-eintracht-francfurt-comme-la-date-de-debut-potentielle-revelee\/\"},\"author\":{\"name\":\"Cl\u00e9ment\",\"@id\":\"https:\/\/footdavant.fr\/actualites\/#\/schema\/person\/bc222566d95871b37e597b3ed3ba5e1d\"},\"headline\":\"Liverpool Transfer News Mise \u00e0 jour: Hugo Ekitike Deal \u00ab\u00a0 d&#39;accord &#39;&#39; avec Eintracht Francfurt comme la date de d\u00e9but potentielle r\u00e9v\u00e9l\u00e9e\",\"datePublished\":\"2025-07-24T21:48:16+00:00\",\"dateModified\":\"2025-07-24T21:48:18+00:00\",\"mainEntityOfPage\":{\"@id\":\"https:\/\/footdavant.fr\/actualites\/liverpool-transfer-news-mise-a-jour-hugo-ekitike-deal-daccord-avec-eintracht-francfurt-comme-la-date-de-debut-potentielle-revelee\/\"},\"wordCount\":456,\"publisher\":{\"@id\":\"https:\/\/footdavant.fr\/actualites\/#organization\"},\"keywords\":[\"avec\",\"comme\",\"d39accord\",\"date\",\"Deal\",\"d\u00e9but\",\"Eintracht\",\"Ekitike\",\"Francfurt\",\"Hugo\",\"jour\",\"Liverpool\",\"mise\",\"News\",\"potentielle\",\"r\u00e9v\u00e9l\u00e9e\",\"Transfer\"],\"articleSection\":[\"Premier League\"],\"inLanguage\":\"fr-FR\"},{\"@type\":\"WebPage\",\"@id\":\"https:\/\/footdavant.fr\/actualites\/liverpool-transfer-news-mise-a-jour-hugo-ekitike-deal-daccord-avec-eintracht-francfurt-comme-la-date-de-debut-potentielle-revelee\/\",\"url\":\"https:\/\/footdavant.fr\/actualites\/liverpool-transfer-news-mise-a-jour-hugo-ekitike-deal-daccord-avec-eintracht-francfurt-comme-la-date-de-debut-potentielle-revelee\/\",\"name\":\"Liverpool Transfer News Mise \u00e0 jour: Hugo Ekitike Deal `` d&#39;accord &#39;&#39; avec Eintracht Francfurt comme la date de d\u00e9but potentielle r\u00e9v\u00e9l\u00e9e\",\"isPartOf\":{\"@id\":\"https:\/\/footdavant.fr\/actualites\/#website\"},\"datePublished\":\"2025-07-24T21:48:16+00:00\",\"dateModified\":\"2025-07-24T21:48:18+00:00\",\"breadcrumb\":{\"@id\":\"https:\/\/footdavant.fr\/actualites\/liverpool-transfer-news-mise-a-jour-hugo-ekitike-deal-daccord-avec-eintracht-francfurt-comme-la-date-de-debut-potentielle-revelee\/#breadcrumb\"},\"inLanguage\":\"fr-FR\",\"potentialAction\":[{\"@type\":\"ReadAction\",\"target\":[\"https:\/\/footdavant.fr\/actualites\/liverpool-transfer-news-mise-a-jour-hugo-ekitike-deal-daccord-avec-eintracht-francfurt-comme-la-date-de-debut-potentielle-revelee\/\"]}]},{\"@type\":\"BreadcrumbList\",\"@id\":\"https:\/\/footdavant.fr\/actualites\/liverpool-transfer-news-mise-a-jour-hugo-ekitike-deal-daccord-avec-eintracht-francfurt-comme-la-date-de-debut-potentielle-revelee\/#breadcrumb\",\"itemListElement\":[{\"@type\":\"ListItem\",\"position\":1,\"name\":\"Accueil\",\"item\":\"https:\/\/footdavant.fr\/actualites\/\"},{\"@type\":\"ListItem\",\"position\":2,\"name\":\"Liverpool Transfer News Mise \u00e0 jour: Hugo Ekitike Deal \u00ab\u00a0 d&#39;accord &#39;&#39; avec Eintracht Francfurt comme la date de d\u00e9but potentielle r\u00e9v\u00e9l\u00e9e\"}]},{\"@type\":\"WebSite\",\"@id\":\"https:\/\/footdavant.fr\/actualites\/#website\",\"url\":\"https:\/\/footdavant.fr\/actualites\/\",\"name\":\"Foot d'avant\",\"description\":\"\",\"publisher\":{\"@id\":\"https:\/\/footdavant.fr\/actualites\/#organization\"},\"potentialAction\":[{\"@type\":\"SearchAction\",\"target\":{\"@type\":\"EntryPoint\",\"urlTemplate\":\"https:\/\/footdavant.fr\/actualites\/?s={search_term_string}\"},\"query-input\":\"required name=search_term_string\"}],\"inLanguage\":\"fr-FR\"},{\"@type\":\"Organization\",\"@id\":\"https:\/\/footdavant.fr\/actualites\/#organization\",\"name\":\"Foot d'avant\",\"url\":\"https:\/\/footdavant.fr\/actualites\/\",\"logo\":{\"@type\":\"ImageObject\",\"inLanguage\":\"fr-FR\",\"@id\":\"https:\/\/footdavant.fr\/actualites\/#\/schema\/logo\/image\/\",\"url\":\"https:\/\/footdavant.fr\/actualites\/wp-content\/uploads\/2023\/09\/Copy-of-FootDavant-Logo.png\",\"contentUrl\":\"https:\/\/footdavant.fr\/actualites\/wp-content\/uploads\/2023\/09\/Copy-of-FootDavant-Logo.png\",\"width\":936,\"height\":549,\"caption\":\"Foot d'avant\"},\"image\":{\"@id\":\"https:\/\/footdavant.fr\/actualites\/#\/schema\/logo\/image\/\"},\"sameAs\":[\"https:\/\/www.facebook.com\/Footdavant\/\",\"https:\/\/twitter.com\/FootdavantFr\",\"https:\/\/www.instagram.com\/footdavant.fr\/\"]},{\"@type\":\"Person\",\"@id\":\"https:\/\/footdavant.fr\/actualites\/#\/schema\/person\/bc222566d95871b37e597b3ed3ba5e1d\",\"name\":\"Cl\u00e9ment\",\"image\":{\"@type\":\"ImageObject\",\"inLanguage\":\"fr-FR\",\"@id\":\"https:\/\/footdavant.fr\/actualites\/#\/schema\/person\/image\/\",\"url\":\"https:\/\/secure.gravatar.com\/avatar\/7728b29aac2719421e1a9159b2254c44?s=96&d=mm&r=g\",\"contentUrl\":\"https:\/\/secure.gravatar.com\/avatar\/7728b29aac2719421e1a9159b2254c44?s=96&d=mm&r=g\",\"caption\":\"Cl\u00e9ment\"},\"sameAs\":[\"https:\/\/footdavant.fr\/\"]}]}<\/script>\n<!-- \/ Yoast SEO plugin. -->","yoast_head_json":{"title":"Liverpool Transfer News Mise \u00e0 jour: Hugo Ekitike Deal `` d&#39;accord &#39;&#39; avec Eintracht Francfurt comme la date de d\u00e9but potentielle r\u00e9v\u00e9l\u00e9e","robots":{"index":"index","follow":"follow","max-snippet":"max-snippet:-1","max-image-preview":"max-image-preview:large","max-video-preview":"max-video-preview:-1"},"canonical":"https:\/\/footdavant.fr\/actualites\/liverpool-transfer-news-mise-a-jour-hugo-ekitike-deal-daccord-avec-eintracht-francfurt-comme-la-date-de-debut-potentielle-revelee\/","og_locale":"fr_FR","og_type":"article","og_title":"Liverpool Transfer News Mise \u00e0 jour: Hugo Ekitike Deal `` d&#39;accord &#39;&#39; avec Eintracht Francfurt comme la date de d\u00e9but potentielle r\u00e9v\u00e9l\u00e9e","og_description":"Liverpool aurait conclu un accord pour l&#39;attaquant d&#39;Eintracht Francfort Hugo Ekitike, et l&#39;attaquant pourrait faire ses d\u00e9buts aux Reds pendant la pr\u00e9-saison. Liverpool ont conclu","og_url":"https:\/\/footdavant.fr\/actualites\/liverpool-transfer-news-mise-a-jour-hugo-ekitike-deal-daccord-avec-eintracht-francfurt-comme-la-date-de-debut-potentielle-revelee\/","og_site_name":"Foot d&#039;avant","article_publisher":"https:\/\/www.facebook.com\/Footdavant\/","article_published_time":"2025-07-24T21:48:16+00:00","article_modified_time":"2025-07-24T21:48:18+00:00","og_image":[{"width":640,"height":480,"url":"https:\/\/footdavant.fr\/actualites\/wp-content\/uploads\/2025\/07\/Hugo-Ekitike-Liverpool-Shirt-Numeros-disponibles-pour-l39attaquant-de-Francfurt.webp","type":"image\/jpeg"}],"author":"Cl\u00e9ment","twitter_card":"summary_large_image","twitter_creator":"@FootdavantFr","twitter_site":"@FootdavantFr","twitter_misc":{"\u00c9crit par":"Cl\u00e9ment","Dur\u00e9e de lecture estim\u00e9e":"2 minutes"},"schema":{"@context":"https:\/\/schema.org","@graph":[{"@type":"Article","@id":"https:\/\/footdavant.fr\/actualites\/liverpool-transfer-news-mise-a-jour-hugo-ekitike-deal-daccord-avec-eintracht-francfurt-comme-la-date-de-debut-potentielle-revelee\/#article","isPartOf":{"@id":"https:\/\/footdavant.fr\/actualites\/liverpool-transfer-news-mise-a-jour-hugo-ekitike-deal-daccord-avec-eintracht-francfurt-comme-la-date-de-debut-potentielle-revelee\/"},"author":{"name":"Cl\u00e9ment","@id":"https:\/\/footdavant.fr\/actualites\/#\/schema\/person\/bc222566d95871b37e597b3ed3ba5e1d"},"headline":"Liverpool Transfer News Mise \u00e0 jour: Hugo Ekitike Deal \u00ab\u00a0 d&#39;accord &#39;&#39; avec Eintracht Francfurt comme la date de d\u00e9but potentielle r\u00e9v\u00e9l\u00e9e","datePublished":"2025-07-24T21:48:16+00:00","dateModified":"2025-07-24T21:48:18+00:00","mainEntityOfPage":{"@id":"https:\/\/footdavant.fr\/actualites\/liverpool-transfer-news-mise-a-jour-hugo-ekitike-deal-daccord-avec-eintracht-francfurt-comme-la-date-de-debut-potentielle-revelee\/"},"wordCount":456,"publisher":{"@id":"https:\/\/footdavant.fr\/actualites\/#organization"},"keywords":["avec","comme","d39accord","date","Deal","d\u00e9but","Eintracht","Ekitike","Francfurt","Hugo","jour","Liverpool","mise","News","potentielle","r\u00e9v\u00e9l\u00e9e","Transfer"],"articleSection":["Premier League"],"inLanguage":"fr-FR"},{"@type":"WebPage","@id":"https:\/\/footdavant.fr\/actualites\/liverpool-transfer-news-mise-a-jour-hugo-ekitike-deal-daccord-avec-eintracht-francfurt-comme-la-date-de-debut-potentielle-revelee\/","url":"https:\/\/footdavant.fr\/actualites\/liverpool-transfer-news-mise-a-jour-hugo-ekitike-deal-daccord-avec-eintracht-francfurt-comme-la-date-de-debut-potentielle-revelee\/","name":"Liverpool Transfer News Mise \u00e0 jour: Hugo Ekitike Deal `` d&#39;accord &#39;&#39; avec Eintracht Francfurt comme la date de d\u00e9but potentielle r\u00e9v\u00e9l\u00e9e","isPartOf":{"@id":"https:\/\/footdavant.fr\/actualites\/#website"},"datePublished":"2025-07-24T21:48:16+00:00","dateModified":"2025-07-24T21:48:18+00:00","breadcrumb":{"@id":"https:\/\/footdavant.fr\/actualites\/liverpool-transfer-news-mise-a-jour-hugo-ekitike-deal-daccord-avec-eintracht-francfurt-comme-la-date-de-debut-potentielle-revelee\/#breadcrumb"},"inLanguage":"fr-FR","potentialAction":[{"@type":"ReadAction","target":["https:\/\/footdavant.fr\/actualites\/liverpool-transfer-news-mise-a-jour-hugo-ekitike-deal-daccord-avec-eintracht-francfurt-comme-la-date-de-debut-potentielle-revelee\/"]}]},{"@type":"BreadcrumbList","@id":"https:\/\/footdavant.fr\/actualites\/liverpool-transfer-news-mise-a-jour-hugo-ekitike-deal-daccord-avec-eintracht-francfurt-comme-la-date-de-debut-potentielle-revelee\/#breadcrumb","itemListElement":[{"@type":"ListItem","position":1,"name":"Accueil","item":"https:\/\/footdavant.fr\/actualites\/"},{"@type":"ListItem","position":2,"name":"Liverpool Transfer News Mise \u00e0 jour: Hugo Ekitike Deal \u00ab\u00a0 d&#39;accord &#39;&#39; avec Eintracht Francfurt comme la date de d\u00e9but potentielle r\u00e9v\u00e9l\u00e9e"}]},{"@type":"WebSite","@id":"https:\/\/footdavant.fr\/actualites\/#website","url":"https:\/\/footdavant.fr\/actualites\/","name":"Foot d'avant","description":"","publisher":{"@id":"https:\/\/footdavant.fr\/actualites\/#organization"},"potentialAction":[{"@type":"SearchAction","target":{"@type":"EntryPoint","urlTemplate":"https:\/\/footdavant.fr\/actualites\/?s={search_term_string}"},"query-input":"required name=search_term_string"}],"inLanguage":"fr-FR"},{"@type":"Organization","@id":"https:\/\/footdavant.fr\/actualites\/#organization","name":"Foot d'avant","url":"https:\/\/footdavant.fr\/actualites\/","logo":{"@type":"ImageObject","inLanguage":"fr-FR","@id":"https:\/\/footdavant.fr\/actualites\/#\/schema\/logo\/image\/","url":"https:\/\/footdavant.fr\/actualites\/wp-content\/uploads\/2023\/09\/Copy-of-FootDavant-Logo.png","contentUrl":"https:\/\/footdavant.fr\/actualites\/wp-content\/uploads\/2023\/09\/Copy-of-FootDavant-Logo.png","width":936,"height":549,"caption":"Foot d'avant"},"image":{"@id":"https:\/\/footdavant.fr\/actualites\/#\/schema\/logo\/image\/"},"sameAs":["https:\/\/www.facebook.com\/Footdavant\/","https:\/\/twitter.com\/FootdavantFr","https:\/\/www.instagram.com\/footdavant.fr\/"]},{"@type":"Person","@id":"https:\/\/footdavant.fr\/actualites\/#\/schema\/person\/bc222566d95871b37e597b3ed3ba5e1d","name":"Cl\u00e9ment","image":{"@type":"ImageObject","inLanguage":"fr-FR","@id":"https:\/\/footdavant.fr\/actualites\/#\/schema\/person\/image\/","url":"https:\/\/secure.gravatar.com\/avatar\/7728b29aac2719421e1a9159b2254c44?s=96&d=mm&r=g","contentUrl":"https:\/\/secure.gravatar.com\/avatar\/7728b29aac2719421e1a9159b2254c44?s=96&d=mm&r=g","caption":"Cl\u00e9ment"},"sameAs":["https:\/\/footdavant.fr\/"]}]}},"_links":{"self":[{"href":"https:\/\/footdavant.fr\/actualites\/wp-json\/wp\/v2\/posts\/26549"}],"collection":[{"href":"https:\/\/footdavant.fr\/actualites\/wp-json\/wp\/v2\/posts"}],"about":[{"href":"https:\/\/footdavant.fr\/actualites\/wp-json\/wp\/v2\/types\/post"}],"author":[{"embeddable":true,"href":"https:\/\/footdavant.fr\/actualites\/wp-json\/wp\/v2\/users\/1"}],"replies":[{"embeddable":true,"href":"https:\/\/footdavant.fr\/actualites\/wp-json\/wp\/v2\/comments?post=26549"}],"version-history":[{"count":1,"href":"https:\/\/footdavant.fr\/actualites\/wp-json\/wp\/v2\/posts\/26549\/revisions"}],"predecessor-version":[{"id":26551,"href":"https:\/\/footdavant.fr\/actualites\/wp-json\/wp\/v2\/posts\/26549\/revisions\/26551"}],"wp:featuredmedia":[{"embeddable":true,"href":"https:\/\/footdavant.fr\/actualites\/wp-json\/wp\/v2\/media\/26550"}],"wp:attachment":[{"href":"https:\/\/footdavant.fr\/actualites\/wp-json\/wp\/v2\/media?parent=26549"}],"wp:term":[{"taxonomy":"category","embeddable":true,"href":"https:\/\/footdavant.fr\/actualites\/wp-json\/wp\/v2\/categories?post=26549"},{"taxonomy":"post_tag","embeddable":true,"href":"https:\/\/footdavant.fr\/actualites\/wp-json\/wp\/v2\/tags?post=26549"}],"curies":[{"name":"wp","href":"https:\/\/api.w.org\/{rel}","templated":true}]}}