{"id":26552,"date":"2025-07-25T01:48:03","date_gmt":"2025-07-24T23:48:03","guid":{"rendered":"https:\/\/footdavant.fr\/actualites\/salon-de-la-derniere-chance-pour-rasmus-hojlund-cette-pre-saison-man-united-news-and-transfer-news\/"},"modified":"2025-07-25T01:48:06","modified_gmt":"2025-07-24T23:48:06","slug":"salon-de-la-derniere-chance-pour-rasmus-hojlund-cette-pre-saison-man-united-news-and-transfer-news","status":"publish","type":"post","link":"https:\/\/footdavant.fr\/actualites\/salon-de-la-derniere-chance-pour-rasmus-hojlund-cette-pre-saison-man-united-news-and-transfer-news\/","title":{"rendered":"Salon de la derni\u00e8re chance pour Rasmus Hojlund cette pr\u00e9-saison &#8211; Man United News and Transfer News"},"content":{"rendered":"<div id=\"penci-post-entry-inner\">\n<p>\t\t\t<i class=\"penci-post-countview-number-check\" style=\"display:none\">2<\/i><\/p>\n<p><!--Article Start--><br \/>Rasmus Hojlund a \u00e9t\u00e9 une source majeure de frustration pour Ruben Amorim la saison derni\u00e8re, le Danois marquant quatre fois quatre fois en Premier League la saison derni\u00e8re.<\/p>\n<p>Il ressemblait \u00e0 un joueur couch\u00e9 de confiance, et \u00e0 part le manque d&#39;objectifs, son taux de travail, son gameplay g\u00e9n\u00e9ral et son jeu de liaison \u00e9taient \u00e9galement assez pauvres.<\/p>\n<p>INEOS a initialement tent\u00e9 de vendre l&#39;international du Danemark, dans l&#39;espoir de s\u00e9curiser Liam Delap ou Viktor Gyokerres comme remplacement possible.<\/p>\n<p>Mais rien n&#39;est arriv\u00e9 en dehors des offres de pr\u00eat et le duo a d\u00e9m\u00e9nag\u00e9 respectivement \u00e0 ses rivaux Chelsea et Arsenal. Et avec le club qui d\u00e9pense grand pour Matheus Cunha et Bryan Mbeumo, une autre d\u00e9pense massive sur un nouveau n \u00b0 9 n&#39;est pas attendue.<\/p>\n<h5>Rasmus pour rester<\/h5>\n<p>Pas sans ventes de joueurs. Et avec des c\u00f4t\u00e9s de Serie A qui ne soumettent pas une proposition concr\u00e8te, l&#39;entra\u00eeneur-chef unis envisage de garder le joueur de 22 ans \u00e0 Old Trafford.<\/p>\n<p>Le Soleil a affirm\u00e9 que le tacticien portugais devrait remettre aux \u00c9tats-Unis un dernier coup de rachat lors de la s\u00e9rie estivale de Premier League de trois matchs aux \u00c9tats-Unis.<\/p>\n<p>Il sent avec la cr\u00e9ativit\u00e9 suppl\u00e9mentaire de Cunha et Mbeumo, l&#39;ex-starlette de l&#39;atalanta peut encore \u00eatre bien.<\/p>\n<p>\u00abManchester United a indiqu\u00e9 en train de rompre la banque pour faire venir un nouveau NO9.<\/p>\n<p>\u00abMais avec les d\u00e9penses de United sur Matheus Cunha et Bryan Mbeumo ayant d\u00e9j\u00e0 d\u00e9pass\u00e9 130 millions de livres sterling cet \u00e9t\u00e9, le club n&#39;est pas en mesure d&#39;aller en grande partie \u00e0 moins qu&#39;il n&#39;y ait des sorties importantes.<\/p>\n<h5>Salon de la derni\u00e8re chance<\/h5>\n<p>\u00abEt la d\u00e9cision de ne pas pousser le bateau ouvre la porte \u00e0 Rasmus Hojlund sous-pression pour exercer sa r\u00e9clamation lors du tournoi de la s\u00e9rie d&#39;\u00e9t\u00e9 de Premier League de trois matchs contre West Ham, Bournemouth et Everton.<\/p>\n<p>\u00ab\u00a0Le chef United Ruben Amorim, cependant, semble pr\u00eat \u00e0 donner au Dane, 22 ans, une derni\u00e8re chance de montrer qu&#39;il peut \u00eatre le lance-lance d&#39;Old Trafford.\u00a0\u00bb<\/p>\n<p>Les fans esp\u00e8rent que la vente d&#39;Alejandro Garnacho pourrait ouvrir les portes pour un \u00e9ventuel mouvement pour Ollie Watkins. Il y a tr\u00e8s peu de foi en Hojlund parmi la base de fans en ce moment.<\/p>\n<p>Il y a une chance qu&#39;un d\u00e9m\u00e9nagement de pr\u00eat pour un attaquant soit organis\u00e9 \u00e0 la h\u00e2te ou m\u00eame un agent libre amen\u00e9 pour ajouter des chiffres en haut.<\/p>\n<\/p>\n<hr>\n<p>Suivez-nous sur bluesky: @ PeopleSerson.bsky.social<br \/><!--Article End--><\/p>\n<p><!-- CONTENT END 2 --><\/p><\/div>\n","protected":false},"excerpt":{"rendered":"<p>2 Rasmus Hojlund a \u00e9t\u00e9 une source majeure de frustration pour Ruben Amorim la saison derni\u00e8re, le Danois marquant quatre fois quatre fois en Premier<\/p>\n","protected":false},"author":1,"featured_media":26553,"comment_status":"closed","ping_status":"","sticky":false,"template":"","format":"standard","meta":{"footnotes":""},"categories":[3],"tags":[1222,1708,657,456,24,409,51,1517,455,10026,2732,13],"yoast_head":"<!-- This site is optimized with the Yoast SEO plugin v21.0 - https:\/\/yoast.com\/wordpress\/plugins\/seo\/ -->\n<title>Salon de la derni\u00e8re chance pour Rasmus Hojlund cette pr\u00e9-saison - Man United News and Transfer News<\/title>\n<meta name=\"robots\" content=\"index, follow, max-snippet:-1, max-image-preview:large, max-video-preview:-1\" \/>\n<link rel=\"canonical\" href=\"https:\/\/footdavant.fr\/actualites\/salon-de-la-derniere-chance-pour-rasmus-hojlund-cette-pre-saison-man-united-news-and-transfer-news\/\" \/>\n<meta property=\"og:locale\" content=\"fr_FR\" \/>\n<meta property=\"og:type\" content=\"article\" \/>\n<meta property=\"og:title\" content=\"Salon de la derni\u00e8re chance pour Rasmus Hojlund cette pr\u00e9-saison - Man United News and Transfer News\" \/>\n<meta property=\"og:description\" content=\"2 Rasmus Hojlund a \u00e9t\u00e9 une source majeure de frustration pour Ruben Amorim la saison derni\u00e8re, le Danois marquant quatre fois quatre fois en Premier\" \/>\n<meta property=\"og:url\" content=\"https:\/\/footdavant.fr\/actualites\/salon-de-la-derniere-chance-pour-rasmus-hojlund-cette-pre-saison-man-united-news-and-transfer-news\/\" \/>\n<meta property=\"og:site_name\" content=\"Foot d&#039;avant\" \/>\n<meta property=\"article:publisher\" content=\"https:\/\/www.facebook.com\/Footdavant\/\" \/>\n<meta property=\"article:published_time\" content=\"2025-07-24T23:48:03+00:00\" \/>\n<meta property=\"article:modified_time\" content=\"2025-07-24T23:48:06+00:00\" \/>\n<meta property=\"og:image\" content=\"https:\/\/footdavant.fr\/actualites\/wp-content\/uploads\/2025\/07\/Salon-de-la-derniere-chance-pour-Rasmus-Hojlund-cette-pre-saison.jpg\" \/>\n\t<meta property=\"og:image:width\" content=\"1600\" \/>\n\t<meta property=\"og:image:height\" content=\"721\" \/>\n\t<meta property=\"og:image:type\" content=\"image\/jpeg\" \/>\n<meta name=\"author\" content=\"Cl\u00e9ment\" \/>\n<meta name=\"twitter:card\" content=\"summary_large_image\" \/>\n<meta name=\"twitter:creator\" content=\"@FootdavantFr\" \/>\n<meta name=\"twitter:site\" content=\"@FootdavantFr\" \/>\n<meta name=\"twitter:label1\" content=\"\u00c9crit par\" \/>\n\t<meta name=\"twitter:data1\" content=\"Cl\u00e9ment\" \/>\n\t<meta name=\"twitter:label2\" content=\"Dur\u00e9e de lecture estim\u00e9e\" \/>\n\t<meta name=\"twitter:data2\" content=\"2 minutes\" \/>\n<script type=\"application\/ld+json\" class=\"yoast-schema-graph\">{\"@context\":\"https:\/\/schema.org\",\"@graph\":[{\"@type\":\"Article\",\"@id\":\"https:\/\/footdavant.fr\/actualites\/salon-de-la-derniere-chance-pour-rasmus-hojlund-cette-pre-saison-man-united-news-and-transfer-news\/#article\",\"isPartOf\":{\"@id\":\"https:\/\/footdavant.fr\/actualites\/salon-de-la-derniere-chance-pour-rasmus-hojlund-cette-pre-saison-man-united-news-and-transfer-news\/\"},\"author\":{\"name\":\"Cl\u00e9ment\",\"@id\":\"https:\/\/footdavant.fr\/actualites\/#\/schema\/person\/bc222566d95871b37e597b3ed3ba5e1d\"},\"headline\":\"Salon de la derni\u00e8re chance pour Rasmus Hojlund cette pr\u00e9-saison &#8211; Man United News and Transfer News\",\"datePublished\":\"2025-07-24T23:48:03+00:00\",\"dateModified\":\"2025-07-24T23:48:06+00:00\",\"mainEntityOfPage\":{\"@id\":\"https:\/\/footdavant.fr\/actualites\/salon-de-la-derniere-chance-pour-rasmus-hojlund-cette-pre-saison-man-united-news-and-transfer-news\/\"},\"wordCount\":462,\"publisher\":{\"@id\":\"https:\/\/footdavant.fr\/actualites\/#organization\"},\"keywords\":[\"cette\",\"chance\",\"derni\u00e8re\",\"Hojlund\",\"Man\",\"News\",\"pour\",\"pr\u00e9saison\",\"Rasmus\",\"Salon\",\"Transfer\",\"United\"],\"articleSection\":[\"Football\"],\"inLanguage\":\"fr-FR\"},{\"@type\":\"WebPage\",\"@id\":\"https:\/\/footdavant.fr\/actualites\/salon-de-la-derniere-chance-pour-rasmus-hojlund-cette-pre-saison-man-united-news-and-transfer-news\/\",\"url\":\"https:\/\/footdavant.fr\/actualites\/salon-de-la-derniere-chance-pour-rasmus-hojlund-cette-pre-saison-man-united-news-and-transfer-news\/\",\"name\":\"Salon de la derni\u00e8re chance pour Rasmus Hojlund cette pr\u00e9-saison - Man United News and Transfer News\",\"isPartOf\":{\"@id\":\"https:\/\/footdavant.fr\/actualites\/#website\"},\"datePublished\":\"2025-07-24T23:48:03+00:00\",\"dateModified\":\"2025-07-24T23:48:06+00:00\",\"breadcrumb\":{\"@id\":\"https:\/\/footdavant.fr\/actualites\/salon-de-la-derniere-chance-pour-rasmus-hojlund-cette-pre-saison-man-united-news-and-transfer-news\/#breadcrumb\"},\"inLanguage\":\"fr-FR\",\"potentialAction\":[{\"@type\":\"ReadAction\",\"target\":[\"https:\/\/footdavant.fr\/actualites\/salon-de-la-derniere-chance-pour-rasmus-hojlund-cette-pre-saison-man-united-news-and-transfer-news\/\"]}]},{\"@type\":\"BreadcrumbList\",\"@id\":\"https:\/\/footdavant.fr\/actualites\/salon-de-la-derniere-chance-pour-rasmus-hojlund-cette-pre-saison-man-united-news-and-transfer-news\/#breadcrumb\",\"itemListElement\":[{\"@type\":\"ListItem\",\"position\":1,\"name\":\"Accueil\",\"item\":\"https:\/\/footdavant.fr\/actualites\/\"},{\"@type\":\"ListItem\",\"position\":2,\"name\":\"Salon de la derni\u00e8re chance pour Rasmus Hojlund cette pr\u00e9-saison &#8211; Man United News and Transfer News\"}]},{\"@type\":\"WebSite\",\"@id\":\"https:\/\/footdavant.fr\/actualites\/#website\",\"url\":\"https:\/\/footdavant.fr\/actualites\/\",\"name\":\"Foot d'avant\",\"description\":\"\",\"publisher\":{\"@id\":\"https:\/\/footdavant.fr\/actualites\/#organization\"},\"potentialAction\":[{\"@type\":\"SearchAction\",\"target\":{\"@type\":\"EntryPoint\",\"urlTemplate\":\"https:\/\/footdavant.fr\/actualites\/?s={search_term_string}\"},\"query-input\":\"required name=search_term_string\"}],\"inLanguage\":\"fr-FR\"},{\"@type\":\"Organization\",\"@id\":\"https:\/\/footdavant.fr\/actualites\/#organization\",\"name\":\"Foot d'avant\",\"url\":\"https:\/\/footdavant.fr\/actualites\/\",\"logo\":{\"@type\":\"ImageObject\",\"inLanguage\":\"fr-FR\",\"@id\":\"https:\/\/footdavant.fr\/actualites\/#\/schema\/logo\/image\/\",\"url\":\"https:\/\/footdavant.fr\/actualites\/wp-content\/uploads\/2023\/09\/Copy-of-FootDavant-Logo.png\",\"contentUrl\":\"https:\/\/footdavant.fr\/actualites\/wp-content\/uploads\/2023\/09\/Copy-of-FootDavant-Logo.png\",\"width\":936,\"height\":549,\"caption\":\"Foot d'avant\"},\"image\":{\"@id\":\"https:\/\/footdavant.fr\/actualites\/#\/schema\/logo\/image\/\"},\"sameAs\":[\"https:\/\/www.facebook.com\/Footdavant\/\",\"https:\/\/twitter.com\/FootdavantFr\",\"https:\/\/www.instagram.com\/footdavant.fr\/\"]},{\"@type\":\"Person\",\"@id\":\"https:\/\/footdavant.fr\/actualites\/#\/schema\/person\/bc222566d95871b37e597b3ed3ba5e1d\",\"name\":\"Cl\u00e9ment\",\"image\":{\"@type\":\"ImageObject\",\"inLanguage\":\"fr-FR\",\"@id\":\"https:\/\/footdavant.fr\/actualites\/#\/schema\/person\/image\/\",\"url\":\"https:\/\/secure.gravatar.com\/avatar\/7728b29aac2719421e1a9159b2254c44?s=96&d=mm&r=g\",\"contentUrl\":\"https:\/\/secure.gravatar.com\/avatar\/7728b29aac2719421e1a9159b2254c44?s=96&d=mm&r=g\",\"caption\":\"Cl\u00e9ment\"},\"sameAs\":[\"https:\/\/footdavant.fr\/\"]}]}<\/script>\n<!-- \/ Yoast SEO plugin. -->","yoast_head_json":{"title":"Salon de la derni\u00e8re chance pour Rasmus Hojlund cette pr\u00e9-saison - Man United News and Transfer News","robots":{"index":"index","follow":"follow","max-snippet":"max-snippet:-1","max-image-preview":"max-image-preview:large","max-video-preview":"max-video-preview:-1"},"canonical":"https:\/\/footdavant.fr\/actualites\/salon-de-la-derniere-chance-pour-rasmus-hojlund-cette-pre-saison-man-united-news-and-transfer-news\/","og_locale":"fr_FR","og_type":"article","og_title":"Salon de la derni\u00e8re chance pour Rasmus Hojlund cette pr\u00e9-saison - Man United News and Transfer News","og_description":"2 Rasmus Hojlund a \u00e9t\u00e9 une source majeure de frustration pour Ruben Amorim la saison derni\u00e8re, le Danois marquant quatre fois quatre fois en Premier","og_url":"https:\/\/footdavant.fr\/actualites\/salon-de-la-derniere-chance-pour-rasmus-hojlund-cette-pre-saison-man-united-news-and-transfer-news\/","og_site_name":"Foot d&#039;avant","article_publisher":"https:\/\/www.facebook.com\/Footdavant\/","article_published_time":"2025-07-24T23:48:03+00:00","article_modified_time":"2025-07-24T23:48:06+00:00","og_image":[{"width":1600,"height":721,"url":"https:\/\/footdavant.fr\/actualites\/wp-content\/uploads\/2025\/07\/Salon-de-la-derniere-chance-pour-Rasmus-Hojlund-cette-pre-saison.jpg","type":"image\/jpeg"}],"author":"Cl\u00e9ment","twitter_card":"summary_large_image","twitter_creator":"@FootdavantFr","twitter_site":"@FootdavantFr","twitter_misc":{"\u00c9crit par":"Cl\u00e9ment","Dur\u00e9e de lecture estim\u00e9e":"2 minutes"},"schema":{"@context":"https:\/\/schema.org","@graph":[{"@type":"Article","@id":"https:\/\/footdavant.fr\/actualites\/salon-de-la-derniere-chance-pour-rasmus-hojlund-cette-pre-saison-man-united-news-and-transfer-news\/#article","isPartOf":{"@id":"https:\/\/footdavant.fr\/actualites\/salon-de-la-derniere-chance-pour-rasmus-hojlund-cette-pre-saison-man-united-news-and-transfer-news\/"},"author":{"name":"Cl\u00e9ment","@id":"https:\/\/footdavant.fr\/actualites\/#\/schema\/person\/bc222566d95871b37e597b3ed3ba5e1d"},"headline":"Salon de la derni\u00e8re chance pour Rasmus Hojlund cette pr\u00e9-saison &#8211; Man United News and Transfer News","datePublished":"2025-07-24T23:48:03+00:00","dateModified":"2025-07-24T23:48:06+00:00","mainEntityOfPage":{"@id":"https:\/\/footdavant.fr\/actualites\/salon-de-la-derniere-chance-pour-rasmus-hojlund-cette-pre-saison-man-united-news-and-transfer-news\/"},"wordCount":462,"publisher":{"@id":"https:\/\/footdavant.fr\/actualites\/#organization"},"keywords":["cette","chance","derni\u00e8re","Hojlund","Man","News","pour","pr\u00e9saison","Rasmus","Salon","Transfer","United"],"articleSection":["Football"],"inLanguage":"fr-FR"},{"@type":"WebPage","@id":"https:\/\/footdavant.fr\/actualites\/salon-de-la-derniere-chance-pour-rasmus-hojlund-cette-pre-saison-man-united-news-and-transfer-news\/","url":"https:\/\/footdavant.fr\/actualites\/salon-de-la-derniere-chance-pour-rasmus-hojlund-cette-pre-saison-man-united-news-and-transfer-news\/","name":"Salon de la derni\u00e8re chance pour Rasmus Hojlund cette pr\u00e9-saison - Man United News and Transfer News","isPartOf":{"@id":"https:\/\/footdavant.fr\/actualites\/#website"},"datePublished":"2025-07-24T23:48:03+00:00","dateModified":"2025-07-24T23:48:06+00:00","breadcrumb":{"@id":"https:\/\/footdavant.fr\/actualites\/salon-de-la-derniere-chance-pour-rasmus-hojlund-cette-pre-saison-man-united-news-and-transfer-news\/#breadcrumb"},"inLanguage":"fr-FR","potentialAction":[{"@type":"ReadAction","target":["https:\/\/footdavant.fr\/actualites\/salon-de-la-derniere-chance-pour-rasmus-hojlund-cette-pre-saison-man-united-news-and-transfer-news\/"]}]},{"@type":"BreadcrumbList","@id":"https:\/\/footdavant.fr\/actualites\/salon-de-la-derniere-chance-pour-rasmus-hojlund-cette-pre-saison-man-united-news-and-transfer-news\/#breadcrumb","itemListElement":[{"@type":"ListItem","position":1,"name":"Accueil","item":"https:\/\/footdavant.fr\/actualites\/"},{"@type":"ListItem","position":2,"name":"Salon de la derni\u00e8re chance pour Rasmus Hojlund cette pr\u00e9-saison &#8211; Man United News and Transfer News"}]},{"@type":"WebSite","@id":"https:\/\/footdavant.fr\/actualites\/#website","url":"https:\/\/footdavant.fr\/actualites\/","name":"Foot d'avant","description":"","publisher":{"@id":"https:\/\/footdavant.fr\/actualites\/#organization"},"potentialAction":[{"@type":"SearchAction","target":{"@type":"EntryPoint","urlTemplate":"https:\/\/footdavant.fr\/actualites\/?s={search_term_string}"},"query-input":"required name=search_term_string"}],"inLanguage":"fr-FR"},{"@type":"Organization","@id":"https:\/\/footdavant.fr\/actualites\/#organization","name":"Foot d'avant","url":"https:\/\/footdavant.fr\/actualites\/","logo":{"@type":"ImageObject","inLanguage":"fr-FR","@id":"https:\/\/footdavant.fr\/actualites\/#\/schema\/logo\/image\/","url":"https:\/\/footdavant.fr\/actualites\/wp-content\/uploads\/2023\/09\/Copy-of-FootDavant-Logo.png","contentUrl":"https:\/\/footdavant.fr\/actualites\/wp-content\/uploads\/2023\/09\/Copy-of-FootDavant-Logo.png","width":936,"height":549,"caption":"Foot d'avant"},"image":{"@id":"https:\/\/footdavant.fr\/actualites\/#\/schema\/logo\/image\/"},"sameAs":["https:\/\/www.facebook.com\/Footdavant\/","https:\/\/twitter.com\/FootdavantFr","https:\/\/www.instagram.com\/footdavant.fr\/"]},{"@type":"Person","@id":"https:\/\/footdavant.fr\/actualites\/#\/schema\/person\/bc222566d95871b37e597b3ed3ba5e1d","name":"Cl\u00e9ment","image":{"@type":"ImageObject","inLanguage":"fr-FR","@id":"https:\/\/footdavant.fr\/actualites\/#\/schema\/person\/image\/","url":"https:\/\/secure.gravatar.com\/avatar\/7728b29aac2719421e1a9159b2254c44?s=96&d=mm&r=g","contentUrl":"https:\/\/secure.gravatar.com\/avatar\/7728b29aac2719421e1a9159b2254c44?s=96&d=mm&r=g","caption":"Cl\u00e9ment"},"sameAs":["https:\/\/footdavant.fr\/"]}]}},"_links":{"self":[{"href":"https:\/\/footdavant.fr\/actualites\/wp-json\/wp\/v2\/posts\/26552"}],"collection":[{"href":"https:\/\/footdavant.fr\/actualites\/wp-json\/wp\/v2\/posts"}],"about":[{"href":"https:\/\/footdavant.fr\/actualites\/wp-json\/wp\/v2\/types\/post"}],"author":[{"embeddable":true,"href":"https:\/\/footdavant.fr\/actualites\/wp-json\/wp\/v2\/users\/1"}],"replies":[{"embeddable":true,"href":"https:\/\/footdavant.fr\/actualites\/wp-json\/wp\/v2\/comments?post=26552"}],"version-history":[{"count":1,"href":"https:\/\/footdavant.fr\/actualites\/wp-json\/wp\/v2\/posts\/26552\/revisions"}],"predecessor-version":[{"id":26554,"href":"https:\/\/footdavant.fr\/actualites\/wp-json\/wp\/v2\/posts\/26552\/revisions\/26554"}],"wp:featuredmedia":[{"embeddable":true,"href":"https:\/\/footdavant.fr\/actualites\/wp-json\/wp\/v2\/media\/26553"}],"wp:attachment":[{"href":"https:\/\/footdavant.fr\/actualites\/wp-json\/wp\/v2\/media?parent=26552"}],"wp:term":[{"taxonomy":"category","embeddable":true,"href":"https:\/\/footdavant.fr\/actualites\/wp-json\/wp\/v2\/categories?post=26552"},{"taxonomy":"post_tag","embeddable":true,"href":"https:\/\/footdavant.fr\/actualites\/wp-json\/wp\/v2\/tags?post=26552"}],"curies":[{"name":"wp","href":"https:\/\/api.w.org\/{rel}","templated":true}]}}