{"id":26555,"date":"2025-07-25T03:48:25","date_gmt":"2025-07-25T01:48:25","guid":{"rendered":"https:\/\/footdavant.fr\/actualites\/evan-ferguson-a-roma-brighton-striker-devrait-rejoindre-le-club-exclusif-avec-deal-convention-pendant-le-transfert-dete\/"},"modified":"2025-07-25T03:48:26","modified_gmt":"2025-07-25T01:48:26","slug":"evan-ferguson-a-roma-brighton-striker-devrait-rejoindre-le-club-exclusif-avec-deal-convention-pendant-le-transfert-dete","status":"publish","type":"post","link":"https:\/\/footdavant.fr\/actualites\/evan-ferguson-a-roma-brighton-striker-devrait-rejoindre-le-club-exclusif-avec-deal-convention-pendant-le-transfert-dete\/","title":{"rendered":"Evan Ferguson \u00e0 Roma: Brighton Striker devrait rejoindre le club exclusif avec \u00ab\u00a0 Deal Convention &#39;&#39; pendant le transfert d&#39;\u00e9t\u00e9"},"content":{"rendered":"<p>Evan Ferguson devrait rejoindre un club exclusif car Roma aurait accept\u00e9 de signer l&#39;attaquant de Brighton &#038; Hove Albion cet \u00e9t\u00e9.<\/p>\n<div id=\"article_body\" itemprop=\"articleBody\">\n<h3 class=\"firstPara\"><\/h3>\n<p style=\"margin-bottom:11px\"><strong class=\"autotag\">Roms<\/strong> auraient conclu un accord avec Brighton &#038; Hove Albion pour signer Striker <strong class=\"autotag\">Evan Ferguson<\/strong>.<\/p>\n<p>Le joueur de 20 ans a pass\u00e9 la seconde moiti\u00e9 de la saison derni\u00e8re <strong class=\"autotag\">West Ham United<\/strong>mais il n&#39;a pas r\u00e9ussi \u00e0 avoir l&#39;impact souhait\u00e9 devant le but pour <strong class=\"autotag\">Graham Potter<\/strong>Le c\u00f4t\u00e9 et n&#39;a pas pu marquer en huit apparitions.<\/p>\n<p>Ferguson est tomb\u00e9 dans l&#39;ordre hi\u00e9rarchique \u00e0 Brighton au d\u00e9but de la saison derni\u00e8re apr\u00e8s l&#39;arriv\u00e9e de <strong class=\"autotag\">Fabian Hurzeler<\/strong>et il n&#39;a apparemment pas d&#39;avenir au stade Amex sous l&#39;entra\u00eeneur-chef allemand.<\/p>\n<p>La R\u00e9publique d&#39;Irlande de 22 cap a fait irruption sur la sc\u00e8ne \u00e0 Brighton lors de la campagne 2022-23, marquant 10 buts en 25 matchs dans toutes les comp\u00e9titions qui auraient attir\u00e9 l&#39;attention de plusieurs clubs de Premier League.<\/p>\n<p>Un certain nombre d&#39;\u00e9quipes anglaises de haut niveau auraient int\u00e9ress\u00e9 \u00e0 signer Ferguson cet \u00e9t\u00e9, mais la tenue de Serie A Roma semble maintenant avoir remport\u00e9 la course pour sa signature.<\/p>\n<p>Selon <strong>journaliste Fabrizio Romano<\/strong>Roma a conclu un accord avec Brighton pour signer Ferguson sur un accord de pr\u00eat d&#39;une saison initial qui comprend une clause d&#39;option d&#39;option de 40 millions d&#39;euros (34,7 millions de livres sterling).<\/p>\n<p class=\"imgI\">\n<h2>Ferguson s&#39;est mis \u00e0 suivre les traces du quatuor irlandais alors que Roma se rapproche des bords<\/h2>\n<p>Un accord verbal aurait \u00e9t\u00e9 conclu entre toutes les parties et Ferguson pourrait bient\u00f4t devenir la premi\u00e8re signature d&#39;\u00e9t\u00e9 de Roma depuis l&#39;arriv\u00e9e du nouvel entra\u00eeneur-chef <strong class=\"autotag\">Gian Piero Gasperini<\/strong>.<\/p>\n<p>Si Ferguson terminera un d\u00e9m\u00e9nagement en Roma et faire au moins une apparition dans Serie A la saison prochaine, il deviendrait juste le cinqui\u00e8me joueur irlandais de l&#39;histoire \u00e0 jouer dans la division sup\u00e9rieure du football italien.<\/p>\n<p>Ferguson suivrait les traces de son co\u00e9quipier international <strong class=\"autotag\">Festy eBosele<\/strong> (Udinese, 2022-24), <strong class=\"autotag\">James Abankwah<\/strong> (Udinese, 2022-23 et 2024-25), <strong class=\"autotag\">Robbie Keane<\/strong> (Inter Milan, 2000-01) et Liam Brady (Juventus, Sampdoria, Inter Milan et Ascoli entre 1980 et 1987) pour jouer dans Serie A.<\/p>\n<p>Les Roms ont \u00e9t\u00e9 \u00e0 la recherche d&#39;un nouvel attaquant pour assurer la concurrence <strong class=\"autotag\">Artem Dovbyk<\/strong> et <strong class=\"autotag\">Paulo Dybala<\/strong>ce dernier dont est sujet aux blessures et est actuellement mis \u00e0 l&#39;\u00e9cart avec un tendon rompu.<\/p>\n<p>I Giallorossi a \u00e9galement autoris\u00e9 les coll\u00e8gues attaquants <strong class=\"autotag\">Tammy Abraham<\/strong> et <strong class=\"autotag\">Eldor Shomurodov<\/strong> Pour quitter le club en pr\u00eat \u00e0 Besiktas et Istanbul Basaksehir respectivement.<\/p>\n<p>Ferguson esp\u00e8re raviver sa carri\u00e8re avec une \u00e9quipe Roma qui a termin\u00e9 cinqui\u00e8me en Serie A la saison derni\u00e8re et participera \u00e0 la Ligue Europa 2025-2026.<\/p>\n<div class=\"author_box\">\n<div class=\"author_box_banner\"> <img decoding=\"async\" class=\"author_img\" src=\"https:\/\/footdavant.fr\/actualites\/wp-content\/uploads\/2025\/06\/Modric-Carvajal-Ronaldo-Quels-joueurs-ont-remporte-le-plus-de.jpg\"><\/div>\n<\/div>\n<\/div>\n","protected":false},"excerpt":{"rendered":"<p>Evan Ferguson devrait rejoindre un club exclusif car Roma aurait accept\u00e9 de signer l&#39;attaquant de Brighton &#038; Hove Albion cet \u00e9t\u00e9. Roms auraient conclu un<\/p>\n","protected":false},"author":1,"featured_media":26556,"comment_status":"closed","ping_status":"","sticky":false,"template":"","format":"standard","meta":{"footnotes":""},"categories":[5],"tags":[91,349,333,9911,4968,7849,757,3989,1843,1427,131,309,275,7913,700],"yoast_head":"<!-- This site is optimized with the Yoast SEO plugin v21.0 - https:\/\/yoast.com\/wordpress\/plugins\/seo\/ -->\n<title>Evan Ferguson \u00e0 Roma: Brighton Striker devrait rejoindre le club exclusif avec `` Deal Convention &#039;&#039; pendant le transfert d&#039;\u00e9t\u00e9<\/title>\n<meta name=\"robots\" content=\"index, follow, max-snippet:-1, max-image-preview:large, max-video-preview:-1\" \/>\n<link rel=\"canonical\" href=\"https:\/\/footdavant.fr\/actualites\/evan-ferguson-a-roma-brighton-striker-devrait-rejoindre-le-club-exclusif-avec-deal-convention-pendant-le-transfert-dete\/\" \/>\n<meta property=\"og:locale\" content=\"fr_FR\" \/>\n<meta property=\"og:type\" content=\"article\" \/>\n<meta property=\"og:title\" content=\"Evan Ferguson \u00e0 Roma: Brighton Striker devrait rejoindre le club exclusif avec `` Deal Convention &#039;&#039; pendant le transfert d&#039;\u00e9t\u00e9\" \/>\n<meta property=\"og:description\" content=\"Evan Ferguson devrait rejoindre un club exclusif car Roma aurait accept\u00e9 de signer l&#039;attaquant de Brighton &#038; Hove Albion cet \u00e9t\u00e9. Roms auraient conclu un\" \/>\n<meta property=\"og:url\" content=\"https:\/\/footdavant.fr\/actualites\/evan-ferguson-a-roma-brighton-striker-devrait-rejoindre-le-club-exclusif-avec-deal-convention-pendant-le-transfert-dete\/\" \/>\n<meta property=\"og:site_name\" content=\"Foot d&#039;avant\" \/>\n<meta property=\"article:publisher\" content=\"https:\/\/www.facebook.com\/Footdavant\/\" \/>\n<meta property=\"article:published_time\" content=\"2025-07-25T01:48:25+00:00\" \/>\n<meta property=\"article:modified_time\" content=\"2025-07-25T01:48:26+00:00\" \/>\n<meta property=\"og:image\" content=\"https:\/\/footdavant.fr\/actualites\/wp-content\/uploads\/2025\/07\/1753408105_Evan-Ferguson-a-Roma-Brighton-Striker-devrait-rejoindre-le-club.jpg\" \/>\n\t<meta property=\"og:image:width\" content=\"640\" \/>\n\t<meta property=\"og:image:height\" content=\"480\" \/>\n\t<meta property=\"og:image:type\" content=\"image\/jpeg\" \/>\n<meta name=\"author\" content=\"Cl\u00e9ment\" \/>\n<meta name=\"twitter:card\" content=\"summary_large_image\" \/>\n<meta name=\"twitter:creator\" content=\"@FootdavantFr\" \/>\n<meta name=\"twitter:site\" content=\"@FootdavantFr\" \/>\n<meta name=\"twitter:label1\" content=\"\u00c9crit par\" \/>\n\t<meta name=\"twitter:data1\" content=\"Cl\u00e9ment\" \/>\n\t<meta name=\"twitter:label2\" content=\"Dur\u00e9e de lecture estim\u00e9e\" \/>\n\t<meta name=\"twitter:data2\" content=\"2 minutes\" \/>\n<script type=\"application\/ld+json\" class=\"yoast-schema-graph\">{\"@context\":\"https:\/\/schema.org\",\"@graph\":[{\"@type\":\"Article\",\"@id\":\"https:\/\/footdavant.fr\/actualites\/evan-ferguson-a-roma-brighton-striker-devrait-rejoindre-le-club-exclusif-avec-deal-convention-pendant-le-transfert-dete\/#article\",\"isPartOf\":{\"@id\":\"https:\/\/footdavant.fr\/actualites\/evan-ferguson-a-roma-brighton-striker-devrait-rejoindre-le-club-exclusif-avec-deal-convention-pendant-le-transfert-dete\/\"},\"author\":{\"name\":\"Cl\u00e9ment\",\"@id\":\"https:\/\/footdavant.fr\/actualites\/#\/schema\/person\/bc222566d95871b37e597b3ed3ba5e1d\"},\"headline\":\"Evan Ferguson \u00e0 Roma: Brighton Striker devrait rejoindre le club exclusif avec \u00ab\u00a0 Deal Convention &#39;&#39; pendant le transfert d&#39;\u00e9t\u00e9\",\"datePublished\":\"2025-07-25T01:48:25+00:00\",\"dateModified\":\"2025-07-25T01:48:26+00:00\",\"mainEntityOfPage\":{\"@id\":\"https:\/\/footdavant.fr\/actualites\/evan-ferguson-a-roma-brighton-striker-devrait-rejoindre-le-club-exclusif-avec-deal-convention-pendant-le-transfert-dete\/\"},\"wordCount\":471,\"publisher\":{\"@id\":\"https:\/\/footdavant.fr\/actualites\/#organization\"},\"keywords\":[\"avec\",\"Brighton\",\"club\",\"Convention\",\"d39\u00e9t\u00e9\",\"Deal\",\"devrait\",\"Evan\",\"exclusif\",\"Ferguson\",\"pendant\",\"rejoindre\",\"Roma\",\"Striker\",\"transfert\"],\"articleSection\":[\"Premier League\"],\"inLanguage\":\"fr-FR\"},{\"@type\":\"WebPage\",\"@id\":\"https:\/\/footdavant.fr\/actualites\/evan-ferguson-a-roma-brighton-striker-devrait-rejoindre-le-club-exclusif-avec-deal-convention-pendant-le-transfert-dete\/\",\"url\":\"https:\/\/footdavant.fr\/actualites\/evan-ferguson-a-roma-brighton-striker-devrait-rejoindre-le-club-exclusif-avec-deal-convention-pendant-le-transfert-dete\/\",\"name\":\"Evan Ferguson \u00e0 Roma: Brighton Striker devrait rejoindre le club exclusif avec `` Deal Convention &#39;&#39; pendant le transfert d&#39;\u00e9t\u00e9\",\"isPartOf\":{\"@id\":\"https:\/\/footdavant.fr\/actualites\/#website\"},\"datePublished\":\"2025-07-25T01:48:25+00:00\",\"dateModified\":\"2025-07-25T01:48:26+00:00\",\"breadcrumb\":{\"@id\":\"https:\/\/footdavant.fr\/actualites\/evan-ferguson-a-roma-brighton-striker-devrait-rejoindre-le-club-exclusif-avec-deal-convention-pendant-le-transfert-dete\/#breadcrumb\"},\"inLanguage\":\"fr-FR\",\"potentialAction\":[{\"@type\":\"ReadAction\",\"target\":[\"https:\/\/footdavant.fr\/actualites\/evan-ferguson-a-roma-brighton-striker-devrait-rejoindre-le-club-exclusif-avec-deal-convention-pendant-le-transfert-dete\/\"]}]},{\"@type\":\"BreadcrumbList\",\"@id\":\"https:\/\/footdavant.fr\/actualites\/evan-ferguson-a-roma-brighton-striker-devrait-rejoindre-le-club-exclusif-avec-deal-convention-pendant-le-transfert-dete\/#breadcrumb\",\"itemListElement\":[{\"@type\":\"ListItem\",\"position\":1,\"name\":\"Accueil\",\"item\":\"https:\/\/footdavant.fr\/actualites\/\"},{\"@type\":\"ListItem\",\"position\":2,\"name\":\"Evan Ferguson \u00e0 Roma: Brighton Striker devrait rejoindre le club exclusif avec \u00ab\u00a0 Deal Convention &#39;&#39; pendant le transfert d&#39;\u00e9t\u00e9\"}]},{\"@type\":\"WebSite\",\"@id\":\"https:\/\/footdavant.fr\/actualites\/#website\",\"url\":\"https:\/\/footdavant.fr\/actualites\/\",\"name\":\"Foot d'avant\",\"description\":\"\",\"publisher\":{\"@id\":\"https:\/\/footdavant.fr\/actualites\/#organization\"},\"potentialAction\":[{\"@type\":\"SearchAction\",\"target\":{\"@type\":\"EntryPoint\",\"urlTemplate\":\"https:\/\/footdavant.fr\/actualites\/?s={search_term_string}\"},\"query-input\":\"required name=search_term_string\"}],\"inLanguage\":\"fr-FR\"},{\"@type\":\"Organization\",\"@id\":\"https:\/\/footdavant.fr\/actualites\/#organization\",\"name\":\"Foot d'avant\",\"url\":\"https:\/\/footdavant.fr\/actualites\/\",\"logo\":{\"@type\":\"ImageObject\",\"inLanguage\":\"fr-FR\",\"@id\":\"https:\/\/footdavant.fr\/actualites\/#\/schema\/logo\/image\/\",\"url\":\"https:\/\/footdavant.fr\/actualites\/wp-content\/uploads\/2023\/09\/Copy-of-FootDavant-Logo.png\",\"contentUrl\":\"https:\/\/footdavant.fr\/actualites\/wp-content\/uploads\/2023\/09\/Copy-of-FootDavant-Logo.png\",\"width\":936,\"height\":549,\"caption\":\"Foot d'avant\"},\"image\":{\"@id\":\"https:\/\/footdavant.fr\/actualites\/#\/schema\/logo\/image\/\"},\"sameAs\":[\"https:\/\/www.facebook.com\/Footdavant\/\",\"https:\/\/twitter.com\/FootdavantFr\",\"https:\/\/www.instagram.com\/footdavant.fr\/\"]},{\"@type\":\"Person\",\"@id\":\"https:\/\/footdavant.fr\/actualites\/#\/schema\/person\/bc222566d95871b37e597b3ed3ba5e1d\",\"name\":\"Cl\u00e9ment\",\"image\":{\"@type\":\"ImageObject\",\"inLanguage\":\"fr-FR\",\"@id\":\"https:\/\/footdavant.fr\/actualites\/#\/schema\/person\/image\/\",\"url\":\"https:\/\/secure.gravatar.com\/avatar\/7728b29aac2719421e1a9159b2254c44?s=96&d=mm&r=g\",\"contentUrl\":\"https:\/\/secure.gravatar.com\/avatar\/7728b29aac2719421e1a9159b2254c44?s=96&d=mm&r=g\",\"caption\":\"Cl\u00e9ment\"},\"sameAs\":[\"https:\/\/footdavant.fr\/\"]}]}<\/script>\n<!-- \/ Yoast SEO plugin. -->","yoast_head_json":{"title":"Evan Ferguson \u00e0 Roma: Brighton Striker devrait rejoindre le club exclusif avec `` Deal Convention &#39;&#39; pendant le transfert d&#39;\u00e9t\u00e9","robots":{"index":"index","follow":"follow","max-snippet":"max-snippet:-1","max-image-preview":"max-image-preview:large","max-video-preview":"max-video-preview:-1"},"canonical":"https:\/\/footdavant.fr\/actualites\/evan-ferguson-a-roma-brighton-striker-devrait-rejoindre-le-club-exclusif-avec-deal-convention-pendant-le-transfert-dete\/","og_locale":"fr_FR","og_type":"article","og_title":"Evan Ferguson \u00e0 Roma: Brighton Striker devrait rejoindre le club exclusif avec `` Deal Convention &#39;&#39; pendant le transfert d&#39;\u00e9t\u00e9","og_description":"Evan Ferguson devrait rejoindre un club exclusif car Roma aurait accept\u00e9 de signer l&#39;attaquant de Brighton &#038; Hove Albion cet \u00e9t\u00e9. Roms auraient conclu un","og_url":"https:\/\/footdavant.fr\/actualites\/evan-ferguson-a-roma-brighton-striker-devrait-rejoindre-le-club-exclusif-avec-deal-convention-pendant-le-transfert-dete\/","og_site_name":"Foot d&#039;avant","article_publisher":"https:\/\/www.facebook.com\/Footdavant\/","article_published_time":"2025-07-25T01:48:25+00:00","article_modified_time":"2025-07-25T01:48:26+00:00","og_image":[{"width":640,"height":480,"url":"https:\/\/footdavant.fr\/actualites\/wp-content\/uploads\/2025\/07\/1753408105_Evan-Ferguson-a-Roma-Brighton-Striker-devrait-rejoindre-le-club.jpg","type":"image\/jpeg"}],"author":"Cl\u00e9ment","twitter_card":"summary_large_image","twitter_creator":"@FootdavantFr","twitter_site":"@FootdavantFr","twitter_misc":{"\u00c9crit par":"Cl\u00e9ment","Dur\u00e9e de lecture estim\u00e9e":"2 minutes"},"schema":{"@context":"https:\/\/schema.org","@graph":[{"@type":"Article","@id":"https:\/\/footdavant.fr\/actualites\/evan-ferguson-a-roma-brighton-striker-devrait-rejoindre-le-club-exclusif-avec-deal-convention-pendant-le-transfert-dete\/#article","isPartOf":{"@id":"https:\/\/footdavant.fr\/actualites\/evan-ferguson-a-roma-brighton-striker-devrait-rejoindre-le-club-exclusif-avec-deal-convention-pendant-le-transfert-dete\/"},"author":{"name":"Cl\u00e9ment","@id":"https:\/\/footdavant.fr\/actualites\/#\/schema\/person\/bc222566d95871b37e597b3ed3ba5e1d"},"headline":"Evan Ferguson \u00e0 Roma: Brighton Striker devrait rejoindre le club exclusif avec \u00ab\u00a0 Deal Convention &#39;&#39; pendant le transfert d&#39;\u00e9t\u00e9","datePublished":"2025-07-25T01:48:25+00:00","dateModified":"2025-07-25T01:48:26+00:00","mainEntityOfPage":{"@id":"https:\/\/footdavant.fr\/actualites\/evan-ferguson-a-roma-brighton-striker-devrait-rejoindre-le-club-exclusif-avec-deal-convention-pendant-le-transfert-dete\/"},"wordCount":471,"publisher":{"@id":"https:\/\/footdavant.fr\/actualites\/#organization"},"keywords":["avec","Brighton","club","Convention","d39\u00e9t\u00e9","Deal","devrait","Evan","exclusif","Ferguson","pendant","rejoindre","Roma","Striker","transfert"],"articleSection":["Premier League"],"inLanguage":"fr-FR"},{"@type":"WebPage","@id":"https:\/\/footdavant.fr\/actualites\/evan-ferguson-a-roma-brighton-striker-devrait-rejoindre-le-club-exclusif-avec-deal-convention-pendant-le-transfert-dete\/","url":"https:\/\/footdavant.fr\/actualites\/evan-ferguson-a-roma-brighton-striker-devrait-rejoindre-le-club-exclusif-avec-deal-convention-pendant-le-transfert-dete\/","name":"Evan Ferguson \u00e0 Roma: Brighton Striker devrait rejoindre le club exclusif avec `` Deal Convention &#39;&#39; pendant le transfert d&#39;\u00e9t\u00e9","isPartOf":{"@id":"https:\/\/footdavant.fr\/actualites\/#website"},"datePublished":"2025-07-25T01:48:25+00:00","dateModified":"2025-07-25T01:48:26+00:00","breadcrumb":{"@id":"https:\/\/footdavant.fr\/actualites\/evan-ferguson-a-roma-brighton-striker-devrait-rejoindre-le-club-exclusif-avec-deal-convention-pendant-le-transfert-dete\/#breadcrumb"},"inLanguage":"fr-FR","potentialAction":[{"@type":"ReadAction","target":["https:\/\/footdavant.fr\/actualites\/evan-ferguson-a-roma-brighton-striker-devrait-rejoindre-le-club-exclusif-avec-deal-convention-pendant-le-transfert-dete\/"]}]},{"@type":"BreadcrumbList","@id":"https:\/\/footdavant.fr\/actualites\/evan-ferguson-a-roma-brighton-striker-devrait-rejoindre-le-club-exclusif-avec-deal-convention-pendant-le-transfert-dete\/#breadcrumb","itemListElement":[{"@type":"ListItem","position":1,"name":"Accueil","item":"https:\/\/footdavant.fr\/actualites\/"},{"@type":"ListItem","position":2,"name":"Evan Ferguson \u00e0 Roma: Brighton Striker devrait rejoindre le club exclusif avec \u00ab\u00a0 Deal Convention &#39;&#39; pendant le transfert d&#39;\u00e9t\u00e9"}]},{"@type":"WebSite","@id":"https:\/\/footdavant.fr\/actualites\/#website","url":"https:\/\/footdavant.fr\/actualites\/","name":"Foot d'avant","description":"","publisher":{"@id":"https:\/\/footdavant.fr\/actualites\/#organization"},"potentialAction":[{"@type":"SearchAction","target":{"@type":"EntryPoint","urlTemplate":"https:\/\/footdavant.fr\/actualites\/?s={search_term_string}"},"query-input":"required name=search_term_string"}],"inLanguage":"fr-FR"},{"@type":"Organization","@id":"https:\/\/footdavant.fr\/actualites\/#organization","name":"Foot d'avant","url":"https:\/\/footdavant.fr\/actualites\/","logo":{"@type":"ImageObject","inLanguage":"fr-FR","@id":"https:\/\/footdavant.fr\/actualites\/#\/schema\/logo\/image\/","url":"https:\/\/footdavant.fr\/actualites\/wp-content\/uploads\/2023\/09\/Copy-of-FootDavant-Logo.png","contentUrl":"https:\/\/footdavant.fr\/actualites\/wp-content\/uploads\/2023\/09\/Copy-of-FootDavant-Logo.png","width":936,"height":549,"caption":"Foot d'avant"},"image":{"@id":"https:\/\/footdavant.fr\/actualites\/#\/schema\/logo\/image\/"},"sameAs":["https:\/\/www.facebook.com\/Footdavant\/","https:\/\/twitter.com\/FootdavantFr","https:\/\/www.instagram.com\/footdavant.fr\/"]},{"@type":"Person","@id":"https:\/\/footdavant.fr\/actualites\/#\/schema\/person\/bc222566d95871b37e597b3ed3ba5e1d","name":"Cl\u00e9ment","image":{"@type":"ImageObject","inLanguage":"fr-FR","@id":"https:\/\/footdavant.fr\/actualites\/#\/schema\/person\/image\/","url":"https:\/\/secure.gravatar.com\/avatar\/7728b29aac2719421e1a9159b2254c44?s=96&d=mm&r=g","contentUrl":"https:\/\/secure.gravatar.com\/avatar\/7728b29aac2719421e1a9159b2254c44?s=96&d=mm&r=g","caption":"Cl\u00e9ment"},"sameAs":["https:\/\/footdavant.fr\/"]}]}},"_links":{"self":[{"href":"https:\/\/footdavant.fr\/actualites\/wp-json\/wp\/v2\/posts\/26555"}],"collection":[{"href":"https:\/\/footdavant.fr\/actualites\/wp-json\/wp\/v2\/posts"}],"about":[{"href":"https:\/\/footdavant.fr\/actualites\/wp-json\/wp\/v2\/types\/post"}],"author":[{"embeddable":true,"href":"https:\/\/footdavant.fr\/actualites\/wp-json\/wp\/v2\/users\/1"}],"replies":[{"embeddable":true,"href":"https:\/\/footdavant.fr\/actualites\/wp-json\/wp\/v2\/comments?post=26555"}],"version-history":[{"count":1,"href":"https:\/\/footdavant.fr\/actualites\/wp-json\/wp\/v2\/posts\/26555\/revisions"}],"predecessor-version":[{"id":26557,"href":"https:\/\/footdavant.fr\/actualites\/wp-json\/wp\/v2\/posts\/26555\/revisions\/26557"}],"wp:featuredmedia":[{"embeddable":true,"href":"https:\/\/footdavant.fr\/actualites\/wp-json\/wp\/v2\/media\/26556"}],"wp:attachment":[{"href":"https:\/\/footdavant.fr\/actualites\/wp-json\/wp\/v2\/media?parent=26555"}],"wp:term":[{"taxonomy":"category","embeddable":true,"href":"https:\/\/footdavant.fr\/actualites\/wp-json\/wp\/v2\/categories?post=26555"},{"taxonomy":"post_tag","embeddable":true,"href":"https:\/\/footdavant.fr\/actualites\/wp-json\/wp\/v2\/tags?post=26555"}],"curies":[{"name":"wp","href":"https:\/\/api.w.org\/{rel}","templated":true}]}}